{"id":21045,"date":"2021-03-12T17:13:59","date_gmt":"2021-03-12T23:13:59","guid":{"rendered":"https:\/\/www.igssgt.org\/noticias\/?p=21045"},"modified":"2021-03-18T11:45:38","modified_gmt":"2021-03-18T17:45:38","slug":"el-igss-conmemora-44-anos-del-programa-ivs","status":"publish","type":"post","link":"https:\/\/www.igssgt.org\/noticias\/2021\/03\/12\/el-igss-conmemora-44-anos-del-programa-ivs\/","title":{"rendered":"El IGSS conmemora 44 a\u00f1os del Programa IVS"},"content":{"rendered":"\n<p class=\"has-drop-cap\">El Programa de Invalidez, Vejez y Sobrevivencia (IVS) fue abierto para beneficio de la clase trabajadora en el a\u00f1o 1977, despu\u00e9s de mantenerse por 6 a\u00f1os como un programa piloto exclusivo para los trabajadores del Instituto, <strong>desde entonces ha beneficiado a 329 mil 454 personas, entre afiliados y derechohabientes a quienes les ha pagado Q171 mil 321 millones 852 mil en concepto de pensiones.<\/strong><\/p>\n\n\n\n<p>El Instituto Guatemalteco de Seguridad Social (IGSS) es uno de los dos compensadores sociales en Guatemala, <strong>desde su fundaci\u00f3n en 1946 tiene como misi\u00f3n proveer la cobertura contra riesgos sociales para la clase trabajadora y sus familias.<\/strong><\/p>\n\n\n\n<figure class=\"wp-block-embed-twitter wp-block-embed is-type-rich is-provider-twitter\"><div class=\"wp-block-embed__wrapper\">\n<blockquote class=\"twitter-tweet\" data-width=\"550\" data-dnt=\"true\"><p lang=\"es\" dir=\"ltr\">\ud83c\udf8a\ud83c\udf89El Programa de Invalidez, Vejez y Sobrevivencia (IVS) est\u00e1 de aniversario\ud83c\udf89\ud83c\udf8a surgi\u00f3 hace 44 a\u00f1os y se fortaleci\u00f3 para asegurar con prestaciones econ\u00f3micas a los afiliados del <a href=\"https:\/\/twitter.com\/Noticias_IGSS?ref_src=twsrc%5Etfw\">@Noticias_IGSS<\/a>: <a href=\"https:\/\/t.co\/Q7fYFIfbjN\">pic.twitter.com\/Q7fYFIfbjN<\/a><\/p>&mdash; IGSSPensiones (@IGSSPensiones) <a href=\"https:\/\/twitter.com\/IGSSPensiones\/status\/1372561747454857224?ref_src=twsrc%5Etfw\">March 18, 2021<\/a><\/blockquote><script async src=\"https:\/\/platform.twitter.com\/widgets.js\" charset=\"utf-8\"><\/script>\n<\/div><\/figure>\n\n\n\n<p><\/p>\n\n\n\n<p>Conociendo la necesidad de asegurar contra los riesgos econ\u00f3micos se determin\u00f3 que la invalidez, la vejez o el fallecimiento de los trabajadores dejaba a las familias en una condici\u00f3n vulnerable al mermar los ingresos, pero el aseguramiento con el Programa IVS evita que las familias caigan en condici\u00f3n de pobreza al enfrentarse a esas eventualidades.<\/p>\n\n\n\n<blockquote class=\"wp-block-quote is-layout-flow wp-block-quote-is-layout-flow\"><p>\u00abPronto llegar\u00e9 a la edad de jubilaci\u00f3n y agradezco por tener el IGSS en mi vida. No es lo mismo llegar a ser adulta mayor con una pensi\u00f3n asegurada y tener al IGSS para que cuide mi salud como el compensador social a trav\u00e9s de su Programa de Enfermedad Maternidad y Accidentes, pero tambi\u00e9n el de IVS\u00bb. <\/p><cite>Doctora Ana Marilyn Ort\u00edz Ru\u00edz, gerente del IGSS<\/cite><\/blockquote>\n\n\n\n<figure class=\"wp-block-image size-large\"><img loading=\"lazy\" decoding=\"async\" width=\"1024\" height=\"682\" src=\"\/wp-content\/uploads\/sites\/5\/2021\/03\/WhatsApp-Image-2021-03-11-at-5.30.04-PM-1024x682.jpeg\" alt=\"\" class=\"wp-image-21048\" srcset=\"\/wp-content\/uploads\/sites\/5\/2021\/03\/WhatsApp-Image-2021-03-11-at-5.30.04-PM-1024x682.jpeg 1024w, \/wp-content\/uploads\/sites\/5\/2021\/03\/WhatsApp-Image-2021-03-11-at-5.30.04-PM-300x200.jpeg 300w, \/wp-content\/uploads\/sites\/5\/2021\/03\/WhatsApp-Image-2021-03-11-at-5.30.04-PM-768x512.jpeg 768w, \/wp-content\/uploads\/sites\/5\/2021\/03\/WhatsApp-Image-2021-03-11-at-5.30.04-PM-630x420.jpeg 630w, \/wp-content\/uploads\/sites\/5\/2021\/03\/WhatsApp-Image-2021-03-11-at-5.30.04-PM-696x464.jpeg 696w, \/wp-content\/uploads\/sites\/5\/2021\/03\/WhatsApp-Image-2021-03-11-at-5.30.04-PM-1068x712.jpeg 1068w, \/wp-content\/uploads\/sites\/5\/2021\/03\/WhatsApp-Image-2021-03-11-at-5.30.04-PM-534x356.jpeg 534w, \/wp-content\/uploads\/sites\/5\/2021\/03\/WhatsApp-Image-2021-03-11-at-5.30.04-PM.jpeg 1280w\" sizes=\"auto, (max-width: 1024px) 100vw, 1024px\" \/><figcaption>Primera resoluci\u00f3n de otorgamiento de pensi\u00f3n. (Foto IGSS: Yenifer Ti\u00f1o)<\/figcaption><\/figure>\n\n\n\n<h2 class=\"wp-block-heading\">Conmemoraci\u00f3n<\/h2>\n\n\n\n<p>Para conmemorar la creaci\u00f3n del Programa IVS, la Subgerencia de Prestaciones Pecuniarias organiz\u00f3 un acto en el que participaron autoridades del Instituto, para inaugurar en la Oficinas Centrales, una exhibici\u00f3n temporal de artefactos hist\u00f3ricos que son testigos del funcionamiento del programa. La exhibici\u00f3n estar\u00e1 abierta al p\u00fablico hasta el 30 de marzo.<\/p>\n\n\n\n<blockquote class=\"wp-block-quote is-layout-flow wp-block-quote-is-layout-flow\"><p>\u00abLa subgerencia ha implementado estrategias para mejorar sus servicios y para otorgar las prestaciones. La presentaci\u00f3n de la rese\u00f1a hist\u00f3rica nos hace ver cu\u00e1nto hemos avanzado por medio de la automatizaci\u00f3n de los procesos y la implementaci\u00f3n de los sistemas inform\u00e1ticos para las gestiones que hacen los pensionados en el Departamento de IVS\u00bb<\/p><cite>Licenciada Sonia L\u00f3pez Luttmann, subgerente de Prestaciones Pecuniarias<\/cite><\/blockquote>\n\n\n\n<figure class=\"wp-block-image size-large\"><img loading=\"lazy\" decoding=\"async\" width=\"1024\" height=\"682\" src=\"\/wp-content\/uploads\/sites\/5\/2021\/03\/WhatsApp-Image-2021-03-12-at-9.43.17-AM-1024x682.jpeg\" alt=\"\" class=\"wp-image-21049\" srcset=\"\/wp-content\/uploads\/sites\/5\/2021\/03\/WhatsApp-Image-2021-03-12-at-9.43.17-AM-1024x682.jpeg 1024w, \/wp-content\/uploads\/sites\/5\/2021\/03\/WhatsApp-Image-2021-03-12-at-9.43.17-AM-300x200.jpeg 300w, \/wp-content\/uploads\/sites\/5\/2021\/03\/WhatsApp-Image-2021-03-12-at-9.43.17-AM-768x512.jpeg 768w, \/wp-content\/uploads\/sites\/5\/2021\/03\/WhatsApp-Image-2021-03-12-at-9.43.17-AM-630x420.jpeg 630w, \/wp-content\/uploads\/sites\/5\/2021\/03\/WhatsApp-Image-2021-03-12-at-9.43.17-AM-696x464.jpeg 696w, \/wp-content\/uploads\/sites\/5\/2021\/03\/WhatsApp-Image-2021-03-12-at-9.43.17-AM-1068x712.jpeg 1068w, \/wp-content\/uploads\/sites\/5\/2021\/03\/WhatsApp-Image-2021-03-12-at-9.43.17-AM-534x356.jpeg 534w, \/wp-content\/uploads\/sites\/5\/2021\/03\/WhatsApp-Image-2021-03-12-at-9.43.17-AM.jpeg 1280w\" sizes=\"auto, (max-width: 1024px) 100vw, 1024px\" \/><figcaption>Autoridades del IGSS durante el recorrido de la exhibici\u00f3n hist\u00f3rica del IVS. (Foto IGSS: Yenifer Ti\u00f1o)<\/figcaption><\/figure>\n\n\n\n<h2 class=\"wp-block-heading\">Objetos en exhibici\u00f3n<\/h2>\n\n\n\n<ul class=\"wp-block-list\"><li><strong>Resoluci\u00f3n entregada al primer pensionado del IGSS<\/strong><\/li><li>Acuerdos que dieron vida al Programa IVS<\/li><li><strong>Primeras Planillas de la Seguridad Social<\/strong><\/li><li>Maquinas de microfilm para conservar copias de las planillas en pel\u00edculas fotogr\u00e1ficas, entre otros.<\/li><\/ul>\n\n\n\n<h2 class=\"wp-block-heading\">Cifras:<\/h2>\n\n\n\n<ul class=\"wp-block-list\"><li>Q3 mil 893 millones pag\u00f3 el IGSS en pensiones durante el 2020<\/li><li><strong>175 mil pensionados, en promedio, reciben pagos cada mes<\/strong><\/li><\/ul>\n\n\n\n<figure class=\"wp-block-embed-youtube wp-block-embed is-type-video is-provider-youtube wp-embed-aspect-16-9 wp-has-aspect-ratio\"><div class=\"wp-block-embed__wrapper\">\n<div class=\"youtube-embed\" data-video_id=\"rA6hlJ3Lib0\"><iframe loading=\"lazy\" title=\"Entrevista Licda Sonia L\u00f3pez Luttmann No 167\" width=\"696\" height=\"392\" src=\"https:\/\/www.youtube.com\/embed\/rA6hlJ3Lib0?feature=oembed&#038;enablejsapi=1&#038;enablejsapi=1\" frameborder=\"0\" allow=\"accelerometer; autoplay; clipboard-write; encrypted-media; gyroscope; picture-in-picture\" allowfullscreen><\/iframe><\/div>\n<\/div><\/figure>\n\n\n\n<p><\/p>\n","protected":false},"excerpt":{"rendered":"<p>El Programa de Invalidez, Vejez y Sobrevivencia (IVS) fue abierto para beneficio de la clase trabajadora en el a\u00f1o 1977, despu\u00e9s de mantenerse por 6 a\u00f1os como un programa piloto exclusivo para los trabajadores del Instituto, desde entonces ha beneficiado a 329 mil 454 personas, entre afiliados y derechohabientes a quienes les ha pagado Q171 [&hellip;]<\/p>\n","protected":false},"author":601,"featured_media":21046,"comment_status":"closed","ping_status":"closed","sticky":false,"template":"","format":"standard","meta":{"footnotes":""},"categories":[3,4,15,16,25,1290],"tags":[1285,778],"coauthors":[1263],"class_list":{"0":"post-21045","1":"post","2":"type-post","3":"status-publish","4":"format-standard","5":"has-post-thumbnail","7":"category-actualidad","8":"category-afiliados","9":"category-destacado","10":"category-featured","11":"category-pensionados","12":"category-prestaciones-economicas","13":"tag-noticias-de-guatemala-2","14":"tag-seguro-social"},"_links":{"self":[{"href":"https:\/\/www.igssgt.org\/noticias\/wp-json\/wp\/v2\/posts\/21045","targetHints":{"allow":["GET"]}}],"collection":[{"href":"https:\/\/www.igssgt.org\/noticias\/wp-json\/wp\/v2\/posts"}],"about":[{"href":"https:\/\/www.igssgt.org\/noticias\/wp-json\/wp\/v2\/types\/post"}],"author":[{"embeddable":true,"href":"https:\/\/www.igssgt.org\/noticias\/wp-json\/wp\/v2\/users\/601"}],"replies":[{"embeddable":true,"href":"https:\/\/www.igssgt.org\/noticias\/wp-json\/wp\/v2\/comments?post=21045"}],"version-history":[{"count":9,"href":"https:\/\/www.igssgt.org\/noticias\/wp-json\/wp\/v2\/posts\/21045\/revisions"}],"predecessor-version":[{"id":21065,"href":"https:\/\/www.igssgt.org\/noticias\/wp-json\/wp\/v2\/posts\/21045\/revisions\/21065"}],"wp:featuredmedia":[{"embeddable":true,"href":"https:\/\/www.igssgt.org\/noticias\/wp-json\/wp\/v2\/media\/21046"}],"wp:attachment":[{"href":"https:\/\/www.igssgt.org\/noticias\/wp-json\/wp\/v2\/media?parent=21045"}],"wp:term":[{"taxonomy":"category","embeddable":true,"href":"https:\/\/www.igssgt.org\/noticias\/wp-json\/wp\/v2\/categories?post=21045"},{"taxonomy":"post_tag","embeddable":true,"href":"https:\/\/www.igssgt.org\/noticias\/wp-json\/wp\/v2\/tags?post=21045"},{"taxonomy":"author","embeddable":true,"href":"https:\/\/www.igssgt.org\/noticias\/wp-json\/wp\/v2\/coauthors?post=21045"}],"curies":[{"name":"wp","href":"https:\/\/api.w.org\/{rel}","templated":true}]}}