{"id":21071,"date":"2021-03-22T17:16:59","date_gmt":"2021-03-22T23:16:59","guid":{"rendered":"https:\/\/www.igssgt.org\/noticias\/?p=21071"},"modified":"2021-03-22T17:53:20","modified_gmt":"2021-03-22T23:53:20","slug":"el-departamento-de-abastecimientos-un-area-fundamental-en-el-seguro-social-cumple-56-anos","status":"publish","type":"post","link":"https:\/\/www.igssgt.org\/noticias\/2021\/03\/22\/el-departamento-de-abastecimientos-un-area-fundamental-en-el-seguro-social-cumple-56-anos\/","title":{"rendered":"El Departamento de Abastecimientos, un \u00e1rea fundamental en el Seguro Social, cumple 56 a\u00f1os"},"content":{"rendered":"\n<p>El Instituto Guatemalteco de Seguridad Social (IGSS) conmemor\u00f3 los 56 a\u00f1os de aniversario del \u00a0Departamento de Abastecimientos, de la Subgerencia Administrativa, el cual \u00a0fue creado en \u00a01965 \u00a0mediante el Acuerdo 432 de Junta Directiva de la instituci\u00f3n.<\/p>\n<p>El Departamento de Abastecimientos es un \u00e1rea fundamental dentro del Seguro Social, los trabajadores son los encargados de hacer las gestiones de expedientes de eventos, para las modalidades de cotizaci\u00f3n, licitaci\u00f3n y adquisiciones en cumplimiento de las pol\u00edticas institucionales establecidas en el Plan Estrat\u00e9gico Institucional PEI-2018-2022, para atender los requerimientos de las unidades m\u00e9dicas y administrativas en sus compromisos establecidos y los ocasionados por la pandemia COVID-19. \u00a0<\/p>\n<p><iframe loading=\"lazy\" title=\"56 A\u00f1os del Departamento de Abastecimientos contribuyendo al bienestar de los derechohabientes\" width=\"696\" height=\"392\" src=\"https:\/\/www.youtube.com\/embed\/Sj5OJEEUftE?feature=oembed\" frameborder=\"0\" allow=\"accelerometer; autoplay; clipboard-write; encrypted-media; gyroscope; picture-in-picture\" allowfullscreen><\/iframe><\/p>\n<p>\u201cSeguimos\u00a0 trabajando con dedicaci\u00f3n y responsabilidad, porque detr\u00e1s de todos los documentos y las compras est\u00e1 la vida de muchos pacientes y el compromiso lo tenemos en nuestras manos\u201d expres\u00f3 Mar\u00eda Isabel \u00c1lvarez,\u00a0 encargada del departamento.<\/p>\n<p>La unidad est\u00e1 conformada por 50 trabajadores, en su mayor\u00eda mujeres, y no importa el horario, todos est\u00e1n comprometidos con el Seguro Social y con cada uno de los afiliados para brindarles un servicio de calidad y calidez.<\/p>\n<p>\u00a0\u201cHa sido un gran reto llevar adelante todas \u00a0las acciones que se realizan en el Departamento de\u00a0 Abastecimientos, hemos visto los avances porque existe un compromiso\u00a0 y\u00a0 entrega vital en cada uno de los trabajadores y sin ellos los logros no se hubieran alcanzado\u201d, dijo la licenciada Evelyn Odeth Garc\u00eda Lemus, subgerente administrativa.<\/p>\n<p>El licenciado Edgar Ponce, del \u00e1rea de Compras Internacionales, expres\u00f3 sentirse orgulloso de ser parte del Departamento de Abastecimientos; adem\u00e1s, resalt\u00f3 que\u00a0 gracias a la colaboraci\u00f3n de todos sus\u00a0 compa\u00f1eros logran hacer los aprovisionamientos y la compra consolidada de medicamentos que llegan de una manera pronta y efectiva a los afiliados y derechohabientes.<\/p>\n\r\n                <style type=\"text\/css\">\r\n                    \r\n                    #tdi_1  .td-doubleSlider-2 .td-item1 {\r\n                        background: url(\/wp-content\/uploads\/sites\/5\/2021\/03\/56-aniversario-Departamento-de-abastecimientos-igss-4-1-80x60.jpg) 0 0 no-repeat;\r\n                    }\r\n                    #tdi_1  .td-doubleSlider-2 .td-item2 {\r\n                        background: url(\/wp-content\/uploads\/sites\/5\/2021\/03\/56-aniversario-Departamento-de-abastecimientos-igss-6-1-80x60.jpg) 0 0 no-repeat;\r\n                    }\r\n                    #tdi_1  .td-doubleSlider-2 .td-item3 {\r\n                        background: url(\/wp-content\/uploads\/sites\/5\/2021\/03\/56-aniversario-Departamento-de-abastecimientos-igss-7-80x60.jpg) 0 0 no-repeat;\r\n                    }\r\n                    #tdi_1  .td-doubleSlider-2 .td-item4 {\r\n                        background: url(\/wp-content\/uploads\/sites\/5\/2021\/03\/56-aniversario-Departamento-de-abastecimientos-igss-2-80x60.jpg) 0 0 no-repeat;\r\n                    }\r\n                    #tdi_1  .td-doubleSlider-2 .td-item5 {\r\n                        background: url(\/wp-content\/uploads\/sites\/5\/2021\/03\/56-aniversario-Departamento-de-abastecimientos-igss-1-80x60.jpg) 0 0 no-repeat;\r\n                    }\r\n                    #tdi_1  .td-doubleSlider-2 .td-item6 {\r\n                        background: url(\/wp-content\/uploads\/sites\/5\/2021\/03\/56-aniversario-Departamento-de-abastecimientos-igss-8-80x60.png) 0 0 no-repeat;\r\n                    }\r\n                <\/style>\r\n\r\n                <div id=\"tdi_1\" class=\"td-gallery td-slide-on-2-columns\">\r\n                    <div class=\"post_td_gallery\">\r\n                        <div class=\"td-gallery-slide-top\">\r\n                           <div class=\"td-gallery-title\">Galer\u00eda de Im\u00e1genes<\/div>\r\n\r\n                            <div class=\"td-gallery-controls-wrapper\">\r\n                                <div class=\"td-gallery-slide-count\"><span class=\"td-gallery-slide-item-focus\">1<\/span> de 6<\/div>\r\n                                <div class=\"td-gallery-slide-prev-next-but\">\r\n                                    <i class = \"td-icon-left doubleSliderPrevButton\"><\/i>\r\n                                    <i class = \"td-icon-right doubleSliderNextButton\"><\/i>\r\n                                <\/div>\r\n                            <\/div>\r\n                        <\/div>\r\n\r\n                        <div class = \"td-doubleSlider-1 \">\r\n                            <div class = \"td-slider\">\r\n                                \r\n                    <div class = \"td-slide-item td-item1\">\r\n                        <figure class=\"td-slide-galery-figure td-slide-popup-gallery\">\r\n                            <a class=\"slide-gallery-image-link\" href=\"\/wp-content\/uploads\/sites\/5\/2021\/03\/56-aniversario-Departamento-de-abastecimientos-igss-4-1.jpg\" title=\"56 aniversario Departamento de abastecimientos igss-4\"  data-caption=\"\"  data-description=\"\">\r\n                                <img decoding=\"async\" src=\"\/wp-content\/uploads\/sites\/5\/2021\/03\/56-aniversario-Departamento-de-abastecimientos-igss-4-1-688x420.jpg\" srcset=\"\/wp-content\/uploads\/sites\/5\/2021\/03\/56-aniversario-Departamento-de-abastecimientos-igss-4-1-688x420.jpg 688w, \/wp-content\/uploads\/sites\/5\/2021\/03\/56-aniversario-Departamento-de-abastecimientos-igss-4-1-300x183.jpg 300w, \/wp-content\/uploads\/sites\/5\/2021\/03\/56-aniversario-Departamento-de-abastecimientos-igss-4-1-768x469.jpg 768w, \/wp-content\/uploads\/sites\/5\/2021\/03\/56-aniversario-Departamento-de-abastecimientos-igss-4-1-1024x625.jpg 1024w, \/wp-content\/uploads\/sites\/5\/2021\/03\/56-aniversario-Departamento-de-abastecimientos-igss-4-1-696x425.jpg 696w, \/wp-content\/uploads\/sites\/5\/2021\/03\/56-aniversario-Departamento-de-abastecimientos-igss-4-1-1068x652.jpg 1068w, \/wp-content\/uploads\/sites\/5\/2021\/03\/56-aniversario-Departamento-de-abastecimientos-igss-4-1-534x326.jpg 534w, \/wp-content\/uploads\/sites\/5\/2021\/03\/56-aniversario-Departamento-de-abastecimientos-igss-4-1.jpg 1280w\" sizes=\"(max-width: 688px) 100vw, 688px\" alt=\"\">\r\n                            <\/a>\r\n                            \r\n                        <\/figure>\r\n                    <\/div>\r\n                    <div class = \"td-slide-item td-item2\">\r\n                        <figure class=\"td-slide-galery-figure td-slide-popup-gallery\">\r\n                            <a class=\"slide-gallery-image-link\" href=\"\/wp-content\/uploads\/sites\/5\/2021\/03\/56-aniversario-Departamento-de-abastecimientos-igss-6-1.jpg\" title=\"56 aniversario Departamento de abastecimientos igss-6\"  data-caption=\"\"  data-description=\"\">\r\n                                <img decoding=\"async\" src=\"\/wp-content\/uploads\/sites\/5\/2021\/03\/56-aniversario-Departamento-de-abastecimientos-igss-6-1-368x420.jpg\" srcset=\"\/wp-content\/uploads\/sites\/5\/2021\/03\/56-aniversario-Departamento-de-abastecimientos-igss-6-1-368x420.jpg 368w, \/wp-content\/uploads\/sites\/5\/2021\/03\/56-aniversario-Departamento-de-abastecimientos-igss-6-1-263x300.jpg 263w, \/wp-content\/uploads\/sites\/5\/2021\/03\/56-aniversario-Departamento-de-abastecimientos-igss-6-1-768x877.jpg 768w, \/wp-content\/uploads\/sites\/5\/2021\/03\/56-aniversario-Departamento-de-abastecimientos-igss-6-1-897x1024.jpg 897w, \/wp-content\/uploads\/sites\/5\/2021\/03\/56-aniversario-Departamento-de-abastecimientos-igss-6-1-696x795.jpg 696w, \/wp-content\/uploads\/sites\/5\/2021\/03\/56-aniversario-Departamento-de-abastecimientos-igss-6-1-405x462.jpg 405w, \/wp-content\/uploads\/sites\/5\/2021\/03\/56-aniversario-Departamento-de-abastecimientos-igss-6-1.jpg 960w\" sizes=\"(max-width: 368px) 100vw, 368px\" alt=\"\">\r\n                            <\/a>\r\n                            \r\n                        <\/figure>\r\n                    <\/div>\r\n                    <div class = \"td-slide-item td-item3\">\r\n                        <figure class=\"td-slide-galery-figure td-slide-popup-gallery\">\r\n                            <a class=\"slide-gallery-image-link\" href=\"\/wp-content\/uploads\/sites\/5\/2021\/03\/56-aniversario-Departamento-de-abastecimientos-igss-7.jpg\" title=\"56 aniversario Departamento de abastecimientos igss-7\"  data-caption=\"\"  data-description=\"\">\r\n                                <img decoding=\"async\" src=\"\/wp-content\/uploads\/sites\/5\/2021\/03\/56-aniversario-Departamento-de-abastecimientos-igss-7-630x420.jpg\" srcset=\"\/wp-content\/uploads\/sites\/5\/2021\/03\/56-aniversario-Departamento-de-abastecimientos-igss-7-630x420.jpg 630w, \/wp-content\/uploads\/sites\/5\/2021\/03\/56-aniversario-Departamento-de-abastecimientos-igss-7-300x200.jpg 300w, \/wp-content\/uploads\/sites\/5\/2021\/03\/56-aniversario-Departamento-de-abastecimientos-igss-7-768x512.jpg 768w, \/wp-content\/uploads\/sites\/5\/2021\/03\/56-aniversario-Departamento-de-abastecimientos-igss-7-1024x682.jpg 1024w, \/wp-content\/uploads\/sites\/5\/2021\/03\/56-aniversario-Departamento-de-abastecimientos-igss-7-696x464.jpg 696w, \/wp-content\/uploads\/sites\/5\/2021\/03\/56-aniversario-Departamento-de-abastecimientos-igss-7-1068x712.jpg 1068w, \/wp-content\/uploads\/sites\/5\/2021\/03\/56-aniversario-Departamento-de-abastecimientos-igss-7-534x356.jpg 534w, \/wp-content\/uploads\/sites\/5\/2021\/03\/56-aniversario-Departamento-de-abastecimientos-igss-7.jpg 1280w\" sizes=\"(max-width: 630px) 100vw, 630px\" alt=\"\">\r\n                            <\/a>\r\n                            \r\n                        <\/figure>\r\n                    <\/div>\r\n                    <div class = \"td-slide-item td-item4\">\r\n                        <figure class=\"td-slide-galery-figure td-slide-popup-gallery\">\r\n                            <a class=\"slide-gallery-image-link\" href=\"\/wp-content\/uploads\/sites\/5\/2021\/03\/56-aniversario-Departamento-de-abastecimientos-igss-2.jpg\" title=\"56 aniversario Departamento de abastecimientos igss-2\"  data-caption=\"\"  data-description=\"\">\r\n                                <img decoding=\"async\" src=\"\/wp-content\/uploads\/sites\/5\/2021\/03\/56-aniversario-Departamento-de-abastecimientos-igss-2-630x420.jpg\" srcset=\"\/wp-content\/uploads\/sites\/5\/2021\/03\/56-aniversario-Departamento-de-abastecimientos-igss-2-630x420.jpg 630w, \/wp-content\/uploads\/sites\/5\/2021\/03\/56-aniversario-Departamento-de-abastecimientos-igss-2-300x200.jpg 300w, \/wp-content\/uploads\/sites\/5\/2021\/03\/56-aniversario-Departamento-de-abastecimientos-igss-2-768x512.jpg 768w, \/wp-content\/uploads\/sites\/5\/2021\/03\/56-aniversario-Departamento-de-abastecimientos-igss-2-1024x682.jpg 1024w, \/wp-content\/uploads\/sites\/5\/2021\/03\/56-aniversario-Departamento-de-abastecimientos-igss-2-696x464.jpg 696w, \/wp-content\/uploads\/sites\/5\/2021\/03\/56-aniversario-Departamento-de-abastecimientos-igss-2-1068x712.jpg 1068w, \/wp-content\/uploads\/sites\/5\/2021\/03\/56-aniversario-Departamento-de-abastecimientos-igss-2-534x356.jpg 534w, \/wp-content\/uploads\/sites\/5\/2021\/03\/56-aniversario-Departamento-de-abastecimientos-igss-2.jpg 1280w\" sizes=\"(max-width: 630px) 100vw, 630px\" alt=\"\">\r\n                            <\/a>\r\n                            \r\n                        <\/figure>\r\n                    <\/div>\r\n                    <div class = \"td-slide-item td-item5\">\r\n                        <figure class=\"td-slide-galery-figure td-slide-popup-gallery\">\r\n                            <a class=\"slide-gallery-image-link\" href=\"\/wp-content\/uploads\/sites\/5\/2021\/03\/56-aniversario-Departamento-de-abastecimientos-igss-1.jpg\" title=\"56 aniversario Departamento de abastecimientos igss-1\"  data-caption=\"\"  data-description=\"\">\r\n                                <img decoding=\"async\" src=\"\/wp-content\/uploads\/sites\/5\/2021\/03\/56-aniversario-Departamento-de-abastecimientos-igss-1-711x420.jpg\" srcset=\"\/wp-content\/uploads\/sites\/5\/2021\/03\/56-aniversario-Departamento-de-abastecimientos-igss-1-711x420.jpg 711w, \/wp-content\/uploads\/sites\/5\/2021\/03\/56-aniversario-Departamento-de-abastecimientos-igss-1-300x177.jpg 300w, \/wp-content\/uploads\/sites\/5\/2021\/03\/56-aniversario-Departamento-de-abastecimientos-igss-1-768x454.jpg 768w, \/wp-content\/uploads\/sites\/5\/2021\/03\/56-aniversario-Departamento-de-abastecimientos-igss-1-1024x605.jpg 1024w, \/wp-content\/uploads\/sites\/5\/2021\/03\/56-aniversario-Departamento-de-abastecimientos-igss-1-696x411.jpg 696w, \/wp-content\/uploads\/sites\/5\/2021\/03\/56-aniversario-Departamento-de-abastecimientos-igss-1-1068x631.jpg 1068w, \/wp-content\/uploads\/sites\/5\/2021\/03\/56-aniversario-Departamento-de-abastecimientos-igss-1-534x315.jpg 534w, \/wp-content\/uploads\/sites\/5\/2021\/03\/56-aniversario-Departamento-de-abastecimientos-igss-1.jpg 1280w\" sizes=\"(max-width: 711px) 100vw, 711px\" alt=\"\">\r\n                            <\/a>\r\n                            \r\n                        <\/figure>\r\n                    <\/div>\r\n                    <div class = \"td-slide-item td-item6\">\r\n                        <figure class=\"td-slide-galery-figure td-slide-popup-gallery\">\r\n                            <a class=\"slide-gallery-image-link\" href=\"\/wp-content\/uploads\/sites\/5\/2021\/03\/56-aniversario-Departamento-de-abastecimientos-igss-8.png\" title=\"56 aniversario Departamento de abastecimientos igss-8\"  data-caption=\"\"  data-description=\"\">\r\n                                <img decoding=\"async\" src=\"\/wp-content\/uploads\/sites\/5\/2021\/03\/56-aniversario-Departamento-de-abastecimientos-igss-8-637x420.png\" srcset=\"\/wp-content\/uploads\/sites\/5\/2021\/03\/56-aniversario-Departamento-de-abastecimientos-igss-8-637x420.png 637w, \/wp-content\/uploads\/sites\/5\/2021\/03\/56-aniversario-Departamento-de-abastecimientos-igss-8-300x198.png 300w, \/wp-content\/uploads\/sites\/5\/2021\/03\/56-aniversario-Departamento-de-abastecimientos-igss-8-768x507.png 768w, \/wp-content\/uploads\/sites\/5\/2021\/03\/56-aniversario-Departamento-de-abastecimientos-igss-8-1024x676.png 1024w, \/wp-content\/uploads\/sites\/5\/2021\/03\/56-aniversario-Departamento-de-abastecimientos-igss-8-696x459.png 696w, \/wp-content\/uploads\/sites\/5\/2021\/03\/56-aniversario-Departamento-de-abastecimientos-igss-8-1068x705.png 1068w, \/wp-content\/uploads\/sites\/5\/2021\/03\/56-aniversario-Departamento-de-abastecimientos-igss-8-534x352.png 534w, \/wp-content\/uploads\/sites\/5\/2021\/03\/56-aniversario-Departamento-de-abastecimientos-igss-8.png 1496w\" sizes=\"(max-width: 637px) 100vw, 637px\" alt=\"\">\r\n                            <\/a>\r\n                            \r\n                        <\/figure>\r\n                    <\/div>\r\n                            <\/div>\r\n                        <\/div>\r\n\r\n                        <div class = \"td-doubleSlider-2\">\r\n                            <div class = \"td-slider\">\r\n                                \r\n                    <div class = \"td-button td-item1\">\r\n                        <div class = \"td-border\"><\/div>\r\n                    <\/div>\r\n                    <div class = \"td-button td-item2\">\r\n                        <div class = \"td-border\"><\/div>\r\n                    <\/div>\r\n                    <div class = \"td-button td-item3\">\r\n                        <div class = \"td-border\"><\/div>\r\n                    <\/div>\r\n                    <div class = \"td-button td-item4\">\r\n                        <div class = \"td-border\"><\/div>\r\n                    <\/div>\r\n                    <div class = \"td-button td-item5\">\r\n                        <div class = \"td-border\"><\/div>\r\n                    <\/div>\r\n                    <div class = \"td-button td-item6\">\r\n                        <div class = \"td-border\"><\/div>\r\n                    <\/div>\r\n                            <\/div>\r\n                        <\/div>\r\n\r\n                    <\/div>\r\n\r\n                <\/div>\r\n                \n<p>\u00a0<\/p>\n","protected":false},"excerpt":{"rendered":"<p>El Instituto Guatemalteco de Seguridad Social (IGSS) conmemor\u00f3 los 56 a\u00f1os de aniversario del \u00a0Departamento de Abastecimientos, de la Subgerencia Administrativa, el cual \u00a0fue creado en \u00a01965 \u00a0mediante el Acuerdo 432 de Junta Directiva de la instituci\u00f3n. El Departamento de Abastecimientos es un \u00e1rea fundamental dentro del Seguro Social, los trabajadores son los encargados de [&hellip;]<\/p>\n","protected":false},"author":4,"featured_media":21085,"comment_status":"closed","ping_status":"closed","sticky":false,"template":"","format":"standard","meta":{"footnotes":""},"categories":[3],"tags":[1305,1252],"coauthors":[881],"class_list":{"0":"post-21071","1":"post","2":"type-post","3":"status-publish","4":"format-standard","5":"has-post-thumbnail","7":"category-actualidad","8":"tag-abastecimientos","9":"tag-subgerencia-administrativa"},"_links":{"self":[{"href":"https:\/\/www.igssgt.org\/noticias\/wp-json\/wp\/v2\/posts\/21071","targetHints":{"allow":["GET"]}}],"collection":[{"href":"https:\/\/www.igssgt.org\/noticias\/wp-json\/wp\/v2\/posts"}],"about":[{"href":"https:\/\/www.igssgt.org\/noticias\/wp-json\/wp\/v2\/types\/post"}],"author":[{"embeddable":true,"href":"https:\/\/www.igssgt.org\/noticias\/wp-json\/wp\/v2\/users\/4"}],"replies":[{"embeddable":true,"href":"https:\/\/www.igssgt.org\/noticias\/wp-json\/wp\/v2\/comments?post=21071"}],"version-history":[{"count":4,"href":"https:\/\/www.igssgt.org\/noticias\/wp-json\/wp\/v2\/posts\/21071\/revisions"}],"predecessor-version":[{"id":21086,"href":"https:\/\/www.igssgt.org\/noticias\/wp-json\/wp\/v2\/posts\/21071\/revisions\/21086"}],"wp:featuredmedia":[{"embeddable":true,"href":"https:\/\/www.igssgt.org\/noticias\/wp-json\/wp\/v2\/media\/21085"}],"wp:attachment":[{"href":"https:\/\/www.igssgt.org\/noticias\/wp-json\/wp\/v2\/media?parent=21071"}],"wp:term":[{"taxonomy":"category","embeddable":true,"href":"https:\/\/www.igssgt.org\/noticias\/wp-json\/wp\/v2\/categories?post=21071"},{"taxonomy":"post_tag","embeddable":true,"href":"https:\/\/www.igssgt.org\/noticias\/wp-json\/wp\/v2\/tags?post=21071"},{"taxonomy":"author","embeddable":true,"href":"https:\/\/www.igssgt.org\/noticias\/wp-json\/wp\/v2\/coauthors?post=21071"}],"curies":[{"name":"wp","href":"https:\/\/api.w.org\/{rel}","templated":true}]}}