{"id":21450,"date":"2021-04-28T08:30:39","date_gmt":"2021-04-28T14:30:39","guid":{"rendered":"https:\/\/www.igssgt.org\/noticias\/?p=21450"},"modified":"2021-06-16T13:16:37","modified_gmt":"2021-06-16T19:16:37","slug":"dia-mundial-de-la-salud-y-seguridad-ocupacional-evite-contagios-por-covid-19-en-lugares-de-trabajo","status":"publish","type":"post","link":"https:\/\/www.igssgt.org\/noticias\/2021\/04\/28\/dia-mundial-de-la-salud-y-seguridad-ocupacional-evite-contagios-por-covid-19-en-lugares-de-trabajo\/","title":{"rendered":"D\u00eda Mundial de la Salud y Seguridad Ocupacional | Evite contagios por COVID-19 en lugares de trabajo"},"content":{"rendered":"\n<p>El 28 de abril se conmemora el D\u00eda Mundial de la Salud y Seguridad Ocupacional, en relaci\u00f3n con ello el Instituto Guatemalteco de Seguridad Social (IGSS) recuerda a las empresas y entidades gubernamentales que deben reforzar las medidas de seguridad sanitarias para disminuir los contagios por COVID-19, en beneficio de los trabajadores, porque la pandemia ha incidido en casi todos los aspectos del mundo laboral por el riesgo de transmisi\u00f3n del virus en los centros de trabajo.<\/p>\n<p>El doctor Mynor Mej\u00eda, jefe de la Secci\u00f3n de Seguridad e Higiene y Prevenci\u00f3n de Accidentes del IGSS, se\u00f1al\u00f3 la importancia de cumplir con las normativas en beneficio de la salud de la fuerza laboral del pa\u00eds, para contrarrestar los riesgos de accidentes y contagios en medio de esta pandemia.<\/p>\n<p>https:\/\/youtu.be\/uQ7zlcneDZQ<\/p>\n<p>\u201cEn el Acuerdo 79-2020 del Ministerio de Trabajo y Previsi\u00f3n Social, se establece que las empresas deben cumplir con los protocolos de seguridad para contrarrestar contagios del nuevo coronavirus. El Seguro Social cuenta con 90 inspectores quienes han visitado a m\u00e1s 2 mil 600 empresas para verificar que cumplan con esta normativa y para la detecci\u00f3n de riesgos laborales\u201d, explic\u00f3 Mej\u00eda.<\/p>\n<h4><strong>Seguridad para los trabajadores<\/strong><\/h4>\n<p>Mej\u00eda destac\u00f3 que debe tomarse en cuenta la prevenci\u00f3n de accidentes en el trabajo, esto est\u00e1 impl\u00edcito en la Pol\u00edtica Preventiva de la Seguridad Social en Guatemala, que promueve ambientes saludables y seguros.\u00a0<\/p>\n<p>Mediante el Acuerdo Gubernativo 229-2014, Reglamento de Salud y Seguridad Ocupacional, las empresas e instituciones inscritas al R\u00e9gimen de la Seguridad Social son cubiertas por la Secci\u00f3n de Seguridad e Higiene del Instituto. La referida secci\u00f3n es la encargada de dar capacitaci\u00f3n a todos los monitores de salud y seguridad ocupacional.<\/p>\n<p>\u201cLa seguridad de los afiliados es importante, por ello el IGSS siempre da cobertura a los trabajadores guatemaltecos que sufren desde un accidente hasta una enfermedad\u201d, concluy\u00f3 Mej\u00eda.<\/p>\n\r\n                <style type=\"text\/css\">\r\n                    \r\n                    #tdi_1  .td-doubleSlider-2 .td-item1 {\r\n                        background: url(\/wp-content\/uploads\/sites\/5\/2021\/04\/Dia-Mundial-de-la-Seguridad-y-Salud-Ocpacional-1-80x60.jpg) 0 0 no-repeat;\r\n                    }\r\n                    #tdi_1  .td-doubleSlider-2 .td-item2 {\r\n                        background: url(\/wp-content\/uploads\/sites\/5\/2021\/04\/Dia-Mundial-de-la-Seguridad-y-Salud-Ocpacional-2-80x60.jpg) 0 0 no-repeat;\r\n                    }\r\n                    #tdi_1  .td-doubleSlider-2 .td-item3 {\r\n                        background: url(\/wp-content\/uploads\/sites\/5\/2021\/04\/Dia-Mundial-de-la-Seguridad-y-Salud-Ocpacional-3-80x60.jpg) 0 0 no-repeat;\r\n                    }\r\n                    #tdi_1  .td-doubleSlider-2 .td-item4 {\r\n                        background: url(\/wp-content\/uploads\/sites\/5\/2021\/04\/Dia-Mundial-de-la-Seguridad-y-Salud-Ocpacional-4-80x60.jpg) 0 0 no-repeat;\r\n                    }\r\n                    #tdi_1  .td-doubleSlider-2 .td-item5 {\r\n                        background: url(\/wp-content\/uploads\/sites\/5\/2021\/04\/Dia-Mundial-de-la-Seguridad-y-Salud-Ocpacional-5-80x60.jpg) 0 0 no-repeat;\r\n                    }\r\n                    #tdi_1  .td-doubleSlider-2 .td-item6 {\r\n                        background: url(\/wp-content\/uploads\/sites\/5\/2021\/04\/Dia-Mundial-de-la-Seguridad-y-Salud-Ocpacional-6-80x60.jpg) 0 0 no-repeat;\r\n                    }\r\n                    #tdi_1  .td-doubleSlider-2 .td-item7 {\r\n                        background: url(\/wp-content\/uploads\/sites\/5\/2021\/04\/Dia-Mundial-de-la-Seguridad-y-Salud-Ocpacional-7-80x60.jpg) 0 0 no-repeat;\r\n                    }\r\n                <\/style>\r\n\r\n                <div id=\"tdi_1\" class=\"td-gallery td-slide-on-2-columns\">\r\n                    <div class=\"post_td_gallery\">\r\n                        <div class=\"td-gallery-slide-top\">\r\n                           <div class=\"td-gallery-title\">Galer\u00eda de Im\u00e1genes<\/div>\r\n\r\n                            <div class=\"td-gallery-controls-wrapper\">\r\n                                <div class=\"td-gallery-slide-count\"><span class=\"td-gallery-slide-item-focus\">1<\/span> de 7<\/div>\r\n                                <div class=\"td-gallery-slide-prev-next-but\">\r\n                                    <i class = \"td-icon-left doubleSliderPrevButton\"><\/i>\r\n                                    <i class = \"td-icon-right doubleSliderNextButton\"><\/i>\r\n                                <\/div>\r\n                            <\/div>\r\n                        <\/div>\r\n\r\n                        <div class = \"td-doubleSlider-1 \">\r\n                            <div class = \"td-slider\">\r\n                                \r\n                    <div class = \"td-slide-item td-item1\">\r\n                        <figure class=\"td-slide-galery-figure td-slide-popup-gallery\">\r\n                            <a class=\"slide-gallery-image-link\" href=\"\/wp-content\/uploads\/sites\/5\/2021\/04\/Dia-Mundial-de-la-Seguridad-y-Salud-Ocpacional-1.jpg\" title=\"Dia Mundial de la Seguridad y Salud Ocpacional-1\"  data-caption=\"\"  data-description=\"\">\r\n                                <img decoding=\"async\" src=\"\/wp-content\/uploads\/sites\/5\/2021\/04\/Dia-Mundial-de-la-Seguridad-y-Salud-Ocpacional-1-631x420.jpg\" srcset=\"\/wp-content\/uploads\/sites\/5\/2021\/04\/Dia-Mundial-de-la-Seguridad-y-Salud-Ocpacional-1-631x420.jpg 631w, \/wp-content\/uploads\/sites\/5\/2021\/04\/Dia-Mundial-de-la-Seguridad-y-Salud-Ocpacional-1-300x200.jpg 300w, \/wp-content\/uploads\/sites\/5\/2021\/04\/Dia-Mundial-de-la-Seguridad-y-Salud-Ocpacional-1-768x512.jpg 768w, \/wp-content\/uploads\/sites\/5\/2021\/04\/Dia-Mundial-de-la-Seguridad-y-Salud-Ocpacional-1-696x464.jpg 696w, \/wp-content\/uploads\/sites\/5\/2021\/04\/Dia-Mundial-de-la-Seguridad-y-Salud-Ocpacional-1-534x356.jpg 534w, \/wp-content\/uploads\/sites\/5\/2021\/04\/Dia-Mundial-de-la-Seguridad-y-Salud-Ocpacional-1.jpg 1024w\" sizes=\"(max-width: 631px) 100vw, 631px\" alt=\"\">\r\n                            <\/a>\r\n                            \r\n                        <\/figure>\r\n                    <\/div>\r\n                    <div class = \"td-slide-item td-item2\">\r\n                        <figure class=\"td-slide-galery-figure td-slide-popup-gallery\">\r\n                            <a class=\"slide-gallery-image-link\" href=\"\/wp-content\/uploads\/sites\/5\/2021\/04\/Dia-Mundial-de-la-Seguridad-y-Salud-Ocpacional-2.jpg\" title=\"Dia Mundial de la Seguridad y Salud Ocpacional-2\"  data-caption=\"\"  data-description=\"\">\r\n                                <img decoding=\"async\" src=\"\/wp-content\/uploads\/sites\/5\/2021\/04\/Dia-Mundial-de-la-Seguridad-y-Salud-Ocpacional-2-631x420.jpg\" srcset=\"\/wp-content\/uploads\/sites\/5\/2021\/04\/Dia-Mundial-de-la-Seguridad-y-Salud-Ocpacional-2-631x420.jpg 631w, \/wp-content\/uploads\/sites\/5\/2021\/04\/Dia-Mundial-de-la-Seguridad-y-Salud-Ocpacional-2-300x200.jpg 300w, \/wp-content\/uploads\/sites\/5\/2021\/04\/Dia-Mundial-de-la-Seguridad-y-Salud-Ocpacional-2-768x512.jpg 768w, \/wp-content\/uploads\/sites\/5\/2021\/04\/Dia-Mundial-de-la-Seguridad-y-Salud-Ocpacional-2-696x464.jpg 696w, \/wp-content\/uploads\/sites\/5\/2021\/04\/Dia-Mundial-de-la-Seguridad-y-Salud-Ocpacional-2-534x356.jpg 534w, \/wp-content\/uploads\/sites\/5\/2021\/04\/Dia-Mundial-de-la-Seguridad-y-Salud-Ocpacional-2.jpg 1024w\" sizes=\"(max-width: 631px) 100vw, 631px\" alt=\"\">\r\n                            <\/a>\r\n                            \r\n                        <\/figure>\r\n                    <\/div>\r\n                    <div class = \"td-slide-item td-item3\">\r\n                        <figure class=\"td-slide-galery-figure td-slide-popup-gallery\">\r\n                            <a class=\"slide-gallery-image-link\" href=\"\/wp-content\/uploads\/sites\/5\/2021\/04\/Dia-Mundial-de-la-Seguridad-y-Salud-Ocpacional-3.jpg\" title=\"Dia Mundial de la Seguridad y Salud Ocpacional-3\"  data-caption=\"\"  data-description=\"\">\r\n                                <img decoding=\"async\" src=\"\/wp-content\/uploads\/sites\/5\/2021\/04\/Dia-Mundial-de-la-Seguridad-y-Salud-Ocpacional-3-631x420.jpg\" srcset=\"\/wp-content\/uploads\/sites\/5\/2021\/04\/Dia-Mundial-de-la-Seguridad-y-Salud-Ocpacional-3-631x420.jpg 631w, \/wp-content\/uploads\/sites\/5\/2021\/04\/Dia-Mundial-de-la-Seguridad-y-Salud-Ocpacional-3-300x200.jpg 300w, \/wp-content\/uploads\/sites\/5\/2021\/04\/Dia-Mundial-de-la-Seguridad-y-Salud-Ocpacional-3-768x512.jpg 768w, \/wp-content\/uploads\/sites\/5\/2021\/04\/Dia-Mundial-de-la-Seguridad-y-Salud-Ocpacional-3-696x464.jpg 696w, \/wp-content\/uploads\/sites\/5\/2021\/04\/Dia-Mundial-de-la-Seguridad-y-Salud-Ocpacional-3-534x356.jpg 534w, \/wp-content\/uploads\/sites\/5\/2021\/04\/Dia-Mundial-de-la-Seguridad-y-Salud-Ocpacional-3.jpg 1024w\" sizes=\"(max-width: 631px) 100vw, 631px\" alt=\"\">\r\n                            <\/a>\r\n                            \r\n                        <\/figure>\r\n                    <\/div>\r\n                    <div class = \"td-slide-item td-item4\">\r\n                        <figure class=\"td-slide-galery-figure td-slide-popup-gallery\">\r\n                            <a class=\"slide-gallery-image-link\" href=\"\/wp-content\/uploads\/sites\/5\/2021\/04\/Dia-Mundial-de-la-Seguridad-y-Salud-Ocpacional-4.jpg\" title=\"Dia Mundial de la Seguridad y Salud Ocpacional-4\"  data-caption=\"\"  data-description=\"\">\r\n                                <img decoding=\"async\" src=\"\/wp-content\/uploads\/sites\/5\/2021\/04\/Dia-Mundial-de-la-Seguridad-y-Salud-Ocpacional-4-630x420.jpg\" srcset=\"\/wp-content\/uploads\/sites\/5\/2021\/04\/Dia-Mundial-de-la-Seguridad-y-Salud-Ocpacional-4-630x420.jpg 630w, \/wp-content\/uploads\/sites\/5\/2021\/04\/Dia-Mundial-de-la-Seguridad-y-Salud-Ocpacional-4-300x200.jpg 300w, \/wp-content\/uploads\/sites\/5\/2021\/04\/Dia-Mundial-de-la-Seguridad-y-Salud-Ocpacional-4-768x512.jpg 768w, \/wp-content\/uploads\/sites\/5\/2021\/04\/Dia-Mundial-de-la-Seguridad-y-Salud-Ocpacional-4-696x464.jpg 696w, \/wp-content\/uploads\/sites\/5\/2021\/04\/Dia-Mundial-de-la-Seguridad-y-Salud-Ocpacional-4-534x356.jpg 534w, \/wp-content\/uploads\/sites\/5\/2021\/04\/Dia-Mundial-de-la-Seguridad-y-Salud-Ocpacional-4.jpg 1024w\" sizes=\"(max-width: 630px) 100vw, 630px\" alt=\"\">\r\n                            <\/a>\r\n                            \r\n                        <\/figure>\r\n                    <\/div>\r\n                    <div class = \"td-slide-item td-item5\">\r\n                        <figure class=\"td-slide-galery-figure td-slide-popup-gallery\">\r\n                            <a class=\"slide-gallery-image-link\" href=\"\/wp-content\/uploads\/sites\/5\/2021\/04\/Dia-Mundial-de-la-Seguridad-y-Salud-Ocpacional-5.jpg\" title=\"Dia Mundial de la Seguridad y Salud Ocpacional-5\"  data-caption=\"\"  data-description=\"\">\r\n                                <img decoding=\"async\" src=\"\/wp-content\/uploads\/sites\/5\/2021\/04\/Dia-Mundial-de-la-Seguridad-y-Salud-Ocpacional-5-631x420.jpg\" srcset=\"\/wp-content\/uploads\/sites\/5\/2021\/04\/Dia-Mundial-de-la-Seguridad-y-Salud-Ocpacional-5-631x420.jpg 631w, \/wp-content\/uploads\/sites\/5\/2021\/04\/Dia-Mundial-de-la-Seguridad-y-Salud-Ocpacional-5-300x200.jpg 300w, \/wp-content\/uploads\/sites\/5\/2021\/04\/Dia-Mundial-de-la-Seguridad-y-Salud-Ocpacional-5-768x512.jpg 768w, \/wp-content\/uploads\/sites\/5\/2021\/04\/Dia-Mundial-de-la-Seguridad-y-Salud-Ocpacional-5-696x464.jpg 696w, \/wp-content\/uploads\/sites\/5\/2021\/04\/Dia-Mundial-de-la-Seguridad-y-Salud-Ocpacional-5-534x356.jpg 534w, \/wp-content\/uploads\/sites\/5\/2021\/04\/Dia-Mundial-de-la-Seguridad-y-Salud-Ocpacional-5.jpg 1024w\" sizes=\"(max-width: 631px) 100vw, 631px\" alt=\"\">\r\n                            <\/a>\r\n                            \r\n                        <\/figure>\r\n                    <\/div>\r\n                    <div class = \"td-slide-item td-item6\">\r\n                        <figure class=\"td-slide-galery-figure td-slide-popup-gallery\">\r\n                            <a class=\"slide-gallery-image-link\" href=\"\/wp-content\/uploads\/sites\/5\/2021\/04\/Dia-Mundial-de-la-Seguridad-y-Salud-Ocpacional-6.jpg\" title=\"Dia Mundial de la Seguridad y Salud Ocpacional-6\"  data-caption=\"\"  data-description=\"\">\r\n                                <img decoding=\"async\" src=\"\/wp-content\/uploads\/sites\/5\/2021\/04\/Dia-Mundial-de-la-Seguridad-y-Salud-Ocpacional-6-631x420.jpg\" srcset=\"\/wp-content\/uploads\/sites\/5\/2021\/04\/Dia-Mundial-de-la-Seguridad-y-Salud-Ocpacional-6-631x420.jpg 631w, \/wp-content\/uploads\/sites\/5\/2021\/04\/Dia-Mundial-de-la-Seguridad-y-Salud-Ocpacional-6-300x200.jpg 300w, \/wp-content\/uploads\/sites\/5\/2021\/04\/Dia-Mundial-de-la-Seguridad-y-Salud-Ocpacional-6-768x512.jpg 768w, \/wp-content\/uploads\/sites\/5\/2021\/04\/Dia-Mundial-de-la-Seguridad-y-Salud-Ocpacional-6-696x464.jpg 696w, \/wp-content\/uploads\/sites\/5\/2021\/04\/Dia-Mundial-de-la-Seguridad-y-Salud-Ocpacional-6-534x356.jpg 534w, \/wp-content\/uploads\/sites\/5\/2021\/04\/Dia-Mundial-de-la-Seguridad-y-Salud-Ocpacional-6.jpg 1024w\" sizes=\"(max-width: 631px) 100vw, 631px\" alt=\"\">\r\n                            <\/a>\r\n                            \r\n                        <\/figure>\r\n                    <\/div>\r\n                    <div class = \"td-slide-item td-item7\">\r\n                        <figure class=\"td-slide-galery-figure td-slide-popup-gallery\">\r\n                            <a class=\"slide-gallery-image-link\" href=\"\/wp-content\/uploads\/sites\/5\/2021\/04\/Dia-Mundial-de-la-Seguridad-y-Salud-Ocpacional-7.jpg\" title=\"Dia Mundial de la Seguridad y Salud Ocpacional-7\"  data-caption=\"\"  data-description=\"\">\r\n                                <img decoding=\"async\" src=\"\/wp-content\/uploads\/sites\/5\/2021\/04\/Dia-Mundial-de-la-Seguridad-y-Salud-Ocpacional-7-630x420.jpg\" srcset=\"\/wp-content\/uploads\/sites\/5\/2021\/04\/Dia-Mundial-de-la-Seguridad-y-Salud-Ocpacional-7-630x420.jpg 630w, \/wp-content\/uploads\/sites\/5\/2021\/04\/Dia-Mundial-de-la-Seguridad-y-Salud-Ocpacional-7-300x200.jpg 300w, \/wp-content\/uploads\/sites\/5\/2021\/04\/Dia-Mundial-de-la-Seguridad-y-Salud-Ocpacional-7-768x512.jpg 768w, \/wp-content\/uploads\/sites\/5\/2021\/04\/Dia-Mundial-de-la-Seguridad-y-Salud-Ocpacional-7-1024x682.jpg 1024w, \/wp-content\/uploads\/sites\/5\/2021\/04\/Dia-Mundial-de-la-Seguridad-y-Salud-Ocpacional-7-696x464.jpg 696w, \/wp-content\/uploads\/sites\/5\/2021\/04\/Dia-Mundial-de-la-Seguridad-y-Salud-Ocpacional-7-1068x712.jpg 1068w, \/wp-content\/uploads\/sites\/5\/2021\/04\/Dia-Mundial-de-la-Seguridad-y-Salud-Ocpacional-7-534x356.jpg 534w, \/wp-content\/uploads\/sites\/5\/2021\/04\/Dia-Mundial-de-la-Seguridad-y-Salud-Ocpacional-7.jpg 1280w\" sizes=\"(max-width: 630px) 100vw, 630px\" alt=\"\">\r\n                            <\/a>\r\n                            \r\n                        <\/figure>\r\n                    <\/div>\r\n                            <\/div>\r\n                        <\/div>\r\n\r\n                        <div class = \"td-doubleSlider-2\">\r\n                            <div class = \"td-slider\">\r\n                                \r\n                    <div class = \"td-button td-item1\">\r\n                        <div class = \"td-border\"><\/div>\r\n                    <\/div>\r\n                    <div class = \"td-button td-item2\">\r\n                        <div class = \"td-border\"><\/div>\r\n                    <\/div>\r\n                    <div class = \"td-button td-item3\">\r\n                        <div class = \"td-border\"><\/div>\r\n                    <\/div>\r\n                    <div class = \"td-button td-item4\">\r\n                        <div class = \"td-border\"><\/div>\r\n                    <\/div>\r\n                    <div class = \"td-button td-item5\">\r\n                        <div class = \"td-border\"><\/div>\r\n                    <\/div>\r\n                    <div class = \"td-button td-item6\">\r\n                        <div class = \"td-border\"><\/div>\r\n                    <\/div>\r\n                    <div class = \"td-button td-item7\">\r\n                        <div class = \"td-border\"><\/div>\r\n                    <\/div>\r\n                            <\/div>\r\n                        <\/div>\r\n\r\n                    <\/div>\r\n\r\n                <\/div>\r\n                \n","protected":false},"excerpt":{"rendered":"<p>El 28 de abril se conmemora el D\u00eda Mundial de la Salud y Seguridad Ocupacional, en relaci\u00f3n con ello el Instituto Guatemalteco de Seguridad Social (IGSS) recuerda a las empresas y entidades gubernamentales que deben reforzar las medidas de seguridad sanitarias para disminuir los contagios por COVID-19, en beneficio de los trabajadores, porque la pandemia [&hellip;]<\/p>\n","protected":false},"author":4,"featured_media":21460,"comment_status":"closed","ping_status":"closed","sticky":false,"template":"","format":"standard","meta":{"footnotes":""},"categories":[3,16],"tags":[1347,1181],"coauthors":[881],"class_list":{"0":"post-21450","1":"post","2":"type-post","3":"status-publish","4":"format-standard","5":"has-post-thumbnail","7":"category-actualidad","8":"category-featured","9":"tag-covid-19-prevencion","10":"tag-igss-notas-covid-19"},"_links":{"self":[{"href":"https:\/\/www.igssgt.org\/noticias\/wp-json\/wp\/v2\/posts\/21450","targetHints":{"allow":["GET"]}}],"collection":[{"href":"https:\/\/www.igssgt.org\/noticias\/wp-json\/wp\/v2\/posts"}],"about":[{"href":"https:\/\/www.igssgt.org\/noticias\/wp-json\/wp\/v2\/types\/post"}],"author":[{"embeddable":true,"href":"https:\/\/www.igssgt.org\/noticias\/wp-json\/wp\/v2\/users\/4"}],"replies":[{"embeddable":true,"href":"https:\/\/www.igssgt.org\/noticias\/wp-json\/wp\/v2\/comments?post=21450"}],"version-history":[{"count":6,"href":"https:\/\/www.igssgt.org\/noticias\/wp-json\/wp\/v2\/posts\/21450\/revisions"}],"predecessor-version":[{"id":21469,"href":"https:\/\/www.igssgt.org\/noticias\/wp-json\/wp\/v2\/posts\/21450\/revisions\/21469"}],"wp:featuredmedia":[{"embeddable":true,"href":"https:\/\/www.igssgt.org\/noticias\/wp-json\/wp\/v2\/media\/21460"}],"wp:attachment":[{"href":"https:\/\/www.igssgt.org\/noticias\/wp-json\/wp\/v2\/media?parent=21450"}],"wp:term":[{"taxonomy":"category","embeddable":true,"href":"https:\/\/www.igssgt.org\/noticias\/wp-json\/wp\/v2\/categories?post=21450"},{"taxonomy":"post_tag","embeddable":true,"href":"https:\/\/www.igssgt.org\/noticias\/wp-json\/wp\/v2\/tags?post=21450"},{"taxonomy":"author","embeddable":true,"href":"https:\/\/www.igssgt.org\/noticias\/wp-json\/wp\/v2\/coauthors?post=21450"}],"curies":[{"name":"wp","href":"https:\/\/api.w.org\/{rel}","templated":true}]}}