{"id":21574,"date":"2021-05-12T16:02:52","date_gmt":"2021-05-12T22:02:52","guid":{"rendered":"https:\/\/www.igssgt.org\/noticias\/?p=21574"},"modified":"2021-05-13T11:22:55","modified_gmt":"2021-05-13T17:22:55","slug":"reconocen-a-jefe-de-enfermeria-del-igss-por-33-anos-de-trayectoria","status":"publish","type":"post","link":"https:\/\/www.igssgt.org\/noticias\/2021\/05\/12\/reconocen-a-jefe-de-enfermeria-del-igss-por-33-anos-de-trayectoria\/","title":{"rendered":"Reconocen a jefe de Enfermer\u00eda del IGSS por 33 a\u00f1os de trayectoria"},"content":{"rendered":"\n<p>En mayo se conmemora del D\u00eda Internacional de la Enfermer\u00eda, y el D\u00eda del Auxiliar de Enfermer\u00eda, ante ello el Instituto Guatemalteco de Seguridad Social (IGSS) reconoce esa vocaci\u00f3n de servicio.<\/p>\n<p>La licenciada Elsa Ver\u00f3nica Figueroa Ram\u00edrez, jefe de la Secci\u00f3n de Enfermer\u00eda del IGSS, recibi\u00f3 el Premio<strong> Enfermera del A\u00f1o<\/strong> y fue nombrada invitada de honor por el Banco Industrial, por su trayectoria de 33 a\u00f1os de labor en la instituci\u00f3n; adem\u00e1s, tuvo el honor de izar el Pabell\u00f3n Nacional en la Plaza C\u00edvica Ramiro Castillo Love. \u00a0<\/p>\n<p><iframe loading=\"lazy\" title=\"Magister Elsa Figueroa Rami\u0301rez, jefe de la Seccio\u0301n de Enfermeri\u0301a del IGSS recibio reconocimiento\" width=\"696\" height=\"392\" src=\"https:\/\/www.youtube.com\/embed\/uXvj2uFodoA?feature=oembed\" frameborder=\"0\" allow=\"accelerometer; autoplay; clipboard-write; encrypted-media; gyroscope; picture-in-picture\" allowfullscreen><\/iframe><\/p>\n<p>Figueroa tiene un postgrado de Magister en Enfermer\u00eda de la Universidad Mariano G\u00e1lvez de Guatemala, es la primera profesional del IGSS en recibir este homenaje que evidencia los valores fundamentales plasmados en su trabajo. \u201cEste reconocimiento tambi\u00e9n es para mis compa\u00f1eros, quienes permanecen al lado de los enfermos\u201d, dijo Figueroa al recibir el premio.\u00a0\u00a0<\/p>\n<blockquote>\n<p>La licenciada Elsa Ver\u00f3nica Figueroa Ram\u00edrez, jefe de la Secci\u00f3n de Enfermar\u00eda del IGSS, recibi\u00f3 el Premio Enfermera del A\u00f1o<\/p>\n<\/blockquote>\n<p>\u201cEl Banco Industrial y la Asociaci\u00f3n Guatemalteca de Enfermeras y Enfermeros Profesionales (AGEP) me concedieron el honor de nombrarme\u00a0 Enfermera del A\u00f1o, pues nuestro trabajo se desarrolla siempre en un hospital. Me alegra, porque como enfermera del IGSS recibo un reconocimiento, sobretodo en tiempos de pandemia\u201d, asegur\u00f3.<\/p>\n<figure id=\"attachment_21588\" aria-describedby=\"caption-attachment-21588\" style=\"width: 853px\" class=\"wp-caption aligncenter\"><a href=\"\/wp-content\/uploads\/sites\/5\/2021\/05\/reconocimiento-enfermera-profesional-elsa-ramirez-IGSS-2021-12.jpg\"><img loading=\"lazy\" decoding=\"async\" class=\"wp-image-21588 size-full\" src=\"\/wp-content\/uploads\/sites\/5\/2021\/05\/reconocimiento-enfermera-profesional-elsa-ramirez-IGSS-2021-12.jpg\" alt=\"M.Sc. Elsa Ver\u00f3nica Figueroa Ram\u00edrez, jefe de la secci\u00f3n de enfermer\u00eda junto a la Dra. Marilyn Ortiz, gerente del Seguro Social.\" width=\"853\" height=\"1280\" srcset=\"\/wp-content\/uploads\/sites\/5\/2021\/05\/reconocimiento-enfermera-profesional-elsa-ramirez-IGSS-2021-12.jpg 853w, \/wp-content\/uploads\/sites\/5\/2021\/05\/reconocimiento-enfermera-profesional-elsa-ramirez-IGSS-2021-12-200x300.jpg 200w, \/wp-content\/uploads\/sites\/5\/2021\/05\/reconocimiento-enfermera-profesional-elsa-ramirez-IGSS-2021-12-768x1152.jpg 768w, \/wp-content\/uploads\/sites\/5\/2021\/05\/reconocimiento-enfermera-profesional-elsa-ramirez-IGSS-2021-12-682x1024.jpg 682w, \/wp-content\/uploads\/sites\/5\/2021\/05\/reconocimiento-enfermera-profesional-elsa-ramirez-IGSS-2021-12-280x420.jpg 280w, \/wp-content\/uploads\/sites\/5\/2021\/05\/reconocimiento-enfermera-profesional-elsa-ramirez-IGSS-2021-12-696x1044.jpg 696w, \/wp-content\/uploads\/sites\/5\/2021\/05\/reconocimiento-enfermera-profesional-elsa-ramirez-IGSS-2021-12-308x462.jpg 308w\" sizes=\"auto, (max-width: 853px) 100vw, 853px\" \/><\/a><figcaption id=\"caption-attachment-21588\" class=\"wp-caption-text\">M.Sc. Elsa Ver\u00f3nica Figueroa Ram\u00edrez, jefe de la secci\u00f3n de enfermer\u00eda junto a la Dra. Marilyn Ortiz, gerente del Seguro Social.<\/figcaption><\/figure>\n<p>Adem\u00e1s, agradeci\u00f3 el apoyo que recibe de la doctora Ana Marilyn Ortiz Ru\u00edz, gerente del IGSS, por ser una lideresa en el trabajo que realizan los enfermeros en beneficio de los afiliados, pensionados y beneficiarios del Instituto.<\/p>\n<p>La gerente del Seguro Social reconoci\u00f3 el honor entregado a la jefe de la Secci\u00f3n de Enfermar\u00eda, el cual demuestra que el IGSS cuenta con personal de capacitado y competente que los convierte en h\u00e9roes an\u00f3nimos.<\/p>\n<p>\u201cEs una persona ejemplar con altas competencias en el desarrollo de su trabajo, como jefa de secci\u00f3n, tambi\u00e9n es un gran ser humano, con grandes cualidades. Me siento complacida que este reconocimiento corresponda por primera vez a una enfermera que representa al Instituto\u201d, resalt\u00f3 la doctora Ort\u00edz.<\/p>\n<p>Ingrid Patricia Figueroa Sal\u00e1n, presidente de la Junta Directiva de AGEP, expres\u00f3 su satisfacci\u00f3n por el nombramiento otorgado a la magister Figueroa \u201cella tiene cualidades t\u00e9cnicas y capacidad cient\u00edfica para obtener este gran reconocimiento a una enfermera guatemalteca\u201d, enfatiz\u00f3.<\/p>\n<h4><strong>Labor de los enfermeros<\/strong><\/h4>\n<p>El IGSS cuenta con 5 mil 500 enfermeros, entre jefes de servicios, t\u00e9cnicos en hemodi\u00e1lisis, auxiliares de enfermer\u00eda, enfermeros graduados y ayudantes de enfermer\u00eda, quienes prestan un servicio oportuno y de calidad para los derechohabientes, en la 117 unidades m\u00e9dicas del Instituto.\u00a0<\/p>\n\r\n                <style type=\"text\/css\">\r\n                    \r\n                    #tdi_1  .td-doubleSlider-2 .td-item1 {\r\n                        background: url(\/wp-content\/uploads\/sites\/5\/2021\/05\/reconocimiento-enfermera-profesional-elsa-ramirez-IGSS-2021-10-80x60.jpg) 0 0 no-repeat;\r\n                    }\r\n                    #tdi_1  .td-doubleSlider-2 .td-item2 {\r\n                        background: url(\/wp-content\/uploads\/sites\/5\/2021\/05\/reconocimiento-enfermera-profesional-elsa-ramirez-IGSS-2021-12-80x60.jpg) 0 0 no-repeat;\r\n                    }\r\n                    #tdi_1  .td-doubleSlider-2 .td-item3 {\r\n                        background: url(\/wp-content\/uploads\/sites\/5\/2021\/05\/reconocimiento-enfermera-profesional-elsa-ramirez-IGSS-2021-2-80x60.jpg) 0 0 no-repeat;\r\n                    }\r\n                    #tdi_1  .td-doubleSlider-2 .td-item4 {\r\n                        background: url(\/wp-content\/uploads\/sites\/5\/2021\/05\/reconocimiento-enfermera-profesional-elsa-ramirez-IGSS-2021-11-80x60.jpg) 0 0 no-repeat;\r\n                    }\r\n                    #tdi_1  .td-doubleSlider-2 .td-item5 {\r\n                        background: url(\/wp-content\/uploads\/sites\/5\/2021\/05\/reconocimiento-enfermera-profesional-elsa-ramirez-IGSS-2021-1-80x60.jpg) 0 0 no-repeat;\r\n                    }\r\n                    #tdi_1  .td-doubleSlider-2 .td-item6 {\r\n                        background: url(\/wp-content\/uploads\/sites\/5\/2021\/05\/reconocimiento-enfermera-profesional-elsa-ramirez-IGSS-2021-13-80x60.jpg) 0 0 no-repeat;\r\n                    }\r\n                    #tdi_1  .td-doubleSlider-2 .td-item7 {\r\n                        background: url(\/wp-content\/uploads\/sites\/5\/2021\/05\/reconocimiento-enfermera-profesional-elsa-ramirez-IGSS-2021-15-80x60.jpg) 0 0 no-repeat;\r\n                    }\r\n                    #tdi_1  .td-doubleSlider-2 .td-item8 {\r\n                        background: url(\/wp-content\/uploads\/sites\/5\/2021\/05\/reconocimiento-enfermera-profesional-elsa-ramirez-IGSS-2021-17-80x60.jpg) 0 0 no-repeat;\r\n                    }\r\n                <\/style>\r\n\r\n                <div id=\"tdi_1\" class=\"td-gallery td-slide-on-2-columns\">\r\n                    <div class=\"post_td_gallery\">\r\n                        <div class=\"td-gallery-slide-top\">\r\n                           <div class=\"td-gallery-title\">Galer\u00eda de Im\u00e1genes<\/div>\r\n\r\n                            <div class=\"td-gallery-controls-wrapper\">\r\n                                <div class=\"td-gallery-slide-count\"><span class=\"td-gallery-slide-item-focus\">1<\/span> de 8<\/div>\r\n                                <div class=\"td-gallery-slide-prev-next-but\">\r\n                                    <i class = \"td-icon-left doubleSliderPrevButton\"><\/i>\r\n                                    <i class = \"td-icon-right doubleSliderNextButton\"><\/i>\r\n                                <\/div>\r\n                            <\/div>\r\n                        <\/div>\r\n\r\n                        <div class = \"td-doubleSlider-1 \">\r\n                            <div class = \"td-slider\">\r\n                                \r\n                    <div class = \"td-slide-item td-item1\">\r\n                        <figure class=\"td-slide-galery-figure td-slide-popup-gallery\">\r\n                            <a class=\"slide-gallery-image-link\" href=\"\/wp-content\/uploads\/sites\/5\/2021\/05\/reconocimiento-enfermera-profesional-elsa-ramirez-IGSS-2021-10.jpg\" title=\"reconocimiento enfermera profesional elsa ramirez IGSS 2021-10\"  data-caption=\"\"  data-description=\"\">\r\n                                <img decoding=\"async\" src=\"\/wp-content\/uploads\/sites\/5\/2021\/05\/reconocimiento-enfermera-profesional-elsa-ramirez-IGSS-2021-10-630x420.jpg\" srcset=\"\/wp-content\/uploads\/sites\/5\/2021\/05\/reconocimiento-enfermera-profesional-elsa-ramirez-IGSS-2021-10-630x420.jpg 630w, \/wp-content\/uploads\/sites\/5\/2021\/05\/reconocimiento-enfermera-profesional-elsa-ramirez-IGSS-2021-10-300x200.jpg 300w, \/wp-content\/uploads\/sites\/5\/2021\/05\/reconocimiento-enfermera-profesional-elsa-ramirez-IGSS-2021-10-768x512.jpg 768w, \/wp-content\/uploads\/sites\/5\/2021\/05\/reconocimiento-enfermera-profesional-elsa-ramirez-IGSS-2021-10-1024x682.jpg 1024w, \/wp-content\/uploads\/sites\/5\/2021\/05\/reconocimiento-enfermera-profesional-elsa-ramirez-IGSS-2021-10-696x464.jpg 696w, \/wp-content\/uploads\/sites\/5\/2021\/05\/reconocimiento-enfermera-profesional-elsa-ramirez-IGSS-2021-10-1068x712.jpg 1068w, \/wp-content\/uploads\/sites\/5\/2021\/05\/reconocimiento-enfermera-profesional-elsa-ramirez-IGSS-2021-10-534x356.jpg 534w, \/wp-content\/uploads\/sites\/5\/2021\/05\/reconocimiento-enfermera-profesional-elsa-ramirez-IGSS-2021-10.jpg 1280w\" sizes=\"(max-width: 630px) 100vw, 630px\" alt=\"\">\r\n                            <\/a>\r\n                            \r\n                        <\/figure>\r\n                    <\/div>\r\n                    <div class = \"td-slide-item td-item2\">\r\n                        <figure class=\"td-slide-galery-figure td-slide-popup-gallery\">\r\n                            <a class=\"slide-gallery-image-link\" href=\"\/wp-content\/uploads\/sites\/5\/2021\/05\/reconocimiento-enfermera-profesional-elsa-ramirez-IGSS-2021-12.jpg\" title=\"reconocimiento enfermera profesional elsa ramirez IGSS 2021-12\"  data-caption=\"\"  data-description=\"\">\r\n                                <img decoding=\"async\" src=\"\/wp-content\/uploads\/sites\/5\/2021\/05\/reconocimiento-enfermera-profesional-elsa-ramirez-IGSS-2021-12-280x420.jpg\" srcset=\"\/wp-content\/uploads\/sites\/5\/2021\/05\/reconocimiento-enfermera-profesional-elsa-ramirez-IGSS-2021-12-280x420.jpg 280w, \/wp-content\/uploads\/sites\/5\/2021\/05\/reconocimiento-enfermera-profesional-elsa-ramirez-IGSS-2021-12-200x300.jpg 200w, \/wp-content\/uploads\/sites\/5\/2021\/05\/reconocimiento-enfermera-profesional-elsa-ramirez-IGSS-2021-12-768x1152.jpg 768w, \/wp-content\/uploads\/sites\/5\/2021\/05\/reconocimiento-enfermera-profesional-elsa-ramirez-IGSS-2021-12-682x1024.jpg 682w, \/wp-content\/uploads\/sites\/5\/2021\/05\/reconocimiento-enfermera-profesional-elsa-ramirez-IGSS-2021-12-696x1044.jpg 696w, \/wp-content\/uploads\/sites\/5\/2021\/05\/reconocimiento-enfermera-profesional-elsa-ramirez-IGSS-2021-12-308x462.jpg 308w, \/wp-content\/uploads\/sites\/5\/2021\/05\/reconocimiento-enfermera-profesional-elsa-ramirez-IGSS-2021-12.jpg 853w\" sizes=\"(max-width: 280px) 100vw, 280px\" alt=\"\">\r\n                            <\/a>\r\n                            \r\n                        <\/figure>\r\n                    <\/div>\r\n                    <div class = \"td-slide-item td-item3\">\r\n                        <figure class=\"td-slide-galery-figure td-slide-popup-gallery\">\r\n                            <a class=\"slide-gallery-image-link\" href=\"\/wp-content\/uploads\/sites\/5\/2021\/05\/reconocimiento-enfermera-profesional-elsa-ramirez-IGSS-2021-2.jpg\" title=\"reconocimiento enfermera profesional elsa ramirez IGSS 2021-2\"  data-caption=\"\"  data-description=\"\">\r\n                                <img decoding=\"async\" src=\"\/wp-content\/uploads\/sites\/5\/2021\/05\/reconocimiento-enfermera-profesional-elsa-ramirez-IGSS-2021-2-280x420.jpg\" srcset=\"\/wp-content\/uploads\/sites\/5\/2021\/05\/reconocimiento-enfermera-profesional-elsa-ramirez-IGSS-2021-2-280x420.jpg 280w, \/wp-content\/uploads\/sites\/5\/2021\/05\/reconocimiento-enfermera-profesional-elsa-ramirez-IGSS-2021-2-200x300.jpg 200w, \/wp-content\/uploads\/sites\/5\/2021\/05\/reconocimiento-enfermera-profesional-elsa-ramirez-IGSS-2021-2-768x1152.jpg 768w, \/wp-content\/uploads\/sites\/5\/2021\/05\/reconocimiento-enfermera-profesional-elsa-ramirez-IGSS-2021-2-682x1024.jpg 682w, \/wp-content\/uploads\/sites\/5\/2021\/05\/reconocimiento-enfermera-profesional-elsa-ramirez-IGSS-2021-2-696x1044.jpg 696w, \/wp-content\/uploads\/sites\/5\/2021\/05\/reconocimiento-enfermera-profesional-elsa-ramirez-IGSS-2021-2-308x462.jpg 308w, \/wp-content\/uploads\/sites\/5\/2021\/05\/reconocimiento-enfermera-profesional-elsa-ramirez-IGSS-2021-2.jpg 853w\" sizes=\"(max-width: 280px) 100vw, 280px\" alt=\"\">\r\n                            <\/a>\r\n                            \r\n                        <\/figure>\r\n                    <\/div>\r\n                    <div class = \"td-slide-item td-item4\">\r\n                        <figure class=\"td-slide-galery-figure td-slide-popup-gallery\">\r\n                            <a class=\"slide-gallery-image-link\" href=\"\/wp-content\/uploads\/sites\/5\/2021\/05\/reconocimiento-enfermera-profesional-elsa-ramirez-IGSS-2021-11.jpg\" title=\"reconocimiento enfermera profesional elsa ramirez IGSS 2021-11\"  data-caption=\"\"  data-description=\"\">\r\n                                <img decoding=\"async\" src=\"\/wp-content\/uploads\/sites\/5\/2021\/05\/reconocimiento-enfermera-profesional-elsa-ramirez-IGSS-2021-11-630x420.jpg\" srcset=\"\/wp-content\/uploads\/sites\/5\/2021\/05\/reconocimiento-enfermera-profesional-elsa-ramirez-IGSS-2021-11-630x420.jpg 630w, \/wp-content\/uploads\/sites\/5\/2021\/05\/reconocimiento-enfermera-profesional-elsa-ramirez-IGSS-2021-11-300x200.jpg 300w, \/wp-content\/uploads\/sites\/5\/2021\/05\/reconocimiento-enfermera-profesional-elsa-ramirez-IGSS-2021-11-768x512.jpg 768w, \/wp-content\/uploads\/sites\/5\/2021\/05\/reconocimiento-enfermera-profesional-elsa-ramirez-IGSS-2021-11-1024x682.jpg 1024w, \/wp-content\/uploads\/sites\/5\/2021\/05\/reconocimiento-enfermera-profesional-elsa-ramirez-IGSS-2021-11-696x464.jpg 696w, \/wp-content\/uploads\/sites\/5\/2021\/05\/reconocimiento-enfermera-profesional-elsa-ramirez-IGSS-2021-11-1068x712.jpg 1068w, \/wp-content\/uploads\/sites\/5\/2021\/05\/reconocimiento-enfermera-profesional-elsa-ramirez-IGSS-2021-11-534x356.jpg 534w, \/wp-content\/uploads\/sites\/5\/2021\/05\/reconocimiento-enfermera-profesional-elsa-ramirez-IGSS-2021-11.jpg 1280w\" sizes=\"(max-width: 630px) 100vw, 630px\" alt=\"\">\r\n                            <\/a>\r\n                            \r\n                        <\/figure>\r\n                    <\/div>\r\n                    <div class = \"td-slide-item td-item5\">\r\n                        <figure class=\"td-slide-galery-figure td-slide-popup-gallery\">\r\n                            <a class=\"slide-gallery-image-link\" href=\"\/wp-content\/uploads\/sites\/5\/2021\/05\/reconocimiento-enfermera-profesional-elsa-ramirez-IGSS-2021-1.jpg\" title=\"reconocimiento enfermera profesional elsa ramirez IGSS 2021-1\"  data-caption=\"\"  data-description=\"\">\r\n                                <img decoding=\"async\" src=\"\/wp-content\/uploads\/sites\/5\/2021\/05\/reconocimiento-enfermera-profesional-elsa-ramirez-IGSS-2021-1-280x420.jpg\" srcset=\"\/wp-content\/uploads\/sites\/5\/2021\/05\/reconocimiento-enfermera-profesional-elsa-ramirez-IGSS-2021-1-280x420.jpg 280w, \/wp-content\/uploads\/sites\/5\/2021\/05\/reconocimiento-enfermera-profesional-elsa-ramirez-IGSS-2021-1-200x300.jpg 200w, \/wp-content\/uploads\/sites\/5\/2021\/05\/reconocimiento-enfermera-profesional-elsa-ramirez-IGSS-2021-1-768x1152.jpg 768w, \/wp-content\/uploads\/sites\/5\/2021\/05\/reconocimiento-enfermera-profesional-elsa-ramirez-IGSS-2021-1-682x1024.jpg 682w, \/wp-content\/uploads\/sites\/5\/2021\/05\/reconocimiento-enfermera-profesional-elsa-ramirez-IGSS-2021-1-696x1044.jpg 696w, \/wp-content\/uploads\/sites\/5\/2021\/05\/reconocimiento-enfermera-profesional-elsa-ramirez-IGSS-2021-1-308x462.jpg 308w, \/wp-content\/uploads\/sites\/5\/2021\/05\/reconocimiento-enfermera-profesional-elsa-ramirez-IGSS-2021-1.jpg 853w\" sizes=\"(max-width: 280px) 100vw, 280px\" alt=\"\">\r\n                            <\/a>\r\n                            \r\n                        <\/figure>\r\n                    <\/div>\r\n                    <div class = \"td-slide-item td-item6\">\r\n                        <figure class=\"td-slide-galery-figure td-slide-popup-gallery\">\r\n                            <a class=\"slide-gallery-image-link\" href=\"\/wp-content\/uploads\/sites\/5\/2021\/05\/reconocimiento-enfermera-profesional-elsa-ramirez-IGSS-2021-13.jpg\" title=\"reconocimiento enfermera profesional elsa ramirez IGSS 2021-13\"  data-caption=\"\"  data-description=\"\">\r\n                                <img decoding=\"async\" src=\"\/wp-content\/uploads\/sites\/5\/2021\/05\/reconocimiento-enfermera-profesional-elsa-ramirez-IGSS-2021-13-630x420.jpg\" srcset=\"\/wp-content\/uploads\/sites\/5\/2021\/05\/reconocimiento-enfermera-profesional-elsa-ramirez-IGSS-2021-13-630x420.jpg 630w, \/wp-content\/uploads\/sites\/5\/2021\/05\/reconocimiento-enfermera-profesional-elsa-ramirez-IGSS-2021-13-300x200.jpg 300w, \/wp-content\/uploads\/sites\/5\/2021\/05\/reconocimiento-enfermera-profesional-elsa-ramirez-IGSS-2021-13-768x512.jpg 768w, \/wp-content\/uploads\/sites\/5\/2021\/05\/reconocimiento-enfermera-profesional-elsa-ramirez-IGSS-2021-13-1024x682.jpg 1024w, \/wp-content\/uploads\/sites\/5\/2021\/05\/reconocimiento-enfermera-profesional-elsa-ramirez-IGSS-2021-13-696x464.jpg 696w, \/wp-content\/uploads\/sites\/5\/2021\/05\/reconocimiento-enfermera-profesional-elsa-ramirez-IGSS-2021-13-1068x712.jpg 1068w, \/wp-content\/uploads\/sites\/5\/2021\/05\/reconocimiento-enfermera-profesional-elsa-ramirez-IGSS-2021-13-534x356.jpg 534w, \/wp-content\/uploads\/sites\/5\/2021\/05\/reconocimiento-enfermera-profesional-elsa-ramirez-IGSS-2021-13.jpg 1280w\" sizes=\"(max-width: 630px) 100vw, 630px\" alt=\"\">\r\n                            <\/a>\r\n                            \r\n                        <\/figure>\r\n                    <\/div>\r\n                    <div class = \"td-slide-item td-item7\">\r\n                        <figure class=\"td-slide-galery-figure td-slide-popup-gallery\">\r\n                            <a class=\"slide-gallery-image-link\" href=\"\/wp-content\/uploads\/sites\/5\/2021\/05\/reconocimiento-enfermera-profesional-elsa-ramirez-IGSS-2021-15.jpg\" title=\"reconocimiento enfermera profesional elsa ramirez IGSS 2021-15\"  data-caption=\"\"  data-description=\"\">\r\n                                <img decoding=\"async\" src=\"\/wp-content\/uploads\/sites\/5\/2021\/05\/reconocimiento-enfermera-profesional-elsa-ramirez-IGSS-2021-15-630x420.jpg\" srcset=\"\/wp-content\/uploads\/sites\/5\/2021\/05\/reconocimiento-enfermera-profesional-elsa-ramirez-IGSS-2021-15-630x420.jpg 630w, \/wp-content\/uploads\/sites\/5\/2021\/05\/reconocimiento-enfermera-profesional-elsa-ramirez-IGSS-2021-15-300x200.jpg 300w, \/wp-content\/uploads\/sites\/5\/2021\/05\/reconocimiento-enfermera-profesional-elsa-ramirez-IGSS-2021-15-768x512.jpg 768w, \/wp-content\/uploads\/sites\/5\/2021\/05\/reconocimiento-enfermera-profesional-elsa-ramirez-IGSS-2021-15-1024x682.jpg 1024w, \/wp-content\/uploads\/sites\/5\/2021\/05\/reconocimiento-enfermera-profesional-elsa-ramirez-IGSS-2021-15-696x464.jpg 696w, \/wp-content\/uploads\/sites\/5\/2021\/05\/reconocimiento-enfermera-profesional-elsa-ramirez-IGSS-2021-15-1068x712.jpg 1068w, \/wp-content\/uploads\/sites\/5\/2021\/05\/reconocimiento-enfermera-profesional-elsa-ramirez-IGSS-2021-15-534x356.jpg 534w, \/wp-content\/uploads\/sites\/5\/2021\/05\/reconocimiento-enfermera-profesional-elsa-ramirez-IGSS-2021-15.jpg 1280w\" sizes=\"(max-width: 630px) 100vw, 630px\" alt=\"\">\r\n                            <\/a>\r\n                            \r\n                        <\/figure>\r\n                    <\/div>\r\n                    <div class = \"td-slide-item td-item8\">\r\n                        <figure class=\"td-slide-galery-figure td-slide-popup-gallery\">\r\n                            <a class=\"slide-gallery-image-link\" href=\"\/wp-content\/uploads\/sites\/5\/2021\/05\/reconocimiento-enfermera-profesional-elsa-ramirez-IGSS-2021-17.jpg\" title=\"reconocimiento enfermera profesional elsa ramirez IGSS 2021-17\"  data-caption=\"\"  data-description=\"\">\r\n                                <img decoding=\"async\" src=\"\/wp-content\/uploads\/sites\/5\/2021\/05\/reconocimiento-enfermera-profesional-elsa-ramirez-IGSS-2021-17-590x420.jpg\" srcset=\"\/wp-content\/uploads\/sites\/5\/2021\/05\/reconocimiento-enfermera-profesional-elsa-ramirez-IGSS-2021-17-590x420.jpg 590w, \/wp-content\/uploads\/sites\/5\/2021\/05\/reconocimiento-enfermera-profesional-elsa-ramirez-IGSS-2021-17-300x214.jpg 300w, \/wp-content\/uploads\/sites\/5\/2021\/05\/reconocimiento-enfermera-profesional-elsa-ramirez-IGSS-2021-17-768x547.jpg 768w, \/wp-content\/uploads\/sites\/5\/2021\/05\/reconocimiento-enfermera-profesional-elsa-ramirez-IGSS-2021-17-1024x729.jpg 1024w, \/wp-content\/uploads\/sites\/5\/2021\/05\/reconocimiento-enfermera-profesional-elsa-ramirez-IGSS-2021-17-696x495.jpg 696w, \/wp-content\/uploads\/sites\/5\/2021\/05\/reconocimiento-enfermera-profesional-elsa-ramirez-IGSS-2021-17-1068x760.jpg 1068w, \/wp-content\/uploads\/sites\/5\/2021\/05\/reconocimiento-enfermera-profesional-elsa-ramirez-IGSS-2021-17-100x70.jpg 100w, \/wp-content\/uploads\/sites\/5\/2021\/05\/reconocimiento-enfermera-profesional-elsa-ramirez-IGSS-2021-17-534x380.jpg 534w, \/wp-content\/uploads\/sites\/5\/2021\/05\/reconocimiento-enfermera-profesional-elsa-ramirez-IGSS-2021-17.jpg 1145w\" sizes=\"(max-width: 590px) 100vw, 590px\" alt=\"\">\r\n                            <\/a>\r\n                            \r\n                        <\/figure>\r\n                    <\/div>\r\n                            <\/div>\r\n                        <\/div>\r\n\r\n                        <div class = \"td-doubleSlider-2\">\r\n                            <div class = \"td-slider\">\r\n                                \r\n                    <div class = \"td-button td-item1\">\r\n                        <div class = \"td-border\"><\/div>\r\n                    <\/div>\r\n                    <div class = \"td-button td-item2\">\r\n                        <div class = \"td-border\"><\/div>\r\n                    <\/div>\r\n                    <div class = \"td-button td-item3\">\r\n                        <div class = \"td-border\"><\/div>\r\n                    <\/div>\r\n                    <div class = \"td-button td-item4\">\r\n                        <div class = \"td-border\"><\/div>\r\n                    <\/div>\r\n                    <div class = \"td-button td-item5\">\r\n                        <div class = \"td-border\"><\/div>\r\n                    <\/div>\r\n                    <div class = \"td-button td-item6\">\r\n                        <div class = \"td-border\"><\/div>\r\n                    <\/div>\r\n                    <div class = \"td-button td-item7\">\r\n                        <div class = \"td-border\"><\/div>\r\n                    <\/div>\r\n                    <div class = \"td-button td-item8\">\r\n                        <div class = \"td-border\"><\/div>\r\n                    <\/div>\r\n                            <\/div>\r\n                        <\/div>\r\n\r\n                    <\/div>\r\n\r\n                <\/div>\r\n                \n<p><strong>\u00a0<\/strong><\/p>\n<p>\u00a0<\/p>\n<p>\u00a0<\/p>\n<p>\u00a0<\/p>\n","protected":false},"excerpt":{"rendered":"<p>En mayo se conmemora del D\u00eda Internacional de la Enfermer\u00eda, y el D\u00eda del Auxiliar de Enfermer\u00eda, ante ello el Instituto Guatemalteco de Seguridad Social (IGSS) reconoce esa vocaci\u00f3n de servicio. La licenciada Elsa Ver\u00f3nica Figueroa Ram\u00edrez, jefe de la Secci\u00f3n de Enfermer\u00eda del IGSS, recibi\u00f3 el Premio Enfermera del A\u00f1o y fue nombrada invitada [&hellip;]<\/p>\n","protected":false},"author":4,"featured_media":21594,"comment_status":"closed","ping_status":"closed","sticky":false,"template":"","format":"standard","meta":{"footnotes":""},"categories":[3,15],"tags":[1327,406,407],"coauthors":[881],"class_list":{"0":"post-21574","1":"post","2":"type-post","3":"status-publish","4":"format-standard","5":"has-post-thumbnail","7":"category-actualidad","8":"category-destacado","9":"tag-dia-internacional-de-la-enfermeria","10":"tag-enfermeria","11":"tag-enfermeria-igss"},"_links":{"self":[{"href":"https:\/\/www.igssgt.org\/noticias\/wp-json\/wp\/v2\/posts\/21574","targetHints":{"allow":["GET"]}}],"collection":[{"href":"https:\/\/www.igssgt.org\/noticias\/wp-json\/wp\/v2\/posts"}],"about":[{"href":"https:\/\/www.igssgt.org\/noticias\/wp-json\/wp\/v2\/types\/post"}],"author":[{"embeddable":true,"href":"https:\/\/www.igssgt.org\/noticias\/wp-json\/wp\/v2\/users\/4"}],"replies":[{"embeddable":true,"href":"https:\/\/www.igssgt.org\/noticias\/wp-json\/wp\/v2\/comments?post=21574"}],"version-history":[{"count":7,"href":"https:\/\/www.igssgt.org\/noticias\/wp-json\/wp\/v2\/posts\/21574\/revisions"}],"predecessor-version":[{"id":21596,"href":"https:\/\/www.igssgt.org\/noticias\/wp-json\/wp\/v2\/posts\/21574\/revisions\/21596"}],"wp:featuredmedia":[{"embeddable":true,"href":"https:\/\/www.igssgt.org\/noticias\/wp-json\/wp\/v2\/media\/21594"}],"wp:attachment":[{"href":"https:\/\/www.igssgt.org\/noticias\/wp-json\/wp\/v2\/media?parent=21574"}],"wp:term":[{"taxonomy":"category","embeddable":true,"href":"https:\/\/www.igssgt.org\/noticias\/wp-json\/wp\/v2\/categories?post=21574"},{"taxonomy":"post_tag","embeddable":true,"href":"https:\/\/www.igssgt.org\/noticias\/wp-json\/wp\/v2\/tags?post=21574"},{"taxonomy":"author","embeddable":true,"href":"https:\/\/www.igssgt.org\/noticias\/wp-json\/wp\/v2\/coauthors?post=21574"}],"curies":[{"name":"wp","href":"https:\/\/api.w.org\/{rel}","templated":true}]}}