{"id":21770,"date":"2021-05-27T14:30:44","date_gmt":"2021-05-27T20:30:44","guid":{"rendered":"https:\/\/www.igssgt.org\/noticias\/?p=21770"},"modified":"2021-05-27T16:21:15","modified_gmt":"2021-05-27T22:21:15","slug":"el-igss-contratara-medicos-generales-renglon-022-covid","status":"publish","type":"post","link":"https:\/\/www.igssgt.org\/noticias\/2021\/05\/27\/el-igss-contratara-medicos-generales-renglon-022-covid\/","title":{"rendered":"El IGSS contratar\u00e1 M\u00e9dicos Generales, rengl\u00f3n 022-COVID"},"content":{"rendered":"\n<p><a href=\"\/wp-content\/uploads\/sites\/5\/2021\/05\/convocatoria-plaza-igss-medicos-generales-covid-19-2021.jpg\"><img loading=\"lazy\" decoding=\"async\" class=\"aligncenter size-full wp-image-21771\" src=\"\/wp-content\/uploads\/sites\/5\/2021\/05\/convocatoria-plaza-igss-medicos-generales-covid-19-2021.jpg\" alt=\"\" width=\"1275\" height=\"825\" srcset=\"\/wp-content\/uploads\/sites\/5\/2021\/05\/convocatoria-plaza-igss-medicos-generales-covid-19-2021.jpg 1275w, \/wp-content\/uploads\/sites\/5\/2021\/05\/convocatoria-plaza-igss-medicos-generales-covid-19-2021-300x194.jpg 300w, \/wp-content\/uploads\/sites\/5\/2021\/05\/convocatoria-plaza-igss-medicos-generales-covid-19-2021-768x497.jpg 768w, \/wp-content\/uploads\/sites\/5\/2021\/05\/convocatoria-plaza-igss-medicos-generales-covid-19-2021-1024x663.jpg 1024w, \/wp-content\/uploads\/sites\/5\/2021\/05\/convocatoria-plaza-igss-medicos-generales-covid-19-2021-649x420.jpg 649w, \/wp-content\/uploads\/sites\/5\/2021\/05\/convocatoria-plaza-igss-medicos-generales-covid-19-2021-696x450.jpg 696w, \/wp-content\/uploads\/sites\/5\/2021\/05\/convocatoria-plaza-igss-medicos-generales-covid-19-2021-1068x691.jpg 1068w, \/wp-content\/uploads\/sites\/5\/2021\/05\/convocatoria-plaza-igss-medicos-generales-covid-19-2021-534x346.jpg 534w\" sizes=\"auto, (max-width: 1275px) 100vw, 1275px\" \/><\/a><\/p>\n","protected":false},"excerpt":{"rendered":"","protected":false},"author":4,"featured_media":21771,"comment_status":"closed","ping_status":"closed","sticky":false,"template":"","format":"standard","meta":{"footnotes":""},"categories":[1299],"tags":[213,1300],"coauthors":[881],"class_list":{"0":"post-21770","1":"post","2":"type-post","3":"status-publish","4":"format-standard","5":"has-post-thumbnail","7":"category-plazas-vacantes","8":"tag-convocatoria-plazas-igss","9":"tag-empleos-igss"},"_links":{"self":[{"href":"https:\/\/www.igssgt.org\/noticias\/wp-json\/wp\/v2\/posts\/21770","targetHints":{"allow":["GET"]}}],"collection":[{"href":"https:\/\/www.igssgt.org\/noticias\/wp-json\/wp\/v2\/posts"}],"about":[{"href":"https:\/\/www.igssgt.org\/noticias\/wp-json\/wp\/v2\/types\/post"}],"author":[{"embeddable":true,"href":"https:\/\/www.igssgt.org\/noticias\/wp-json\/wp\/v2\/users\/4"}],"replies":[{"embeddable":true,"href":"https:\/\/www.igssgt.org\/noticias\/wp-json\/wp\/v2\/comments?post=21770"}],"version-history":[{"count":1,"href":"https:\/\/www.igssgt.org\/noticias\/wp-json\/wp\/v2\/posts\/21770\/revisions"}],"predecessor-version":[{"id":21772,"href":"https:\/\/www.igssgt.org\/noticias\/wp-json\/wp\/v2\/posts\/21770\/revisions\/21772"}],"wp:featuredmedia":[{"embeddable":true,"href":"https:\/\/www.igssgt.org\/noticias\/wp-json\/wp\/v2\/media\/21771"}],"wp:attachment":[{"href":"https:\/\/www.igssgt.org\/noticias\/wp-json\/wp\/v2\/media?parent=21770"}],"wp:term":[{"taxonomy":"category","embeddable":true,"href":"https:\/\/www.igssgt.org\/noticias\/wp-json\/wp\/v2\/categories?post=21770"},{"taxonomy":"post_tag","embeddable":true,"href":"https:\/\/www.igssgt.org\/noticias\/wp-json\/wp\/v2\/tags?post=21770"},{"taxonomy":"author","embeddable":true,"href":"https:\/\/www.igssgt.org\/noticias\/wp-json\/wp\/v2\/coauthors?post=21770"}],"curies":[{"name":"wp","href":"https:\/\/api.w.org\/{rel}","templated":true}]}}