{"id":21949,"date":"2021-06-04T10:15:28","date_gmt":"2021-06-04T16:15:28","guid":{"rendered":"https:\/\/www.igssgt.org\/noticias\/?p=21949"},"modified":"2021-06-08T16:47:03","modified_gmt":"2021-06-08T22:47:03","slug":"diario-de-centro-america-toma-posesion-nuevo-presidente-del-igss","status":"publish","type":"post","link":"https:\/\/www.igssgt.org\/noticias\/2021\/06\/04\/diario-de-centro-america-toma-posesion-nuevo-presidente-del-igss\/","title":{"rendered":"Diario de Centro Am\u00e9rica: Toma posesi\u00f3n nuevo presidente del IGSS"},"content":{"rendered":"\n<p><em><strong>Por Yuri L\u00f3pez<\/strong><\/em><\/p>\n\n\n\n<p class=\"has-drop-cap\">Como parte del fortalecimiento institucional y autonom\u00eda del Instituto Guatemalteco de Seguridad Social (IGSS), esta ma\u00f1ana tomaron posesi\u00f3n de la presidencia Jos\u00e9 Adolfo Flamenco Jau y como director suplente, Manuel Vicente Pa\u00edz Luarca, para el per\u00edodo 2021-2027, ambos designados por el Organismo Ejecutivo.<\/p>\n\n\n\n<p>\u201cParte del compromiso es poder ampliar la cobertura, para llegar a m\u00e1s guatemaltecos, no solo del instituto&nbsp; como hospital, sino con los programas que constituyen la seguridad social\u201d, dijo Flamenco.<\/p>\n\n\n\n<p>Agreg\u00f3 que se busca que la gente conozca el ben\u00e9ficio que les trae contribuir al Seguro Social, para tener una vida digna en la tercera edad.<\/p>\n\n\n\n<p>\u201cQueremos mantener una buena relaci\u00f3n con el Ministerio de Salud P\u00fablica, con sus ejes de trabajo principales, especialmente en medio de la pandemia que estamos viviendo\u201d, a\u00f1adi\u00f3 el profesional.<\/p>\n\n\n\n<p class=\"has-medium-font-size\"><strong>Perfil del nuevo presidente<\/strong><\/p>\n\n\n\n<p>El nuevo presidente de la Junta Directiva es abogado y notario, egresado de la Universidad Rafael Land\u00edvar.<\/p>\n\n\n\n<p>Anteriormente fungi\u00f3 como titular del Registro Mercantil y posee 21 a\u00f1os de trayectoria profesional.<\/p>\n\n\n\n<p>Fuente: Diario de Centro Am\u00e9rica<\/p>\n\n\n\n<p>Enlace en internet: <a href=\"https:\/\/dca.gob.gt\/noticias-guatemala-diario-centro-america\/toma-posesion-nuevo-presidente-del-igss\/\" target=\"_blank\" rel=\"noreferrer noopener\">https:\/\/dca.gob.gt\/noticias-guatemala-diario-centro-america\/toma-posesion-nuevo-presidente-del-igss\/<\/a><\/p>\n","protected":false},"excerpt":{"rendered":"<p>Por Yuri L\u00f3pez Como parte del fortalecimiento institucional y autonom\u00eda del Instituto Guatemalteco de Seguridad Social (IGSS), esta ma\u00f1ana tomaron posesi\u00f3n de la presidencia Jos\u00e9 Adolfo Flamenco Jau y como director suplente, Manuel Vicente Pa\u00edz Luarca, para el per\u00edodo 2021-2027, ambos designados por el Organismo Ejecutivo. \u201cParte del compromiso es poder ampliar la cobertura, para [&hellip;]<\/p>\n","protected":false},"author":4,"featured_media":21950,"comment_status":"closed","ping_status":"closed","sticky":false,"template":"","format":"standard","meta":{"footnotes":""},"categories":[3,41,21],"tags":[226,251,1341,1340,719],"coauthors":[881],"class_list":{"0":"post-21949","1":"post","2":"type-post","3":"status-publish","4":"format-standard","5":"has-post-thumbnail","7":"category-actualidad","8":"category-igss-en-los-medios","9":"category-junta-directiva-igss","10":"tag-dca","11":"tag-diario-de-centro-america","12":"tag-dr-manuel-vicente-paiz-luarca","13":"tag-lic-jose-adolfo-flamenco-jau","14":"tag-presidente-del-igss"},"_links":{"self":[{"href":"https:\/\/www.igssgt.org\/noticias\/wp-json\/wp\/v2\/posts\/21949","targetHints":{"allow":["GET"]}}],"collection":[{"href":"https:\/\/www.igssgt.org\/noticias\/wp-json\/wp\/v2\/posts"}],"about":[{"href":"https:\/\/www.igssgt.org\/noticias\/wp-json\/wp\/v2\/types\/post"}],"author":[{"embeddable":true,"href":"https:\/\/www.igssgt.org\/noticias\/wp-json\/wp\/v2\/users\/4"}],"replies":[{"embeddable":true,"href":"https:\/\/www.igssgt.org\/noticias\/wp-json\/wp\/v2\/comments?post=21949"}],"version-history":[{"count":1,"href":"https:\/\/www.igssgt.org\/noticias\/wp-json\/wp\/v2\/posts\/21949\/revisions"}],"predecessor-version":[{"id":21951,"href":"https:\/\/www.igssgt.org\/noticias\/wp-json\/wp\/v2\/posts\/21949\/revisions\/21951"}],"wp:featuredmedia":[{"embeddable":true,"href":"https:\/\/www.igssgt.org\/noticias\/wp-json\/wp\/v2\/media\/21950"}],"wp:attachment":[{"href":"https:\/\/www.igssgt.org\/noticias\/wp-json\/wp\/v2\/media?parent=21949"}],"wp:term":[{"taxonomy":"category","embeddable":true,"href":"https:\/\/www.igssgt.org\/noticias\/wp-json\/wp\/v2\/categories?post=21949"},{"taxonomy":"post_tag","embeddable":true,"href":"https:\/\/www.igssgt.org\/noticias\/wp-json\/wp\/v2\/tags?post=21949"},{"taxonomy":"author","embeddable":true,"href":"https:\/\/www.igssgt.org\/noticias\/wp-json\/wp\/v2\/coauthors?post=21949"}],"curies":[{"name":"wp","href":"https:\/\/api.w.org\/{rel}","templated":true}]}}