{"id":21952,"date":"2021-06-03T16:05:41","date_gmt":"2021-06-03T22:05:41","guid":{"rendered":"https:\/\/www.igssgt.org\/noticias\/?p=21952"},"modified":"2021-06-08T17:14:40","modified_gmt":"2021-06-08T23:14:40","slug":"guatemala-gob-gt-flamenco-jau-tomara-posesion-como-miembro-propietario-de-la-junta-directiva-del-instituto-guatemalteco-de-seguridad-social","status":"publish","type":"post","link":"https:\/\/www.igssgt.org\/noticias\/2021\/06\/03\/guatemala-gob-gt-flamenco-jau-tomara-posesion-como-miembro-propietario-de-la-junta-directiva-del-instituto-guatemalteco-de-seguridad-social\/","title":{"rendered":"Guatemala.gob.gt: Flamenco Jau tomar\u00e1 posesi\u00f3n como miembro propietario de la Junta Directiva del Instituto Guatemalteco de Seguridad Social"},"content":{"rendered":"\n<p class=\"has-drop-cap\">En cumplimiento a lo establecido en la Constituci\u00f3n Pol\u00edtica de la Rep\u00fablica de Guatemala (CPRG) y la Ley Organica del IGSS, el presidente la Rep\u00fablica, Doctor Alejandro Giammattei, por conducto del Ministerio de Trabajo y Previsi\u00f3n Social, design\u00f3 al licenciado Jos\u00e9 Adolfo Flamenco Jau como miembro propietario de la Junta Directiva del Instituto Guatemalteco de Seguridad Social, y al Doctor Manuel Vicente Paiz Luarca como miembro suplente.<\/p>\n\n\n\n<p>Tomar\u00e1n posesi\u00f3n de su puesto ma\u00f1ana 4 de junio de 2021.<\/p>\n\n\n\n<p>Fuente: <strong>Secretaria de Comunicaci\u00f3n Social de la Presidencia<\/strong><\/p>\n\n\n\n<p>Enlace en internet: <a href=\"https:\/\/guatemala.gob.gt\/igss\/\" target=\"_blank\" rel=\"noreferrer noopener\">https:\/\/guatemala.gob.gt\/igss\/<\/a><\/p>\n","protected":false},"excerpt":{"rendered":"<p>En cumplimiento a lo establecido en la Constituci\u00f3n Pol\u00edtica de la Rep\u00fablica de Guatemala (CPRG) y la Ley Organica del IGSS, el presidente la Rep\u00fablica, Doctor Alejandro Giammattei, por conducto del Ministerio de Trabajo y Previsi\u00f3n Social, design\u00f3 al licenciado Jos\u00e9 Adolfo Flamenco Jau como miembro propietario de la Junta Directiva del Instituto Guatemalteco de [&hellip;]<\/p>\n","protected":false},"author":4,"featured_media":21953,"comment_status":"closed","ping_status":"closed","sticky":false,"template":"","format":"standard","meta":{"footnotes":""},"categories":[3,41],"tags":[1341,1342,1340,719],"coauthors":[881],"class_list":{"0":"post-21952","1":"post","2":"type-post","3":"status-publish","4":"format-standard","5":"has-post-thumbnail","7":"category-actualidad","8":"category-igss-en-los-medios","9":"tag-dr-manuel-vicente-paiz-luarca","10":"tag-guatemala-gob-gt","11":"tag-lic-jose-adolfo-flamenco-jau","12":"tag-presidente-del-igss"},"_links":{"self":[{"href":"https:\/\/www.igssgt.org\/noticias\/wp-json\/wp\/v2\/posts\/21952","targetHints":{"allow":["GET"]}}],"collection":[{"href":"https:\/\/www.igssgt.org\/noticias\/wp-json\/wp\/v2\/posts"}],"about":[{"href":"https:\/\/www.igssgt.org\/noticias\/wp-json\/wp\/v2\/types\/post"}],"author":[{"embeddable":true,"href":"https:\/\/www.igssgt.org\/noticias\/wp-json\/wp\/v2\/users\/4"}],"replies":[{"embeddable":true,"href":"https:\/\/www.igssgt.org\/noticias\/wp-json\/wp\/v2\/comments?post=21952"}],"version-history":[{"count":2,"href":"https:\/\/www.igssgt.org\/noticias\/wp-json\/wp\/v2\/posts\/21952\/revisions"}],"predecessor-version":[{"id":21955,"href":"https:\/\/www.igssgt.org\/noticias\/wp-json\/wp\/v2\/posts\/21952\/revisions\/21955"}],"wp:featuredmedia":[{"embeddable":true,"href":"https:\/\/www.igssgt.org\/noticias\/wp-json\/wp\/v2\/media\/21953"}],"wp:attachment":[{"href":"https:\/\/www.igssgt.org\/noticias\/wp-json\/wp\/v2\/media?parent=21952"}],"wp:term":[{"taxonomy":"category","embeddable":true,"href":"https:\/\/www.igssgt.org\/noticias\/wp-json\/wp\/v2\/categories?post=21952"},{"taxonomy":"post_tag","embeddable":true,"href":"https:\/\/www.igssgt.org\/noticias\/wp-json\/wp\/v2\/tags?post=21952"},{"taxonomy":"author","embeddable":true,"href":"https:\/\/www.igssgt.org\/noticias\/wp-json\/wp\/v2\/coauthors?post=21952"}],"curies":[{"name":"wp","href":"https:\/\/api.w.org\/{rel}","templated":true}]}}