{"id":21961,"date":"2021-06-04T11:05:44","date_gmt":"2021-06-04T17:05:44","guid":{"rendered":"https:\/\/www.igssgt.org\/noticias\/?p=21961"},"modified":"2021-06-08T17:56:42","modified_gmt":"2021-06-08T23:56:42","slug":"tgw-107-3-asume-nuevo-presidente-del-igss","status":"publish","type":"post","link":"https:\/\/www.igssgt.org\/noticias\/2021\/06\/04\/tgw-107-3-asume-nuevo-presidente-del-igss\/","title":{"rendered":"TGW 107.3: Asume nuevo presidente del IGSS"},"content":{"rendered":"\n<p><strong><em>Andrea Alvizures &#8211; TGW Digital \u2013 <\/em><\/strong><\/p>\n\n\n\n<p class=\"has-drop-cap\">Jos\u00e9 Adolfo Flamenco Jau asumi\u00f3 este viernes la presidencia del Instituto Guatemalteco de Seguridad Social (IGSS) durante una sesi\u00f3n extraordinaria de la Junta Directiva, mientras que el doctor Manuel Vicente Paiz Luarca tambi\u00e9n prest\u00f3 juramento, como director suplente.<\/p>\n\n\n\n<figure class=\"wp-block-image size-large\"><img loading=\"lazy\" decoding=\"async\" width=\"653\" height=\"1024\" src=\"\/wp-content\/uploads\/sites\/5\/2021\/06\/Comunicado-de-Prensa-asume-nuevo-presidente-del-IGSS-653x1024.jpg\" alt=\"\" class=\"wp-image-21897\" srcset=\"\/wp-content\/uploads\/sites\/5\/2021\/06\/Comunicado-de-Prensa-asume-nuevo-presidente-del-IGSS-653x1024.jpg 653w, \/wp-content\/uploads\/sites\/5\/2021\/06\/Comunicado-de-Prensa-asume-nuevo-presidente-del-IGSS-191x300.jpg 191w, \/wp-content\/uploads\/sites\/5\/2021\/06\/Comunicado-de-Prensa-asume-nuevo-presidente-del-IGSS-768x1205.jpg 768w, \/wp-content\/uploads\/sites\/5\/2021\/06\/Comunicado-de-Prensa-asume-nuevo-presidente-del-IGSS-268x420.jpg 268w, \/wp-content\/uploads\/sites\/5\/2021\/06\/Comunicado-de-Prensa-asume-nuevo-presidente-del-IGSS-696x1092.jpg 696w, \/wp-content\/uploads\/sites\/5\/2021\/06\/Comunicado-de-Prensa-asume-nuevo-presidente-del-IGSS-295x462.jpg 295w, \/wp-content\/uploads\/sites\/5\/2021\/06\/Comunicado-de-Prensa-asume-nuevo-presidente-del-IGSS.jpg 816w\" sizes=\"auto, (max-width: 653px) 100vw, 653px\" \/><\/figure>\n\n\n\n<p>Fuente: <strong>TGW 107.3 FM<\/strong><\/p>\n\n\n\n<p>Enlace: <strong><a href=\"https:\/\/radiotgw.gob.gt\/asume-nuevo-presidente-del-igss\/\" target=\"_blank\" rel=\"noreferrer noopener\">https:\/\/radiotgw.gob.gt\/asume-nuevo-presidente-del-igss\/<\/a><\/strong><\/p>\n","protected":false},"excerpt":{"rendered":"<p>Andrea Alvizures &#8211; TGW Digital \u2013 Jos\u00e9 Adolfo Flamenco Jau asumi\u00f3 este viernes la presidencia del Instituto Guatemalteco de Seguridad Social (IGSS) durante una sesi\u00f3n extraordinaria de la Junta Directiva, mientras que el doctor Manuel Vicente Paiz Luarca tambi\u00e9n prest\u00f3 juramento, como director suplente. Fuente: TGW 107.3 FM Enlace: https:\/\/radiotgw.gob.gt\/asume-nuevo-presidente-del-igss\/<\/p>\n","protected":false},"author":4,"featured_media":21962,"comment_status":"closed","ping_status":"closed","sticky":false,"template":"","format":"standard","meta":{"footnotes":""},"categories":[3,41],"tags":[1340,719,815],"coauthors":[881],"class_list":{"0":"post-21961","1":"post","2":"type-post","3":"status-publish","4":"format-standard","5":"has-post-thumbnail","7":"category-actualidad","8":"category-igss-en-los-medios","9":"tag-lic-jose-adolfo-flamenco-jau","10":"tag-presidente-del-igss","11":"tag-tgw-107-3-fm"},"_links":{"self":[{"href":"https:\/\/www.igssgt.org\/noticias\/wp-json\/wp\/v2\/posts\/21961","targetHints":{"allow":["GET"]}}],"collection":[{"href":"https:\/\/www.igssgt.org\/noticias\/wp-json\/wp\/v2\/posts"}],"about":[{"href":"https:\/\/www.igssgt.org\/noticias\/wp-json\/wp\/v2\/types\/post"}],"author":[{"embeddable":true,"href":"https:\/\/www.igssgt.org\/noticias\/wp-json\/wp\/v2\/users\/4"}],"replies":[{"embeddable":true,"href":"https:\/\/www.igssgt.org\/noticias\/wp-json\/wp\/v2\/comments?post=21961"}],"version-history":[{"count":2,"href":"https:\/\/www.igssgt.org\/noticias\/wp-json\/wp\/v2\/posts\/21961\/revisions"}],"predecessor-version":[{"id":21965,"href":"https:\/\/www.igssgt.org\/noticias\/wp-json\/wp\/v2\/posts\/21961\/revisions\/21965"}],"wp:featuredmedia":[{"embeddable":true,"href":"https:\/\/www.igssgt.org\/noticias\/wp-json\/wp\/v2\/media\/21962"}],"wp:attachment":[{"href":"https:\/\/www.igssgt.org\/noticias\/wp-json\/wp\/v2\/media?parent=21961"}],"wp:term":[{"taxonomy":"category","embeddable":true,"href":"https:\/\/www.igssgt.org\/noticias\/wp-json\/wp\/v2\/categories?post=21961"},{"taxonomy":"post_tag","embeddable":true,"href":"https:\/\/www.igssgt.org\/noticias\/wp-json\/wp\/v2\/tags?post=21961"},{"taxonomy":"author","embeddable":true,"href":"https:\/\/www.igssgt.org\/noticias\/wp-json\/wp\/v2\/coauthors?post=21961"}],"curies":[{"name":"wp","href":"https:\/\/api.w.org\/{rel}","templated":true}]}}