{"id":21966,"date":"2021-06-04T11:30:19","date_gmt":"2021-06-04T17:30:19","guid":{"rendered":"https:\/\/www.igssgt.org\/noticias\/?p=21966"},"modified":"2021-06-08T18:10:31","modified_gmt":"2021-06-09T00:10:31","slug":"emisoras-unidas-jose-flamenco-asume-como-presidente-de-la-junta-directiva-del-igss","status":"publish","type":"post","link":"https:\/\/www.igssgt.org\/noticias\/2021\/06\/04\/emisoras-unidas-jose-flamenco-asume-como-presidente-de-la-junta-directiva-del-igss\/","title":{"rendered":"Emisoras Unidas: Jos\u00e9 Flamenco asume como presidente de la junta directiva del IGSS"},"content":{"rendered":"\n<p><strong><em>Nancy Alvarez<\/em><\/strong><\/p>\n\n\n\n<p class=\"has-drop-cap\"><strong>Jos\u00e9 Adolfo Flamenco Jau<\/strong><a href=\"https:\/\/emisorasunidas.com\/2021\/06\/03\/nuevo-presidente-igss-jose-adolfo-flamenco-jau\/\">&nbsp;<\/a>asumi\u00f3 este viernes como presidente de la<strong>&nbsp;junta directiva<\/strong>&nbsp;del Instituto Guatemalteco de Seguridad Social (<strong>IGSS<\/strong>).<\/p>\n\n\n\n<p>El abogado fue designado ayer por el mandatario Alejandro Giammattei para ocupar el cargo durante seis a\u00f1os.<\/p>\n\n\n\n<p>La Presidencia estaba a cargo de Carlos Contreras, quien concluy\u00f3 su gesti\u00f3n.<\/p>\n\n\n\n<p>La toma de posesi\u00f3n de Flamenco se oficializ\u00f3 durante una sesi\u00f3n extraordinaria de la junta directiva, en la cual fue juramentado.<\/p>\n\n\n\n<p>Asimismo, prest\u00f3 juramento Manuel Vicente Paiz Luarca, el director suplente para el per\u00edodo 2021-2027.<\/p>\n\n\n\n<h2 class=\"wp-block-heading\"><strong>Acerca del nuevo presidente<\/strong><\/h2>\n\n\n\n<p>Seg\u00fan informaci\u00f3n del IGSS, Flamenco es abogado y notario y tiene 21 a\u00f1os de ejercicio profesional.<\/p>\n\n\n\n<p>Se indic\u00f3 que ha laborado en el sector privado como asesor en materia social, jur\u00eddica y fiscal. Tambi\u00e9n en juntas directivas de empresas nacionales e internacionales.<\/p>\n\n\n\n<p>El nuevo presidente del Seguro Social&nbsp;<strong>ocup\u00f3 el cargo de Registrador Mercantil<\/strong>&nbsp;desde el 22 de enero de 2020 hasta el 2 de junio de 2021.<\/p>\n\n\n\n<p>Durante el acto en el que asumi\u00f3 su cargo, Flamenco destac\u00f3 que durante su gesti\u00f3n se priorizar\u00e1n las acciones para fortalecer la institucionalidad y mantener la autonom\u00eda de la instituci\u00f3n.<\/p>\n\n\n\n<blockquote class=\"wp-block-quote is-layout-flow wp-block-quote-is-layout-flow\"><p>\u201cEl IGSS es un compensador social y toda la gente que contribuye al r\u00e9gimen, que aporta a los servicios, que es beneficiaria de los programas, esperan que la institucionalidad se mantenga\u201d, expres\u00f3.<\/p><\/blockquote>\n\n\n\n<p>Asimismo, mencion\u00f3 que gestionar\u00e1 la ampliaci\u00f3n de cobertura y la difusi\u00f3n de los beneficios que otorga la entidad a la poblaci\u00f3n en cuanto a servicios hospitalarios y a programas de seguridad social.<\/p>\n\n\n\n<figure class=\"wp-block-embed-twitter wp-block-embed is-type-rich is-provider-twitter\"><div class=\"wp-block-embed__wrapper\">\n<blockquote class=\"twitter-tweet\" data-width=\"550\" data-dnt=\"true\"><p lang=\"es\" dir=\"ltr\">El mandatario <a href=\"https:\/\/twitter.com\/DrGiammattei?ref_src=twsrc%5Etfw\">@DrGiammattei<\/a> nombra a Jos\u00e9 Adolfo Flamenco Jau como nuevo presidente del <a href=\"https:\/\/twitter.com\/Noticias_IGSS?ref_src=twsrc%5Etfw\">@Noticias_IGSS<\/a>. Asumir\u00e1 el cargo ma\u00f1ana <a href=\"https:\/\/t.co\/CeRUYp2F6p\">pic.twitter.com\/CeRUYp2F6p<\/a><\/p>&mdash; Karla Marroqu\u00edn (@kmarroquin_eu) <a href=\"https:\/\/twitter.com\/kmarroquin_eu\/status\/1400592684583211019?ref_src=twsrc%5Etfw\">June 3, 2021<\/a><\/blockquote><script async src=\"https:\/\/platform.twitter.com\/widgets.js\" charset=\"utf-8\"><\/script>\n<\/div><\/figure>\n\n\n\n<h2 class=\"wp-block-heading\"><strong>Autoridades del IGSS<\/strong><\/h2>\n\n\n\n<p>El IGSS record\u00f3 que el art\u00edculo 3 de la&nbsp;<strong>Ley Org\u00e1nica<\/strong>&nbsp;de la instituci\u00f3n establece que la junta directiva es la autoridad suprema del seguro social.<\/p>\n\n\n\n<p>A esta instancia le corresponde la direcci\u00f3n general de las actividades de la instituci\u00f3n.<\/p>\n\n\n\n<p>La misma se integra por seis miembros propietarios y seis suplentes.<\/p>\n\n\n\n<p>De igual forma, se cuenta con un modelo administrativo gerencial y un&nbsp;<strong>Consejo T\u00e9cnico<\/strong>&nbsp;que jer\u00e1rquicamente le sucede a la junta directiva.<\/p>\n\n\n\n<p><em>* Con informaci\u00f3n del IGSS.<\/em><\/p>\n\n\n\n<p>Fuente: <strong>Emisoras Unidas<\/strong><\/p>\n\n\n\n<p>Enlace en internet: <strong><a href=\"https:\/\/emisorasunidas.com\/2021\/06\/04\/jose-flamenco-presidente-igss\/\" target=\"_blank\" rel=\"noreferrer noopener\">https:\/\/emisorasunidas.com\/2021\/06\/04\/jose-flamenco-presidente-igss\/<\/a><\/strong><\/p>\n","protected":false},"excerpt":{"rendered":"<p>Nancy Alvarez Jos\u00e9 Adolfo Flamenco Jau&nbsp;asumi\u00f3 este viernes como presidente de la&nbsp;junta directiva&nbsp;del Instituto Guatemalteco de Seguridad Social (IGSS). El abogado fue designado ayer por el mandatario Alejandro Giammattei para ocupar el cargo durante seis a\u00f1os. La Presidencia estaba a cargo de Carlos Contreras, quien concluy\u00f3 su gesti\u00f3n. La toma de posesi\u00f3n de Flamenco se [&hellip;]<\/p>\n","protected":false},"author":4,"featured_media":21967,"comment_status":"closed","ping_status":"closed","sticky":false,"template":"","format":"standard","meta":{"footnotes":""},"categories":[3,41],"tags":[403,1340,719],"coauthors":[881],"class_list":{"0":"post-21966","1":"post","2":"type-post","3":"status-publish","4":"format-standard","5":"has-post-thumbnail","7":"category-actualidad","8":"category-igss-en-los-medios","9":"tag-emisoras-unidas","10":"tag-lic-jose-adolfo-flamenco-jau","11":"tag-presidente-del-igss"},"_links":{"self":[{"href":"https:\/\/www.igssgt.org\/noticias\/wp-json\/wp\/v2\/posts\/21966","targetHints":{"allow":["GET"]}}],"collection":[{"href":"https:\/\/www.igssgt.org\/noticias\/wp-json\/wp\/v2\/posts"}],"about":[{"href":"https:\/\/www.igssgt.org\/noticias\/wp-json\/wp\/v2\/types\/post"}],"author":[{"embeddable":true,"href":"https:\/\/www.igssgt.org\/noticias\/wp-json\/wp\/v2\/users\/4"}],"replies":[{"embeddable":true,"href":"https:\/\/www.igssgt.org\/noticias\/wp-json\/wp\/v2\/comments?post=21966"}],"version-history":[{"count":3,"href":"https:\/\/www.igssgt.org\/noticias\/wp-json\/wp\/v2\/posts\/21966\/revisions"}],"predecessor-version":[{"id":21970,"href":"https:\/\/www.igssgt.org\/noticias\/wp-json\/wp\/v2\/posts\/21966\/revisions\/21970"}],"wp:featuredmedia":[{"embeddable":true,"href":"https:\/\/www.igssgt.org\/noticias\/wp-json\/wp\/v2\/media\/21967"}],"wp:attachment":[{"href":"https:\/\/www.igssgt.org\/noticias\/wp-json\/wp\/v2\/media?parent=21966"}],"wp:term":[{"taxonomy":"category","embeddable":true,"href":"https:\/\/www.igssgt.org\/noticias\/wp-json\/wp\/v2\/categories?post=21966"},{"taxonomy":"post_tag","embeddable":true,"href":"https:\/\/www.igssgt.org\/noticias\/wp-json\/wp\/v2\/tags?post=21966"},{"taxonomy":"author","embeddable":true,"href":"https:\/\/www.igssgt.org\/noticias\/wp-json\/wp\/v2\/coauthors?post=21966"}],"curies":[{"name":"wp","href":"https:\/\/api.w.org\/{rel}","templated":true}]}}