{"id":22351,"date":"2021-07-05T18:01:54","date_gmt":"2021-07-06T00:01:54","guid":{"rendered":"https:\/\/www.igssgt.org\/noticias\/?p=22351"},"modified":"2021-08-13T15:31:29","modified_gmt":"2021-08-13T21:31:29","slug":"el-seguro-social-continua-la-vacunacion-contral-el-covid-19","status":"publish","type":"post","link":"https:\/\/www.igssgt.org\/noticias\/2021\/07\/05\/el-seguro-social-continua-la-vacunacion-contral-el-covid-19\/","title":{"rendered":"El Seguro Social continua la vacunaci\u00f3n contral el Covid-19"},"content":{"rendered":"\n<p class=\"has-drop-cap\">El Instituto Guatemalteco de Seguridad Social continu\u00f3 este lunes con el proceso de vacunaci\u00f3n contra el COVID-19, para las fases habilitadas hasta el momento a nivel nacional, esto en los Centros de Vacunaci\u00f3n ubicados en las diferentes Unidades del Seguro Social, mismas que est\u00e1n en coordinaci\u00f3n con el Ministerio de Salud P\u00fablica y Asistencia Social (MSPAS).<\/p>\n\n\n\n<p>Con el fin de evitar aglomeraciones, el proceso se desarrolla de forma gradual y ordenada a trav\u00e9s de citas programadas, como medida de contenci\u00f3n del COVID-19.<\/p>\n<p><img loading=\"lazy\" decoding=\"async\" class=\"aligncenter size-full wp-image-22361\" src=\"\/wp-content\/uploads\/sites\/5\/2021\/07\/Vacunacion-fase-2-igss-adulto-mayor-y-maestros-2021-14.jpg\" alt=\"\" width=\"1280\" height=\"960\" srcset=\"\/wp-content\/uploads\/sites\/5\/2021\/07\/Vacunacion-fase-2-igss-adulto-mayor-y-maestros-2021-14.jpg 1280w, \/wp-content\/uploads\/sites\/5\/2021\/07\/Vacunacion-fase-2-igss-adulto-mayor-y-maestros-2021-14-300x225.jpg 300w, \/wp-content\/uploads\/sites\/5\/2021\/07\/Vacunacion-fase-2-igss-adulto-mayor-y-maestros-2021-14-768x576.jpg 768w, \/wp-content\/uploads\/sites\/5\/2021\/07\/Vacunacion-fase-2-igss-adulto-mayor-y-maestros-2021-14-1024x768.jpg 1024w, \/wp-content\/uploads\/sites\/5\/2021\/07\/Vacunacion-fase-2-igss-adulto-mayor-y-maestros-2021-14-560x420.jpg 560w, \/wp-content\/uploads\/sites\/5\/2021\/07\/Vacunacion-fase-2-igss-adulto-mayor-y-maestros-2021-14-80x60.jpg 80w, \/wp-content\/uploads\/sites\/5\/2021\/07\/Vacunacion-fase-2-igss-adulto-mayor-y-maestros-2021-14-696x522.jpg 696w, \/wp-content\/uploads\/sites\/5\/2021\/07\/Vacunacion-fase-2-igss-adulto-mayor-y-maestros-2021-14-1068x801.jpg 1068w, \/wp-content\/uploads\/sites\/5\/2021\/07\/Vacunacion-fase-2-igss-adulto-mayor-y-maestros-2021-14-265x198.jpg 265w, \/wp-content\/uploads\/sites\/5\/2021\/07\/Vacunacion-fase-2-igss-adulto-mayor-y-maestros-2021-14-534x401.jpg 534w\" sizes=\"auto, (max-width: 1280px) 100vw, 1280px\" \/><\/p>\n<p>\u201cEn este centro de vacunaci\u00f3n se lleva a cabo la inmunizaci\u00f3n de dos grupos. El primero para recibir la primera dosis, mientras a otros afiliados se les administra la segunda dosis seg\u00fan su calendarizaci\u00f3n. En total se tiene previsto atender un aproximado de mil personas por d\u00eda\u201d, dijo el Dr. Otto Miranda, epidemi\u00f3logo del IGSS.<\/p>\n<p>Los afiliados que asistieron al Centro de Vacunaci\u00f3n del Seguro Social se mostraron complacidos por el orden, las medidas de bioseguridad y la vacuna que les fue administrada.<\/p>\n<p><img loading=\"lazy\" decoding=\"async\" class=\"aligncenter size-full wp-image-22362\" src=\"\/wp-content\/uploads\/sites\/5\/2021\/07\/Vacunacion-fase-2-igss-adulto-mayor-y-maestros-2021-10.jpg\" alt=\"\" width=\"1280\" height=\"960\" srcset=\"\/wp-content\/uploads\/sites\/5\/2021\/07\/Vacunacion-fase-2-igss-adulto-mayor-y-maestros-2021-10.jpg 1280w, \/wp-content\/uploads\/sites\/5\/2021\/07\/Vacunacion-fase-2-igss-adulto-mayor-y-maestros-2021-10-300x225.jpg 300w, \/wp-content\/uploads\/sites\/5\/2021\/07\/Vacunacion-fase-2-igss-adulto-mayor-y-maestros-2021-10-768x576.jpg 768w, \/wp-content\/uploads\/sites\/5\/2021\/07\/Vacunacion-fase-2-igss-adulto-mayor-y-maestros-2021-10-1024x768.jpg 1024w, \/wp-content\/uploads\/sites\/5\/2021\/07\/Vacunacion-fase-2-igss-adulto-mayor-y-maestros-2021-10-560x420.jpg 560w, \/wp-content\/uploads\/sites\/5\/2021\/07\/Vacunacion-fase-2-igss-adulto-mayor-y-maestros-2021-10-80x60.jpg 80w, \/wp-content\/uploads\/sites\/5\/2021\/07\/Vacunacion-fase-2-igss-adulto-mayor-y-maestros-2021-10-696x522.jpg 696w, \/wp-content\/uploads\/sites\/5\/2021\/07\/Vacunacion-fase-2-igss-adulto-mayor-y-maestros-2021-10-1068x801.jpg 1068w, \/wp-content\/uploads\/sites\/5\/2021\/07\/Vacunacion-fase-2-igss-adulto-mayor-y-maestros-2021-10-265x198.jpg 265w, \/wp-content\/uploads\/sites\/5\/2021\/07\/Vacunacion-fase-2-igss-adulto-mayor-y-maestros-2021-10-534x401.jpg 534w\" sizes=\"auto, (max-width: 1280px) 100vw, 1280px\" \/><\/p>\n<p>Es de suma importancia que la poblaci\u00f3n que abarca la fase actual se registre, ingresando sus datos en el sitio web www.vacuna.gob.gt. Se desplegar\u00e1n las opciones para completar el proceso de registro, posteriormente el personal del Call Center del Seguro Social les contactar\u00e1 para informarle sobre el lugar, d\u00eda y hora de vacunaci\u00f3n. Por lo que se recomienda a la poblaci\u00f3n estar atentos a la llamada telef\u00f3nica o mensaje del Instituto y tomar en cuenta las publicaciones oficiales para estar informados.<\/p>\n\r\n                <style type=\"text\/css\">\r\n                    \r\n                    #tdi_1  .td-doubleSlider-2 .td-item1 {\r\n                        background: url(\/wp-content\/uploads\/sites\/5\/2021\/07\/Vacunacion-fase-2-igss-adulto-mayor-y-maestros-2021-12-80x60.jpg) 0 0 no-repeat;\r\n                    }\r\n                    #tdi_1  .td-doubleSlider-2 .td-item2 {\r\n                        background: url(\/wp-content\/uploads\/sites\/5\/2021\/07\/Vacunacion-fase-2-igss-adulto-mayor-y-maestros-2021-5-80x60.jpg) 0 0 no-repeat;\r\n                    }\r\n                    #tdi_1  .td-doubleSlider-2 .td-item3 {\r\n                        background: url(\/wp-content\/uploads\/sites\/5\/2021\/07\/Vacunacion-fase-2-igss-adulto-mayor-y-maestros-2021-10-80x60.jpg) 0 0 no-repeat;\r\n                    }\r\n                    #tdi_1  .td-doubleSlider-2 .td-item4 {\r\n                        background: url(\/wp-content\/uploads\/sites\/5\/2021\/07\/Vacunacion-fase-2-igss-adulto-mayor-y-maestros-2021-2-80x60.jpg) 0 0 no-repeat;\r\n                    }\r\n                    #tdi_1  .td-doubleSlider-2 .td-item5 {\r\n                        background: url(\/wp-content\/uploads\/sites\/5\/2021\/07\/Vacunacion-fase-2-igss-adulto-mayor-y-maestros-2021-14-80x60.jpg) 0 0 no-repeat;\r\n                    }\r\n                    #tdi_1  .td-doubleSlider-2 .td-item6 {\r\n                        background: url(\/wp-content\/uploads\/sites\/5\/2021\/07\/Vacunacion-fase-2-igss-adulto-mayor-y-maestros-2021-13-80x60.jpg) 0 0 no-repeat;\r\n                    }\r\n                    #tdi_1  .td-doubleSlider-2 .td-item7 {\r\n                        background: url(\/wp-content\/uploads\/sites\/5\/2021\/07\/Vacunacion-fase-2-igss-adulto-mayor-y-maestros-2021-7-80x60.jpg) 0 0 no-repeat;\r\n                    }\r\n                    #tdi_1  .td-doubleSlider-2 .td-item8 {\r\n                        background: url(\/wp-content\/uploads\/sites\/5\/2021\/07\/Vacunacion-fase-2-igss-adulto-mayor-y-maestros-2021-11-80x60.jpg) 0 0 no-repeat;\r\n                    }\r\n                    #tdi_1  .td-doubleSlider-2 .td-item9 {\r\n                        background: url(\/wp-content\/uploads\/sites\/5\/2021\/07\/Vacunacion-fase-2-igss-adulto-mayor-y-maestros-2021-6-80x60.jpg) 0 0 no-repeat;\r\n                    }\r\n                    #tdi_1  .td-doubleSlider-2 .td-item10 {\r\n                        background: url(\/wp-content\/uploads\/sites\/5\/2021\/07\/Vacunacion-fase-2-igss-adulto-mayor-y-maestros-2021-4-80x60.jpg) 0 0 no-repeat;\r\n                    }\r\n                    #tdi_1  .td-doubleSlider-2 .td-item11 {\r\n                        background: url(\/wp-content\/uploads\/sites\/5\/2021\/07\/Vacunacion-fase-2-igss-adulto-mayor-y-maestros-2021-3-80x60.jpg) 0 0 no-repeat;\r\n                    }\r\n                    #tdi_1  .td-doubleSlider-2 .td-item12 {\r\n                        background: url(\/wp-content\/uploads\/sites\/5\/2021\/07\/Vacunacion-fase-2-igss-adulto-mayor-y-maestros-2021-1-80x60.jpg) 0 0 no-repeat;\r\n                    }\r\n                    #tdi_1  .td-doubleSlider-2 .td-item13 {\r\n                        background: url(\/wp-content\/uploads\/sites\/5\/2021\/07\/Vacunacion-fase-2-igss-adulto-mayor-y-maestros-2021-8-80x60.jpg) 0 0 no-repeat;\r\n                    }\r\n                <\/style>\r\n\r\n                <div id=\"tdi_1\" class=\"td-gallery td-slide-on-2-columns\">\r\n                    <div class=\"post_td_gallery\">\r\n                        <div class=\"td-gallery-slide-top\">\r\n                           <div class=\"td-gallery-title\"><\/div>\r\n\r\n                            <div class=\"td-gallery-controls-wrapper\">\r\n                                <div class=\"td-gallery-slide-count\"><span class=\"td-gallery-slide-item-focus\">1<\/span> de 13<\/div>\r\n                                <div class=\"td-gallery-slide-prev-next-but\">\r\n                                    <i class = \"td-icon-left doubleSliderPrevButton\"><\/i>\r\n                                    <i class = \"td-icon-right doubleSliderNextButton\"><\/i>\r\n                                <\/div>\r\n                            <\/div>\r\n                        <\/div>\r\n\r\n                        <div class = \"td-doubleSlider-1 \">\r\n                            <div class = \"td-slider\">\r\n                                \r\n                    <div class = \"td-slide-item td-item1\">\r\n                        <figure class=\"td-slide-galery-figure td-slide-popup-gallery\">\r\n                            <a class=\"slide-gallery-image-link\" href=\"\/wp-content\/uploads\/sites\/5\/2021\/07\/Vacunacion-fase-2-igss-adulto-mayor-y-maestros-2021-12.jpg\" title=\"Vacunacion fase 2 igss adulto mayor y maestros 2021-12\"  data-caption=\"\"  data-description=\"\">\r\n                                <img decoding=\"async\" src=\"\/wp-content\/uploads\/sites\/5\/2021\/07\/Vacunacion-fase-2-igss-adulto-mayor-y-maestros-2021-12-560x420.jpg\" srcset=\"\/wp-content\/uploads\/sites\/5\/2021\/07\/Vacunacion-fase-2-igss-adulto-mayor-y-maestros-2021-12-560x420.jpg 560w, \/wp-content\/uploads\/sites\/5\/2021\/07\/Vacunacion-fase-2-igss-adulto-mayor-y-maestros-2021-12-300x225.jpg 300w, \/wp-content\/uploads\/sites\/5\/2021\/07\/Vacunacion-fase-2-igss-adulto-mayor-y-maestros-2021-12-768x576.jpg 768w, \/wp-content\/uploads\/sites\/5\/2021\/07\/Vacunacion-fase-2-igss-adulto-mayor-y-maestros-2021-12-1024x768.jpg 1024w, \/wp-content\/uploads\/sites\/5\/2021\/07\/Vacunacion-fase-2-igss-adulto-mayor-y-maestros-2021-12-80x60.jpg 80w, \/wp-content\/uploads\/sites\/5\/2021\/07\/Vacunacion-fase-2-igss-adulto-mayor-y-maestros-2021-12-696x522.jpg 696w, \/wp-content\/uploads\/sites\/5\/2021\/07\/Vacunacion-fase-2-igss-adulto-mayor-y-maestros-2021-12-1068x801.jpg 1068w, \/wp-content\/uploads\/sites\/5\/2021\/07\/Vacunacion-fase-2-igss-adulto-mayor-y-maestros-2021-12-265x198.jpg 265w, \/wp-content\/uploads\/sites\/5\/2021\/07\/Vacunacion-fase-2-igss-adulto-mayor-y-maestros-2021-12-534x401.jpg 534w, \/wp-content\/uploads\/sites\/5\/2021\/07\/Vacunacion-fase-2-igss-adulto-mayor-y-maestros-2021-12.jpg 1280w\" sizes=\"(max-width: 560px) 100vw, 560px\" alt=\"\">\r\n                            <\/a>\r\n                            \r\n                        <\/figure>\r\n                    <\/div>\r\n                    <div class = \"td-slide-item td-item2\">\r\n                        <figure class=\"td-slide-galery-figure td-slide-popup-gallery\">\r\n                            <a class=\"slide-gallery-image-link\" href=\"\/wp-content\/uploads\/sites\/5\/2021\/07\/Vacunacion-fase-2-igss-adulto-mayor-y-maestros-2021-5.jpg\" title=\"Vacunacion fase 2 igss adulto mayor y maestros 2021-5\"  data-caption=\"\"  data-description=\"\">\r\n                                <img decoding=\"async\" src=\"\/wp-content\/uploads\/sites\/5\/2021\/07\/Vacunacion-fase-2-igss-adulto-mayor-y-maestros-2021-5-631x420.jpg\" srcset=\"\/wp-content\/uploads\/sites\/5\/2021\/07\/Vacunacion-fase-2-igss-adulto-mayor-y-maestros-2021-5-631x420.jpg 631w, \/wp-content\/uploads\/sites\/5\/2021\/07\/Vacunacion-fase-2-igss-adulto-mayor-y-maestros-2021-5-300x200.jpg 300w, \/wp-content\/uploads\/sites\/5\/2021\/07\/Vacunacion-fase-2-igss-adulto-mayor-y-maestros-2021-5-768x511.jpg 768w, \/wp-content\/uploads\/sites\/5\/2021\/07\/Vacunacion-fase-2-igss-adulto-mayor-y-maestros-2021-5-1024x682.jpg 1024w, \/wp-content\/uploads\/sites\/5\/2021\/07\/Vacunacion-fase-2-igss-adulto-mayor-y-maestros-2021-5-696x463.jpg 696w, \/wp-content\/uploads\/sites\/5\/2021\/07\/Vacunacion-fase-2-igss-adulto-mayor-y-maestros-2021-5-1068x711.jpg 1068w, \/wp-content\/uploads\/sites\/5\/2021\/07\/Vacunacion-fase-2-igss-adulto-mayor-y-maestros-2021-5-534x355.jpg 534w, \/wp-content\/uploads\/sites\/5\/2021\/07\/Vacunacion-fase-2-igss-adulto-mayor-y-maestros-2021-5.jpg 1280w\" sizes=\"(max-width: 631px) 100vw, 631px\" alt=\"\">\r\n                            <\/a>\r\n                            \r\n                        <\/figure>\r\n                    <\/div>\r\n                    <div class = \"td-slide-item td-item3\">\r\n                        <figure class=\"td-slide-galery-figure td-slide-popup-gallery\">\r\n                            <a class=\"slide-gallery-image-link\" href=\"\/wp-content\/uploads\/sites\/5\/2021\/07\/Vacunacion-fase-2-igss-adulto-mayor-y-maestros-2021-10.jpg\" title=\"Vacunacion fase 2 igss adulto mayor y maestros 2021-10\"  data-caption=\"\"  data-description=\"\">\r\n                                <img decoding=\"async\" src=\"\/wp-content\/uploads\/sites\/5\/2021\/07\/Vacunacion-fase-2-igss-adulto-mayor-y-maestros-2021-10-560x420.jpg\" srcset=\"\/wp-content\/uploads\/sites\/5\/2021\/07\/Vacunacion-fase-2-igss-adulto-mayor-y-maestros-2021-10-560x420.jpg 560w, \/wp-content\/uploads\/sites\/5\/2021\/07\/Vacunacion-fase-2-igss-adulto-mayor-y-maestros-2021-10-300x225.jpg 300w, \/wp-content\/uploads\/sites\/5\/2021\/07\/Vacunacion-fase-2-igss-adulto-mayor-y-maestros-2021-10-768x576.jpg 768w, \/wp-content\/uploads\/sites\/5\/2021\/07\/Vacunacion-fase-2-igss-adulto-mayor-y-maestros-2021-10-1024x768.jpg 1024w, \/wp-content\/uploads\/sites\/5\/2021\/07\/Vacunacion-fase-2-igss-adulto-mayor-y-maestros-2021-10-80x60.jpg 80w, \/wp-content\/uploads\/sites\/5\/2021\/07\/Vacunacion-fase-2-igss-adulto-mayor-y-maestros-2021-10-696x522.jpg 696w, \/wp-content\/uploads\/sites\/5\/2021\/07\/Vacunacion-fase-2-igss-adulto-mayor-y-maestros-2021-10-1068x801.jpg 1068w, \/wp-content\/uploads\/sites\/5\/2021\/07\/Vacunacion-fase-2-igss-adulto-mayor-y-maestros-2021-10-265x198.jpg 265w, \/wp-content\/uploads\/sites\/5\/2021\/07\/Vacunacion-fase-2-igss-adulto-mayor-y-maestros-2021-10-534x401.jpg 534w, \/wp-content\/uploads\/sites\/5\/2021\/07\/Vacunacion-fase-2-igss-adulto-mayor-y-maestros-2021-10.jpg 1280w\" sizes=\"(max-width: 560px) 100vw, 560px\" alt=\"\">\r\n                            <\/a>\r\n                            \r\n                        <\/figure>\r\n                    <\/div>\r\n                    <div class = \"td-slide-item td-item4\">\r\n                        <figure class=\"td-slide-galery-figure td-slide-popup-gallery\">\r\n                            <a class=\"slide-gallery-image-link\" href=\"\/wp-content\/uploads\/sites\/5\/2021\/07\/Vacunacion-fase-2-igss-adulto-mayor-y-maestros-2021-2.jpg\" title=\"Vacunacion fase 2 igss adulto mayor y maestros 2021-2\"  data-caption=\"\"  data-description=\"\">\r\n                                <img decoding=\"async\" src=\"\/wp-content\/uploads\/sites\/5\/2021\/07\/Vacunacion-fase-2-igss-adulto-mayor-y-maestros-2021-2-631x420.jpg\" srcset=\"\/wp-content\/uploads\/sites\/5\/2021\/07\/Vacunacion-fase-2-igss-adulto-mayor-y-maestros-2021-2-631x420.jpg 631w, \/wp-content\/uploads\/sites\/5\/2021\/07\/Vacunacion-fase-2-igss-adulto-mayor-y-maestros-2021-2-300x200.jpg 300w, \/wp-content\/uploads\/sites\/5\/2021\/07\/Vacunacion-fase-2-igss-adulto-mayor-y-maestros-2021-2-768x511.jpg 768w, \/wp-content\/uploads\/sites\/5\/2021\/07\/Vacunacion-fase-2-igss-adulto-mayor-y-maestros-2021-2-1024x682.jpg 1024w, \/wp-content\/uploads\/sites\/5\/2021\/07\/Vacunacion-fase-2-igss-adulto-mayor-y-maestros-2021-2-696x463.jpg 696w, \/wp-content\/uploads\/sites\/5\/2021\/07\/Vacunacion-fase-2-igss-adulto-mayor-y-maestros-2021-2-1068x711.jpg 1068w, \/wp-content\/uploads\/sites\/5\/2021\/07\/Vacunacion-fase-2-igss-adulto-mayor-y-maestros-2021-2-534x355.jpg 534w, \/wp-content\/uploads\/sites\/5\/2021\/07\/Vacunacion-fase-2-igss-adulto-mayor-y-maestros-2021-2.jpg 1280w\" sizes=\"(max-width: 631px) 100vw, 631px\" alt=\"\">\r\n                            <\/a>\r\n                            \r\n                        <\/figure>\r\n                    <\/div>\r\n                    <div class = \"td-slide-item td-item5\">\r\n                        <figure class=\"td-slide-galery-figure td-slide-popup-gallery\">\r\n                            <a class=\"slide-gallery-image-link\" href=\"\/wp-content\/uploads\/sites\/5\/2021\/07\/Vacunacion-fase-2-igss-adulto-mayor-y-maestros-2021-14.jpg\" title=\"Vacunacion fase 2 igss adulto mayor y maestros 2021-14\"  data-caption=\"\"  data-description=\"\">\r\n                                <img decoding=\"async\" src=\"\/wp-content\/uploads\/sites\/5\/2021\/07\/Vacunacion-fase-2-igss-adulto-mayor-y-maestros-2021-14-560x420.jpg\" srcset=\"\/wp-content\/uploads\/sites\/5\/2021\/07\/Vacunacion-fase-2-igss-adulto-mayor-y-maestros-2021-14-560x420.jpg 560w, \/wp-content\/uploads\/sites\/5\/2021\/07\/Vacunacion-fase-2-igss-adulto-mayor-y-maestros-2021-14-300x225.jpg 300w, \/wp-content\/uploads\/sites\/5\/2021\/07\/Vacunacion-fase-2-igss-adulto-mayor-y-maestros-2021-14-768x576.jpg 768w, \/wp-content\/uploads\/sites\/5\/2021\/07\/Vacunacion-fase-2-igss-adulto-mayor-y-maestros-2021-14-1024x768.jpg 1024w, \/wp-content\/uploads\/sites\/5\/2021\/07\/Vacunacion-fase-2-igss-adulto-mayor-y-maestros-2021-14-80x60.jpg 80w, \/wp-content\/uploads\/sites\/5\/2021\/07\/Vacunacion-fase-2-igss-adulto-mayor-y-maestros-2021-14-696x522.jpg 696w, \/wp-content\/uploads\/sites\/5\/2021\/07\/Vacunacion-fase-2-igss-adulto-mayor-y-maestros-2021-14-1068x801.jpg 1068w, \/wp-content\/uploads\/sites\/5\/2021\/07\/Vacunacion-fase-2-igss-adulto-mayor-y-maestros-2021-14-265x198.jpg 265w, \/wp-content\/uploads\/sites\/5\/2021\/07\/Vacunacion-fase-2-igss-adulto-mayor-y-maestros-2021-14-534x401.jpg 534w, \/wp-content\/uploads\/sites\/5\/2021\/07\/Vacunacion-fase-2-igss-adulto-mayor-y-maestros-2021-14.jpg 1280w\" sizes=\"(max-width: 560px) 100vw, 560px\" alt=\"\">\r\n                            <\/a>\r\n                            \r\n                        <\/figure>\r\n                    <\/div>\r\n                    <div class = \"td-slide-item td-item6\">\r\n                        <figure class=\"td-slide-galery-figure td-slide-popup-gallery\">\r\n                            <a class=\"slide-gallery-image-link\" href=\"\/wp-content\/uploads\/sites\/5\/2021\/07\/Vacunacion-fase-2-igss-adulto-mayor-y-maestros-2021-13.jpg\" title=\"Vacunacion fase 2 igss adulto mayor y maestros 2021-13\"  data-caption=\"\"  data-description=\"\">\r\n                                <img decoding=\"async\" src=\"\/wp-content\/uploads\/sites\/5\/2021\/07\/Vacunacion-fase-2-igss-adulto-mayor-y-maestros-2021-13-560x420.jpg\" srcset=\"\/wp-content\/uploads\/sites\/5\/2021\/07\/Vacunacion-fase-2-igss-adulto-mayor-y-maestros-2021-13-560x420.jpg 560w, \/wp-content\/uploads\/sites\/5\/2021\/07\/Vacunacion-fase-2-igss-adulto-mayor-y-maestros-2021-13-300x225.jpg 300w, \/wp-content\/uploads\/sites\/5\/2021\/07\/Vacunacion-fase-2-igss-adulto-mayor-y-maestros-2021-13-768x576.jpg 768w, \/wp-content\/uploads\/sites\/5\/2021\/07\/Vacunacion-fase-2-igss-adulto-mayor-y-maestros-2021-13-1024x768.jpg 1024w, \/wp-content\/uploads\/sites\/5\/2021\/07\/Vacunacion-fase-2-igss-adulto-mayor-y-maestros-2021-13-80x60.jpg 80w, \/wp-content\/uploads\/sites\/5\/2021\/07\/Vacunacion-fase-2-igss-adulto-mayor-y-maestros-2021-13-696x522.jpg 696w, \/wp-content\/uploads\/sites\/5\/2021\/07\/Vacunacion-fase-2-igss-adulto-mayor-y-maestros-2021-13-1068x801.jpg 1068w, \/wp-content\/uploads\/sites\/5\/2021\/07\/Vacunacion-fase-2-igss-adulto-mayor-y-maestros-2021-13-265x198.jpg 265w, \/wp-content\/uploads\/sites\/5\/2021\/07\/Vacunacion-fase-2-igss-adulto-mayor-y-maestros-2021-13-534x401.jpg 534w, \/wp-content\/uploads\/sites\/5\/2021\/07\/Vacunacion-fase-2-igss-adulto-mayor-y-maestros-2021-13.jpg 1280w\" sizes=\"(max-width: 560px) 100vw, 560px\" alt=\"\">\r\n                            <\/a>\r\n                            \r\n                        <\/figure>\r\n                    <\/div>\r\n                    <div class = \"td-slide-item td-item7\">\r\n                        <figure class=\"td-slide-galery-figure td-slide-popup-gallery\">\r\n                            <a class=\"slide-gallery-image-link\" href=\"\/wp-content\/uploads\/sites\/5\/2021\/07\/Vacunacion-fase-2-igss-adulto-mayor-y-maestros-2021-7.jpg\" title=\"Vacunacion fase 2 igss adulto mayor y maestros 2021-7\"  data-caption=\"\"  data-description=\"\">\r\n                                <img decoding=\"async\" src=\"\/wp-content\/uploads\/sites\/5\/2021\/07\/Vacunacion-fase-2-igss-adulto-mayor-y-maestros-2021-7-631x420.jpg\" srcset=\"\/wp-content\/uploads\/sites\/5\/2021\/07\/Vacunacion-fase-2-igss-adulto-mayor-y-maestros-2021-7-631x420.jpg 631w, \/wp-content\/uploads\/sites\/5\/2021\/07\/Vacunacion-fase-2-igss-adulto-mayor-y-maestros-2021-7-300x200.jpg 300w, \/wp-content\/uploads\/sites\/5\/2021\/07\/Vacunacion-fase-2-igss-adulto-mayor-y-maestros-2021-7-768x511.jpg 768w, \/wp-content\/uploads\/sites\/5\/2021\/07\/Vacunacion-fase-2-igss-adulto-mayor-y-maestros-2021-7-1024x682.jpg 1024w, \/wp-content\/uploads\/sites\/5\/2021\/07\/Vacunacion-fase-2-igss-adulto-mayor-y-maestros-2021-7-696x463.jpg 696w, \/wp-content\/uploads\/sites\/5\/2021\/07\/Vacunacion-fase-2-igss-adulto-mayor-y-maestros-2021-7-1068x711.jpg 1068w, \/wp-content\/uploads\/sites\/5\/2021\/07\/Vacunacion-fase-2-igss-adulto-mayor-y-maestros-2021-7-534x355.jpg 534w, \/wp-content\/uploads\/sites\/5\/2021\/07\/Vacunacion-fase-2-igss-adulto-mayor-y-maestros-2021-7.jpg 1280w\" sizes=\"(max-width: 631px) 100vw, 631px\" alt=\"\">\r\n                            <\/a>\r\n                            \r\n                        <\/figure>\r\n                    <\/div>\r\n                    <div class = \"td-slide-item td-item8\">\r\n                        <figure class=\"td-slide-galery-figure td-slide-popup-gallery\">\r\n                            <a class=\"slide-gallery-image-link\" href=\"\/wp-content\/uploads\/sites\/5\/2021\/07\/Vacunacion-fase-2-igss-adulto-mayor-y-maestros-2021-11.jpg\" title=\"Vacunacion fase 2 igss adulto mayor y maestros 2021-11\"  data-caption=\"\"  data-description=\"\">\r\n                                <img decoding=\"async\" src=\"\/wp-content\/uploads\/sites\/5\/2021\/07\/Vacunacion-fase-2-igss-adulto-mayor-y-maestros-2021-11-560x420.jpg\" srcset=\"\/wp-content\/uploads\/sites\/5\/2021\/07\/Vacunacion-fase-2-igss-adulto-mayor-y-maestros-2021-11-560x420.jpg 560w, \/wp-content\/uploads\/sites\/5\/2021\/07\/Vacunacion-fase-2-igss-adulto-mayor-y-maestros-2021-11-300x225.jpg 300w, \/wp-content\/uploads\/sites\/5\/2021\/07\/Vacunacion-fase-2-igss-adulto-mayor-y-maestros-2021-11-768x576.jpg 768w, \/wp-content\/uploads\/sites\/5\/2021\/07\/Vacunacion-fase-2-igss-adulto-mayor-y-maestros-2021-11-1024x768.jpg 1024w, \/wp-content\/uploads\/sites\/5\/2021\/07\/Vacunacion-fase-2-igss-adulto-mayor-y-maestros-2021-11-80x60.jpg 80w, \/wp-content\/uploads\/sites\/5\/2021\/07\/Vacunacion-fase-2-igss-adulto-mayor-y-maestros-2021-11-696x522.jpg 696w, \/wp-content\/uploads\/sites\/5\/2021\/07\/Vacunacion-fase-2-igss-adulto-mayor-y-maestros-2021-11-1068x801.jpg 1068w, \/wp-content\/uploads\/sites\/5\/2021\/07\/Vacunacion-fase-2-igss-adulto-mayor-y-maestros-2021-11-265x198.jpg 265w, \/wp-content\/uploads\/sites\/5\/2021\/07\/Vacunacion-fase-2-igss-adulto-mayor-y-maestros-2021-11-534x401.jpg 534w, \/wp-content\/uploads\/sites\/5\/2021\/07\/Vacunacion-fase-2-igss-adulto-mayor-y-maestros-2021-11.jpg 1280w\" sizes=\"(max-width: 560px) 100vw, 560px\" alt=\"\">\r\n                            <\/a>\r\n                            \r\n                        <\/figure>\r\n                    <\/div>\r\n                    <div class = \"td-slide-item td-item9\">\r\n                        <figure class=\"td-slide-galery-figure td-slide-popup-gallery\">\r\n                            <a class=\"slide-gallery-image-link\" href=\"\/wp-content\/uploads\/sites\/5\/2021\/07\/Vacunacion-fase-2-igss-adulto-mayor-y-maestros-2021-6.jpg\" title=\"Vacunacion fase 2 igss adulto mayor y maestros 2021-6\"  data-caption=\"\"  data-description=\"\">\r\n                                <img decoding=\"async\" src=\"\/wp-content\/uploads\/sites\/5\/2021\/07\/Vacunacion-fase-2-igss-adulto-mayor-y-maestros-2021-6-631x420.jpg\" srcset=\"\/wp-content\/uploads\/sites\/5\/2021\/07\/Vacunacion-fase-2-igss-adulto-mayor-y-maestros-2021-6-631x420.jpg 631w, \/wp-content\/uploads\/sites\/5\/2021\/07\/Vacunacion-fase-2-igss-adulto-mayor-y-maestros-2021-6-300x200.jpg 300w, \/wp-content\/uploads\/sites\/5\/2021\/07\/Vacunacion-fase-2-igss-adulto-mayor-y-maestros-2021-6-768x511.jpg 768w, \/wp-content\/uploads\/sites\/5\/2021\/07\/Vacunacion-fase-2-igss-adulto-mayor-y-maestros-2021-6-1024x682.jpg 1024w, \/wp-content\/uploads\/sites\/5\/2021\/07\/Vacunacion-fase-2-igss-adulto-mayor-y-maestros-2021-6-696x463.jpg 696w, \/wp-content\/uploads\/sites\/5\/2021\/07\/Vacunacion-fase-2-igss-adulto-mayor-y-maestros-2021-6-1068x711.jpg 1068w, \/wp-content\/uploads\/sites\/5\/2021\/07\/Vacunacion-fase-2-igss-adulto-mayor-y-maestros-2021-6-534x355.jpg 534w, \/wp-content\/uploads\/sites\/5\/2021\/07\/Vacunacion-fase-2-igss-adulto-mayor-y-maestros-2021-6.jpg 1280w\" sizes=\"(max-width: 631px) 100vw, 631px\" alt=\"\">\r\n                            <\/a>\r\n                            \r\n                        <\/figure>\r\n                    <\/div>\r\n                    <div class = \"td-slide-item td-item10\">\r\n                        <figure class=\"td-slide-galery-figure td-slide-popup-gallery\">\r\n                            <a class=\"slide-gallery-image-link\" href=\"\/wp-content\/uploads\/sites\/5\/2021\/07\/Vacunacion-fase-2-igss-adulto-mayor-y-maestros-2021-4.jpg\" title=\"Vacunacion fase 2 igss adulto mayor y maestros 2021-4\"  data-caption=\"\"  data-description=\"\">\r\n                                <img decoding=\"async\" src=\"\/wp-content\/uploads\/sites\/5\/2021\/07\/Vacunacion-fase-2-igss-adulto-mayor-y-maestros-2021-4-631x420.jpg\" srcset=\"\/wp-content\/uploads\/sites\/5\/2021\/07\/Vacunacion-fase-2-igss-adulto-mayor-y-maestros-2021-4-631x420.jpg 631w, \/wp-content\/uploads\/sites\/5\/2021\/07\/Vacunacion-fase-2-igss-adulto-mayor-y-maestros-2021-4-300x200.jpg 300w, \/wp-content\/uploads\/sites\/5\/2021\/07\/Vacunacion-fase-2-igss-adulto-mayor-y-maestros-2021-4-768x511.jpg 768w, \/wp-content\/uploads\/sites\/5\/2021\/07\/Vacunacion-fase-2-igss-adulto-mayor-y-maestros-2021-4-1024x682.jpg 1024w, \/wp-content\/uploads\/sites\/5\/2021\/07\/Vacunacion-fase-2-igss-adulto-mayor-y-maestros-2021-4-696x463.jpg 696w, \/wp-content\/uploads\/sites\/5\/2021\/07\/Vacunacion-fase-2-igss-adulto-mayor-y-maestros-2021-4-1068x711.jpg 1068w, \/wp-content\/uploads\/sites\/5\/2021\/07\/Vacunacion-fase-2-igss-adulto-mayor-y-maestros-2021-4-534x355.jpg 534w, \/wp-content\/uploads\/sites\/5\/2021\/07\/Vacunacion-fase-2-igss-adulto-mayor-y-maestros-2021-4.jpg 1280w\" sizes=\"(max-width: 631px) 100vw, 631px\" alt=\"\">\r\n                            <\/a>\r\n                            \r\n                        <\/figure>\r\n                    <\/div>\r\n                    <div class = \"td-slide-item td-item11\">\r\n                        <figure class=\"td-slide-galery-figure td-slide-popup-gallery\">\r\n                            <a class=\"slide-gallery-image-link\" href=\"\/wp-content\/uploads\/sites\/5\/2021\/07\/Vacunacion-fase-2-igss-adulto-mayor-y-maestros-2021-3.jpg\" title=\"Vacunacion fase 2 igss adulto mayor y maestros 2021-3\"  data-caption=\"\"  data-description=\"\">\r\n                                <img decoding=\"async\" src=\"\/wp-content\/uploads\/sites\/5\/2021\/07\/Vacunacion-fase-2-igss-adulto-mayor-y-maestros-2021-3-631x420.jpg\" srcset=\"\/wp-content\/uploads\/sites\/5\/2021\/07\/Vacunacion-fase-2-igss-adulto-mayor-y-maestros-2021-3-631x420.jpg 631w, \/wp-content\/uploads\/sites\/5\/2021\/07\/Vacunacion-fase-2-igss-adulto-mayor-y-maestros-2021-3-300x200.jpg 300w, \/wp-content\/uploads\/sites\/5\/2021\/07\/Vacunacion-fase-2-igss-adulto-mayor-y-maestros-2021-3-768x511.jpg 768w, \/wp-content\/uploads\/sites\/5\/2021\/07\/Vacunacion-fase-2-igss-adulto-mayor-y-maestros-2021-3-1024x682.jpg 1024w, \/wp-content\/uploads\/sites\/5\/2021\/07\/Vacunacion-fase-2-igss-adulto-mayor-y-maestros-2021-3-696x463.jpg 696w, \/wp-content\/uploads\/sites\/5\/2021\/07\/Vacunacion-fase-2-igss-adulto-mayor-y-maestros-2021-3-1068x711.jpg 1068w, \/wp-content\/uploads\/sites\/5\/2021\/07\/Vacunacion-fase-2-igss-adulto-mayor-y-maestros-2021-3-534x355.jpg 534w, \/wp-content\/uploads\/sites\/5\/2021\/07\/Vacunacion-fase-2-igss-adulto-mayor-y-maestros-2021-3.jpg 1280w\" sizes=\"(max-width: 631px) 100vw, 631px\" alt=\"\">\r\n                            <\/a>\r\n                            \r\n                        <\/figure>\r\n                    <\/div>\r\n                    <div class = \"td-slide-item td-item12\">\r\n                        <figure class=\"td-slide-galery-figure td-slide-popup-gallery\">\r\n                            <a class=\"slide-gallery-image-link\" href=\"\/wp-content\/uploads\/sites\/5\/2021\/07\/Vacunacion-fase-2-igss-adulto-mayor-y-maestros-2021-1.jpg\" title=\"Vacunacion fase 2 igss adulto mayor y maestros 2021-1\"  data-caption=\"\"  data-description=\"\">\r\n                                <img decoding=\"async\" src=\"\/wp-content\/uploads\/sites\/5\/2021\/07\/Vacunacion-fase-2-igss-adulto-mayor-y-maestros-2021-1-631x420.jpg\" srcset=\"\/wp-content\/uploads\/sites\/5\/2021\/07\/Vacunacion-fase-2-igss-adulto-mayor-y-maestros-2021-1-631x420.jpg 631w, \/wp-content\/uploads\/sites\/5\/2021\/07\/Vacunacion-fase-2-igss-adulto-mayor-y-maestros-2021-1-300x200.jpg 300w, \/wp-content\/uploads\/sites\/5\/2021\/07\/Vacunacion-fase-2-igss-adulto-mayor-y-maestros-2021-1-768x511.jpg 768w, \/wp-content\/uploads\/sites\/5\/2021\/07\/Vacunacion-fase-2-igss-adulto-mayor-y-maestros-2021-1-1024x682.jpg 1024w, \/wp-content\/uploads\/sites\/5\/2021\/07\/Vacunacion-fase-2-igss-adulto-mayor-y-maestros-2021-1-696x463.jpg 696w, \/wp-content\/uploads\/sites\/5\/2021\/07\/Vacunacion-fase-2-igss-adulto-mayor-y-maestros-2021-1-1068x711.jpg 1068w, \/wp-content\/uploads\/sites\/5\/2021\/07\/Vacunacion-fase-2-igss-adulto-mayor-y-maestros-2021-1-534x355.jpg 534w, \/wp-content\/uploads\/sites\/5\/2021\/07\/Vacunacion-fase-2-igss-adulto-mayor-y-maestros-2021-1.jpg 1280w\" sizes=\"(max-width: 631px) 100vw, 631px\" alt=\"\">\r\n                            <\/a>\r\n                            \r\n                        <\/figure>\r\n                    <\/div>\r\n                    <div class = \"td-slide-item td-item13\">\r\n                        <figure class=\"td-slide-galery-figure td-slide-popup-gallery\">\r\n                            <a class=\"slide-gallery-image-link\" href=\"\/wp-content\/uploads\/sites\/5\/2021\/07\/Vacunacion-fase-2-igss-adulto-mayor-y-maestros-2021-8.jpg\" title=\"Vacunacion fase 2 igss adulto mayor y maestros 2021-8\"  data-caption=\"\"  data-description=\"\">\r\n                                <img decoding=\"async\" src=\"\/wp-content\/uploads\/sites\/5\/2021\/07\/Vacunacion-fase-2-igss-adulto-mayor-y-maestros-2021-8-631x420.jpg\" srcset=\"\/wp-content\/uploads\/sites\/5\/2021\/07\/Vacunacion-fase-2-igss-adulto-mayor-y-maestros-2021-8-631x420.jpg 631w, \/wp-content\/uploads\/sites\/5\/2021\/07\/Vacunacion-fase-2-igss-adulto-mayor-y-maestros-2021-8-300x200.jpg 300w, \/wp-content\/uploads\/sites\/5\/2021\/07\/Vacunacion-fase-2-igss-adulto-mayor-y-maestros-2021-8-768x511.jpg 768w, \/wp-content\/uploads\/sites\/5\/2021\/07\/Vacunacion-fase-2-igss-adulto-mayor-y-maestros-2021-8-1024x682.jpg 1024w, \/wp-content\/uploads\/sites\/5\/2021\/07\/Vacunacion-fase-2-igss-adulto-mayor-y-maestros-2021-8-696x463.jpg 696w, \/wp-content\/uploads\/sites\/5\/2021\/07\/Vacunacion-fase-2-igss-adulto-mayor-y-maestros-2021-8-1068x711.jpg 1068w, \/wp-content\/uploads\/sites\/5\/2021\/07\/Vacunacion-fase-2-igss-adulto-mayor-y-maestros-2021-8-534x355.jpg 534w, \/wp-content\/uploads\/sites\/5\/2021\/07\/Vacunacion-fase-2-igss-adulto-mayor-y-maestros-2021-8.jpg 1280w\" sizes=\"(max-width: 631px) 100vw, 631px\" alt=\"\">\r\n                            <\/a>\r\n                            \r\n                        <\/figure>\r\n                    <\/div>\r\n                            <\/div>\r\n                        <\/div>\r\n\r\n                        <div class = \"td-doubleSlider-2\">\r\n                            <div class = \"td-slider\">\r\n                                \r\n                    <div class = \"td-button td-item1\">\r\n                        <div class = \"td-border\"><\/div>\r\n                    <\/div>\r\n                    <div class = \"td-button td-item2\">\r\n                        <div class = \"td-border\"><\/div>\r\n                    <\/div>\r\n                    <div class = \"td-button td-item3\">\r\n                        <div class = \"td-border\"><\/div>\r\n                    <\/div>\r\n                    <div class = \"td-button td-item4\">\r\n                        <div class = \"td-border\"><\/div>\r\n                    <\/div>\r\n                    <div class = \"td-button td-item5\">\r\n                        <div class = \"td-border\"><\/div>\r\n                    <\/div>\r\n                    <div class = \"td-button td-item6\">\r\n                        <div class = \"td-border\"><\/div>\r\n                    <\/div>\r\n                    <div class = \"td-button td-item7\">\r\n                        <div class = \"td-border\"><\/div>\r\n                    <\/div>\r\n                    <div class = \"td-button td-item8\">\r\n                        <div class = \"td-border\"><\/div>\r\n                    <\/div>\r\n                    <div class = \"td-button td-item9\">\r\n                        <div class = \"td-border\"><\/div>\r\n                    <\/div>\r\n                    <div class = \"td-button td-item10\">\r\n                        <div class = \"td-border\"><\/div>\r\n                    <\/div>\r\n                    <div class = \"td-button td-item11\">\r\n                        <div class = \"td-border\"><\/div>\r\n                    <\/div>\r\n                    <div class = \"td-button td-item12\">\r\n                        <div class = \"td-border\"><\/div>\r\n                    <\/div>\r\n                    <div class = \"td-button td-item13\">\r\n                        <div class = \"td-border\"><\/div>\r\n                    <\/div>\r\n                            <\/div>\r\n                        <\/div>\r\n\r\n                    <\/div>\r\n\r\n                <\/div>\r\n                \n\n\n\n<p><\/p>\n","protected":false},"excerpt":{"rendered":"<p>El Instituto Guatemalteco de Seguridad Social continu\u00f3 este lunes con el proceso de vacunaci\u00f3n contra el COVID-19, para las fases habilitadas hasta el momento a nivel nacional, esto en los Centros de Vacunaci\u00f3n ubicados en las diferentes Unidades del Seguro Social, mismas que est\u00e1n en coordinaci\u00f3n con el Ministerio de Salud P\u00fablica y Asistencia Social [&hellip;]<\/p>\n","protected":false},"author":4,"featured_media":22360,"comment_status":"closed","ping_status":"closed","sticky":false,"template":"","format":"standard","meta":{"footnotes":""},"categories":[3,45],"tags":[1181,536],"coauthors":[881],"class_list":{"0":"post-22351","1":"post","2":"type-post","3":"status-publish","4":"format-standard","5":"has-post-thumbnail","7":"category-actualidad","8":"category-jornadas-medicas","9":"tag-igss-notas-covid-19","10":"tag-jornadas-medicas"},"_links":{"self":[{"href":"https:\/\/www.igssgt.org\/noticias\/wp-json\/wp\/v2\/posts\/22351","targetHints":{"allow":["GET"]}}],"collection":[{"href":"https:\/\/www.igssgt.org\/noticias\/wp-json\/wp\/v2\/posts"}],"about":[{"href":"https:\/\/www.igssgt.org\/noticias\/wp-json\/wp\/v2\/types\/post"}],"author":[{"embeddable":true,"href":"https:\/\/www.igssgt.org\/noticias\/wp-json\/wp\/v2\/users\/4"}],"replies":[{"embeddable":true,"href":"https:\/\/www.igssgt.org\/noticias\/wp-json\/wp\/v2\/comments?post=22351"}],"version-history":[{"count":1,"href":"https:\/\/www.igssgt.org\/noticias\/wp-json\/wp\/v2\/posts\/22351\/revisions"}],"predecessor-version":[{"id":22365,"href":"https:\/\/www.igssgt.org\/noticias\/wp-json\/wp\/v2\/posts\/22351\/revisions\/22365"}],"wp:featuredmedia":[{"embeddable":true,"href":"https:\/\/www.igssgt.org\/noticias\/wp-json\/wp\/v2\/media\/22360"}],"wp:attachment":[{"href":"https:\/\/www.igssgt.org\/noticias\/wp-json\/wp\/v2\/media?parent=22351"}],"wp:term":[{"taxonomy":"category","embeddable":true,"href":"https:\/\/www.igssgt.org\/noticias\/wp-json\/wp\/v2\/categories?post=22351"},{"taxonomy":"post_tag","embeddable":true,"href":"https:\/\/www.igssgt.org\/noticias\/wp-json\/wp\/v2\/tags?post=22351"},{"taxonomy":"author","embeddable":true,"href":"https:\/\/www.igssgt.org\/noticias\/wp-json\/wp\/v2\/coauthors?post=22351"}],"curies":[{"name":"wp","href":"https:\/\/api.w.org\/{rel}","templated":true}]}}