{"id":22368,"date":"2021-07-05T05:00:49","date_gmt":"2021-07-05T11:00:49","guid":{"rendered":"https:\/\/www.igssgt.org\/noticias\/?p=22368"},"modified":"2021-07-06T12:57:22","modified_gmt":"2021-07-06T18:57:22","slug":"el-igss-invita-a-participar-en-la-convocatoria-para-la-plaza-de-medico-general-2","status":"publish","type":"post","link":"https:\/\/www.igssgt.org\/noticias\/2021\/07\/05\/el-igss-invita-a-participar-en-la-convocatoria-para-la-plaza-de-medico-general-2\/","title":{"rendered":"El IGSS invita a participar en la convocatoria para la plaza de M\u00e9dico General"},"content":{"rendered":"\n<h3>Contrato Temporal Rengl\u00f3n 022<\/h3>\n<h3>Emergencia Covid-19<\/h3>\n<h4>Fecha l\u00edmite de recepci\u00f3n de solicitudes: 30 de julio de 2021<\/h4>\n<p><img loading=\"lazy\" decoding=\"async\" class=\"aligncenter size-full wp-image-22369\" src=\"\/wp-content\/uploads\/sites\/5\/2021\/07\/Convocatoria-plaza-IGSS-medico-general-emergencia-covid-19-2021.png\" alt=\"\" width=\"931\" height=\"1254\" srcset=\"\/wp-content\/uploads\/sites\/5\/2021\/07\/Convocatoria-plaza-IGSS-medico-general-emergencia-covid-19-2021.png 931w, \/wp-content\/uploads\/sites\/5\/2021\/07\/Convocatoria-plaza-IGSS-medico-general-emergencia-covid-19-2021-223x300.png 223w, \/wp-content\/uploads\/sites\/5\/2021\/07\/Convocatoria-plaza-IGSS-medico-general-emergencia-covid-19-2021-768x1034.png 768w, \/wp-content\/uploads\/sites\/5\/2021\/07\/Convocatoria-plaza-IGSS-medico-general-emergencia-covid-19-2021-760x1024.png 760w, \/wp-content\/uploads\/sites\/5\/2021\/07\/Convocatoria-plaza-IGSS-medico-general-emergencia-covid-19-2021-312x420.png 312w, \/wp-content\/uploads\/sites\/5\/2021\/07\/Convocatoria-plaza-IGSS-medico-general-emergencia-covid-19-2021-696x937.png 696w, \/wp-content\/uploads\/sites\/5\/2021\/07\/Convocatoria-plaza-IGSS-medico-general-emergencia-covid-19-2021-343x462.png 343w\" sizes=\"auto, (max-width: 931px) 100vw, 931px\" \/><\/p>\n","protected":false},"excerpt":{"rendered":"<p>Contrato Temporal Rengl\u00f3n 022 Emergencia Covid-19 Fecha l\u00edmite de recepci\u00f3n de solicitudes: 30 de julio de 2021<\/p>\n","protected":false},"author":4,"featured_media":22369,"comment_status":"closed","ping_status":"closed","sticky":false,"template":"","format":"standard","meta":{"footnotes":""},"categories":[1299],"tags":[213,1300],"coauthors":[881],"class_list":{"0":"post-22368","1":"post","2":"type-post","3":"status-publish","4":"format-standard","5":"has-post-thumbnail","7":"category-plazas-vacantes","8":"tag-convocatoria-plazas-igss","9":"tag-empleos-igss"},"_links":{"self":[{"href":"https:\/\/www.igssgt.org\/noticias\/wp-json\/wp\/v2\/posts\/22368","targetHints":{"allow":["GET"]}}],"collection":[{"href":"https:\/\/www.igssgt.org\/noticias\/wp-json\/wp\/v2\/posts"}],"about":[{"href":"https:\/\/www.igssgt.org\/noticias\/wp-json\/wp\/v2\/types\/post"}],"author":[{"embeddable":true,"href":"https:\/\/www.igssgt.org\/noticias\/wp-json\/wp\/v2\/users\/4"}],"replies":[{"embeddable":true,"href":"https:\/\/www.igssgt.org\/noticias\/wp-json\/wp\/v2\/comments?post=22368"}],"version-history":[{"count":1,"href":"https:\/\/www.igssgt.org\/noticias\/wp-json\/wp\/v2\/posts\/22368\/revisions"}],"predecessor-version":[{"id":22370,"href":"https:\/\/www.igssgt.org\/noticias\/wp-json\/wp\/v2\/posts\/22368\/revisions\/22370"}],"wp:featuredmedia":[{"embeddable":true,"href":"https:\/\/www.igssgt.org\/noticias\/wp-json\/wp\/v2\/media\/22369"}],"wp:attachment":[{"href":"https:\/\/www.igssgt.org\/noticias\/wp-json\/wp\/v2\/media?parent=22368"}],"wp:term":[{"taxonomy":"category","embeddable":true,"href":"https:\/\/www.igssgt.org\/noticias\/wp-json\/wp\/v2\/categories?post=22368"},{"taxonomy":"post_tag","embeddable":true,"href":"https:\/\/www.igssgt.org\/noticias\/wp-json\/wp\/v2\/tags?post=22368"},{"taxonomy":"author","embeddable":true,"href":"https:\/\/www.igssgt.org\/noticias\/wp-json\/wp\/v2\/coauthors?post=22368"}],"curies":[{"name":"wp","href":"https:\/\/api.w.org\/{rel}","templated":true}]}}