{"id":22421,"date":"2021-07-08T12:45:21","date_gmt":"2021-07-08T18:45:21","guid":{"rendered":"https:\/\/www.igssgt.org\/noticias\/?p=22421"},"modified":"2021-12-28T10:52:38","modified_gmt":"2021-12-28T16:52:38","slug":"la-discapacidad-puede-llegar-repentinamente-esta-asegurado-con-el-igss","status":"publish","type":"post","link":"https:\/\/www.igssgt.org\/noticias\/2021\/07\/08\/la-discapacidad-puede-llegar-repentinamente-esta-asegurado-con-el-igss\/","title":{"rendered":"La discapacidad puede llegar repentinamente, \u00bfest\u00e1 asegurado con el IGSS?"},"content":{"rendered":"\n<p class=\"has-drop-cap\">El Instituto Guatemalteco de Seguridad Social (IGSS) <strong>es una aseguradora que brinda cobertura de manera integral contra los riesgos sociales<\/strong>.&nbsp; Estos beneficios son para los trabajadores formales y sus familias; adem\u00e1s, es un soporte para el patrono cuando solventa las necesidades de sus empleados.<\/p>\n\n\n\n<p>Por medio del <a href=\"https:\/\/www.igssgt.org\/noticias\/2021\/03\/12\/el-igss-conmemora-44-anos-del-programa-ivs\/\" target=\"_blank\" rel=\"noreferrer noopener\">Programa de Invalidez, Vejez y Sobrevivencia (IVS), creado en el a\u00f1o 1977<\/a>, el IGSS asegura con pago de pensiones a los afiliados o a sus familias en caso de sufrir cualquiera de esos riesgos. A continuaci\u00f3n le explicamos <a href=\"https:\/\/www.igssgt.org\/ivs\/pension-por-riesgo-de-invalidez\/?doing_wp_cron=1625768928.4648330211639404296875\" target=\"_blank\" rel=\"noreferrer noopener\">el seguro por invalidez<\/a>:<\/p>\n\n\n\n<p>La doctora Mar\u00eda Luisa Dom\u00ednguez, del Departamento de Medicina Legal y Evaluaci\u00f3n de Discapacidades, define el seguro por invalidez como \u201cparte de la protecci\u00f3n que el IGSS ofrece a todos los asegurados que acreditan las condiciones necesarias para gozar de \u00e9l, las cuales se establecen en el <a href=\"https:\/\/www.igssgt.org\/wp-content\/uploads\/ley_acceso_info\/pdf\/inciso6\/ACDO_1124.pdf\" target=\"_blank\" rel=\"noreferrer noopener\">Acuerdo 1124 de la Junta&nbsp; Directiva<\/a>. Hace referencia a <strong>la asistencia m\u00e9dica como a los beneficios pecuniarios &nbsp;\u2014econ\u00f3micos\u2014 que puede obtener el afiliado que cumple con las condiciones<\/strong>\u201d, dijo.<\/p>\n\n\n\n<p><strong><em>Vea tambi\u00e9n: <a href=\"http:\/\/bit.ly\/3rVHkD1\" target=\"_blank\" rel=\"noreferrer noopener\">El IGSS, un aliado para el futuro de los j\u00f3venes<\/a><\/em><\/strong><\/p>\n\n\n\n<figure class=\"wp-block-image size-large\"><img loading=\"lazy\" decoding=\"async\" width=\"1024\" height=\"682\" src=\"\/wp-content\/uploads\/sites\/5\/2021\/07\/Invalidez-tres-1024x682.jpeg\" alt=\"\" class=\"wp-image-22424\" srcset=\"\/wp-content\/uploads\/sites\/5\/2021\/07\/Invalidez-tres-1024x682.jpeg 1024w, \/wp-content\/uploads\/sites\/5\/2021\/07\/Invalidez-tres-300x200.jpeg 300w, \/wp-content\/uploads\/sites\/5\/2021\/07\/Invalidez-tres-768x512.jpeg 768w, \/wp-content\/uploads\/sites\/5\/2021\/07\/Invalidez-tres-630x420.jpeg 630w, \/wp-content\/uploads\/sites\/5\/2021\/07\/Invalidez-tres-696x464.jpeg 696w, \/wp-content\/uploads\/sites\/5\/2021\/07\/Invalidez-tres-1068x712.jpeg 1068w, \/wp-content\/uploads\/sites\/5\/2021\/07\/Invalidez-tres-534x356.jpeg 534w, \/wp-content\/uploads\/sites\/5\/2021\/07\/Invalidez-tres.jpeg 1280w\" sizes=\"auto, (max-width: 1024px) 100vw, 1024px\" \/><figcaption>Muchas personas sufren discapacidad por causa de un accidente. (Foto IGSS: Archivo)<\/figcaption><\/figure>\n\n\n\n<p>Con el IGSS, los pensionados por invalidez reciben <strong>un pago mensual en sustituci\u00f3n del salario, dos bonos (uno en julio y otro en diciembre) y un aguinaldo, estos beneficios adicionales se entregan toda vez este vigente la incapacidad<\/strong>. Asegurarse un pago mensual cuando no se puede trabajar ha sido un gran alivio para los pensionados por invalidez y para sus familias, porque no quedan desamparados. <\/p>\n\n\n\n<p>Adem\u00e1s, los pensionados por invalidez reciben atenci\u00f3n integral, porque <strong>junto con el pago econ\u00f3mico el IGSS les brinda servicios m\u00e9dicos especializados, pr\u00f3tesis y terapias de rehabilitaci\u00f3n<\/strong>, para promover la reinserci\u00f3n, seg\u00fan sea el caso.&nbsp;Estos beneficios superan lo que ofrecen otros seguros. <\/p>\n\n\n\n<figure class=\"wp-block-pullquote is-style-default\"><blockquote><p>\u201cUna discapacidad provoca que haya cambios en la vida, en el entorno, y estos cambios le van a permitir a la persona continuar trabajando, continuar siendo productivo. Con una capacidad se puede recibir tratamiento, recibir la pensi\u00f3n por un tiempo, pero si se ha logrado superar las barreras, se lograr\u00e1 la reincorporaci\u00f3n laboral en la misma o en otra actividad econ\u00f3mica\u201d.<\/p><cite>licenciada Sonia L\u00f3pez Luttmann, subgerente de Prestaciones Pecuniarias<\/cite><\/blockquote><\/figure>\n\n\n\n<p><strong><em>Conozca tambi\u00e9n: <a href=\"https:\/\/www.igssgt.org\/noticias\/2020\/10\/21\/contribucion-voluntaria-una-oportunidad-del-plan-de-pensiones-del-igss\/\" target=\"_blank\" rel=\"noreferrer noopener\">La oportunidad de asegurarse con el IGSS por cuenta propia<\/a><\/em><\/strong><\/p>\n\n\n\n<figure class=\"wp-block-image size-large\"><img loading=\"lazy\" decoding=\"async\" width=\"1024\" height=\"682\" src=\"\/wp-content\/uploads\/sites\/5\/2021\/07\/Invalidez-1024x682.jpeg\" alt=\"\" class=\"wp-image-22426\" srcset=\"\/wp-content\/uploads\/sites\/5\/2021\/07\/Invalidez-1024x682.jpeg 1024w, \/wp-content\/uploads\/sites\/5\/2021\/07\/Invalidez-300x200.jpeg 300w, \/wp-content\/uploads\/sites\/5\/2021\/07\/Invalidez-768x512.jpeg 768w, \/wp-content\/uploads\/sites\/5\/2021\/07\/Invalidez-630x420.jpeg 630w, \/wp-content\/uploads\/sites\/5\/2021\/07\/Invalidez-696x464.jpeg 696w, \/wp-content\/uploads\/sites\/5\/2021\/07\/Invalidez-1068x712.jpeg 1068w, \/wp-content\/uploads\/sites\/5\/2021\/07\/Invalidez-534x356.jpeg 534w, \/wp-content\/uploads\/sites\/5\/2021\/07\/Invalidez.jpeg 1280w\" sizes=\"auto, (max-width: 1024px) 100vw, 1024px\" \/><figcaption>El IGSS brinda servicios integrales, tanto prestaciones en dinero como servicios m\u00e9dicos. Se pretende que los afiliados con discapacidad logren la reinserci\u00f3n a sus actividades. (Foto IGSS: Archivo)<\/figcaption><\/figure>\n\n\n\n<h2 class=\"wp-block-heading\"><strong>A cualquiera le puede pasar<\/strong><\/h2>\n\n\n\n<p>Cuando se habla de discapacidad o invalidez, <strong>frecuentemente las personas no creen que les pueda llegar a ocurrir; sin embargo, es un riesgo latente al que todos estamos expuestos<\/strong>, ya sea por una enfermedad o por un accidente: la discapacidad cambia rotundamente la vida de las personas y sus familias.<\/p>\n\n\n\n<p><strong>Con una discapacidad las personas pueden perder la posibilidad de seguir trabajando y ganarse el sustento diario<\/strong>. Afecta a la familia completa, sobretodo si la persona que provee para la familia es la que sufre la invalidez.<\/p>\n\n\n\n<p>Calixto Chavac trabaja en el <a href=\"https:\/\/www.igssgt.org\/afiliados\/catafi\/\" target=\"_blank\" rel=\"noreferrer noopener\">Centro de Atenci\u00f3n al Afiliado (CATAFI)<\/a>, recuerda que en el 2009 sal\u00eda de estudiar y se dirig\u00eda a su casa cuando un incidente le cambi\u00f3 la vida.<\/p>\n\n\n\n<blockquote class=\"wp-block-quote is-layout-flow wp-block-quote-is-layout-flow\"><p>\u201cTuve un accidente, choqu\u00e9 contra un autom\u00f3vil y el se\u00f1or \u2014conductor del otro veh\u00edculo\u2014 se baj\u00f3 y sin mediar palabras me dispar\u00f3 en el cuello. A ra\u00edz de eso adquir\u00ed la discapacidad\u201d.<\/p><cite>Calixto Chavac<\/cite><\/blockquote>\n\n\n\n<p>Chavac tuvo que enfrentarse a las barreras de la discapacidad, la primera fue encontrar un empleo, para ello el Seguro Social le abri\u00f3 las puertas. Estuvo en terapias de rehabilitaci\u00f3n por m\u00e1s de 5 a\u00f1os, tiempo en el cual aprendi\u00f3 a sobrellevar la vida en las nuevas condiciones.<\/p>\n\n\n\n<p>A Chavac no lo detuvo la discapacidad y aunque comenta que las barreras siempre existir\u00e1n, \u00e9l es un ejemplo de perseverancia para no dejarse vencer por ellas.<\/p>\n\n\n\n<p>\u201cMuchas veces uno por tener una discapacidad se a\u00edsla de las dem\u00e1s personas, pero al estar ac\u00e1, la incorporaci\u00f3n laboral me ha ayudado a tratar con las personas\u201d, asegur\u00f3. &nbsp;&nbsp;<\/p>\n\n\n\n<figure class=\"wp-block-image size-large\"><img loading=\"lazy\" decoding=\"async\" width=\"1024\" height=\"670\" src=\"\/wp-content\/uploads\/sites\/5\/2021\/07\/Calixto-dos-1024x670.png\" alt=\"\" class=\"wp-image-22427\" srcset=\"\/wp-content\/uploads\/sites\/5\/2021\/07\/Calixto-dos-1024x670.png 1024w, \/wp-content\/uploads\/sites\/5\/2021\/07\/Calixto-dos-300x196.png 300w, \/wp-content\/uploads\/sites\/5\/2021\/07\/Calixto-dos-768x502.png 768w, \/wp-content\/uploads\/sites\/5\/2021\/07\/Calixto-dos-642x420.png 642w, \/wp-content\/uploads\/sites\/5\/2021\/07\/Calixto-dos-696x455.png 696w, \/wp-content\/uploads\/sites\/5\/2021\/07\/Calixto-dos-1068x698.png 1068w, \/wp-content\/uploads\/sites\/5\/2021\/07\/Calixto-dos-534x349.png 534w, \/wp-content\/uploads\/sites\/5\/2021\/07\/Calixto-dos-741x486.png 741w, \/wp-content\/uploads\/sites\/5\/2021\/07\/Calixto-dos.png 1095w\" sizes=\"auto, (max-width: 1024px) 100vw, 1024px\" \/><figcaption>Calixto Chavac se incorpor\u00f3 al equipo del Centro de Atenci\u00f3n al Afiliado del IGSS despu\u00e9s de sufrir el accidente que lo dej\u00f3 con discapacidad. (Foto IGSS: Yenifer Ti\u00f1o)<\/figcaption><\/figure>\n\n\n\n<p>El Seguro Social pretende que los asegurados con discapacidad puedan enfrentarse a las limitaciones del entorno, para que puedan reincorporarse a la mayor\u00eda de sus actividades. <\/p>\n\n\n\n<p>\u201cLo que nos impide la participaci\u00f3n en la misma condici\u00f3n que los dem\u00e1s eso es la discapacidad, porque hay barreras tanto actitudinales como f\u00edsicas que no nos permiten hacer esa participaci\u00f3n\u201d, reflexion\u00f3 la licenciada Lesly Leal, experta en discapacidad e inclusi\u00f3n. <\/p>\n\n\n\n<p>Leal, desde su experiencia como persona con discapacidad visual contin\u00faa sus actividades laborales en el Seguro Social.<\/p>\n\n\n\n<p>Es importante resaltar que todos estos beneficios del <a href=\"https:\/\/www.igssgt.org\/ivs\/\" target=\"_blank\" rel=\"noreferrer noopener\">Programa IVS<\/a> los gozan los derechohabientes del IGSS gracias al modelo solidario, por el aporte de patronos y trabajadores, quienes financian los programas previo a beneficiarse de ellos y posteriormente las nuevas generaciones har\u00e1n lo mismo por ellos. <\/p>\n\n\n\n<p>Para mayor informaci\u00f3n llame al 1522, opci\u00f3n 3; conozca nuestras noticias m\u00e1s actuales en <a href=\"https:\/\/www.facebook.com\/IGSS-Pensiones-105494347587309\/\" target=\"_blank\" rel=\"noreferrer noopener\">Facebook<\/a> o <a href=\"https:\/\/twitter.com\/IGSSPensiones\" target=\"_blank\" rel=\"noreferrer noopener\">Twitter<\/a> de IGSS Pensiones.  <\/p>\n\n\n\n<figure class=\"wp-block-embed is-type-video is-provider-youtube wp-block-embed-youtube wp-embed-aspect-16-9 wp-has-aspect-ratio\"><div class=\"wp-block-embed__wrapper\">\n<div class=\"youtube-embed\" data-video_id=\"hoAbW4f-yXo\"><iframe loading=\"lazy\" title=\"C\u00f3mo el IGSS atiende la cobertura del riesgo de invalidez a trav\u00e9s del programa IVS, IGSS TV No 174\" width=\"696\" height=\"392\" src=\"https:\/\/www.youtube.com\/embed\/hoAbW4f-yXo?feature=oembed&#038;enablejsapi=1\" frameborder=\"0\" allow=\"accelerometer; autoplay; clipboard-write; encrypted-media; gyroscope; picture-in-picture\" allowfullscreen><\/iframe><\/div>\n<\/div><figcaption>Conozca sobre los requisitos para optar por una pensi\u00f3n por invalidez<\/figcaption><\/figure>\n\n\n\n<figure class=\"wp-block-embed is-type-video is-provider-youtube wp-block-embed-youtube wp-embed-aspect-16-9 wp-has-aspect-ratio\"><div class=\"wp-block-embed__wrapper\">\n<div class=\"youtube-embed\" data-video_id=\"oEzoate09Aw\"><iframe loading=\"lazy\" title=\"C\u00f3mo determina la invalidez el IGSS y cu\u00e1l es la importancia de la inclusi\u00f3n laboral. IGSS TV 177\" width=\"696\" height=\"392\" src=\"https:\/\/www.youtube.com\/embed\/oEzoate09Aw?feature=oembed&#038;enablejsapi=1\" frameborder=\"0\" allow=\"accelerometer; autoplay; clipboard-write; encrypted-media; gyroscope; picture-in-picture\" allowfullscreen><\/iframe><\/div>\n<\/div><figcaption>\u00bfC\u00f3mo se determina la invalidez?<\/figcaption><\/figure>\n\n\n\n<figure class=\"wp-block-embed is-type-video is-provider-youtube wp-block-embed-youtube wp-embed-aspect-16-9 wp-has-aspect-ratio\"><div class=\"wp-block-embed__wrapper\">\n<div class=\"youtube-embed\" data-video_id=\"2LDAwEe76QQ\"><iframe loading=\"lazy\" title=\"C\u00f3mo superar las barreras de la invalidez o discapacidad, IGSS TV 182\" width=\"696\" height=\"392\" src=\"https:\/\/www.youtube.com\/embed\/2LDAwEe76QQ?feature=oembed&#038;enablejsapi=1\" frameborder=\"0\" allow=\"accelerometer; autoplay; clipboard-write; encrypted-media; gyroscope; picture-in-picture\" allowfullscreen><\/iframe><\/div>\n<\/div><figcaption>\u00a1Enfrente las barreras de la discapacidad!<\/figcaption><\/figure>\n","protected":false},"excerpt":{"rendered":"<p>El Instituto Guatemalteco de Seguridad Social (IGSS) es una aseguradora que brinda cobertura de manera integral contra los riesgos sociales.&nbsp; Estos beneficios son para los trabajadores formales y sus familias; adem\u00e1s, es un soporte para el patrono cuando solventa las necesidades de sus empleados. Por medio del Programa de Invalidez, Vejez y Sobrevivencia (IVS), creado [&hellip;]<\/p>\n","protected":false},"author":601,"featured_media":22800,"comment_status":"closed","ping_status":"closed","sticky":false,"template":"","format":"standard","meta":{"footnotes":""},"categories":[3,4,9,15,25,1290],"tags":[1362,1049,490,522,524,1359,1360,1361],"coauthors":[1263],"class_list":{"0":"post-22421","1":"post","2":"type-post","3":"status-publish","4":"format-standard","5":"has-post-thumbnail","7":"category-actualidad","8":"category-afiliados","9":"category-catafi","10":"category-destacado","11":"category-pensionados","12":"category-prestaciones-economicas","13":"tag-como-obtener-una-pension-del-igss","14":"tag-discapacidad","15":"tag-igss","16":"tag-invalidez","17":"tag-ivs","18":"tag-ivs-igss","19":"tag-programa-ivs","20":"tag-seguro-por-discapacidad"},"_links":{"self":[{"href":"https:\/\/www.igssgt.org\/noticias\/wp-json\/wp\/v2\/posts\/22421","targetHints":{"allow":["GET"]}}],"collection":[{"href":"https:\/\/www.igssgt.org\/noticias\/wp-json\/wp\/v2\/posts"}],"about":[{"href":"https:\/\/www.igssgt.org\/noticias\/wp-json\/wp\/v2\/types\/post"}],"author":[{"embeddable":true,"href":"https:\/\/www.igssgt.org\/noticias\/wp-json\/wp\/v2\/users\/601"}],"replies":[{"embeddable":true,"href":"https:\/\/www.igssgt.org\/noticias\/wp-json\/wp\/v2\/comments?post=22421"}],"version-history":[{"count":7,"href":"https:\/\/www.igssgt.org\/noticias\/wp-json\/wp\/v2\/posts\/22421\/revisions"}],"predecessor-version":[{"id":24672,"href":"https:\/\/www.igssgt.org\/noticias\/wp-json\/wp\/v2\/posts\/22421\/revisions\/24672"}],"wp:featuredmedia":[{"embeddable":true,"href":"https:\/\/www.igssgt.org\/noticias\/wp-json\/wp\/v2\/media\/22800"}],"wp:attachment":[{"href":"https:\/\/www.igssgt.org\/noticias\/wp-json\/wp\/v2\/media?parent=22421"}],"wp:term":[{"taxonomy":"category","embeddable":true,"href":"https:\/\/www.igssgt.org\/noticias\/wp-json\/wp\/v2\/categories?post=22421"},{"taxonomy":"post_tag","embeddable":true,"href":"https:\/\/www.igssgt.org\/noticias\/wp-json\/wp\/v2\/tags?post=22421"},{"taxonomy":"author","embeddable":true,"href":"https:\/\/www.igssgt.org\/noticias\/wp-json\/wp\/v2\/coauthors?post=22421"}],"curies":[{"name":"wp","href":"https:\/\/api.w.org\/{rel}","templated":true}]}}