{"id":22487,"date":"2021-07-18T18:05:26","date_gmt":"2021-07-19T00:05:26","guid":{"rendered":"https:\/\/www.igssgt.org\/noticias\/?p=22487"},"modified":"2021-08-13T15:32:13","modified_gmt":"2021-08-13T21:32:13","slug":"el-igss-pone-al-servicio-de-afiliados-otro-centro-de-vacunacion-contra-el-covid-19","status":"publish","type":"post","link":"https:\/\/www.igssgt.org\/noticias\/2021\/07\/18\/el-igss-pone-al-servicio-de-afiliados-otro-centro-de-vacunacion-contra-el-covid-19\/","title":{"rendered":"El IGSS pone al servicio de afiliados centro de vacunaci\u00f3n en la Universidad Mariano G\u00e1lvez"},"content":{"rendered":"\n<p class=\"has-drop-cap\">\u201cEn nombre de la Junta Directiva y la Administraci\u00f3n del IGSS damos las gracias a las autoridades universitarias por este espacio para ampliar la vacunaci\u00f3n contra el COVID-19\u201d, fue parte del mensaje de la Dra. Ana Marilyn Ort\u00edz de Juarez, gerente general del Instituto Guatemalteco de Seguridad Social, en la inauguraci\u00f3n del centro de vacunaci\u00f3n en la Universidad Mariano G\u00e1lvez (UMG), zona 2 capitalina.<\/p>\n\n\n\n<figure class=\"wp-block-image size-large\"><img loading=\"lazy\" decoding=\"async\" width=\"1024\" height=\"768\" src=\"\/wp-content\/uploads\/sites\/5\/2021\/07\/Centro-de-Vacunacion-UMG-IGSS-20217-1024x768.jpg\" alt=\"\" class=\"wp-image-22494\" srcset=\"\/wp-content\/uploads\/sites\/5\/2021\/07\/Centro-de-Vacunacion-UMG-IGSS-20217-1024x768.jpg 1024w, \/wp-content\/uploads\/sites\/5\/2021\/07\/Centro-de-Vacunacion-UMG-IGSS-20217-300x225.jpg 300w, \/wp-content\/uploads\/sites\/5\/2021\/07\/Centro-de-Vacunacion-UMG-IGSS-20217-768x576.jpg 768w, \/wp-content\/uploads\/sites\/5\/2021\/07\/Centro-de-Vacunacion-UMG-IGSS-20217-1536x1152.jpg 1536w, \/wp-content\/uploads\/sites\/5\/2021\/07\/Centro-de-Vacunacion-UMG-IGSS-20217-560x420.jpg 560w, \/wp-content\/uploads\/sites\/5\/2021\/07\/Centro-de-Vacunacion-UMG-IGSS-20217-80x60.jpg 80w, \/wp-content\/uploads\/sites\/5\/2021\/07\/Centro-de-Vacunacion-UMG-IGSS-20217-696x522.jpg 696w, \/wp-content\/uploads\/sites\/5\/2021\/07\/Centro-de-Vacunacion-UMG-IGSS-20217-1068x801.jpg 1068w, \/wp-content\/uploads\/sites\/5\/2021\/07\/Centro-de-Vacunacion-UMG-IGSS-20217-265x198.jpg 265w, \/wp-content\/uploads\/sites\/5\/2021\/07\/Centro-de-Vacunacion-UMG-IGSS-20217-534x401.jpg 534w, \/wp-content\/uploads\/sites\/5\/2021\/07\/Centro-de-Vacunacion-UMG-IGSS-20217.jpg 1600w\" sizes=\"auto, (max-width: 1024px) 100vw, 1024px\" \/><\/figure>\n\n\n\n<p>El nuevo vacunatorio que abri\u00f3 puertas este domingo 19 es coordinado por personal del Hospital Dr. Juan Jos\u00e9 Ar\u00e9valo Bermejo, del IGSS, situado en la zona 6, y estar\u00e1 a cargo de la doctora Jackeline Monz\u00f3n, subdirectora m\u00e9dica del centro asistencial antes referido.<\/p>\n<p>En el primer d\u00eda de atenci\u00f3n se administraron 516 dosis, entre maestros y docentes de la UMG y de la Universidad de San Carlos Guatemala (Usac), as\u00ed como a empleados de la UMG y del Organismo Judicial (OJ) con la vacuna Moderna, quienes acudieron con cita programada previo registro en el enlace vacunas.gob.gt., del Ministerio de Salud P\u00fablica y Asistencia Social (MSPAS), requisito que permite desarrollar los procesos de manera \u00e1gil, ordenada y respetando los aforos permitidos.<\/p>\n<div style=\"width: 640px;\" class=\"wp-video\"><video class=\"wp-video-shortcode\" id=\"video-22487-1\" width=\"640\" height=\"352\" preload=\"metadata\" controls=\"controls\"><source type=\"video\/mp4\" src=\"\/wp-content\/uploads\/sites\/5\/2021\/07\/Dra-Marilyn-Ortiz-IGSS-Universidad-Mariano-Galvez-de-guatemala.mp4?_=1\" \/><a href=\"\/wp-content\/uploads\/sites\/5\/2021\/07\/Dra-Marilyn-Ortiz-IGSS-Universidad-Mariano-Galvez-de-guatemala.mp4\">\/wp-content\/uploads\/sites\/5\/2021\/07\/Dra-Marilyn-Ortiz-IGSS-Universidad-Mariano-Galvez-de-guatemala.mp4<\/a><\/video><\/div>\n<p><em>Dra. Marilyn Ortiz, gerente del IGSS.<\/em><\/p>\n<p>El doctor Rafael Espada, decano de la Facultad de Medicina de la UMG, quien fue el enlace con el Instituto para instalar el centro en la casa de estudios superiores, destac\u00f3 el importante papel que el IGSS est\u00e1 comandando como garante de la Seguridad Social.<\/p>\n<p>\u201cGracias a Dios y a las instituciones que lograron este acuerdo en beneficio de todos, pues poco a poco se ir\u00e1 deteniendo la pandemia\u201d, agradeci\u00f3 el docente Miguel Luna, uno de los beneficiados del d\u00eda.<\/p>\n<div style=\"width: 640px;\" class=\"wp-video\"><video class=\"wp-video-shortcode\" id=\"video-22487-2\" width=\"640\" height=\"352\" preload=\"metadata\" controls=\"controls\"><source type=\"video\/mp4\" src=\"\/wp-content\/uploads\/sites\/5\/2021\/07\/Dr-Rafael-Espada-Universidad-Mariano-Galvez-IGSS.mp4?_=2\" \/><a href=\"\/wp-content\/uploads\/sites\/5\/2021\/07\/Dr-Rafael-Espada-Universidad-Mariano-Galvez-IGSS.mp4\">\/wp-content\/uploads\/sites\/5\/2021\/07\/Dr-Rafael-Espada-Universidad-Mariano-Galvez-IGSS.mp4<\/a><\/video><\/div>\n<p><em>Dr. Rafael Espada, decano de la Facultad de Medicina de la UMG.<\/em><\/p>\n<p>Este centro de vacunaci\u00f3n peatonal calcula inocular a unas mil personas diarias, en horario de 7:00 a 14:00 horas, de lunes a viernes moment\u00e1neamente.<\/p>\n<p>Es importante recordar que para que el IGSS vacune a los afiliados deben seguir los siguientes pasos:<\/p>\n<ul>\n<li>Registrarse en vacuna.gob.gt si usted est\u00e1 entre la edad de las fases vigentes, ya que sino el sistema no le permitir\u00e1.<\/li>\n<li>Toda vacunaci\u00f3n se efect\u00faa con cita programada.<\/li>\n<li>Para recibir su segunda dosis en el IGSS, debi\u00f3 haber recibido la primera dosis en el Seguro Social.<\/li>\n<\/ul>\n<p>La actividad inaugural cont\u00f3 con el licenciado Luis Reyes, representante de la Procuradur\u00eda de los Derechos Humanos (PDH).<\/p>\n\r\n                <style type=\"text\/css\">\r\n                    \r\n                    #tdi_1  .td-doubleSlider-2 .td-item1 {\r\n                        background: url(\/wp-content\/uploads\/sites\/5\/2021\/07\/Centro-de-Vacunacion-UMG-IGSS-20214-80x60.jpg) 0 0 no-repeat;\r\n                    }\r\n                    #tdi_1  .td-doubleSlider-2 .td-item2 {\r\n                        background: url(\/wp-content\/uploads\/sites\/5\/2021\/07\/Centro-de-Vacunacion-UMG-IGSS-202111-80x60.jpg) 0 0 no-repeat;\r\n                    }\r\n                    #tdi_1  .td-doubleSlider-2 .td-item3 {\r\n                        background: url(\/wp-content\/uploads\/sites\/5\/2021\/07\/Centro-de-Vacunacion-UMG-IGSS-20219-80x60.jpg) 0 0 no-repeat;\r\n                    }\r\n                    #tdi_1  .td-doubleSlider-2 .td-item4 {\r\n                        background: url(\/wp-content\/uploads\/sites\/5\/2021\/07\/Centro-de-Vacunacion-UMG-IGSS-20216-80x60.jpg) 0 0 no-repeat;\r\n                    }\r\n                    #tdi_1  .td-doubleSlider-2 .td-item5 {\r\n                        background: url(\/wp-content\/uploads\/sites\/5\/2021\/07\/Centro-de-Vacunacion-UMG-IGSS-20217-80x60.jpg) 0 0 no-repeat;\r\n                    }\r\n                    #tdi_1  .td-doubleSlider-2 .td-item6 {\r\n                        background: url(\/wp-content\/uploads\/sites\/5\/2021\/07\/Centro-de-Vacunacion-UMG-IGSS-202110-80x60.jpg) 0 0 no-repeat;\r\n                    }\r\n                    #tdi_1  .td-doubleSlider-2 .td-item7 {\r\n                        background: url(\/wp-content\/uploads\/sites\/5\/2021\/07\/Centro-de-Vacunacion-UMG-IGSS-20218-80x60.jpg) 0 0 no-repeat;\r\n                    }\r\n                    #tdi_1  .td-doubleSlider-2 .td-item8 {\r\n                        background: url(\/wp-content\/uploads\/sites\/5\/2021\/07\/Centro-de-Vacunacion-UMG-IGSS-20211-80x60.jpg) 0 0 no-repeat;\r\n                    }\r\n                    #tdi_1  .td-doubleSlider-2 .td-item9 {\r\n                        background: url(\/wp-content\/uploads\/sites\/5\/2021\/07\/Centro-de-Vacunacion-UMG-IGSS-20213-80x60.jpg) 0 0 no-repeat;\r\n                    }\r\n                <\/style>\r\n\r\n                <div id=\"tdi_1\" class=\"td-gallery td-slide-on-2-columns\">\r\n                    <div class=\"post_td_gallery\">\r\n                        <div class=\"td-gallery-slide-top\">\r\n                           <div class=\"td-gallery-title\">Galer\u00eda de Im\u00e1genes<\/div>\r\n\r\n                            <div class=\"td-gallery-controls-wrapper\">\r\n                                <div class=\"td-gallery-slide-count\"><span class=\"td-gallery-slide-item-focus\">1<\/span> de 9<\/div>\r\n                                <div class=\"td-gallery-slide-prev-next-but\">\r\n                                    <i class = \"td-icon-left doubleSliderPrevButton\"><\/i>\r\n                                    <i class = \"td-icon-right doubleSliderNextButton\"><\/i>\r\n                                <\/div>\r\n                            <\/div>\r\n                        <\/div>\r\n\r\n                        <div class = \"td-doubleSlider-1 \">\r\n                            <div class = \"td-slider\">\r\n                                \r\n                    <div class = \"td-slide-item td-item1\">\r\n                        <figure class=\"td-slide-galery-figure td-slide-popup-gallery\">\r\n                            <a class=\"slide-gallery-image-link\" href=\"\/wp-content\/uploads\/sites\/5\/2021\/07\/Centro-de-Vacunacion-UMG-IGSS-20214.jpg\" title=\"Centro de Vacunacion UMG IGSS 2021=4\"  data-caption=\"\"  data-description=\"\">\r\n                                <img decoding=\"async\" src=\"\/wp-content\/uploads\/sites\/5\/2021\/07\/Centro-de-Vacunacion-UMG-IGSS-20214-565x420.jpg\" srcset=\"\/wp-content\/uploads\/sites\/5\/2021\/07\/Centro-de-Vacunacion-UMG-IGSS-20214-565x420.jpg 565w, \/wp-content\/uploads\/sites\/5\/2021\/07\/Centro-de-Vacunacion-UMG-IGSS-20214-485x360.jpg 485w, \/wp-content\/uploads\/sites\/5\/2021\/07\/Centro-de-Vacunacion-UMG-IGSS-20214-300x223.jpg 300w, \/wp-content\/uploads\/sites\/5\/2021\/07\/Centro-de-Vacunacion-UMG-IGSS-20214-768x571.jpg 768w, \/wp-content\/uploads\/sites\/5\/2021\/07\/Centro-de-Vacunacion-UMG-IGSS-20214-1024x762.jpg 1024w, \/wp-content\/uploads\/sites\/5\/2021\/07\/Centro-de-Vacunacion-UMG-IGSS-20214-80x60.jpg 80w, \/wp-content\/uploads\/sites\/5\/2021\/07\/Centro-de-Vacunacion-UMG-IGSS-20214-696x518.jpg 696w, \/wp-content\/uploads\/sites\/5\/2021\/07\/Centro-de-Vacunacion-UMG-IGSS-20214-1068x794.jpg 1068w, \/wp-content\/uploads\/sites\/5\/2021\/07\/Centro-de-Vacunacion-UMG-IGSS-20214-265x198.jpg 265w, \/wp-content\/uploads\/sites\/5\/2021\/07\/Centro-de-Vacunacion-UMG-IGSS-20214-534x397.jpg 534w, \/wp-content\/uploads\/sites\/5\/2021\/07\/Centro-de-Vacunacion-UMG-IGSS-20214.jpg 1280w\" sizes=\"(max-width: 565px) 100vw, 565px\" alt=\"\">\r\n                            <\/a>\r\n                            \r\n                        <\/figure>\r\n                    <\/div>\r\n                    <div class = \"td-slide-item td-item2\">\r\n                        <figure class=\"td-slide-galery-figure td-slide-popup-gallery\">\r\n                            <a class=\"slide-gallery-image-link\" href=\"\/wp-content\/uploads\/sites\/5\/2021\/07\/Centro-de-Vacunacion-UMG-IGSS-202111.jpg\" title=\"Centro de Vacunacion UMG IGSS 2021=11\"  data-caption=\"\"  data-description=\"\">\r\n                                <img decoding=\"async\" src=\"\/wp-content\/uploads\/sites\/5\/2021\/07\/Centro-de-Vacunacion-UMG-IGSS-202111-630x420.jpg\" srcset=\"\/wp-content\/uploads\/sites\/5\/2021\/07\/Centro-de-Vacunacion-UMG-IGSS-202111-630x420.jpg 630w, \/wp-content\/uploads\/sites\/5\/2021\/07\/Centro-de-Vacunacion-UMG-IGSS-202111-300x200.jpg 300w, \/wp-content\/uploads\/sites\/5\/2021\/07\/Centro-de-Vacunacion-UMG-IGSS-202111-768x512.jpg 768w, \/wp-content\/uploads\/sites\/5\/2021\/07\/Centro-de-Vacunacion-UMG-IGSS-202111-1024x682.jpg 1024w, \/wp-content\/uploads\/sites\/5\/2021\/07\/Centro-de-Vacunacion-UMG-IGSS-202111-696x464.jpg 696w, \/wp-content\/uploads\/sites\/5\/2021\/07\/Centro-de-Vacunacion-UMG-IGSS-202111-1068x712.jpg 1068w, \/wp-content\/uploads\/sites\/5\/2021\/07\/Centro-de-Vacunacion-UMG-IGSS-202111-534x356.jpg 534w, \/wp-content\/uploads\/sites\/5\/2021\/07\/Centro-de-Vacunacion-UMG-IGSS-202111.jpg 1280w\" sizes=\"(max-width: 630px) 100vw, 630px\" alt=\"\">\r\n                            <\/a>\r\n                            \r\n                        <\/figure>\r\n                    <\/div>\r\n                    <div class = \"td-slide-item td-item3\">\r\n                        <figure class=\"td-slide-galery-figure td-slide-popup-gallery\">\r\n                            <a class=\"slide-gallery-image-link\" href=\"\/wp-content\/uploads\/sites\/5\/2021\/07\/Centro-de-Vacunacion-UMG-IGSS-20219.jpg\" title=\"Centro de Vacunacion UMG IGSS 2021=9\"  data-caption=\"\"  data-description=\"\">\r\n                                <img decoding=\"async\" src=\"\/wp-content\/uploads\/sites\/5\/2021\/07\/Centro-de-Vacunacion-UMG-IGSS-20219-630x420.jpg\" srcset=\"\/wp-content\/uploads\/sites\/5\/2021\/07\/Centro-de-Vacunacion-UMG-IGSS-20219-630x420.jpg 630w, \/wp-content\/uploads\/sites\/5\/2021\/07\/Centro-de-Vacunacion-UMG-IGSS-20219-300x200.jpg 300w, \/wp-content\/uploads\/sites\/5\/2021\/07\/Centro-de-Vacunacion-UMG-IGSS-20219-768x512.jpg 768w, \/wp-content\/uploads\/sites\/5\/2021\/07\/Centro-de-Vacunacion-UMG-IGSS-20219-1024x682.jpg 1024w, \/wp-content\/uploads\/sites\/5\/2021\/07\/Centro-de-Vacunacion-UMG-IGSS-20219-696x464.jpg 696w, \/wp-content\/uploads\/sites\/5\/2021\/07\/Centro-de-Vacunacion-UMG-IGSS-20219-1068x712.jpg 1068w, \/wp-content\/uploads\/sites\/5\/2021\/07\/Centro-de-Vacunacion-UMG-IGSS-20219-534x356.jpg 534w, \/wp-content\/uploads\/sites\/5\/2021\/07\/Centro-de-Vacunacion-UMG-IGSS-20219.jpg 1280w\" sizes=\"(max-width: 630px) 100vw, 630px\" alt=\"\">\r\n                            <\/a>\r\n                            \r\n                        <\/figure>\r\n                    <\/div>\r\n                    <div class = \"td-slide-item td-item4\">\r\n                        <figure class=\"td-slide-galery-figure td-slide-popup-gallery\">\r\n                            <a class=\"slide-gallery-image-link\" href=\"\/wp-content\/uploads\/sites\/5\/2021\/07\/Centro-de-Vacunacion-UMG-IGSS-20216.jpg\" title=\"Centro de Vacunacion UMG IGSS 2021=6\"  data-caption=\"\"  data-description=\"\">\r\n                                <img decoding=\"async\" src=\"\/wp-content\/uploads\/sites\/5\/2021\/07\/Centro-de-Vacunacion-UMG-IGSS-20216-630x420.jpg\" srcset=\"\/wp-content\/uploads\/sites\/5\/2021\/07\/Centro-de-Vacunacion-UMG-IGSS-20216-630x420.jpg 630w, \/wp-content\/uploads\/sites\/5\/2021\/07\/Centro-de-Vacunacion-UMG-IGSS-20216-300x200.jpg 300w, \/wp-content\/uploads\/sites\/5\/2021\/07\/Centro-de-Vacunacion-UMG-IGSS-20216-768x512.jpg 768w, \/wp-content\/uploads\/sites\/5\/2021\/07\/Centro-de-Vacunacion-UMG-IGSS-20216-1024x682.jpg 1024w, \/wp-content\/uploads\/sites\/5\/2021\/07\/Centro-de-Vacunacion-UMG-IGSS-20216-696x464.jpg 696w, \/wp-content\/uploads\/sites\/5\/2021\/07\/Centro-de-Vacunacion-UMG-IGSS-20216-1068x712.jpg 1068w, \/wp-content\/uploads\/sites\/5\/2021\/07\/Centro-de-Vacunacion-UMG-IGSS-20216-534x356.jpg 534w, \/wp-content\/uploads\/sites\/5\/2021\/07\/Centro-de-Vacunacion-UMG-IGSS-20216.jpg 1280w\" sizes=\"(max-width: 630px) 100vw, 630px\" alt=\"\">\r\n                            <\/a>\r\n                            \r\n                        <\/figure>\r\n                    <\/div>\r\n                    <div class = \"td-slide-item td-item5\">\r\n                        <figure class=\"td-slide-galery-figure td-slide-popup-gallery\">\r\n                            <a class=\"slide-gallery-image-link\" href=\"\/wp-content\/uploads\/sites\/5\/2021\/07\/Centro-de-Vacunacion-UMG-IGSS-20217.jpg\" title=\"Centro de Vacunacion UMG IGSS 2021=7\"  data-caption=\"\"  data-description=\"\">\r\n                                <img decoding=\"async\" src=\"\/wp-content\/uploads\/sites\/5\/2021\/07\/Centro-de-Vacunacion-UMG-IGSS-20217-560x420.jpg\" srcset=\"\/wp-content\/uploads\/sites\/5\/2021\/07\/Centro-de-Vacunacion-UMG-IGSS-20217-560x420.jpg 560w, \/wp-content\/uploads\/sites\/5\/2021\/07\/Centro-de-Vacunacion-UMG-IGSS-20217-300x225.jpg 300w, \/wp-content\/uploads\/sites\/5\/2021\/07\/Centro-de-Vacunacion-UMG-IGSS-20217-768x576.jpg 768w, \/wp-content\/uploads\/sites\/5\/2021\/07\/Centro-de-Vacunacion-UMG-IGSS-20217-1024x768.jpg 1024w, \/wp-content\/uploads\/sites\/5\/2021\/07\/Centro-de-Vacunacion-UMG-IGSS-20217-1536x1152.jpg 1536w, \/wp-content\/uploads\/sites\/5\/2021\/07\/Centro-de-Vacunacion-UMG-IGSS-20217-80x60.jpg 80w, \/wp-content\/uploads\/sites\/5\/2021\/07\/Centro-de-Vacunacion-UMG-IGSS-20217-696x522.jpg 696w, \/wp-content\/uploads\/sites\/5\/2021\/07\/Centro-de-Vacunacion-UMG-IGSS-20217-1068x801.jpg 1068w, \/wp-content\/uploads\/sites\/5\/2021\/07\/Centro-de-Vacunacion-UMG-IGSS-20217-265x198.jpg 265w, \/wp-content\/uploads\/sites\/5\/2021\/07\/Centro-de-Vacunacion-UMG-IGSS-20217-534x401.jpg 534w, \/wp-content\/uploads\/sites\/5\/2021\/07\/Centro-de-Vacunacion-UMG-IGSS-20217.jpg 1600w\" sizes=\"(max-width: 560px) 100vw, 560px\" alt=\"\">\r\n                            <\/a>\r\n                            \r\n                        <\/figure>\r\n                    <\/div>\r\n                    <div class = \"td-slide-item td-item6\">\r\n                        <figure class=\"td-slide-galery-figure td-slide-popup-gallery\">\r\n                            <a class=\"slide-gallery-image-link\" href=\"\/wp-content\/uploads\/sites\/5\/2021\/07\/Centro-de-Vacunacion-UMG-IGSS-202110.jpg\" title=\"Centro de Vacunacion UMG IGSS 2021=10\"  data-caption=\"\"  data-description=\"\">\r\n                                <img decoding=\"async\" src=\"\/wp-content\/uploads\/sites\/5\/2021\/07\/Centro-de-Vacunacion-UMG-IGSS-202110-630x420.jpg\" srcset=\"\/wp-content\/uploads\/sites\/5\/2021\/07\/Centro-de-Vacunacion-UMG-IGSS-202110-630x420.jpg 630w, \/wp-content\/uploads\/sites\/5\/2021\/07\/Centro-de-Vacunacion-UMG-IGSS-202110-300x200.jpg 300w, \/wp-content\/uploads\/sites\/5\/2021\/07\/Centro-de-Vacunacion-UMG-IGSS-202110-768x512.jpg 768w, \/wp-content\/uploads\/sites\/5\/2021\/07\/Centro-de-Vacunacion-UMG-IGSS-202110-1024x682.jpg 1024w, \/wp-content\/uploads\/sites\/5\/2021\/07\/Centro-de-Vacunacion-UMG-IGSS-202110-696x464.jpg 696w, \/wp-content\/uploads\/sites\/5\/2021\/07\/Centro-de-Vacunacion-UMG-IGSS-202110-1068x712.jpg 1068w, \/wp-content\/uploads\/sites\/5\/2021\/07\/Centro-de-Vacunacion-UMG-IGSS-202110-534x356.jpg 534w, \/wp-content\/uploads\/sites\/5\/2021\/07\/Centro-de-Vacunacion-UMG-IGSS-202110.jpg 1280w\" sizes=\"(max-width: 630px) 100vw, 630px\" alt=\"\">\r\n                            <\/a>\r\n                            \r\n                        <\/figure>\r\n                    <\/div>\r\n                    <div class = \"td-slide-item td-item7\">\r\n                        <figure class=\"td-slide-galery-figure td-slide-popup-gallery\">\r\n                            <a class=\"slide-gallery-image-link\" href=\"\/wp-content\/uploads\/sites\/5\/2021\/07\/Centro-de-Vacunacion-UMG-IGSS-20218.jpg\" title=\"Centro de Vacunacion UMG IGSS 2021=8\"  data-caption=\"\"  data-description=\"\">\r\n                                <img decoding=\"async\" src=\"\/wp-content\/uploads\/sites\/5\/2021\/07\/Centro-de-Vacunacion-UMG-IGSS-20218-630x420.jpg\" srcset=\"\/wp-content\/uploads\/sites\/5\/2021\/07\/Centro-de-Vacunacion-UMG-IGSS-20218-630x420.jpg 630w, \/wp-content\/uploads\/sites\/5\/2021\/07\/Centro-de-Vacunacion-UMG-IGSS-20218-300x200.jpg 300w, \/wp-content\/uploads\/sites\/5\/2021\/07\/Centro-de-Vacunacion-UMG-IGSS-20218-768x512.jpg 768w, \/wp-content\/uploads\/sites\/5\/2021\/07\/Centro-de-Vacunacion-UMG-IGSS-20218-1024x682.jpg 1024w, \/wp-content\/uploads\/sites\/5\/2021\/07\/Centro-de-Vacunacion-UMG-IGSS-20218-696x464.jpg 696w, \/wp-content\/uploads\/sites\/5\/2021\/07\/Centro-de-Vacunacion-UMG-IGSS-20218-1068x712.jpg 1068w, \/wp-content\/uploads\/sites\/5\/2021\/07\/Centro-de-Vacunacion-UMG-IGSS-20218-534x356.jpg 534w, \/wp-content\/uploads\/sites\/5\/2021\/07\/Centro-de-Vacunacion-UMG-IGSS-20218.jpg 1280w\" sizes=\"(max-width: 630px) 100vw, 630px\" alt=\"\">\r\n                            <\/a>\r\n                            \r\n                        <\/figure>\r\n                    <\/div>\r\n                    <div class = \"td-slide-item td-item8\">\r\n                        <figure class=\"td-slide-galery-figure td-slide-popup-gallery\">\r\n                            <a class=\"slide-gallery-image-link\" href=\"\/wp-content\/uploads\/sites\/5\/2021\/07\/Centro-de-Vacunacion-UMG-IGSS-20211.jpg\" title=\"Centro de Vacunacion UMG IGSS 2021=1\"  data-caption=\"\"  data-description=\"\">\r\n                                <img decoding=\"async\" src=\"\/wp-content\/uploads\/sites\/5\/2021\/07\/Centro-de-Vacunacion-UMG-IGSS-20211-746x420.jpg\" srcset=\"\/wp-content\/uploads\/sites\/5\/2021\/07\/Centro-de-Vacunacion-UMG-IGSS-20211-746x420.jpg 746w, \/wp-content\/uploads\/sites\/5\/2021\/07\/Centro-de-Vacunacion-UMG-IGSS-20211-300x169.jpg 300w, \/wp-content\/uploads\/sites\/5\/2021\/07\/Centro-de-Vacunacion-UMG-IGSS-20211-768x432.jpg 768w, \/wp-content\/uploads\/sites\/5\/2021\/07\/Centro-de-Vacunacion-UMG-IGSS-20211-1024x577.jpg 1024w, \/wp-content\/uploads\/sites\/5\/2021\/07\/Centro-de-Vacunacion-UMG-IGSS-20211-1536x865.jpg 1536w, \/wp-content\/uploads\/sites\/5\/2021\/07\/Centro-de-Vacunacion-UMG-IGSS-20211-696x392.jpg 696w, \/wp-content\/uploads\/sites\/5\/2021\/07\/Centro-de-Vacunacion-UMG-IGSS-20211-1068x601.jpg 1068w, \/wp-content\/uploads\/sites\/5\/2021\/07\/Centro-de-Vacunacion-UMG-IGSS-20211-534x301.jpg 534w, \/wp-content\/uploads\/sites\/5\/2021\/07\/Centro-de-Vacunacion-UMG-IGSS-20211.jpg 1600w\" sizes=\"(max-width: 746px) 100vw, 746px\" alt=\"\">\r\n                            <\/a>\r\n                            \r\n                        <\/figure>\r\n                    <\/div>\r\n                    <div class = \"td-slide-item td-item9\">\r\n                        <figure class=\"td-slide-galery-figure td-slide-popup-gallery\">\r\n                            <a class=\"slide-gallery-image-link\" href=\"\/wp-content\/uploads\/sites\/5\/2021\/07\/Centro-de-Vacunacion-UMG-IGSS-20213.jpg\" title=\"Centro de Vacunacion UMG IGSS 2021=3\"  data-caption=\"Erick Godoy es el primer docente vacunado en el puesto de vacunaci\u00f3n de la UMG.\"  data-description=\"\">\r\n                                <img decoding=\"async\" src=\"\/wp-content\/uploads\/sites\/5\/2021\/07\/Centro-de-Vacunacion-UMG-IGSS-20213-395x420.jpg\" srcset=\"\/wp-content\/uploads\/sites\/5\/2021\/07\/Centro-de-Vacunacion-UMG-IGSS-20213-395x420.jpg 395w, \/wp-content\/uploads\/sites\/5\/2021\/07\/Centro-de-Vacunacion-UMG-IGSS-20213-282x300.jpg 282w, \/wp-content\/uploads\/sites\/5\/2021\/07\/Centro-de-Vacunacion-UMG-IGSS-20213-768x817.jpg 768w, \/wp-content\/uploads\/sites\/5\/2021\/07\/Centro-de-Vacunacion-UMG-IGSS-20213-696x740.jpg 696w, \/wp-content\/uploads\/sites\/5\/2021\/07\/Centro-de-Vacunacion-UMG-IGSS-20213-434x462.jpg 434w, \/wp-content\/uploads\/sites\/5\/2021\/07\/Centro-de-Vacunacion-UMG-IGSS-20213.jpg 900w\" sizes=\"(max-width: 395px) 100vw, 395px\" alt=\"\">\r\n                            <\/a>\r\n                            <figcaption class = \"td-slide-caption td-gallery-slide-content\"><div class = \"td-gallery-slide-copywrite\">Erick Godoy es el primer docente vacunado en el puesto de vacunaci\u00f3n de la UMG.<\/div><\/figcaption>\r\n                        <\/figure>\r\n                    <\/div>\r\n                            <\/div>\r\n                        <\/div>\r\n\r\n                        <div class = \"td-doubleSlider-2\">\r\n                            <div class = \"td-slider\">\r\n                                \r\n                    <div class = \"td-button td-item1\">\r\n                        <div class = \"td-border\"><\/div>\r\n                    <\/div>\r\n                    <div class = \"td-button td-item2\">\r\n                        <div class = \"td-border\"><\/div>\r\n                    <\/div>\r\n                    <div class = \"td-button td-item3\">\r\n                        <div class = \"td-border\"><\/div>\r\n                    <\/div>\r\n                    <div class = \"td-button td-item4\">\r\n                        <div class = \"td-border\"><\/div>\r\n                    <\/div>\r\n                    <div class = \"td-button td-item5\">\r\n                        <div class = \"td-border\"><\/div>\r\n                    <\/div>\r\n                    <div class = \"td-button td-item6\">\r\n                        <div class = \"td-border\"><\/div>\r\n                    <\/div>\r\n                    <div class = \"td-button td-item7\">\r\n                        <div class = \"td-border\"><\/div>\r\n                    <\/div>\r\n                    <div class = \"td-button td-item8\">\r\n                        <div class = \"td-border\"><\/div>\r\n                    <\/div>\r\n                    <div class = \"td-button td-item9\">\r\n                        <div class = \"td-border\"><\/div>\r\n                    <\/div>\r\n                            <\/div>\r\n                        <\/div>\r\n\r\n                    <\/div>\r\n\r\n                <\/div>\r\n                \n","protected":false},"excerpt":{"rendered":"<p>\u201cEn nombre de la Junta Directiva y la Administraci\u00f3n del IGSS damos las gracias a las autoridades universitarias por este espacio para ampliar la vacunaci\u00f3n contra el COVID-19\u201d, fue parte del mensaje de la Dra. Ana Marilyn Ort\u00edz de Juarez, gerente general del Instituto Guatemalteco de Seguridad Social, en la inauguraci\u00f3n del centro de vacunaci\u00f3n [&hellip;]<\/p>\n","protected":false},"author":4,"featured_media":22495,"comment_status":"closed","ping_status":"closed","sticky":false,"template":"","format":"standard","meta":{"footnotes":""},"categories":[3,15,45],"tags":[1365,372,536,824,839],"coauthors":[881],"class_list":{"0":"post-22487","1":"post","2":"type-post","3":"status-publish","4":"format-standard","5":"has-post-thumbnail","7":"category-actualidad","8":"category-destacado","9":"category-jornadas-medicas","10":"tag-dr-rafael-espada","11":"tag-dra-marilyn-ortiz","12":"tag-jornadas-medicas","13":"tag-umg","14":"tag-universidad-mariano-galvez"},"_links":{"self":[{"href":"https:\/\/www.igssgt.org\/noticias\/wp-json\/wp\/v2\/posts\/22487","targetHints":{"allow":["GET"]}}],"collection":[{"href":"https:\/\/www.igssgt.org\/noticias\/wp-json\/wp\/v2\/posts"}],"about":[{"href":"https:\/\/www.igssgt.org\/noticias\/wp-json\/wp\/v2\/types\/post"}],"author":[{"embeddable":true,"href":"https:\/\/www.igssgt.org\/noticias\/wp-json\/wp\/v2\/users\/4"}],"replies":[{"embeddable":true,"href":"https:\/\/www.igssgt.org\/noticias\/wp-json\/wp\/v2\/comments?post=22487"}],"version-history":[{"count":7,"href":"https:\/\/www.igssgt.org\/noticias\/wp-json\/wp\/v2\/posts\/22487\/revisions"}],"predecessor-version":[{"id":22515,"href":"https:\/\/www.igssgt.org\/noticias\/wp-json\/wp\/v2\/posts\/22487\/revisions\/22515"}],"wp:featuredmedia":[{"embeddable":true,"href":"https:\/\/www.igssgt.org\/noticias\/wp-json\/wp\/v2\/media\/22495"}],"wp:attachment":[{"href":"https:\/\/www.igssgt.org\/noticias\/wp-json\/wp\/v2\/media?parent=22487"}],"wp:term":[{"taxonomy":"category","embeddable":true,"href":"https:\/\/www.igssgt.org\/noticias\/wp-json\/wp\/v2\/categories?post=22487"},{"taxonomy":"post_tag","embeddable":true,"href":"https:\/\/www.igssgt.org\/noticias\/wp-json\/wp\/v2\/tags?post=22487"},{"taxonomy":"author","embeddable":true,"href":"https:\/\/www.igssgt.org\/noticias\/wp-json\/wp\/v2\/coauthors?post=22487"}],"curies":[{"name":"wp","href":"https:\/\/api.w.org\/{rel}","templated":true}]}}