{"id":22721,"date":"2021-07-27T11:00:18","date_gmt":"2021-07-27T17:00:18","guid":{"rendered":"https:\/\/www.igssgt.org\/noticias\/?p=22721"},"modified":"2021-07-27T17:17:45","modified_gmt":"2021-07-27T23:17:45","slug":"el-igss-adquiere-sistema-de-enfriamiento-para-el-resguardo-de-vacunas","status":"publish","type":"post","link":"https:\/\/www.igssgt.org\/noticias\/2021\/07\/27\/el-igss-adquiere-sistema-de-enfriamiento-para-el-resguardo-de-vacunas\/","title":{"rendered":"El IGSS adquiere sistema de enfriamiento para el resguardo de vacunas"},"content":{"rendered":"\n<p><\/p>\n\n\n\n<p class=\"has-drop-cap\">Las autoridades del Instituto Guatemalteco de Seguridad Social (IGSS) inauguraron una c\u00e1mara de fr\u00edo para conservar a temperaturas adecuadas 240 mil vacunas contempladas dentro del esquema de inmunizaci\u00f3n de la instituci\u00f3n, entre ellas las dosis contra el COVID-19. Con esta log\u00edstica de conservaci\u00f3n se garantiza la disponibilidad oportuna e inmediata de estos recursos necesarios para la atenci\u00f3n de la poblaci\u00f3n objetiva establecido en el Plan Nacional de Vacunaci\u00f3n del Ministerio de Salud P\u00fablica y Asistencia Social.<\/p>\n\n\n\n<p>En el cuarto fr\u00edo se tiene previsto almacenar todo tipo de vacunas que requieran temperaturas de +2 a +8 grados cent\u00edgrados. El elemento fundamental en el resguardo de las dosis es el personal calificado y responsable con que cuenta la instituci\u00f3n, pues conocen las caracter\u00edsticas de estabilidad de cada preparado con el fin de garantizar la seguridad de las vacunas.<\/p>\n<p><iframe loading=\"lazy\" title=\"Inauguran cuarto fr\u00edo para conservaci\u00f3n de vacunas contra el COVID-19\" width=\"696\" height=\"392\" src=\"https:\/\/www.youtube.com\/embed\/D13MzntP2q0?feature=oembed\" frameborder=\"0\" allow=\"accelerometer; autoplay; clipboard-write; encrypted-media; gyroscope; picture-in-picture\" allowfullscreen><\/iframe><\/p>\n<p>El licenciado Jos\u00e9 Adolfo Flamenco Jau, presidente de la Junta Directiva del IGSS, expres\u00f3 su satisfacci\u00f3n por contar con este sistema de enfriamiento que garantiza el suministro de medicamentos y vacunas en tiempos de pandemia a nivel nacional. \u00a0<\/p>\n<p>\u201cEste almac\u00e9n coadyuva al manejo de la cadena de fr\u00edo, especialmente para la vacunas contra el COVID-19. No cabe duda de que el IGSS sigue innovando en los servicios, pues este tipo de infraestructura es importante para atender los servicios que demandan los afiliados, pensionados y beneficiarios\u201d, agreg\u00f3.<\/p>\n<p>La licenciada Evelyn Odeth Garc\u00eda Lemus, subgerente Administrativo del IGSS, resalt\u00f3 que la entrega del cuarto fr\u00edo, de tecnolog\u00eda de \u00faltima generaci\u00f3n, forma parte de una planificaci\u00f3n estrat\u00e9gica para fortalecer las \u00e1reas de adquisici\u00f3n.<\/p>\n<figure id=\"attachment_22724\" aria-describedby=\"caption-attachment-22724\" style=\"width: 1280px\" class=\"wp-caption aligncenter\"><img loading=\"lazy\" decoding=\"async\" class=\"wp-image-22724 size-full\" src=\"\/wp-content\/uploads\/sites\/5\/2021\/07\/Inauguracion-cuarto-frio-para-vacunas-COVID-19-IGSS-3.jpg\" alt=\"\" width=\"1280\" height=\"960\" srcset=\"\/wp-content\/uploads\/sites\/5\/2021\/07\/Inauguracion-cuarto-frio-para-vacunas-COVID-19-IGSS-3.jpg 1280w, \/wp-content\/uploads\/sites\/5\/2021\/07\/Inauguracion-cuarto-frio-para-vacunas-COVID-19-IGSS-3-300x225.jpg 300w, \/wp-content\/uploads\/sites\/5\/2021\/07\/Inauguracion-cuarto-frio-para-vacunas-COVID-19-IGSS-3-768x576.jpg 768w, \/wp-content\/uploads\/sites\/5\/2021\/07\/Inauguracion-cuarto-frio-para-vacunas-COVID-19-IGSS-3-1024x768.jpg 1024w, \/wp-content\/uploads\/sites\/5\/2021\/07\/Inauguracion-cuarto-frio-para-vacunas-COVID-19-IGSS-3-560x420.jpg 560w, \/wp-content\/uploads\/sites\/5\/2021\/07\/Inauguracion-cuarto-frio-para-vacunas-COVID-19-IGSS-3-80x60.jpg 80w, \/wp-content\/uploads\/sites\/5\/2021\/07\/Inauguracion-cuarto-frio-para-vacunas-COVID-19-IGSS-3-696x522.jpg 696w, \/wp-content\/uploads\/sites\/5\/2021\/07\/Inauguracion-cuarto-frio-para-vacunas-COVID-19-IGSS-3-1068x801.jpg 1068w, \/wp-content\/uploads\/sites\/5\/2021\/07\/Inauguracion-cuarto-frio-para-vacunas-COVID-19-IGSS-3-265x198.jpg 265w, \/wp-content\/uploads\/sites\/5\/2021\/07\/Inauguracion-cuarto-frio-para-vacunas-COVID-19-IGSS-3-534x401.jpg 534w\" sizes=\"auto, (max-width: 1280px) 100vw, 1280px\" \/><figcaption id=\"caption-attachment-22724\" class=\"wp-caption-text\">Licenciada Evelyn Odeth Garc\u00eda Lemus, subgerente Administrativo del IGSS.<\/figcaption><\/figure>\n<p>\u201cSe hace realidad uno de los sue\u00f1os que ten\u00eda el Seguro Social. Esta pandemia nos ha dejado tristeza, pero nos fortalece para continuar trabajando en beneficio de los asegurados para que cuenten con vacunas, y agradezco a los trabajadores involucrados en esta labor de manejar la log\u00edstica de las vacunas\u201d, a\u00f1adi\u00f3.<\/p>\n<h4><strong>Tecnolog\u00eda de \u00faltima generaci\u00f3n <\/strong><\/h4>\n<p>La c\u00e1mara de enfriamiento ofrece facilidad para que se mantenga la temperatura de las vacunas durante la preparaci\u00f3n de embalaje sin que se pierda la cadena de fr\u00edo, tambi\u00e9n cuenta con controladores de temperatura digitales que tienen un sistema por medio de mensaje de texto y correo electr\u00f3nico para dar las alertas ante una eventualidad en el sistema de enfriamiento, adem\u00e1s de disponer de alarma sonora y lum\u00ednica. Este sistema tiene ingreso por medio de huella digital y cuenta con respaldo de seguridad en caso de ocurrir una falla temporal en la cadena de fr\u00edo. \u00a0<\/p>\n<p>El IGSS mantiene las operaciones actuales de la cadena de fr\u00edo y la cadena de suministro de vacunas, elementos clave para ampliar la prestaci\u00f3n de servicios diarios de inmunizaci\u00f3n y permitir que m\u00e1s personas est\u00e9n protegidas contra el nuevo coronavirus.<\/p>\n\r\n                <style type=\"text\/css\">\r\n                    \r\n                    #tdi_1  .td-doubleSlider-2 .td-item1 {\r\n                        background: url(\/wp-content\/uploads\/sites\/5\/2021\/07\/Inauguracion-cuarto-frio-para-vacunas-COVID-19-IGSS-1-80x60.jpg) 0 0 no-repeat;\r\n                    }\r\n                    #tdi_1  .td-doubleSlider-2 .td-item2 {\r\n                        background: url(\/wp-content\/uploads\/sites\/5\/2021\/07\/Inauguracion-cuarto-frio-para-vacunas-COVID-19-IGSS-9-80x60.png) 0 0 no-repeat;\r\n                    }\r\n                    #tdi_1  .td-doubleSlider-2 .td-item3 {\r\n                        background: url(\/wp-content\/uploads\/sites\/5\/2021\/07\/Inauguracion-cuarto-frio-para-vacunas-COVID-19-IGSS-10-80x60.png) 0 0 no-repeat;\r\n                    }\r\n                    #tdi_1  .td-doubleSlider-2 .td-item4 {\r\n                        background: url(\/wp-content\/uploads\/sites\/5\/2021\/07\/Inauguracion-cuarto-frio-para-vacunas-COVID-19-IGSS-11-80x60.png) 0 0 no-repeat;\r\n                    }\r\n                    #tdi_1  .td-doubleSlider-2 .td-item5 {\r\n                        background: url(\/wp-content\/uploads\/sites\/5\/2021\/07\/Inauguracion-cuarto-frio-para-vacunas-COVID-19-IGSS-5-80x60.jpg) 0 0 no-repeat;\r\n                    }\r\n                    #tdi_1  .td-doubleSlider-2 .td-item6 {\r\n                        background: url(\/wp-content\/uploads\/sites\/5\/2021\/07\/Inauguracion-cuarto-frio-para-vacunas-COVID-19-IGSS-6-80x60.jpg) 0 0 no-repeat;\r\n                    }\r\n                <\/style>\r\n\r\n                <div id=\"tdi_1\" class=\"td-gallery td-slide-on-2-columns\">\r\n                    <div class=\"post_td_gallery\">\r\n                        <div class=\"td-gallery-slide-top\">\r\n                           <div class=\"td-gallery-title\">Galer\u00eda de Im\u00e1genes<\/div>\r\n\r\n                            <div class=\"td-gallery-controls-wrapper\">\r\n                                <div class=\"td-gallery-slide-count\"><span class=\"td-gallery-slide-item-focus\">1<\/span> de 6<\/div>\r\n                                <div class=\"td-gallery-slide-prev-next-but\">\r\n                                    <i class = \"td-icon-left doubleSliderPrevButton\"><\/i>\r\n                                    <i class = \"td-icon-right doubleSliderNextButton\"><\/i>\r\n                                <\/div>\r\n                            <\/div>\r\n                        <\/div>\r\n\r\n                        <div class = \"td-doubleSlider-1 \">\r\n                            <div class = \"td-slider\">\r\n                                \r\n                    <div class = \"td-slide-item td-item1\">\r\n                        <figure class=\"td-slide-galery-figure td-slide-popup-gallery\">\r\n                            <a class=\"slide-gallery-image-link\" href=\"\/wp-content\/uploads\/sites\/5\/2021\/07\/Inauguracion-cuarto-frio-para-vacunas-COVID-19-IGSS-1.jpg\" title=\"Inauguracion cuarto frio para vacunas COVID-19 IGSS-1\"  data-caption=\"\"  data-description=\"\">\r\n                                <img decoding=\"async\" src=\"\/wp-content\/uploads\/sites\/5\/2021\/07\/Inauguracion-cuarto-frio-para-vacunas-COVID-19-IGSS-1-560x420.jpg\" srcset=\"\/wp-content\/uploads\/sites\/5\/2021\/07\/Inauguracion-cuarto-frio-para-vacunas-COVID-19-IGSS-1-560x420.jpg 560w, \/wp-content\/uploads\/sites\/5\/2021\/07\/Inauguracion-cuarto-frio-para-vacunas-COVID-19-IGSS-1-300x225.jpg 300w, \/wp-content\/uploads\/sites\/5\/2021\/07\/Inauguracion-cuarto-frio-para-vacunas-COVID-19-IGSS-1-768x576.jpg 768w, \/wp-content\/uploads\/sites\/5\/2021\/07\/Inauguracion-cuarto-frio-para-vacunas-COVID-19-IGSS-1-1024x768.jpg 1024w, \/wp-content\/uploads\/sites\/5\/2021\/07\/Inauguracion-cuarto-frio-para-vacunas-COVID-19-IGSS-1-1536x1152.jpg 1536w, \/wp-content\/uploads\/sites\/5\/2021\/07\/Inauguracion-cuarto-frio-para-vacunas-COVID-19-IGSS-1-80x60.jpg 80w, \/wp-content\/uploads\/sites\/5\/2021\/07\/Inauguracion-cuarto-frio-para-vacunas-COVID-19-IGSS-1-696x522.jpg 696w, \/wp-content\/uploads\/sites\/5\/2021\/07\/Inauguracion-cuarto-frio-para-vacunas-COVID-19-IGSS-1-1068x801.jpg 1068w, \/wp-content\/uploads\/sites\/5\/2021\/07\/Inauguracion-cuarto-frio-para-vacunas-COVID-19-IGSS-1-265x198.jpg 265w, \/wp-content\/uploads\/sites\/5\/2021\/07\/Inauguracion-cuarto-frio-para-vacunas-COVID-19-IGSS-1-534x401.jpg 534w, \/wp-content\/uploads\/sites\/5\/2021\/07\/Inauguracion-cuarto-frio-para-vacunas-COVID-19-IGSS-1.jpg 1600w\" sizes=\"(max-width: 560px) 100vw, 560px\" alt=\"\">\r\n                            <\/a>\r\n                            \r\n                        <\/figure>\r\n                    <\/div>\r\n                    <div class = \"td-slide-item td-item2\">\r\n                        <figure class=\"td-slide-galery-figure td-slide-popup-gallery\">\r\n                            <a class=\"slide-gallery-image-link\" href=\"\/wp-content\/uploads\/sites\/5\/2021\/07\/Inauguracion-cuarto-frio-para-vacunas-COVID-19-IGSS-9.png\" title=\"Inauguracion cuarto frio para vacunas COVID-19 IGSS-9\"  data-caption=\"\"  data-description=\"\">\r\n                                <img decoding=\"async\" src=\"\/wp-content\/uploads\/sites\/5\/2021\/07\/Inauguracion-cuarto-frio-para-vacunas-COVID-19-IGSS-9-747x420.png\" srcset=\"\/wp-content\/uploads\/sites\/5\/2021\/07\/Inauguracion-cuarto-frio-para-vacunas-COVID-19-IGSS-9-747x420.png 747w, \/wp-content\/uploads\/sites\/5\/2021\/07\/Inauguracion-cuarto-frio-para-vacunas-COVID-19-IGSS-9-300x169.png 300w, \/wp-content\/uploads\/sites\/5\/2021\/07\/Inauguracion-cuarto-frio-para-vacunas-COVID-19-IGSS-9-768x432.png 768w, \/wp-content\/uploads\/sites\/5\/2021\/07\/Inauguracion-cuarto-frio-para-vacunas-COVID-19-IGSS-9-1024x576.png 1024w, \/wp-content\/uploads\/sites\/5\/2021\/07\/Inauguracion-cuarto-frio-para-vacunas-COVID-19-IGSS-9-696x392.png 696w, \/wp-content\/uploads\/sites\/5\/2021\/07\/Inauguracion-cuarto-frio-para-vacunas-COVID-19-IGSS-9-1068x601.png 1068w, \/wp-content\/uploads\/sites\/5\/2021\/07\/Inauguracion-cuarto-frio-para-vacunas-COVID-19-IGSS-9-534x300.png 534w, \/wp-content\/uploads\/sites\/5\/2021\/07\/Inauguracion-cuarto-frio-para-vacunas-COVID-19-IGSS-9.png 1278w\" sizes=\"(max-width: 747px) 100vw, 747px\" alt=\"\">\r\n                            <\/a>\r\n                            \r\n                        <\/figure>\r\n                    <\/div>\r\n                    <div class = \"td-slide-item td-item3\">\r\n                        <figure class=\"td-slide-galery-figure td-slide-popup-gallery\">\r\n                            <a class=\"slide-gallery-image-link\" href=\"\/wp-content\/uploads\/sites\/5\/2021\/07\/Inauguracion-cuarto-frio-para-vacunas-COVID-19-IGSS-10.png\" title=\"Inauguracion cuarto frio para vacunas COVID-19 IGSS-10\"  data-caption=\"\"  data-description=\"\">\r\n                                <img decoding=\"async\" src=\"\/wp-content\/uploads\/sites\/5\/2021\/07\/Inauguracion-cuarto-frio-para-vacunas-COVID-19-IGSS-10-689x420.png\" srcset=\"\/wp-content\/uploads\/sites\/5\/2021\/07\/Inauguracion-cuarto-frio-para-vacunas-COVID-19-IGSS-10-689x420.png 689w, \/wp-content\/uploads\/sites\/5\/2021\/07\/Inauguracion-cuarto-frio-para-vacunas-COVID-19-IGSS-10-300x183.png 300w, \/wp-content\/uploads\/sites\/5\/2021\/07\/Inauguracion-cuarto-frio-para-vacunas-COVID-19-IGSS-10-768x468.png 768w, \/wp-content\/uploads\/sites\/5\/2021\/07\/Inauguracion-cuarto-frio-para-vacunas-COVID-19-IGSS-10-1024x625.png 1024w, \/wp-content\/uploads\/sites\/5\/2021\/07\/Inauguracion-cuarto-frio-para-vacunas-COVID-19-IGSS-10-696x424.png 696w, \/wp-content\/uploads\/sites\/5\/2021\/07\/Inauguracion-cuarto-frio-para-vacunas-COVID-19-IGSS-10-1068x651.png 1068w, \/wp-content\/uploads\/sites\/5\/2021\/07\/Inauguracion-cuarto-frio-para-vacunas-COVID-19-IGSS-10-534x326.png 534w, \/wp-content\/uploads\/sites\/5\/2021\/07\/Inauguracion-cuarto-frio-para-vacunas-COVID-19-IGSS-10.png 1151w\" sizes=\"(max-width: 689px) 100vw, 689px\" alt=\"\">\r\n                            <\/a>\r\n                            \r\n                        <\/figure>\r\n                    <\/div>\r\n                    <div class = \"td-slide-item td-item4\">\r\n                        <figure class=\"td-slide-galery-figure td-slide-popup-gallery\">\r\n                            <a class=\"slide-gallery-image-link\" href=\"\/wp-content\/uploads\/sites\/5\/2021\/07\/Inauguracion-cuarto-frio-para-vacunas-COVID-19-IGSS-11.png\" title=\"Inauguracion cuarto frio para vacunas COVID-19 IGSS-11\"  data-caption=\"\"  data-description=\"\">\r\n                                <img decoding=\"async\" src=\"\/wp-content\/uploads\/sites\/5\/2021\/07\/Inauguracion-cuarto-frio-para-vacunas-COVID-19-IGSS-11-746x420.png\" srcset=\"\/wp-content\/uploads\/sites\/5\/2021\/07\/Inauguracion-cuarto-frio-para-vacunas-COVID-19-IGSS-11-746x420.png 746w, \/wp-content\/uploads\/sites\/5\/2021\/07\/Inauguracion-cuarto-frio-para-vacunas-COVID-19-IGSS-11-300x169.png 300w, \/wp-content\/uploads\/sites\/5\/2021\/07\/Inauguracion-cuarto-frio-para-vacunas-COVID-19-IGSS-11-768x432.png 768w, \/wp-content\/uploads\/sites\/5\/2021\/07\/Inauguracion-cuarto-frio-para-vacunas-COVID-19-IGSS-11-1024x576.png 1024w, \/wp-content\/uploads\/sites\/5\/2021\/07\/Inauguracion-cuarto-frio-para-vacunas-COVID-19-IGSS-11-696x392.png 696w, \/wp-content\/uploads\/sites\/5\/2021\/07\/Inauguracion-cuarto-frio-para-vacunas-COVID-19-IGSS-11-1068x601.png 1068w, \/wp-content\/uploads\/sites\/5\/2021\/07\/Inauguracion-cuarto-frio-para-vacunas-COVID-19-IGSS-11-534x300.png 534w, \/wp-content\/uploads\/sites\/5\/2021\/07\/Inauguracion-cuarto-frio-para-vacunas-COVID-19-IGSS-11.png 1276w\" sizes=\"(max-width: 746px) 100vw, 746px\" alt=\"\">\r\n                            <\/a>\r\n                            \r\n                        <\/figure>\r\n                    <\/div>\r\n                    <div class = \"td-slide-item td-item5\">\r\n                        <figure class=\"td-slide-galery-figure td-slide-popup-gallery\">\r\n                            <a class=\"slide-gallery-image-link\" href=\"\/wp-content\/uploads\/sites\/5\/2021\/07\/Inauguracion-cuarto-frio-para-vacunas-COVID-19-IGSS-5.jpg\" title=\"Inauguracion cuarto frio para vacunas COVID-19 IGSS-5\"  data-caption=\"\"  data-description=\"\">\r\n                                <img decoding=\"async\" src=\"\/wp-content\/uploads\/sites\/5\/2021\/07\/Inauguracion-cuarto-frio-para-vacunas-COVID-19-IGSS-5-560x420.jpg\" srcset=\"\/wp-content\/uploads\/sites\/5\/2021\/07\/Inauguracion-cuarto-frio-para-vacunas-COVID-19-IGSS-5-560x420.jpg 560w, \/wp-content\/uploads\/sites\/5\/2021\/07\/Inauguracion-cuarto-frio-para-vacunas-COVID-19-IGSS-5-300x225.jpg 300w, \/wp-content\/uploads\/sites\/5\/2021\/07\/Inauguracion-cuarto-frio-para-vacunas-COVID-19-IGSS-5-768x576.jpg 768w, \/wp-content\/uploads\/sites\/5\/2021\/07\/Inauguracion-cuarto-frio-para-vacunas-COVID-19-IGSS-5-1024x768.jpg 1024w, \/wp-content\/uploads\/sites\/5\/2021\/07\/Inauguracion-cuarto-frio-para-vacunas-COVID-19-IGSS-5-80x60.jpg 80w, \/wp-content\/uploads\/sites\/5\/2021\/07\/Inauguracion-cuarto-frio-para-vacunas-COVID-19-IGSS-5-696x522.jpg 696w, \/wp-content\/uploads\/sites\/5\/2021\/07\/Inauguracion-cuarto-frio-para-vacunas-COVID-19-IGSS-5-1068x801.jpg 1068w, \/wp-content\/uploads\/sites\/5\/2021\/07\/Inauguracion-cuarto-frio-para-vacunas-COVID-19-IGSS-5-265x198.jpg 265w, \/wp-content\/uploads\/sites\/5\/2021\/07\/Inauguracion-cuarto-frio-para-vacunas-COVID-19-IGSS-5-534x401.jpg 534w, \/wp-content\/uploads\/sites\/5\/2021\/07\/Inauguracion-cuarto-frio-para-vacunas-COVID-19-IGSS-5.jpg 1280w\" sizes=\"(max-width: 560px) 100vw, 560px\" alt=\"\">\r\n                            <\/a>\r\n                            \r\n                        <\/figure>\r\n                    <\/div>\r\n                    <div class = \"td-slide-item td-item6\">\r\n                        <figure class=\"td-slide-galery-figure td-slide-popup-gallery\">\r\n                            <a class=\"slide-gallery-image-link\" href=\"\/wp-content\/uploads\/sites\/5\/2021\/07\/Inauguracion-cuarto-frio-para-vacunas-COVID-19-IGSS-6.jpg\" title=\"Inauguracion cuarto frio para vacunas COVID-19 IGSS-6\"  data-caption=\"\"  data-description=\"\">\r\n                                <img decoding=\"async\" src=\"\/wp-content\/uploads\/sites\/5\/2021\/07\/Inauguracion-cuarto-frio-para-vacunas-COVID-19-IGSS-6-727x420.jpg\" srcset=\"\/wp-content\/uploads\/sites\/5\/2021\/07\/Inauguracion-cuarto-frio-para-vacunas-COVID-19-IGSS-6-727x420.jpg 727w, \/wp-content\/uploads\/sites\/5\/2021\/07\/Inauguracion-cuarto-frio-para-vacunas-COVID-19-IGSS-6-300x173.jpg 300w, \/wp-content\/uploads\/sites\/5\/2021\/07\/Inauguracion-cuarto-frio-para-vacunas-COVID-19-IGSS-6-768x444.jpg 768w, \/wp-content\/uploads\/sites\/5\/2021\/07\/Inauguracion-cuarto-frio-para-vacunas-COVID-19-IGSS-6-1024x591.jpg 1024w, \/wp-content\/uploads\/sites\/5\/2021\/07\/Inauguracion-cuarto-frio-para-vacunas-COVID-19-IGSS-6-1536x887.jpg 1536w, \/wp-content\/uploads\/sites\/5\/2021\/07\/Inauguracion-cuarto-frio-para-vacunas-COVID-19-IGSS-6-696x402.jpg 696w, \/wp-content\/uploads\/sites\/5\/2021\/07\/Inauguracion-cuarto-frio-para-vacunas-COVID-19-IGSS-6-1068x617.jpg 1068w, \/wp-content\/uploads\/sites\/5\/2021\/07\/Inauguracion-cuarto-frio-para-vacunas-COVID-19-IGSS-6-534x308.jpg 534w, \/wp-content\/uploads\/sites\/5\/2021\/07\/Inauguracion-cuarto-frio-para-vacunas-COVID-19-IGSS-6.jpg 1600w\" sizes=\"(max-width: 727px) 100vw, 727px\" alt=\"\">\r\n                            <\/a>\r\n                            \r\n                        <\/figure>\r\n                    <\/div>\r\n                            <\/div>\r\n                        <\/div>\r\n\r\n                        <div class = \"td-doubleSlider-2\">\r\n                            <div class = \"td-slider\">\r\n                                \r\n                    <div class = \"td-button td-item1\">\r\n                        <div class = \"td-border\"><\/div>\r\n                    <\/div>\r\n                    <div class = \"td-button td-item2\">\r\n                        <div class = \"td-border\"><\/div>\r\n                    <\/div>\r\n                    <div class = \"td-button td-item3\">\r\n                        <div class = \"td-border\"><\/div>\r\n                    <\/div>\r\n                    <div class = \"td-button td-item4\">\r\n                        <div class = \"td-border\"><\/div>\r\n                    <\/div>\r\n                    <div class = \"td-button td-item5\">\r\n                        <div class = \"td-border\"><\/div>\r\n                    <\/div>\r\n                    <div class = \"td-button td-item6\">\r\n                        <div class = \"td-border\"><\/div>\r\n                    <\/div>\r\n                            <\/div>\r\n                        <\/div>\r\n\r\n                    <\/div>\r\n\r\n                <\/div>\r\n                \n","protected":false},"excerpt":{"rendered":"<p>Las autoridades del Instituto Guatemalteco de Seguridad Social (IGSS) inauguraron una c\u00e1mara de fr\u00edo para conservar a temperaturas adecuadas 240 mil vacunas contempladas dentro del esquema de inmunizaci\u00f3n de la instituci\u00f3n, entre ellas las dosis contra el COVID-19. Con esta log\u00edstica de conservaci\u00f3n se garantiza la disponibilidad oportuna e inmediata de estos recursos necesarios para [&hellip;]<\/p>\n","protected":false},"author":4,"featured_media":22727,"comment_status":"closed","ping_status":"closed","sticky":false,"template":"","format":"standard","meta":{"footnotes":""},"categories":[3,15,18],"tags":[1367,1181],"coauthors":[881],"class_list":{"0":"post-22721","1":"post","2":"type-post","3":"status-publish","4":"format-standard","5":"has-post-thumbnail","7":"category-actualidad","8":"category-destacado","9":"category-equipamiento-e-infraestructura","10":"tag-equipamiento","11":"tag-igss-notas-covid-19"},"_links":{"self":[{"href":"https:\/\/www.igssgt.org\/noticias\/wp-json\/wp\/v2\/posts\/22721","targetHints":{"allow":["GET"]}}],"collection":[{"href":"https:\/\/www.igssgt.org\/noticias\/wp-json\/wp\/v2\/posts"}],"about":[{"href":"https:\/\/www.igssgt.org\/noticias\/wp-json\/wp\/v2\/types\/post"}],"author":[{"embeddable":true,"href":"https:\/\/www.igssgt.org\/noticias\/wp-json\/wp\/v2\/users\/4"}],"replies":[{"embeddable":true,"href":"https:\/\/www.igssgt.org\/noticias\/wp-json\/wp\/v2\/comments?post=22721"}],"version-history":[{"count":6,"href":"https:\/\/www.igssgt.org\/noticias\/wp-json\/wp\/v2\/posts\/22721\/revisions"}],"predecessor-version":[{"id":22740,"href":"https:\/\/www.igssgt.org\/noticias\/wp-json\/wp\/v2\/posts\/22721\/revisions\/22740"}],"wp:featuredmedia":[{"embeddable":true,"href":"https:\/\/www.igssgt.org\/noticias\/wp-json\/wp\/v2\/media\/22727"}],"wp:attachment":[{"href":"https:\/\/www.igssgt.org\/noticias\/wp-json\/wp\/v2\/media?parent=22721"}],"wp:term":[{"taxonomy":"category","embeddable":true,"href":"https:\/\/www.igssgt.org\/noticias\/wp-json\/wp\/v2\/categories?post=22721"},{"taxonomy":"post_tag","embeddable":true,"href":"https:\/\/www.igssgt.org\/noticias\/wp-json\/wp\/v2\/tags?post=22721"},{"taxonomy":"author","embeddable":true,"href":"https:\/\/www.igssgt.org\/noticias\/wp-json\/wp\/v2\/coauthors?post=22721"}],"curies":[{"name":"wp","href":"https:\/\/api.w.org\/{rel}","templated":true}]}}