{"id":22806,"date":"2021-08-05T06:30:53","date_gmt":"2021-08-05T12:30:53","guid":{"rendered":"https:\/\/www.igssgt.org\/noticias\/?p=22806"},"modified":"2022-01-11T11:18:24","modified_gmt":"2022-01-11T17:18:24","slug":"los-10-aspectos-que-deben-interesarle-para-asegurar-su-vejez-con-el-igss","status":"publish","type":"post","link":"https:\/\/www.igssgt.org\/noticias\/2021\/08\/05\/los-10-aspectos-que-deben-interesarle-para-asegurar-su-vejez-con-el-igss\/","title":{"rendered":"Los 10 aspectos que deben interesarle para asegurar su vejez con el IGSS"},"content":{"rendered":"\n<p><strong>Estar preparado para la diferentes etapas de la vida y los riesgos que llegan con ellas es la previsi\u00f3n social<\/strong>, por ello la Seguridad Social se sostiene en un modelo contributivo solidario, el cual permite que las personas en edad productiva puedan aportar y a la vez que se aseguran su protecci\u00f3n, tambi\u00e9n suplen las necesidades de los que antes aportaron y hoy necesitan el soporte del IGSS.<\/p>\n\n\n\n<p>El licenciado Selvin D\u00edaz, asesor de la Subgerencia de Prestaciones Pecuniarias, asegura que cuando los j\u00f3venes hablan del <strong>tema de la vejez, frecuentemente lo conciben como algo muy lejano o una etapa que no llegar\u00e1 pronto, pero los adultos mayores son testigos de que llega m\u00e1s r\u00e1pido de lo que se piensa. <\/strong><\/p>\n\n\n\n<figure class=\"wp-block-pullquote has-background is-style-default\" style=\"border-color:#abb8c3\"><blockquote class=\"has-text-color has-black-color\"><p>\u201c\u00bfPor qu\u00e9 es importante ahorrar y planificar para la vejez? En primera instancia porque la esperanza de vida en el pa\u00eds se ha incrementado, pero eso tambi\u00e9n significa que vamos a necesitar m\u00e1s recursos para vivir esos a\u00f1os que se han incrementado, por ello es importante empezar a aportar al R\u00e9gimen de la Seguridad Social\u201d.<\/p><cite>Lic. Selvin D\u00edaz, asesor de la Subgerencia de Prestaciones Pecuniarias<\/cite><\/blockquote><\/figure>\n\n\n\n<figure class=\"wp-block-image size-large\"><img loading=\"lazy\" decoding=\"async\" width=\"1024\" height=\"682\" src=\"\/wp-content\/uploads\/sites\/5\/2021\/08\/Seguro-vejez-dos-1024x682.jpeg\" alt=\"\" class=\"wp-image-22812\" srcset=\"\/wp-content\/uploads\/sites\/5\/2021\/08\/Seguro-vejez-dos-1024x682.jpeg 1024w, \/wp-content\/uploads\/sites\/5\/2021\/08\/Seguro-vejez-dos-300x200.jpeg 300w, \/wp-content\/uploads\/sites\/5\/2021\/08\/Seguro-vejez-dos-768x512.jpeg 768w, \/wp-content\/uploads\/sites\/5\/2021\/08\/Seguro-vejez-dos-630x420.jpeg 630w, \/wp-content\/uploads\/sites\/5\/2021\/08\/Seguro-vejez-dos-696x464.jpeg 696w, \/wp-content\/uploads\/sites\/5\/2021\/08\/Seguro-vejez-dos-1068x712.jpeg 1068w, \/wp-content\/uploads\/sites\/5\/2021\/08\/Seguro-vejez-dos-534x356.jpeg 534w, \/wp-content\/uploads\/sites\/5\/2021\/08\/Seguro-vejez-dos.jpeg 1280w\" sizes=\"auto, (max-width: 1024px) 100vw, 1024px\" \/><figcaption>Los j\u00f3venes que se involucran en la cultura de previsi\u00f3n vivir\u00e1n tranquilos cuando sean adultos mayores. (Foto IGSS: Yenifer Ti\u00f1o)<\/figcaption><\/figure>\n\n\n\n<h2 class=\"wp-block-heading\"><strong>Cultura previsional<\/strong><\/h2>\n\n\n\n<p>Para D\u00edaz, uno de los puntos clave en la vida es <strong>la cultura previsional porque fomenta el h\u00e1bito del ahorro para tener la garant\u00eda de un seguro en la vejez o ante cualquier otro riesgo laboral, como la incapacidad y la muerte,<\/strong> los cuales tambi\u00e9n son cubiertos por el Programa de Invalidez, Vejez y Sobrevivencia del IGSS.<\/p>\n\n\n\n<p>\u201cTenemos que tomar conciencia de que todos vamos hacia el retiro laboral indistintamente de nuestra edad, para ello se requiere planificar nuestra vejez como un proyecto de vida, de c\u00f3mo me quiero ver cuando llegue mi retiro laboral y de qu\u00e9 manera quiero vivir y con base en ello fomentar esta cultura\u201d, dijo D\u00edaz con base en las recomendaciones de expertos internacionales.<\/p>\n\n\n\n<p><strong>Los aportes al Programa IVS del Seguro Social son una forma de automatizar el ahorro,<\/strong> porque los trabajadores aportan el 1.83 por ciento de los ingresos mensuales reales (m\u00e1s el 3.67 por ciento que aporta el patrono) los cuales le aseguran protecci\u00f3n contra los riesgos inmediatos como la discapacidad o muerte, pero <strong>sobre todo para la vejez porque adem\u00e1s de una mensualidad y otros beneficios econ\u00f3micos recibe atenci\u00f3n m\u00e9dica y tratamientos de cualquier \u00edndole.<\/strong><\/p>\n\n\n\n<figure class=\"wp-block-embed is-type-video is-provider-youtube wp-block-embed-youtube wp-embed-aspect-16-9 wp-has-aspect-ratio\"><div class=\"wp-block-embed__wrapper\">\n<div class=\"youtube-embed\" data-video_id=\"qW27Hawftxw\"><iframe loading=\"lazy\" title=\"Conozca los beneficios del sistema de pensiones del Seguro Social, IGSS TV 187\" width=\"696\" height=\"392\" src=\"https:\/\/www.youtube.com\/embed\/qW27Hawftxw?feature=oembed&#038;enablejsapi=1\" frameborder=\"0\" allow=\"accelerometer; autoplay; clipboard-write; encrypted-media; gyroscope; picture-in-picture\" allowfullscreen><\/iframe><\/div>\n<\/div><figcaption>En breve: una explicaci\u00f3n sobre el seguro del IGSS contra el riesgo de vejez.<\/figcaption><\/figure>\n\n\n\n<p><\/p>\n\n\n\n<h3 class=\"wp-block-heading\"><strong>Estos son 10 aspectos que debe conocer del seguro por vejez<\/strong><\/h3>\n\n\n\n<ol class=\"wp-block-list\"><li>240 son las cuotas m\u00ednimas actuales para tener derecho a la pensi\u00f3n<\/li><li>Debe tener 60 a\u00f1os de edad para poder pensionarse por vejez<\/li><li>El monto de pensi\u00f3n se incrementa cuando hace m\u00e1s aportes de los 240 m\u00ednimos<\/li><li>La pensi\u00f3n es vitalicia y el afiliado puede heredarla a la esposa o a hijos menores cuando fallece<\/li><li>Los pensionados recuperan m\u00e1s del 100 por ciento de todo lo aportado al Programa IVS<\/li><li>Actualmente el monto m\u00e1ximo por el cual se calcula la pensi\u00f3n es por Q9 mil, para obtener una pensi\u00f3n de hasta Q7,200<\/li><li>El monto de la pensi\u00f3n puede llegar hasta el 80 por ciento de su remuneraci\u00f3n base<\/li><li>El salario reportado al IGSS debe ser el real, porque con base en eso se calcula su pensi\u00f3n<\/li><li>Si usted deja de laborar con un patrono puede optar a la Contribuci\u00f3n Voluntaria, para seguir aportando al Programa IVS y acumulando cuotas para la vejez<\/li><li>Los pensionado por vejez tienen derecho a los servicios m\u00e9dicos ilimitados sin importar que sean enfermedades cr\u00f3nicas, cuyos tratamientos son de alto costo<\/li><\/ol>\n\n\n\n<figure class=\"wp-block-image size-large\"><img loading=\"lazy\" decoding=\"async\" width=\"682\" height=\"1024\" src=\"\/wp-content\/uploads\/sites\/5\/2021\/08\/Seguro-vejez-tres-682x1024.jpeg\" alt=\"\" class=\"wp-image-22813\" srcset=\"\/wp-content\/uploads\/sites\/5\/2021\/08\/Seguro-vejez-tres-682x1024.jpeg 682w, \/wp-content\/uploads\/sites\/5\/2021\/08\/Seguro-vejez-tres-200x300.jpeg 200w, \/wp-content\/uploads\/sites\/5\/2021\/08\/Seguro-vejez-tres-768x1152.jpeg 768w, \/wp-content\/uploads\/sites\/5\/2021\/08\/Seguro-vejez-tres-280x420.jpeg 280w, \/wp-content\/uploads\/sites\/5\/2021\/08\/Seguro-vejez-tres-696x1044.jpeg 696w, \/wp-content\/uploads\/sites\/5\/2021\/08\/Seguro-vejez-tres-308x462.jpeg 308w, \/wp-content\/uploads\/sites\/5\/2021\/08\/Seguro-vejez-tres.jpeg 853w\" sizes=\"auto, (max-width: 682px) 100vw, 682px\" \/><figcaption>Las familias son testigos de las necesidades que tienen los adultos mayores en esa etapa de la vida. Una pensi\u00f3n y atenci\u00f3n m\u00e9dica especializada ayudan a sobrellevarla. (Foto IGSS: Archivo)<\/figcaption><\/figure>\n\n\n\n<p>Reciba una atenci\u00f3n personalizada en nuestro centro de contacto llamando al 1522, opci\u00f3n 3. <\/p>\n","protected":false},"excerpt":{"rendered":"<p>Estar preparado para la diferentes etapas de la vida y los riesgos que llegan con ellas es la previsi\u00f3n social, por ello la Seguridad Social se sostiene en un modelo contributivo solidario, el cual permite que las personas en edad productiva puedan aportar y a la vez que se aseguran su protecci\u00f3n, tambi\u00e9n suplen las [&hellip;]<\/p>\n","protected":false},"author":601,"featured_media":22807,"comment_status":"closed","ping_status":"closed","sticky":false,"template":"","format":"standard","meta":{"footnotes":""},"categories":[3,4,25,1290],"tags":[490,524,1374,1375,1360,778],"coauthors":[1263],"class_list":{"0":"post-22806","1":"post","2":"type-post","3":"status-publish","4":"format-standard","5":"has-post-thumbnail","7":"category-actualidad","8":"category-afiliados","9":"category-pensionados","10":"category-prestaciones-economicas","11":"tag-igss","12":"tag-ivs","13":"tag-pension-por-vejez","14":"tag-prevision-social","15":"tag-programa-ivs","16":"tag-seguro-social"},"_links":{"self":[{"href":"https:\/\/www.igssgt.org\/noticias\/wp-json\/wp\/v2\/posts\/22806","targetHints":{"allow":["GET"]}}],"collection":[{"href":"https:\/\/www.igssgt.org\/noticias\/wp-json\/wp\/v2\/posts"}],"about":[{"href":"https:\/\/www.igssgt.org\/noticias\/wp-json\/wp\/v2\/types\/post"}],"author":[{"embeddable":true,"href":"https:\/\/www.igssgt.org\/noticias\/wp-json\/wp\/v2\/users\/601"}],"replies":[{"embeddable":true,"href":"https:\/\/www.igssgt.org\/noticias\/wp-json\/wp\/v2\/comments?post=22806"}],"version-history":[{"count":7,"href":"https:\/\/www.igssgt.org\/noticias\/wp-json\/wp\/v2\/posts\/22806\/revisions"}],"predecessor-version":[{"id":24670,"href":"https:\/\/www.igssgt.org\/noticias\/wp-json\/wp\/v2\/posts\/22806\/revisions\/24670"}],"wp:featuredmedia":[{"embeddable":true,"href":"https:\/\/www.igssgt.org\/noticias\/wp-json\/wp\/v2\/media\/22807"}],"wp:attachment":[{"href":"https:\/\/www.igssgt.org\/noticias\/wp-json\/wp\/v2\/media?parent=22806"}],"wp:term":[{"taxonomy":"category","embeddable":true,"href":"https:\/\/www.igssgt.org\/noticias\/wp-json\/wp\/v2\/categories?post=22806"},{"taxonomy":"post_tag","embeddable":true,"href":"https:\/\/www.igssgt.org\/noticias\/wp-json\/wp\/v2\/tags?post=22806"},{"taxonomy":"author","embeddable":true,"href":"https:\/\/www.igssgt.org\/noticias\/wp-json\/wp\/v2\/coauthors?post=22806"}],"curies":[{"name":"wp","href":"https:\/\/api.w.org\/{rel}","templated":true}]}}