{"id":22815,"date":"2021-08-04T10:15:11","date_gmt":"2021-08-04T16:15:11","guid":{"rendered":"https:\/\/www.igssgt.org\/noticias\/?p=22815"},"modified":"2021-08-04T15:45:32","modified_gmt":"2021-08-04T21:45:32","slug":"lactancia-materna-un-gesto-de-amor-para-toda-la-vida","status":"publish","type":"post","link":"https:\/\/www.igssgt.org\/noticias\/2021\/08\/04\/lactancia-materna-un-gesto-de-amor-para-toda-la-vida\/","title":{"rendered":"Lactancia materna,  un gesto de amor para toda la vida"},"content":{"rendered":"\n<p><\/p>\n\n\n\n<p class=\"has-drop-cap\">Lactancia materna, dos palabras que tienen un gran significado para el ser humano, &nbsp;entre estos se encuentran: el v\u00ednculo de amor entre la madre y el beb\u00e9 para toda la vida, y tambi\u00e9n es la primera vacuna que recibimos al nacer, debido a los grandes beneficios que aporta.<\/p>\n\n\n\n<p>Del 1 al 7 de agosto de cada a\u00f1o se celebra la Semana Mundial de la Lactancia Materna y en 2021 el lema es \u201cProteger la Lactancia Materna: una responsabilidad compartida\u201d, dio a conocer la Dra. M\u00f3nica Rodr\u00edguez, jefe de la Secci\u00f3n de Higiene Materno Infantil del Departamento de Medicina Preventiva, de la Subgerencia de Prestaciones en Salud.<\/p>\n<p><img loading=\"lazy\" decoding=\"async\" class=\"aligncenter size-full wp-image-22827\" src=\"\/wp-content\/uploads\/sites\/5\/2021\/08\/Lactancia-materna-IGSS-20216-1.jpg\" alt=\"\" width=\"826\" height=\"754\" srcset=\"\/wp-content\/uploads\/sites\/5\/2021\/08\/Lactancia-materna-IGSS-20216-1.jpg 826w, \/wp-content\/uploads\/sites\/5\/2021\/08\/Lactancia-materna-IGSS-20216-1-300x274.jpg 300w, \/wp-content\/uploads\/sites\/5\/2021\/08\/Lactancia-materna-IGSS-20216-1-768x701.jpg 768w, \/wp-content\/uploads\/sites\/5\/2021\/08\/Lactancia-materna-IGSS-20216-1-460x420.jpg 460w, \/wp-content\/uploads\/sites\/5\/2021\/08\/Lactancia-materna-IGSS-20216-1-696x635.jpg 696w, \/wp-content\/uploads\/sites\/5\/2021\/08\/Lactancia-materna-IGSS-20216-1-506x462.jpg 506w\" sizes=\"auto, (max-width: 826px) 100vw, 826px\" \/><\/p>\n<p>El IGSS, a trav\u00e9s de su Pol\u00edtica Preventiva de la Seguridad Social en Guatemala, trabaja arduamente antes, durante y despu\u00e9s del nacimiento del beb\u00e9 para educar a las madres y familiares en cuanto a la importancia de la lactancia materna gracias al equipo multidisciplinario del Instituto conformado por pediatras, nutricionistas y educadoras en salud.<\/p>\n<p>Rodr\u00edguez indic\u00f3 que en 2020 y 2021 el reto ha sido grande ante el COVID-19, sin embargo, la instituci\u00f3n ha innovado sus herramientas para seguir fortaleciendo la lactancia materna en las afiliadas, beneficiarias y guatemaltecas en general a trav\u00e9s del uso de la tecnolog\u00eda. \u00a0<\/p>\n<blockquote>\n<p><strong>La lactancia materna no debe suspenderse, debe proveerse al beb\u00e9 el mayor tiempo posible<\/strong><\/p>\n<\/blockquote>\n<p>Entre las consultas m\u00e1s frecuentes de las madres en per\u00edodo de lactancia ante el virus del COVID-19 se encuentran:<\/p>\n<p><strong>\u00bfEs conveniente amamantar a mi beb\u00e9 si soy sospechosa o positiva de COVID-19?<\/strong> La respuesta es s\u00ed. Pueden continuar con la lactancia materna cumpliendo con las medidas de contenci\u00f3n del virus utilizando correctamente la mascarilla, lavado de las manos con agua y jab\u00f3n, o utilizar alcohol en gel, antes y despu\u00e9s de tocar al beb\u00e9, y limpiar todas las superficies que haya tocado.<\/p>\n<p><strong>\u00bfDeber\u00eda vacunarme contra el COVID-19 si estoy amamantando? <\/strong>S\u00ed, puede vacunarse contra el nuevo coronavirus la persona que se encuentra amamantando o extrayendo leche materna. Tambi\u00e9n es seguro continuar amamantando a su beb\u00e9 despu\u00e9s de recibir la vacuna para proteger al beb\u00e9.<\/p>\n<p><strong>\u201cLa lactancia materna no debe suspenderse, debe proveerse al beb\u00e9 el mayor tiempo posible\u201d, recomend\u00f3 la profesional.<\/strong><\/p>\n<div style=\"width: 640px;\" class=\"wp-video\"><video class=\"wp-video-shortcode\" id=\"video-22815-1\" width=\"640\" height=\"352\" preload=\"metadata\" controls=\"controls\"><source type=\"video\/mp4\" src=\"\/wp-content\/uploads\/sites\/5\/2021\/08\/Educadoras-en-Salud-IGSS-Lactancia-materna-2021.mp4?_=1\" \/><a href=\"\/wp-content\/uploads\/sites\/5\/2021\/08\/Educadoras-en-Salud-IGSS-Lactancia-materna-2021.mp4\">\/wp-content\/uploads\/sites\/5\/2021\/08\/Educadoras-en-Salud-IGSS-Lactancia-materna-2021.mp4<\/a><\/video><\/div>\n<p><em>Educadoras en Salud del IGSS realizan charlas virtuales permiten a las madres recibir orientaci\u00f3n y aclarar sus dudas.<\/em><\/p>\n<h4><strong>Importancia<\/strong><\/h4>\n<p>La leche contiene todos los nutrientes que el beb\u00e9 necesita. <strong>Agua:<\/strong> la leche materna est\u00e1 compuesta en un 90% de este. <strong>Prote\u00ednas:<\/strong> es lo que el reci\u00e9n nacido necesita para su \u00f3ptimo desarrollo. \u00a0<strong>Grasas:<\/strong> son el principal aporte de energ\u00eda para el ni\u00f1o. <strong>Hidrato de carbono:<\/strong> ayuda a que el cuerpo del peque\u00f1o absorba con facilidad el calcio y el hierro. <strong>Vitaminas: <\/strong>las vitaminas que contiene son las necesarias para el beb\u00e9 y estas pueden variar dependiendo de la alimentaci\u00f3n de la madre, entre las que se encuentran las vitaminas A, K, E y D. <strong>Minerales:<\/strong> se encuentran el calcio, f\u00f3sforo, hierro y zinc, entre otros.<\/p>\n<p>Tanto la madre como el padre, la familia, grupos de apoyo a madres, miembros de la comunidad, pediatras, gineco obstetras, profesionales de la salud, nutricionistas, universidades, j\u00f3venes, comadronas, centros de trabajo y medios de comunicaci\u00f3n juegan un papel muy importante para el fortalecimiento de la lactancia materna.<\/p>\n\r\n                <style type=\"text\/css\">\r\n                    \r\n                    #tdi_1  .td-doubleSlider-2 .td-item1 {\r\n                        background: url(\/wp-content\/uploads\/sites\/5\/2021\/08\/Lactancia-materna-IGSS-20214-80x60.jpg) 0 0 no-repeat;\r\n                    }\r\n                    #tdi_1  .td-doubleSlider-2 .td-item2 {\r\n                        background: url(\/wp-content\/uploads\/sites\/5\/2021\/08\/Lactancia-materna-IGSS-20213-80x60.jpg) 0 0 no-repeat;\r\n                    }\r\n                    #tdi_1  .td-doubleSlider-2 .td-item3 {\r\n                        background: url(\/wp-content\/uploads\/sites\/5\/2021\/08\/Lactancia-materna-IGSS-20215-80x60.jpg) 0 0 no-repeat;\r\n                    }\r\n                    #tdi_1  .td-doubleSlider-2 .td-item4 {\r\n                        background: url(\/wp-content\/uploads\/sites\/5\/2021\/08\/Lactancia-materna-IGSS-202113-80x60.jpg) 0 0 no-repeat;\r\n                    }\r\n                    #tdi_1  .td-doubleSlider-2 .td-item5 {\r\n                        background: url(\/wp-content\/uploads\/sites\/5\/2021\/08\/Lactancia-materna-IGSS-20216-80x60.jpg) 0 0 no-repeat;\r\n                    }\r\n                    #tdi_1  .td-doubleSlider-2 .td-item6 {\r\n                        background: url(\/wp-content\/uploads\/sites\/5\/2021\/08\/Lactancia-materna-IGSS-20218-80x60.jpg) 0 0 no-repeat;\r\n                    }\r\n                    #tdi_1  .td-doubleSlider-2 .td-item7 {\r\n                        background: url(\/wp-content\/uploads\/sites\/5\/2021\/08\/Lactancia-materna-IGSS-202112-80x60.jpg) 0 0 no-repeat;\r\n                    }\r\n                <\/style>\r\n\r\n                <div id=\"tdi_1\" class=\"td-gallery td-slide-on-2-columns\">\r\n                    <div class=\"post_td_gallery\">\r\n                        <div class=\"td-gallery-slide-top\">\r\n                           <div class=\"td-gallery-title\">Galer\u00eda de Im\u00e1genes<\/div>\r\n\r\n                            <div class=\"td-gallery-controls-wrapper\">\r\n                                <div class=\"td-gallery-slide-count\"><span class=\"td-gallery-slide-item-focus\">1<\/span> de 7<\/div>\r\n                                <div class=\"td-gallery-slide-prev-next-but\">\r\n                                    <i class = \"td-icon-left doubleSliderPrevButton\"><\/i>\r\n                                    <i class = \"td-icon-right doubleSliderNextButton\"><\/i>\r\n                                <\/div>\r\n                            <\/div>\r\n                        <\/div>\r\n\r\n                        <div class = \"td-doubleSlider-1 \">\r\n                            <div class = \"td-slider\">\r\n                                \r\n                    <div class = \"td-slide-item td-item1\">\r\n                        <figure class=\"td-slide-galery-figure td-slide-popup-gallery\">\r\n                            <a class=\"slide-gallery-image-link\" href=\"\/wp-content\/uploads\/sites\/5\/2021\/08\/Lactancia-materna-IGSS-20214.jpg\" title=\"Lactancia materna IGSS 20214\"  data-caption=\"\"  data-description=\"\">\r\n                                <img decoding=\"async\" src=\"\/wp-content\/uploads\/sites\/5\/2021\/08\/Lactancia-materna-IGSS-20214-630x420.jpg\" srcset=\"\/wp-content\/uploads\/sites\/5\/2021\/08\/Lactancia-materna-IGSS-20214-630x420.jpg 630w, \/wp-content\/uploads\/sites\/5\/2021\/08\/Lactancia-materna-IGSS-20214-300x200.jpg 300w, \/wp-content\/uploads\/sites\/5\/2021\/08\/Lactancia-materna-IGSS-20214-768x512.jpg 768w, \/wp-content\/uploads\/sites\/5\/2021\/08\/Lactancia-materna-IGSS-20214-1024x682.jpg 1024w, \/wp-content\/uploads\/sites\/5\/2021\/08\/Lactancia-materna-IGSS-20214-696x464.jpg 696w, \/wp-content\/uploads\/sites\/5\/2021\/08\/Lactancia-materna-IGSS-20214-1068x712.jpg 1068w, \/wp-content\/uploads\/sites\/5\/2021\/08\/Lactancia-materna-IGSS-20214-534x356.jpg 534w, \/wp-content\/uploads\/sites\/5\/2021\/08\/Lactancia-materna-IGSS-20214.jpg 1280w\" sizes=\"(max-width: 630px) 100vw, 630px\" alt=\"\">\r\n                            <\/a>\r\n                            \r\n                        <\/figure>\r\n                    <\/div>\r\n                    <div class = \"td-slide-item td-item2\">\r\n                        <figure class=\"td-slide-galery-figure td-slide-popup-gallery\">\r\n                            <a class=\"slide-gallery-image-link\" href=\"\/wp-content\/uploads\/sites\/5\/2021\/08\/Lactancia-materna-IGSS-20213.jpg\" title=\"Lactancia materna IGSS 20213\"  data-caption=\"Imagen de archivo. IGSS\"  data-description=\"\">\r\n                                <img decoding=\"async\" src=\"\/wp-content\/uploads\/sites\/5\/2021\/08\/Lactancia-materna-IGSS-20213-560x420.jpg\" srcset=\"\/wp-content\/uploads\/sites\/5\/2021\/08\/Lactancia-materna-IGSS-20213-560x420.jpg 560w, \/wp-content\/uploads\/sites\/5\/2021\/08\/Lactancia-materna-IGSS-20213-300x225.jpg 300w, \/wp-content\/uploads\/sites\/5\/2021\/08\/Lactancia-materna-IGSS-20213-768x576.jpg 768w, \/wp-content\/uploads\/sites\/5\/2021\/08\/Lactancia-materna-IGSS-20213-80x60.jpg 80w, \/wp-content\/uploads\/sites\/5\/2021\/08\/Lactancia-materna-IGSS-20213-696x522.jpg 696w, \/wp-content\/uploads\/sites\/5\/2021\/08\/Lactancia-materna-IGSS-20213-265x198.jpg 265w, \/wp-content\/uploads\/sites\/5\/2021\/08\/Lactancia-materna-IGSS-20213-534x401.jpg 534w, \/wp-content\/uploads\/sites\/5\/2021\/08\/Lactancia-materna-IGSS-20213.jpg 1024w\" sizes=\"(max-width: 560px) 100vw, 560px\" alt=\"\">\r\n                            <\/a>\r\n                            <figcaption class = \"td-slide-caption td-gallery-slide-content\"><div class = \"td-gallery-slide-copywrite\">Imagen de archivo. IGSS<\/div><\/figcaption>\r\n                        <\/figure>\r\n                    <\/div>\r\n                    <div class = \"td-slide-item td-item3\">\r\n                        <figure class=\"td-slide-galery-figure td-slide-popup-gallery\">\r\n                            <a class=\"slide-gallery-image-link\" href=\"\/wp-content\/uploads\/sites\/5\/2021\/08\/Lactancia-materna-IGSS-20215.jpg\" title=\"Lactancia materna IGSS 20215\"  data-caption=\"Imagen de archivo. IGSS\"  data-description=\"\">\r\n                                <img decoding=\"async\" src=\"\/wp-content\/uploads\/sites\/5\/2021\/08\/Lactancia-materna-IGSS-20215-630x420.jpg\" srcset=\"\/wp-content\/uploads\/sites\/5\/2021\/08\/Lactancia-materna-IGSS-20215-630x420.jpg 630w, \/wp-content\/uploads\/sites\/5\/2021\/08\/Lactancia-materna-IGSS-20215-300x200.jpg 300w, \/wp-content\/uploads\/sites\/5\/2021\/08\/Lactancia-materna-IGSS-20215-768x512.jpg 768w, \/wp-content\/uploads\/sites\/5\/2021\/08\/Lactancia-materna-IGSS-20215-1024x682.jpg 1024w, \/wp-content\/uploads\/sites\/5\/2021\/08\/Lactancia-materna-IGSS-20215-696x464.jpg 696w, \/wp-content\/uploads\/sites\/5\/2021\/08\/Lactancia-materna-IGSS-20215-1068x712.jpg 1068w, \/wp-content\/uploads\/sites\/5\/2021\/08\/Lactancia-materna-IGSS-20215-534x356.jpg 534w, \/wp-content\/uploads\/sites\/5\/2021\/08\/Lactancia-materna-IGSS-20215.jpg 1280w\" sizes=\"(max-width: 630px) 100vw, 630px\" alt=\"\">\r\n                            <\/a>\r\n                            <figcaption class = \"td-slide-caption td-gallery-slide-content\"><div class = \"td-gallery-slide-copywrite\">Imagen de archivo. IGSS<\/div><\/figcaption>\r\n                        <\/figure>\r\n                    <\/div>\r\n                    <div class = \"td-slide-item td-item4\">\r\n                        <figure class=\"td-slide-galery-figure td-slide-popup-gallery\">\r\n                            <a class=\"slide-gallery-image-link\" href=\"\/wp-content\/uploads\/sites\/5\/2021\/08\/Lactancia-materna-IGSS-202113.jpg\" title=\"Lactancia materna IGSS 202113\"  data-caption=\"Madres reciben charlas virtuales de profesionales del Seguro Social.\"  data-description=\"\">\r\n                                <img decoding=\"async\" src=\"\/wp-content\/uploads\/sites\/5\/2021\/08\/Lactancia-materna-IGSS-202113-688x420.jpg\" srcset=\"\/wp-content\/uploads\/sites\/5\/2021\/08\/Lactancia-materna-IGSS-202113-688x420.jpg 688w, \/wp-content\/uploads\/sites\/5\/2021\/08\/Lactancia-materna-IGSS-202113-300x183.jpg 300w, \/wp-content\/uploads\/sites\/5\/2021\/08\/Lactancia-materna-IGSS-202113-768x469.jpg 768w, \/wp-content\/uploads\/sites\/5\/2021\/08\/Lactancia-materna-IGSS-202113-1024x625.jpg 1024w, \/wp-content\/uploads\/sites\/5\/2021\/08\/Lactancia-materna-IGSS-202113-1536x938.jpg 1536w, \/wp-content\/uploads\/sites\/5\/2021\/08\/Lactancia-materna-IGSS-202113-696x425.jpg 696w, \/wp-content\/uploads\/sites\/5\/2021\/08\/Lactancia-materna-IGSS-202113-1068x652.jpg 1068w, \/wp-content\/uploads\/sites\/5\/2021\/08\/Lactancia-materna-IGSS-202113-534x326.jpg 534w, \/wp-content\/uploads\/sites\/5\/2021\/08\/Lactancia-materna-IGSS-202113.jpg 1600w\" sizes=\"(max-width: 688px) 100vw, 688px\" alt=\"\">\r\n                            <\/a>\r\n                            <figcaption class = \"td-slide-caption td-gallery-slide-content\"><div class = \"td-gallery-slide-copywrite\">Madres reciben charlas virtuales de profesionales del Seguro Social.<\/div><\/figcaption>\r\n                        <\/figure>\r\n                    <\/div>\r\n                    <div class = \"td-slide-item td-item5\">\r\n                        <figure class=\"td-slide-galery-figure td-slide-popup-gallery\">\r\n                            <a class=\"slide-gallery-image-link\" href=\"\/wp-content\/uploads\/sites\/5\/2021\/08\/Lactancia-materna-IGSS-20216.jpg\" title=\"Lactancia materna IGSS 20216\"  data-caption=\"\"  data-description=\"\">\r\n                                <img decoding=\"async\" src=\"\/wp-content\/uploads\/sites\/5\/2021\/08\/Lactancia-materna-IGSS-20216-630x420.jpg\" srcset=\"\/wp-content\/uploads\/sites\/5\/2021\/08\/Lactancia-materna-IGSS-20216-630x420.jpg 630w, \/wp-content\/uploads\/sites\/5\/2021\/08\/Lactancia-materna-IGSS-20216-300x200.jpg 300w, \/wp-content\/uploads\/sites\/5\/2021\/08\/Lactancia-materna-IGSS-20216-768x512.jpg 768w, \/wp-content\/uploads\/sites\/5\/2021\/08\/Lactancia-materna-IGSS-20216-1024x682.jpg 1024w, \/wp-content\/uploads\/sites\/5\/2021\/08\/Lactancia-materna-IGSS-20216-696x464.jpg 696w, \/wp-content\/uploads\/sites\/5\/2021\/08\/Lactancia-materna-IGSS-20216-1068x712.jpg 1068w, \/wp-content\/uploads\/sites\/5\/2021\/08\/Lactancia-materna-IGSS-20216-534x356.jpg 534w, \/wp-content\/uploads\/sites\/5\/2021\/08\/Lactancia-materna-IGSS-20216.jpg 1280w\" sizes=\"(max-width: 630px) 100vw, 630px\" alt=\"\">\r\n                            <\/a>\r\n                            \r\n                        <\/figure>\r\n                    <\/div>\r\n                    <div class = \"td-slide-item td-item6\">\r\n                        <figure class=\"td-slide-galery-figure td-slide-popup-gallery\">\r\n                            <a class=\"slide-gallery-image-link\" href=\"\/wp-content\/uploads\/sites\/5\/2021\/08\/Lactancia-materna-IGSS-20218.jpg\" title=\"Lactancia materna IGSS 20218\"  data-caption=\"Imagen de archivo. IGSS\"  data-description=\"\">\r\n                                <img decoding=\"async\" src=\"\/wp-content\/uploads\/sites\/5\/2021\/08\/Lactancia-materna-IGSS-20218.jpg\" srcset=\"\/wp-content\/uploads\/sites\/5\/2021\/08\/Lactancia-materna-IGSS-20218.jpg 630w, \/wp-content\/uploads\/sites\/5\/2021\/08\/Lactancia-materna-IGSS-20218-300x200.jpg 300w, \/wp-content\/uploads\/sites\/5\/2021\/08\/Lactancia-materna-IGSS-20218-534x356.jpg 534w\" sizes=\"(max-width: 630px) 100vw, 630px\" alt=\"\">\r\n                            <\/a>\r\n                            <figcaption class = \"td-slide-caption td-gallery-slide-content\"><div class = \"td-gallery-slide-copywrite\">Imagen de archivo. IGSS<\/div><\/figcaption>\r\n                        <\/figure>\r\n                    <\/div>\r\n                    <div class = \"td-slide-item td-item7\">\r\n                        <figure class=\"td-slide-galery-figure td-slide-popup-gallery\">\r\n                            <a class=\"slide-gallery-image-link\" href=\"\/wp-content\/uploads\/sites\/5\/2021\/08\/Lactancia-materna-IGSS-202112.jpg\" title=\"Lactancia materna IGSS 202112\"  data-caption=\"Imagen de archivo. IGSS\"  data-description=\"\">\r\n                                <img decoding=\"async\" src=\"\/wp-content\/uploads\/sites\/5\/2021\/08\/Lactancia-materna-IGSS-202112.jpg\" srcset=\"\/wp-content\/uploads\/sites\/5\/2021\/08\/Lactancia-materna-IGSS-202112.jpg 630w, \/wp-content\/uploads\/sites\/5\/2021\/08\/Lactancia-materna-IGSS-202112-300x200.jpg 300w, \/wp-content\/uploads\/sites\/5\/2021\/08\/Lactancia-materna-IGSS-202112-534x356.jpg 534w\" sizes=\"(max-width: 630px) 100vw, 630px\" alt=\"\">\r\n                            <\/a>\r\n                            <figcaption class = \"td-slide-caption td-gallery-slide-content\"><div class = \"td-gallery-slide-copywrite\">Imagen de archivo. IGSS<\/div><\/figcaption>\r\n                        <\/figure>\r\n                    <\/div>\r\n                            <\/div>\r\n                        <\/div>\r\n\r\n                        <div class = \"td-doubleSlider-2\">\r\n                            <div class = \"td-slider\">\r\n                                \r\n                    <div class = \"td-button td-item1\">\r\n                        <div class = \"td-border\"><\/div>\r\n                    <\/div>\r\n                    <div class = \"td-button td-item2\">\r\n                        <div class = \"td-border\"><\/div>\r\n                    <\/div>\r\n                    <div class = \"td-button td-item3\">\r\n                        <div class = \"td-border\"><\/div>\r\n                    <\/div>\r\n                    <div class = \"td-button td-item4\">\r\n                        <div class = \"td-border\"><\/div>\r\n                    <\/div>\r\n                    <div class = \"td-button td-item5\">\r\n                        <div class = \"td-border\"><\/div>\r\n                    <\/div>\r\n                    <div class = \"td-button td-item6\">\r\n                        <div class = \"td-border\"><\/div>\r\n                    <\/div>\r\n                    <div class = \"td-button td-item7\">\r\n                        <div class = \"td-border\"><\/div>\r\n                    <\/div>\r\n                            <\/div>\r\n                        <\/div>\r\n\r\n                    <\/div>\r\n\r\n                <\/div>\r\n                \n<p>\u00a0<\/p>\n<p>\u00a0<\/p>\n","protected":false},"excerpt":{"rendered":"<p>Lactancia materna, dos palabras que tienen un gran significado para el ser humano, &nbsp;entre estos se encuentran: el v\u00ednculo de amor entre la madre y el beb\u00e9 para toda la vida, y tambi\u00e9n es la primera vacuna que recibimos al nacer, debido a los grandes beneficios que aporta. Del 1 al 7 de agosto de [&hellip;]<\/p>\n","protected":false},"author":4,"featured_media":22825,"comment_status":"closed","ping_status":"closed","sticky":false,"template":"","format":"standard","meta":{"footnotes":""},"categories":[3],"tags":[555],"coauthors":[881],"class_list":{"0":"post-22815","1":"post","2":"type-post","3":"status-publish","4":"format-standard","5":"has-post-thumbnail","7":"category-actualidad","8":"tag-lactancia-materna"},"_links":{"self":[{"href":"https:\/\/www.igssgt.org\/noticias\/wp-json\/wp\/v2\/posts\/22815","targetHints":{"allow":["GET"]}}],"collection":[{"href":"https:\/\/www.igssgt.org\/noticias\/wp-json\/wp\/v2\/posts"}],"about":[{"href":"https:\/\/www.igssgt.org\/noticias\/wp-json\/wp\/v2\/types\/post"}],"author":[{"embeddable":true,"href":"https:\/\/www.igssgt.org\/noticias\/wp-json\/wp\/v2\/users\/4"}],"replies":[{"embeddable":true,"href":"https:\/\/www.igssgt.org\/noticias\/wp-json\/wp\/v2\/comments?post=22815"}],"version-history":[{"count":6,"href":"https:\/\/www.igssgt.org\/noticias\/wp-json\/wp\/v2\/posts\/22815\/revisions"}],"predecessor-version":[{"id":22833,"href":"https:\/\/www.igssgt.org\/noticias\/wp-json\/wp\/v2\/posts\/22815\/revisions\/22833"}],"wp:featuredmedia":[{"embeddable":true,"href":"https:\/\/www.igssgt.org\/noticias\/wp-json\/wp\/v2\/media\/22825"}],"wp:attachment":[{"href":"https:\/\/www.igssgt.org\/noticias\/wp-json\/wp\/v2\/media?parent=22815"}],"wp:term":[{"taxonomy":"category","embeddable":true,"href":"https:\/\/www.igssgt.org\/noticias\/wp-json\/wp\/v2\/categories?post=22815"},{"taxonomy":"post_tag","embeddable":true,"href":"https:\/\/www.igssgt.org\/noticias\/wp-json\/wp\/v2\/tags?post=22815"},{"taxonomy":"author","embeddable":true,"href":"https:\/\/www.igssgt.org\/noticias\/wp-json\/wp\/v2\/coauthors?post=22815"}],"curies":[{"name":"wp","href":"https:\/\/api.w.org\/{rel}","templated":true}]}}