{"id":22888,"date":"2021-08-10T14:35:06","date_gmt":"2021-08-10T20:35:06","guid":{"rendered":"https:\/\/www.igssgt.org\/noticias\/?p=22888"},"modified":"2021-08-17T09:25:57","modified_gmt":"2021-08-17T15:25:57","slug":"este-miercoles-8-de-agosto-videoconferencia-tratamiento-medico-nutricional-en-pacientes-con-diabetes-mellitus","status":"publish","type":"post","link":"https:\/\/www.igssgt.org\/noticias\/2021\/08\/10\/este-miercoles-8-de-agosto-videoconferencia-tratamiento-medico-nutricional-en-pacientes-con-diabetes-mellitus\/","title":{"rendered":"Este mi\u00e9rcoles 11 de agosto videoconferencia: Tratamiento m\u00e9dico nutricional en pacientes con diabetes mellitus"},"content":{"rendered":"\n<p><img loading=\"lazy\" decoding=\"async\" class=\"size-full wp-image-22848\" src=\"\/wp-content\/uploads\/sites\/5\/2021\/08\/Videoconferencias-Nutricion-IGSS-2021-2.jpeg\" alt=\"\" width=\"1024\" height=\"1280\" srcset=\"\/wp-content\/uploads\/sites\/5\/2021\/08\/Videoconferencias-Nutricion-IGSS-2021-2.jpeg 1024w, \/wp-content\/uploads\/sites\/5\/2021\/08\/Videoconferencias-Nutricion-IGSS-2021-2-240x300.jpeg 240w, \/wp-content\/uploads\/sites\/5\/2021\/08\/Videoconferencias-Nutricion-IGSS-2021-2-768x960.jpeg 768w, \/wp-content\/uploads\/sites\/5\/2021\/08\/Videoconferencias-Nutricion-IGSS-2021-2-819x1024.jpeg 819w, \/wp-content\/uploads\/sites\/5\/2021\/08\/Videoconferencias-Nutricion-IGSS-2021-2-336x420.jpeg 336w, \/wp-content\/uploads\/sites\/5\/2021\/08\/Videoconferencias-Nutricion-IGSS-2021-2-696x870.jpeg 696w, \/wp-content\/uploads\/sites\/5\/2021\/08\/Videoconferencias-Nutricion-IGSS-2021-2-370x462.jpeg 370w\" sizes=\"auto, (max-width: 1024px) 100vw, 1024px\" \/><\/p>\n<p>El Instituto Guatemalteco de Seguridad Social (IGSS) le invita a participar en la videoconferencia:<\/p>\n<h4>Tratamiento M\u00e9dico Nutricional en pacientes con diabetes mellitus<\/h4>\n<ul>\n<li>Expositor: Dra. Evangelina Hern\u00e1ndez, nutri\u00f3loga del Hospital General Dr. Juan Jos\u00e9 Ar\u00e9valo Bermejo<\/li>\n<li>Fecha: 11 de Agosto<\/li>\n<li>Hora: 10:30 a 11:30 AM<\/li>\n<li>Inscripci\u00f3n: <a href=\"http:\/\/ow.ly\/P3EG50FLfcu\" target=\"_blank\" rel=\"noopener noreferrer\"><strong>http:\/\/ow.ly\/P3EG50FLfcu<\/strong><\/a><\/li>\n<\/ul>\n","protected":false},"excerpt":{"rendered":"<p>El Instituto Guatemalteco de Seguridad Social (IGSS) le invita a participar en la videoconferencia: Tratamiento M\u00e9dico Nutricional en pacientes con diabetes mellitus Expositor: Dra. Evangelina Hern\u00e1ndez, nutri\u00f3loga del Hospital General Dr. Juan Jos\u00e9 Ar\u00e9valo Bermejo Fecha: 11 de Agosto Hora: 10:30 a 11:30 AM Inscripci\u00f3n: http:\/\/ow.ly\/P3EG50FLfcu<\/p>\n","protected":false},"author":4,"featured_media":22889,"comment_status":"closed","ping_status":"closed","sticky":false,"template":"","format":"standard","meta":{"footnotes":""},"categories":[3],"tags":[249,1376,669],"coauthors":[881],"class_list":{"0":"post-22888","1":"post","2":"type-post","3":"status-publish","4":"format-standard","5":"has-post-thumbnail","7":"category-actualidad","8":"tag-diabetes","9":"tag-dra-evangelina-hernandez","10":"tag-nutricion"},"_links":{"self":[{"href":"https:\/\/www.igssgt.org\/noticias\/wp-json\/wp\/v2\/posts\/22888","targetHints":{"allow":["GET"]}}],"collection":[{"href":"https:\/\/www.igssgt.org\/noticias\/wp-json\/wp\/v2\/posts"}],"about":[{"href":"https:\/\/www.igssgt.org\/noticias\/wp-json\/wp\/v2\/types\/post"}],"author":[{"embeddable":true,"href":"https:\/\/www.igssgt.org\/noticias\/wp-json\/wp\/v2\/users\/4"}],"replies":[{"embeddable":true,"href":"https:\/\/www.igssgt.org\/noticias\/wp-json\/wp\/v2\/comments?post=22888"}],"version-history":[{"count":5,"href":"https:\/\/www.igssgt.org\/noticias\/wp-json\/wp\/v2\/posts\/22888\/revisions"}],"predecessor-version":[{"id":22902,"href":"https:\/\/www.igssgt.org\/noticias\/wp-json\/wp\/v2\/posts\/22888\/revisions\/22902"}],"wp:featuredmedia":[{"embeddable":true,"href":"https:\/\/www.igssgt.org\/noticias\/wp-json\/wp\/v2\/media\/22889"}],"wp:attachment":[{"href":"https:\/\/www.igssgt.org\/noticias\/wp-json\/wp\/v2\/media?parent=22888"}],"wp:term":[{"taxonomy":"category","embeddable":true,"href":"https:\/\/www.igssgt.org\/noticias\/wp-json\/wp\/v2\/categories?post=22888"},{"taxonomy":"post_tag","embeddable":true,"href":"https:\/\/www.igssgt.org\/noticias\/wp-json\/wp\/v2\/tags?post=22888"},{"taxonomy":"author","embeddable":true,"href":"https:\/\/www.igssgt.org\/noticias\/wp-json\/wp\/v2\/coauthors?post=22888"}],"curies":[{"name":"wp","href":"https:\/\/api.w.org\/{rel}","templated":true}]}}