{"id":23567,"date":"2021-10-01T15:05:00","date_gmt":"2021-10-01T21:05:00","guid":{"rendered":"https:\/\/www.igssgt.org\/noticias\/?p=23567"},"modified":"2021-11-25T14:36:40","modified_gmt":"2021-11-25T20:36:40","slug":"dia-del-nino-en-rehabilitacion-pediatrica","status":"publish","type":"post","link":"https:\/\/www.igssgt.org\/noticias\/2021\/10\/01\/dia-del-nino-en-rehabilitacion-pediatrica\/","title":{"rendered":"D\u00eda del Ni\u00f1o en Rehabilitaci\u00f3n Pedi\u00e1trica"},"content":{"rendered":"\n<p class=\"has-drop-cap\">En el \u00e1rea de Rehabilitaci\u00f3n Pedi\u00e1trica, del Hospital de Rehabilitaci\u00f3n, ubicado en Pamplona, zona 12 de la capital, la ma\u00f1ana fue especial para los ni\u00f1os Colline, Santiago, Liam y F\u00e1tima.<\/p>\n\n\n\n<p>Los primeros tres asistieron a sus citas de terapia con Flori y Cristian, sus fisioterapistas, quienes se disfrazaron especialmente para la ocasi\u00f3n, y que con gran dedicaci\u00f3n les hicieron dar un paso m\u00e1s hacia su rehabilitaci\u00f3n motriz y del habla.<\/p>\n\n\n\n<p><a href=\"\/wp-content\/uploads\/sites\/5\/2021\/10\/Hospital-de-Rehabilitacion-IGSS-pediatria-dia-del-nino-4.jpg\"><img loading=\"lazy\" decoding=\"async\" class=\"wp-image-23573 alignright\" src=\"\/wp-content\/uploads\/sites\/5\/2021\/10\/Hospital-de-Rehabilitacion-IGSS-pediatria-dia-del-nino-4.jpg\" alt=\"\" width=\"409\" height=\"272\" srcset=\"\/wp-content\/uploads\/sites\/5\/2021\/10\/Hospital-de-Rehabilitacion-IGSS-pediatria-dia-del-nino-4.jpg 1280w, \/wp-content\/uploads\/sites\/5\/2021\/10\/Hospital-de-Rehabilitacion-IGSS-pediatria-dia-del-nino-4-300x200.jpg 300w, \/wp-content\/uploads\/sites\/5\/2021\/10\/Hospital-de-Rehabilitacion-IGSS-pediatria-dia-del-nino-4-768x512.jpg 768w, \/wp-content\/uploads\/sites\/5\/2021\/10\/Hospital-de-Rehabilitacion-IGSS-pediatria-dia-del-nino-4-1024x682.jpg 1024w, \/wp-content\/uploads\/sites\/5\/2021\/10\/Hospital-de-Rehabilitacion-IGSS-pediatria-dia-del-nino-4-630x420.jpg 630w, \/wp-content\/uploads\/sites\/5\/2021\/10\/Hospital-de-Rehabilitacion-IGSS-pediatria-dia-del-nino-4-696x464.jpg 696w, \/wp-content\/uploads\/sites\/5\/2021\/10\/Hospital-de-Rehabilitacion-IGSS-pediatria-dia-del-nino-4-1068x712.jpg 1068w, \/wp-content\/uploads\/sites\/5\/2021\/10\/Hospital-de-Rehabilitacion-IGSS-pediatria-dia-del-nino-4-534x356.jpg 534w\" sizes=\"auto, (max-width: 409px) 100vw, 409px\" \/><\/a>Mientras F\u00e1tima realiz\u00f3 su trabajo desde el hogar al lado de su familia quien la motiv\u00f3 a hacer sus ejercicios que le instru\u00eda virtualmente Paola Santos, desde el Hospital. La clase es de las modalidades con gran demanda desde el comienzo de la pandemia, pues m\u00e1s del 70 por ciento de las citas son atendidas por esa v\u00eda para evitar riesgos de contagio de COVID-19.<\/p>\n<p>\u201cSon alrededor de cinco mil tratamientos mensuales los que atendemos en Rehabilitaci\u00f3n Pedi\u00e1trica, entre terapias f\u00edsicas, ocupacionales y psicol\u00f3gicas para neonatos y pacientes hasta de 15 a\u00f1os\u201d, indic\u00f3 Mildred Sili\u00e9zar, fisioterapeuta y terapista ocupacional del \u00e1rea.<\/p>\n<p><iframe loading=\"lazy\" title=\"D\u00eda del Ni\u00f1o en el Hospital de Rehabilitaci\u00f3n del IGSS\" width=\"696\" height=\"392\" src=\"https:\/\/www.youtube.com\/embed\/XzP2UTLsYWs?feature=oembed\" frameborder=\"0\" allow=\"accelerometer; autoplay; clipboard-write; encrypted-media; gyroscope; picture-in-picture\" allowfullscreen><\/iframe><\/p>\n<p>En tiempos prepandemia, la actividad del D\u00eda del Ni\u00f1o tiene dos fines: uno era agasajarlos y el otro era para evaluar las capacidades y avances de los peque\u00f1os, pues la convivencia infantil los emocionaba y hac\u00eda reaccionar f\u00edsicamente, lo que les permit\u00eda a los especialistas visualizar los avances de los pacientes.<\/p>\n<p>\u201cEl lado positivo en pandemia es que ahora son las familias las que se involucran en el proceso de rehabilitaci\u00f3n y eso es positivo y de beneficio para los ni\u00f1os pacientes. Hoy, por ejemplo, se vistieron de personajes, as\u00ed como los pap\u00e1s o hermanitos para festejar c\u00f3modamente el D\u00eda del Ni\u00f1o\u201d, cont\u00f3 Sili\u00e9zar.\u00a0<\/p>\n<p><strong><a href=\"https:\/\/www.igssgt.org\/noticias\/2021\/10\/01\/el-igss-atiende-integralmente-a-los-ninos-desde-su-etapa-prenatal\/\">\u25ba Lea tambi\u00e9n: El IGSS atiende integralmente a los ni\u00f1os desde su etapa prenatal<\/a><\/strong><\/p>\n\r\n                <style type=\"text\/css\">\r\n                    \r\n                    #tdi_1  .td-doubleSlider-2 .td-item1 {\r\n                        background: url(\/wp-content\/uploads\/sites\/5\/2021\/10\/Hospital-de-Rehabilitacion-IGSS-pediatria-dia-del-nino-14-80x60.jpg) 0 0 no-repeat;\r\n                    }\r\n                    #tdi_1  .td-doubleSlider-2 .td-item2 {\r\n                        background: url(\/wp-content\/uploads\/sites\/5\/2021\/10\/Hospital-de-Rehabilitacion-IGSS-pediatria-dia-del-nino-9-80x60.jpg) 0 0 no-repeat;\r\n                    }\r\n                    #tdi_1  .td-doubleSlider-2 .td-item3 {\r\n                        background: url(\/wp-content\/uploads\/sites\/5\/2021\/10\/Hospital-de-Rehabilitacion-IGSS-pediatria-dia-del-nino-13-80x60.jpg) 0 0 no-repeat;\r\n                    }\r\n                    #tdi_1  .td-doubleSlider-2 .td-item4 {\r\n                        background: url(\/wp-content\/uploads\/sites\/5\/2021\/10\/Hospital-de-Rehabilitacion-IGSS-pediatria-dia-del-nino-8-80x60.jpg) 0 0 no-repeat;\r\n                    }\r\n                    #tdi_1  .td-doubleSlider-2 .td-item5 {\r\n                        background: url(\/wp-content\/uploads\/sites\/5\/2021\/10\/Hospital-de-Rehabilitacion-IGSS-pediatria-dia-del-nino-5-80x60.jpg) 0 0 no-repeat;\r\n                    }\r\n                    #tdi_1  .td-doubleSlider-2 .td-item6 {\r\n                        background: url(\/wp-content\/uploads\/sites\/5\/2021\/10\/Hospital-de-Rehabilitacion-IGSS-pediatria-dia-del-nino-16-80x60.jpg) 0 0 no-repeat;\r\n                    }\r\n                    #tdi_1  .td-doubleSlider-2 .td-item7 {\r\n                        background: url(\/wp-content\/uploads\/sites\/5\/2021\/10\/Hospital-de-Rehabilitacion-IGSS-pediatria-dia-del-nino-6-80x60.jpg) 0 0 no-repeat;\r\n                    }\r\n                    #tdi_1  .td-doubleSlider-2 .td-item8 {\r\n                        background: url(\/wp-content\/uploads\/sites\/5\/2021\/10\/Hospital-de-Rehabilitacion-IGSS-pediatria-dia-del-nino-18-80x60.jpg) 0 0 no-repeat;\r\n                    }\r\n                    #tdi_1  .td-doubleSlider-2 .td-item9 {\r\n                        background: url(\/wp-content\/uploads\/sites\/5\/2021\/10\/Hospital-de-Rehabilitacion-IGSS-pediatria-dia-del-nino-7-80x60.jpg) 0 0 no-repeat;\r\n                    }\r\n                    #tdi_1  .td-doubleSlider-2 .td-item10 {\r\n                        background: url(\/wp-content\/uploads\/sites\/5\/2021\/10\/Hospital-de-Rehabilitacion-IGSS-pediatria-dia-del-nino-15-80x60.jpg) 0 0 no-repeat;\r\n                    }\r\n                    #tdi_1  .td-doubleSlider-2 .td-item11 {\r\n                        background: url(\/wp-content\/uploads\/sites\/5\/2021\/10\/Hospital-de-Rehabilitacion-IGSS-pediatria-dia-del-nino-11-80x60.jpg) 0 0 no-repeat;\r\n                    }\r\n                    #tdi_1  .td-doubleSlider-2 .td-item12 {\r\n                        background: url(\/wp-content\/uploads\/sites\/5\/2021\/10\/Hospital-de-Rehabilitacion-IGSS-pediatria-dia-del-nino-12-80x60.jpg) 0 0 no-repeat;\r\n                    }\r\n                    #tdi_1  .td-doubleSlider-2 .td-item13 {\r\n                        background: url(\/wp-content\/uploads\/sites\/5\/2021\/10\/Hospital-de-Rehabilitacion-IGSS-pediatria-dia-del-nino-4-80x60.jpg) 0 0 no-repeat;\r\n                    }\r\n                    #tdi_1  .td-doubleSlider-2 .td-item14 {\r\n                        background: url(\/wp-content\/uploads\/sites\/5\/2021\/10\/Hospital-de-Rehabilitacion-IGSS-pediatria-dia-del-nino-17-80x60.jpg) 0 0 no-repeat;\r\n                    }\r\n                    #tdi_1  .td-doubleSlider-2 .td-item15 {\r\n                        background: url(\/wp-content\/uploads\/sites\/5\/2021\/10\/Hospital-de-Rehabilitacion-IGSS-pediatria-dia-del-nino-20-80x60.jpg) 0 0 no-repeat;\r\n                    }\r\n                    #tdi_1  .td-doubleSlider-2 .td-item16 {\r\n                        background: url(\/wp-content\/uploads\/sites\/5\/2021\/10\/Hospital-de-Rehabilitacion-IGSS-pediatria-dia-del-nino-1-80x60.jpg) 0 0 no-repeat;\r\n                    }\r\n                <\/style>\r\n\r\n                <div id=\"tdi_1\" class=\"td-gallery td-slide-on-2-columns\">\r\n                    <div class=\"post_td_gallery\">\r\n                        <div class=\"td-gallery-slide-top\">\r\n                           <div class=\"td-gallery-title\">Galeria de Im\u00e1genes<\/div>\r\n\r\n                            <div class=\"td-gallery-controls-wrapper\">\r\n                                <div class=\"td-gallery-slide-count\"><span class=\"td-gallery-slide-item-focus\">1<\/span> de 16<\/div>\r\n                                <div class=\"td-gallery-slide-prev-next-but\">\r\n                                    <i class = \"td-icon-left doubleSliderPrevButton\"><\/i>\r\n                                    <i class = \"td-icon-right doubleSliderNextButton\"><\/i>\r\n                                <\/div>\r\n                            <\/div>\r\n                        <\/div>\r\n\r\n                        <div class = \"td-doubleSlider-1 \">\r\n                            <div class = \"td-slider\">\r\n                                \r\n                    <div class = \"td-slide-item td-item1\">\r\n                        <figure class=\"td-slide-galery-figure td-slide-popup-gallery\">\r\n                            <a class=\"slide-gallery-image-link\" href=\"\/wp-content\/uploads\/sites\/5\/2021\/10\/Hospital-de-Rehabilitacion-IGSS-pediatria-dia-del-nino-14.jpg\" title=\"Hospital de Rehabilitacion IGSS pediatria dia del nino-14\"  data-caption=\"\"  data-description=\"\">\r\n                                <img decoding=\"async\" src=\"\/wp-content\/uploads\/sites\/5\/2021\/10\/Hospital-de-Rehabilitacion-IGSS-pediatria-dia-del-nino-14-630x420.jpg\" srcset=\"\/wp-content\/uploads\/sites\/5\/2021\/10\/Hospital-de-Rehabilitacion-IGSS-pediatria-dia-del-nino-14-630x420.jpg 630w, \/wp-content\/uploads\/sites\/5\/2021\/10\/Hospital-de-Rehabilitacion-IGSS-pediatria-dia-del-nino-14-300x200.jpg 300w, \/wp-content\/uploads\/sites\/5\/2021\/10\/Hospital-de-Rehabilitacion-IGSS-pediatria-dia-del-nino-14-768x512.jpg 768w, \/wp-content\/uploads\/sites\/5\/2021\/10\/Hospital-de-Rehabilitacion-IGSS-pediatria-dia-del-nino-14-1024x682.jpg 1024w, \/wp-content\/uploads\/sites\/5\/2021\/10\/Hospital-de-Rehabilitacion-IGSS-pediatria-dia-del-nino-14-696x464.jpg 696w, \/wp-content\/uploads\/sites\/5\/2021\/10\/Hospital-de-Rehabilitacion-IGSS-pediatria-dia-del-nino-14-1068x712.jpg 1068w, \/wp-content\/uploads\/sites\/5\/2021\/10\/Hospital-de-Rehabilitacion-IGSS-pediatria-dia-del-nino-14-534x356.jpg 534w, \/wp-content\/uploads\/sites\/5\/2021\/10\/Hospital-de-Rehabilitacion-IGSS-pediatria-dia-del-nino-14.jpg 1280w\" sizes=\"(max-width: 630px) 100vw, 630px\" alt=\"\">\r\n                            <\/a>\r\n                            \r\n                        <\/figure>\r\n                    <\/div>\r\n                    <div class = \"td-slide-item td-item2\">\r\n                        <figure class=\"td-slide-galery-figure td-slide-popup-gallery\">\r\n                            <a class=\"slide-gallery-image-link\" href=\"\/wp-content\/uploads\/sites\/5\/2021\/10\/Hospital-de-Rehabilitacion-IGSS-pediatria-dia-del-nino-9.jpg\" title=\"Hospital de Rehabilitacion IGSS pediatria dia del nino-9\"  data-caption=\"\"  data-description=\"\">\r\n                                <img decoding=\"async\" src=\"\/wp-content\/uploads\/sites\/5\/2021\/10\/Hospital-de-Rehabilitacion-IGSS-pediatria-dia-del-nino-9-630x420.jpg\" srcset=\"\/wp-content\/uploads\/sites\/5\/2021\/10\/Hospital-de-Rehabilitacion-IGSS-pediatria-dia-del-nino-9-630x420.jpg 630w, \/wp-content\/uploads\/sites\/5\/2021\/10\/Hospital-de-Rehabilitacion-IGSS-pediatria-dia-del-nino-9-300x200.jpg 300w, \/wp-content\/uploads\/sites\/5\/2021\/10\/Hospital-de-Rehabilitacion-IGSS-pediatria-dia-del-nino-9-768x512.jpg 768w, \/wp-content\/uploads\/sites\/5\/2021\/10\/Hospital-de-Rehabilitacion-IGSS-pediatria-dia-del-nino-9-1024x682.jpg 1024w, \/wp-content\/uploads\/sites\/5\/2021\/10\/Hospital-de-Rehabilitacion-IGSS-pediatria-dia-del-nino-9-696x464.jpg 696w, \/wp-content\/uploads\/sites\/5\/2021\/10\/Hospital-de-Rehabilitacion-IGSS-pediatria-dia-del-nino-9-1068x712.jpg 1068w, \/wp-content\/uploads\/sites\/5\/2021\/10\/Hospital-de-Rehabilitacion-IGSS-pediatria-dia-del-nino-9-534x356.jpg 534w, \/wp-content\/uploads\/sites\/5\/2021\/10\/Hospital-de-Rehabilitacion-IGSS-pediatria-dia-del-nino-9.jpg 1280w\" sizes=\"(max-width: 630px) 100vw, 630px\" alt=\"\">\r\n                            <\/a>\r\n                            \r\n                        <\/figure>\r\n                    <\/div>\r\n                    <div class = \"td-slide-item td-item3\">\r\n                        <figure class=\"td-slide-galery-figure td-slide-popup-gallery\">\r\n                            <a class=\"slide-gallery-image-link\" href=\"\/wp-content\/uploads\/sites\/5\/2021\/10\/Hospital-de-Rehabilitacion-IGSS-pediatria-dia-del-nino-13.jpg\" title=\"Hospital de Rehabilitacion IGSS pediatria dia del nino-13\"  data-caption=\"\"  data-description=\"\">\r\n                                <img decoding=\"async\" src=\"\/wp-content\/uploads\/sites\/5\/2021\/10\/Hospital-de-Rehabilitacion-IGSS-pediatria-dia-del-nino-13-630x420.jpg\" srcset=\"\/wp-content\/uploads\/sites\/5\/2021\/10\/Hospital-de-Rehabilitacion-IGSS-pediatria-dia-del-nino-13-630x420.jpg 630w, \/wp-content\/uploads\/sites\/5\/2021\/10\/Hospital-de-Rehabilitacion-IGSS-pediatria-dia-del-nino-13-300x200.jpg 300w, \/wp-content\/uploads\/sites\/5\/2021\/10\/Hospital-de-Rehabilitacion-IGSS-pediatria-dia-del-nino-13-768x512.jpg 768w, \/wp-content\/uploads\/sites\/5\/2021\/10\/Hospital-de-Rehabilitacion-IGSS-pediatria-dia-del-nino-13-1024x682.jpg 1024w, \/wp-content\/uploads\/sites\/5\/2021\/10\/Hospital-de-Rehabilitacion-IGSS-pediatria-dia-del-nino-13-696x464.jpg 696w, \/wp-content\/uploads\/sites\/5\/2021\/10\/Hospital-de-Rehabilitacion-IGSS-pediatria-dia-del-nino-13-1068x712.jpg 1068w, \/wp-content\/uploads\/sites\/5\/2021\/10\/Hospital-de-Rehabilitacion-IGSS-pediatria-dia-del-nino-13-534x356.jpg 534w, \/wp-content\/uploads\/sites\/5\/2021\/10\/Hospital-de-Rehabilitacion-IGSS-pediatria-dia-del-nino-13.jpg 1280w\" sizes=\"(max-width: 630px) 100vw, 630px\" alt=\"\">\r\n                            <\/a>\r\n                            \r\n                        <\/figure>\r\n                    <\/div>\r\n                    <div class = \"td-slide-item td-item4\">\r\n                        <figure class=\"td-slide-galery-figure td-slide-popup-gallery\">\r\n                            <a class=\"slide-gallery-image-link\" href=\"\/wp-content\/uploads\/sites\/5\/2021\/10\/Hospital-de-Rehabilitacion-IGSS-pediatria-dia-del-nino-8.jpg\" title=\"Hospital de Rehabilitacion IGSS pediatria dia del nino-8\"  data-caption=\"\"  data-description=\"\">\r\n                                <img decoding=\"async\" src=\"\/wp-content\/uploads\/sites\/5\/2021\/10\/Hospital-de-Rehabilitacion-IGSS-pediatria-dia-del-nino-8-630x420.jpg\" srcset=\"\/wp-content\/uploads\/sites\/5\/2021\/10\/Hospital-de-Rehabilitacion-IGSS-pediatria-dia-del-nino-8-630x420.jpg 630w, \/wp-content\/uploads\/sites\/5\/2021\/10\/Hospital-de-Rehabilitacion-IGSS-pediatria-dia-del-nino-8-300x200.jpg 300w, \/wp-content\/uploads\/sites\/5\/2021\/10\/Hospital-de-Rehabilitacion-IGSS-pediatria-dia-del-nino-8-768x512.jpg 768w, \/wp-content\/uploads\/sites\/5\/2021\/10\/Hospital-de-Rehabilitacion-IGSS-pediatria-dia-del-nino-8-1024x682.jpg 1024w, \/wp-content\/uploads\/sites\/5\/2021\/10\/Hospital-de-Rehabilitacion-IGSS-pediatria-dia-del-nino-8-696x464.jpg 696w, \/wp-content\/uploads\/sites\/5\/2021\/10\/Hospital-de-Rehabilitacion-IGSS-pediatria-dia-del-nino-8-1068x712.jpg 1068w, \/wp-content\/uploads\/sites\/5\/2021\/10\/Hospital-de-Rehabilitacion-IGSS-pediatria-dia-del-nino-8-534x356.jpg 534w, \/wp-content\/uploads\/sites\/5\/2021\/10\/Hospital-de-Rehabilitacion-IGSS-pediatria-dia-del-nino-8.jpg 1280w\" sizes=\"(max-width: 630px) 100vw, 630px\" alt=\"\">\r\n                            <\/a>\r\n                            \r\n                        <\/figure>\r\n                    <\/div>\r\n                    <div class = \"td-slide-item td-item5\">\r\n                        <figure class=\"td-slide-galery-figure td-slide-popup-gallery\">\r\n                            <a class=\"slide-gallery-image-link\" href=\"\/wp-content\/uploads\/sites\/5\/2021\/10\/Hospital-de-Rehabilitacion-IGSS-pediatria-dia-del-nino-5.jpg\" title=\"Hospital de Rehabilitacion IGSS pediatria dia del nino-5\"  data-caption=\"\"  data-description=\"\">\r\n                                <img decoding=\"async\" src=\"\/wp-content\/uploads\/sites\/5\/2021\/10\/Hospital-de-Rehabilitacion-IGSS-pediatria-dia-del-nino-5-630x420.jpg\" srcset=\"\/wp-content\/uploads\/sites\/5\/2021\/10\/Hospital-de-Rehabilitacion-IGSS-pediatria-dia-del-nino-5-630x420.jpg 630w, \/wp-content\/uploads\/sites\/5\/2021\/10\/Hospital-de-Rehabilitacion-IGSS-pediatria-dia-del-nino-5-300x200.jpg 300w, \/wp-content\/uploads\/sites\/5\/2021\/10\/Hospital-de-Rehabilitacion-IGSS-pediatria-dia-del-nino-5-768x512.jpg 768w, \/wp-content\/uploads\/sites\/5\/2021\/10\/Hospital-de-Rehabilitacion-IGSS-pediatria-dia-del-nino-5-1024x682.jpg 1024w, \/wp-content\/uploads\/sites\/5\/2021\/10\/Hospital-de-Rehabilitacion-IGSS-pediatria-dia-del-nino-5-696x464.jpg 696w, \/wp-content\/uploads\/sites\/5\/2021\/10\/Hospital-de-Rehabilitacion-IGSS-pediatria-dia-del-nino-5-1068x712.jpg 1068w, \/wp-content\/uploads\/sites\/5\/2021\/10\/Hospital-de-Rehabilitacion-IGSS-pediatria-dia-del-nino-5-534x356.jpg 534w, \/wp-content\/uploads\/sites\/5\/2021\/10\/Hospital-de-Rehabilitacion-IGSS-pediatria-dia-del-nino-5.jpg 1280w\" sizes=\"(max-width: 630px) 100vw, 630px\" alt=\"\">\r\n                            <\/a>\r\n                            \r\n                        <\/figure>\r\n                    <\/div>\r\n                    <div class = \"td-slide-item td-item6\">\r\n                        <figure class=\"td-slide-galery-figure td-slide-popup-gallery\">\r\n                            <a class=\"slide-gallery-image-link\" href=\"\/wp-content\/uploads\/sites\/5\/2021\/10\/Hospital-de-Rehabilitacion-IGSS-pediatria-dia-del-nino-16.jpg\" title=\"Hospital de Rehabilitacion IGSS pediatria dia del nino-16\"  data-caption=\"\"  data-description=\"\">\r\n                                <img decoding=\"async\" src=\"\/wp-content\/uploads\/sites\/5\/2021\/10\/Hospital-de-Rehabilitacion-IGSS-pediatria-dia-del-nino-16-630x420.jpg\" srcset=\"\/wp-content\/uploads\/sites\/5\/2021\/10\/Hospital-de-Rehabilitacion-IGSS-pediatria-dia-del-nino-16-630x420.jpg 630w, \/wp-content\/uploads\/sites\/5\/2021\/10\/Hospital-de-Rehabilitacion-IGSS-pediatria-dia-del-nino-16-300x200.jpg 300w, \/wp-content\/uploads\/sites\/5\/2021\/10\/Hospital-de-Rehabilitacion-IGSS-pediatria-dia-del-nino-16-768x512.jpg 768w, \/wp-content\/uploads\/sites\/5\/2021\/10\/Hospital-de-Rehabilitacion-IGSS-pediatria-dia-del-nino-16-1024x682.jpg 1024w, \/wp-content\/uploads\/sites\/5\/2021\/10\/Hospital-de-Rehabilitacion-IGSS-pediatria-dia-del-nino-16-696x464.jpg 696w, \/wp-content\/uploads\/sites\/5\/2021\/10\/Hospital-de-Rehabilitacion-IGSS-pediatria-dia-del-nino-16-1068x712.jpg 1068w, \/wp-content\/uploads\/sites\/5\/2021\/10\/Hospital-de-Rehabilitacion-IGSS-pediatria-dia-del-nino-16-534x356.jpg 534w, \/wp-content\/uploads\/sites\/5\/2021\/10\/Hospital-de-Rehabilitacion-IGSS-pediatria-dia-del-nino-16.jpg 1280w\" sizes=\"(max-width: 630px) 100vw, 630px\" alt=\"\">\r\n                            <\/a>\r\n                            \r\n                        <\/figure>\r\n                    <\/div>\r\n                    <div class = \"td-slide-item td-item7\">\r\n                        <figure class=\"td-slide-galery-figure td-slide-popup-gallery\">\r\n                            <a class=\"slide-gallery-image-link\" href=\"\/wp-content\/uploads\/sites\/5\/2021\/10\/Hospital-de-Rehabilitacion-IGSS-pediatria-dia-del-nino-6.jpg\" title=\"Hospital de Rehabilitacion IGSS pediatria dia del nino-6\"  data-caption=\"\"  data-description=\"\">\r\n                                <img decoding=\"async\" src=\"\/wp-content\/uploads\/sites\/5\/2021\/10\/Hospital-de-Rehabilitacion-IGSS-pediatria-dia-del-nino-6-630x420.jpg\" srcset=\"\/wp-content\/uploads\/sites\/5\/2021\/10\/Hospital-de-Rehabilitacion-IGSS-pediatria-dia-del-nino-6-630x420.jpg 630w, \/wp-content\/uploads\/sites\/5\/2021\/10\/Hospital-de-Rehabilitacion-IGSS-pediatria-dia-del-nino-6-300x200.jpg 300w, \/wp-content\/uploads\/sites\/5\/2021\/10\/Hospital-de-Rehabilitacion-IGSS-pediatria-dia-del-nino-6-768x512.jpg 768w, \/wp-content\/uploads\/sites\/5\/2021\/10\/Hospital-de-Rehabilitacion-IGSS-pediatria-dia-del-nino-6-1024x682.jpg 1024w, \/wp-content\/uploads\/sites\/5\/2021\/10\/Hospital-de-Rehabilitacion-IGSS-pediatria-dia-del-nino-6-696x464.jpg 696w, \/wp-content\/uploads\/sites\/5\/2021\/10\/Hospital-de-Rehabilitacion-IGSS-pediatria-dia-del-nino-6-1068x712.jpg 1068w, \/wp-content\/uploads\/sites\/5\/2021\/10\/Hospital-de-Rehabilitacion-IGSS-pediatria-dia-del-nino-6-534x356.jpg 534w, \/wp-content\/uploads\/sites\/5\/2021\/10\/Hospital-de-Rehabilitacion-IGSS-pediatria-dia-del-nino-6.jpg 1280w\" sizes=\"(max-width: 630px) 100vw, 630px\" alt=\"\">\r\n                            <\/a>\r\n                            \r\n                        <\/figure>\r\n                    <\/div>\r\n                    <div class = \"td-slide-item td-item8\">\r\n                        <figure class=\"td-slide-galery-figure td-slide-popup-gallery\">\r\n                            <a class=\"slide-gallery-image-link\" href=\"\/wp-content\/uploads\/sites\/5\/2021\/10\/Hospital-de-Rehabilitacion-IGSS-pediatria-dia-del-nino-18.jpg\" title=\"Hospital de Rehabilitacion IGSS pediatria dia del nino-18\"  data-caption=\"\"  data-description=\"\">\r\n                                <img decoding=\"async\" src=\"\/wp-content\/uploads\/sites\/5\/2021\/10\/Hospital-de-Rehabilitacion-IGSS-pediatria-dia-del-nino-18-630x420.jpg\" srcset=\"\/wp-content\/uploads\/sites\/5\/2021\/10\/Hospital-de-Rehabilitacion-IGSS-pediatria-dia-del-nino-18-630x420.jpg 630w, \/wp-content\/uploads\/sites\/5\/2021\/10\/Hospital-de-Rehabilitacion-IGSS-pediatria-dia-del-nino-18-300x200.jpg 300w, \/wp-content\/uploads\/sites\/5\/2021\/10\/Hospital-de-Rehabilitacion-IGSS-pediatria-dia-del-nino-18-768x512.jpg 768w, \/wp-content\/uploads\/sites\/5\/2021\/10\/Hospital-de-Rehabilitacion-IGSS-pediatria-dia-del-nino-18-1024x682.jpg 1024w, \/wp-content\/uploads\/sites\/5\/2021\/10\/Hospital-de-Rehabilitacion-IGSS-pediatria-dia-del-nino-18-696x464.jpg 696w, \/wp-content\/uploads\/sites\/5\/2021\/10\/Hospital-de-Rehabilitacion-IGSS-pediatria-dia-del-nino-18-1068x712.jpg 1068w, \/wp-content\/uploads\/sites\/5\/2021\/10\/Hospital-de-Rehabilitacion-IGSS-pediatria-dia-del-nino-18-534x356.jpg 534w, \/wp-content\/uploads\/sites\/5\/2021\/10\/Hospital-de-Rehabilitacion-IGSS-pediatria-dia-del-nino-18.jpg 1280w\" sizes=\"(max-width: 630px) 100vw, 630px\" alt=\"\">\r\n                            <\/a>\r\n                            \r\n                        <\/figure>\r\n                    <\/div>\r\n                    <div class = \"td-slide-item td-item9\">\r\n                        <figure class=\"td-slide-galery-figure td-slide-popup-gallery\">\r\n                            <a class=\"slide-gallery-image-link\" href=\"\/wp-content\/uploads\/sites\/5\/2021\/10\/Hospital-de-Rehabilitacion-IGSS-pediatria-dia-del-nino-7.jpg\" title=\"Hospital de Rehabilitacion IGSS pediatria dia del nino-7\"  data-caption=\"\"  data-description=\"\">\r\n                                <img decoding=\"async\" src=\"\/wp-content\/uploads\/sites\/5\/2021\/10\/Hospital-de-Rehabilitacion-IGSS-pediatria-dia-del-nino-7-636x420.jpg\" srcset=\"\/wp-content\/uploads\/sites\/5\/2021\/10\/Hospital-de-Rehabilitacion-IGSS-pediatria-dia-del-nino-7-636x420.jpg 636w, \/wp-content\/uploads\/sites\/5\/2021\/10\/Hospital-de-Rehabilitacion-IGSS-pediatria-dia-del-nino-7-300x198.jpg 300w, \/wp-content\/uploads\/sites\/5\/2021\/10\/Hospital-de-Rehabilitacion-IGSS-pediatria-dia-del-nino-7-768x507.jpg 768w, \/wp-content\/uploads\/sites\/5\/2021\/10\/Hospital-de-Rehabilitacion-IGSS-pediatria-dia-del-nino-7-1024x676.jpg 1024w, \/wp-content\/uploads\/sites\/5\/2021\/10\/Hospital-de-Rehabilitacion-IGSS-pediatria-dia-del-nino-7-696x459.jpg 696w, \/wp-content\/uploads\/sites\/5\/2021\/10\/Hospital-de-Rehabilitacion-IGSS-pediatria-dia-del-nino-7-1068x705.jpg 1068w, \/wp-content\/uploads\/sites\/5\/2021\/10\/Hospital-de-Rehabilitacion-IGSS-pediatria-dia-del-nino-7-534x353.jpg 534w, \/wp-content\/uploads\/sites\/5\/2021\/10\/Hospital-de-Rehabilitacion-IGSS-pediatria-dia-del-nino-7.jpg 1280w\" sizes=\"(max-width: 636px) 100vw, 636px\" alt=\"\">\r\n                            <\/a>\r\n                            \r\n                        <\/figure>\r\n                    <\/div>\r\n                    <div class = \"td-slide-item td-item10\">\r\n                        <figure class=\"td-slide-galery-figure td-slide-popup-gallery\">\r\n                            <a class=\"slide-gallery-image-link\" href=\"\/wp-content\/uploads\/sites\/5\/2021\/10\/Hospital-de-Rehabilitacion-IGSS-pediatria-dia-del-nino-15.jpg\" title=\"Hospital de Rehabilitacion IGSS pediatria dia del nino-15\"  data-caption=\"\"  data-description=\"\">\r\n                                <img decoding=\"async\" src=\"\/wp-content\/uploads\/sites\/5\/2021\/10\/Hospital-de-Rehabilitacion-IGSS-pediatria-dia-del-nino-15-630x420.jpg\" srcset=\"\/wp-content\/uploads\/sites\/5\/2021\/10\/Hospital-de-Rehabilitacion-IGSS-pediatria-dia-del-nino-15-630x420.jpg 630w, \/wp-content\/uploads\/sites\/5\/2021\/10\/Hospital-de-Rehabilitacion-IGSS-pediatria-dia-del-nino-15-300x200.jpg 300w, \/wp-content\/uploads\/sites\/5\/2021\/10\/Hospital-de-Rehabilitacion-IGSS-pediatria-dia-del-nino-15-768x512.jpg 768w, \/wp-content\/uploads\/sites\/5\/2021\/10\/Hospital-de-Rehabilitacion-IGSS-pediatria-dia-del-nino-15-1024x682.jpg 1024w, \/wp-content\/uploads\/sites\/5\/2021\/10\/Hospital-de-Rehabilitacion-IGSS-pediatria-dia-del-nino-15-696x464.jpg 696w, \/wp-content\/uploads\/sites\/5\/2021\/10\/Hospital-de-Rehabilitacion-IGSS-pediatria-dia-del-nino-15-1068x712.jpg 1068w, \/wp-content\/uploads\/sites\/5\/2021\/10\/Hospital-de-Rehabilitacion-IGSS-pediatria-dia-del-nino-15-534x356.jpg 534w, \/wp-content\/uploads\/sites\/5\/2021\/10\/Hospital-de-Rehabilitacion-IGSS-pediatria-dia-del-nino-15.jpg 1280w\" sizes=\"(max-width: 630px) 100vw, 630px\" alt=\"\">\r\n                            <\/a>\r\n                            \r\n                        <\/figure>\r\n                    <\/div>\r\n                    <div class = \"td-slide-item td-item11\">\r\n                        <figure class=\"td-slide-galery-figure td-slide-popup-gallery\">\r\n                            <a class=\"slide-gallery-image-link\" href=\"\/wp-content\/uploads\/sites\/5\/2021\/10\/Hospital-de-Rehabilitacion-IGSS-pediatria-dia-del-nino-11.jpg\" title=\"Hospital de Rehabilitacion IGSS pediatria dia del nino-11\"  data-caption=\"\"  data-description=\"\">\r\n                                <img decoding=\"async\" src=\"\/wp-content\/uploads\/sites\/5\/2021\/10\/Hospital-de-Rehabilitacion-IGSS-pediatria-dia-del-nino-11-630x420.jpg\" srcset=\"\/wp-content\/uploads\/sites\/5\/2021\/10\/Hospital-de-Rehabilitacion-IGSS-pediatria-dia-del-nino-11-630x420.jpg 630w, \/wp-content\/uploads\/sites\/5\/2021\/10\/Hospital-de-Rehabilitacion-IGSS-pediatria-dia-del-nino-11-300x200.jpg 300w, \/wp-content\/uploads\/sites\/5\/2021\/10\/Hospital-de-Rehabilitacion-IGSS-pediatria-dia-del-nino-11-768x512.jpg 768w, \/wp-content\/uploads\/sites\/5\/2021\/10\/Hospital-de-Rehabilitacion-IGSS-pediatria-dia-del-nino-11-1024x682.jpg 1024w, \/wp-content\/uploads\/sites\/5\/2021\/10\/Hospital-de-Rehabilitacion-IGSS-pediatria-dia-del-nino-11-696x464.jpg 696w, \/wp-content\/uploads\/sites\/5\/2021\/10\/Hospital-de-Rehabilitacion-IGSS-pediatria-dia-del-nino-11-1068x712.jpg 1068w, \/wp-content\/uploads\/sites\/5\/2021\/10\/Hospital-de-Rehabilitacion-IGSS-pediatria-dia-del-nino-11-534x356.jpg 534w, \/wp-content\/uploads\/sites\/5\/2021\/10\/Hospital-de-Rehabilitacion-IGSS-pediatria-dia-del-nino-11.jpg 1280w\" sizes=\"(max-width: 630px) 100vw, 630px\" alt=\"\">\r\n                            <\/a>\r\n                            \r\n                        <\/figure>\r\n                    <\/div>\r\n                    <div class = \"td-slide-item td-item12\">\r\n                        <figure class=\"td-slide-galery-figure td-slide-popup-gallery\">\r\n                            <a class=\"slide-gallery-image-link\" href=\"\/wp-content\/uploads\/sites\/5\/2021\/10\/Hospital-de-Rehabilitacion-IGSS-pediatria-dia-del-nino-12.jpg\" title=\"Hospital de Rehabilitacion IGSS pediatria dia del nino-12\"  data-caption=\"\"  data-description=\"\">\r\n                                <img decoding=\"async\" src=\"\/wp-content\/uploads\/sites\/5\/2021\/10\/Hospital-de-Rehabilitacion-IGSS-pediatria-dia-del-nino-12-630x420.jpg\" srcset=\"\/wp-content\/uploads\/sites\/5\/2021\/10\/Hospital-de-Rehabilitacion-IGSS-pediatria-dia-del-nino-12-630x420.jpg 630w, \/wp-content\/uploads\/sites\/5\/2021\/10\/Hospital-de-Rehabilitacion-IGSS-pediatria-dia-del-nino-12-300x200.jpg 300w, \/wp-content\/uploads\/sites\/5\/2021\/10\/Hospital-de-Rehabilitacion-IGSS-pediatria-dia-del-nino-12-768x512.jpg 768w, \/wp-content\/uploads\/sites\/5\/2021\/10\/Hospital-de-Rehabilitacion-IGSS-pediatria-dia-del-nino-12-1024x682.jpg 1024w, \/wp-content\/uploads\/sites\/5\/2021\/10\/Hospital-de-Rehabilitacion-IGSS-pediatria-dia-del-nino-12-696x464.jpg 696w, \/wp-content\/uploads\/sites\/5\/2021\/10\/Hospital-de-Rehabilitacion-IGSS-pediatria-dia-del-nino-12-1068x712.jpg 1068w, \/wp-content\/uploads\/sites\/5\/2021\/10\/Hospital-de-Rehabilitacion-IGSS-pediatria-dia-del-nino-12-534x356.jpg 534w, \/wp-content\/uploads\/sites\/5\/2021\/10\/Hospital-de-Rehabilitacion-IGSS-pediatria-dia-del-nino-12.jpg 1280w\" sizes=\"(max-width: 630px) 100vw, 630px\" alt=\"\">\r\n                            <\/a>\r\n                            \r\n                        <\/figure>\r\n                    <\/div>\r\n                    <div class = \"td-slide-item td-item13\">\r\n                        <figure class=\"td-slide-galery-figure td-slide-popup-gallery\">\r\n                            <a class=\"slide-gallery-image-link\" href=\"\/wp-content\/uploads\/sites\/5\/2021\/10\/Hospital-de-Rehabilitacion-IGSS-pediatria-dia-del-nino-4.jpg\" title=\"Hospital de Rehabilitacion IGSS pediatria dia del nino-4\"  data-caption=\"\"  data-description=\"\">\r\n                                <img decoding=\"async\" src=\"\/wp-content\/uploads\/sites\/5\/2021\/10\/Hospital-de-Rehabilitacion-IGSS-pediatria-dia-del-nino-4-630x420.jpg\" srcset=\"\/wp-content\/uploads\/sites\/5\/2021\/10\/Hospital-de-Rehabilitacion-IGSS-pediatria-dia-del-nino-4-630x420.jpg 630w, \/wp-content\/uploads\/sites\/5\/2021\/10\/Hospital-de-Rehabilitacion-IGSS-pediatria-dia-del-nino-4-300x200.jpg 300w, \/wp-content\/uploads\/sites\/5\/2021\/10\/Hospital-de-Rehabilitacion-IGSS-pediatria-dia-del-nino-4-768x512.jpg 768w, \/wp-content\/uploads\/sites\/5\/2021\/10\/Hospital-de-Rehabilitacion-IGSS-pediatria-dia-del-nino-4-1024x682.jpg 1024w, \/wp-content\/uploads\/sites\/5\/2021\/10\/Hospital-de-Rehabilitacion-IGSS-pediatria-dia-del-nino-4-696x464.jpg 696w, \/wp-content\/uploads\/sites\/5\/2021\/10\/Hospital-de-Rehabilitacion-IGSS-pediatria-dia-del-nino-4-1068x712.jpg 1068w, \/wp-content\/uploads\/sites\/5\/2021\/10\/Hospital-de-Rehabilitacion-IGSS-pediatria-dia-del-nino-4-534x356.jpg 534w, \/wp-content\/uploads\/sites\/5\/2021\/10\/Hospital-de-Rehabilitacion-IGSS-pediatria-dia-del-nino-4.jpg 1280w\" sizes=\"(max-width: 630px) 100vw, 630px\" alt=\"\">\r\n                            <\/a>\r\n                            \r\n                        <\/figure>\r\n                    <\/div>\r\n                    <div class = \"td-slide-item td-item14\">\r\n                        <figure class=\"td-slide-galery-figure td-slide-popup-gallery\">\r\n                            <a class=\"slide-gallery-image-link\" href=\"\/wp-content\/uploads\/sites\/5\/2021\/10\/Hospital-de-Rehabilitacion-IGSS-pediatria-dia-del-nino-17.jpg\" title=\"Hospital de Rehabilitacion IGSS pediatria dia del nino-17\"  data-caption=\"\"  data-description=\"\">\r\n                                <img decoding=\"async\" src=\"\/wp-content\/uploads\/sites\/5\/2021\/10\/Hospital-de-Rehabilitacion-IGSS-pediatria-dia-del-nino-17-458x420.jpg\" srcset=\"\/wp-content\/uploads\/sites\/5\/2021\/10\/Hospital-de-Rehabilitacion-IGSS-pediatria-dia-del-nino-17-458x420.jpg 458w, \/wp-content\/uploads\/sites\/5\/2021\/10\/Hospital-de-Rehabilitacion-IGSS-pediatria-dia-del-nino-17-300x275.jpg 300w, \/wp-content\/uploads\/sites\/5\/2021\/10\/Hospital-de-Rehabilitacion-IGSS-pediatria-dia-del-nino-17-768x705.jpg 768w, \/wp-content\/uploads\/sites\/5\/2021\/10\/Hospital-de-Rehabilitacion-IGSS-pediatria-dia-del-nino-17-1024x940.jpg 1024w, \/wp-content\/uploads\/sites\/5\/2021\/10\/Hospital-de-Rehabilitacion-IGSS-pediatria-dia-del-nino-17-696x639.jpg 696w, \/wp-content\/uploads\/sites\/5\/2021\/10\/Hospital-de-Rehabilitacion-IGSS-pediatria-dia-del-nino-17-1068x980.jpg 1068w, \/wp-content\/uploads\/sites\/5\/2021\/10\/Hospital-de-Rehabilitacion-IGSS-pediatria-dia-del-nino-17-503x462.jpg 503w, \/wp-content\/uploads\/sites\/5\/2021\/10\/Hospital-de-Rehabilitacion-IGSS-pediatria-dia-del-nino-17.jpg 1280w\" sizes=\"(max-width: 458px) 100vw, 458px\" alt=\"\">\r\n                            <\/a>\r\n                            \r\n                        <\/figure>\r\n                    <\/div>\r\n                    <div class = \"td-slide-item td-item15\">\r\n                        <figure class=\"td-slide-galery-figure td-slide-popup-gallery\">\r\n                            <a class=\"slide-gallery-image-link\" href=\"\/wp-content\/uploads\/sites\/5\/2021\/10\/Hospital-de-Rehabilitacion-IGSS-pediatria-dia-del-nino-20.jpg\" title=\"Hospital de Rehabilitacion IGSS pediatria dia del nino-20\"  data-caption=\"\"  data-description=\"\">\r\n                                <img decoding=\"async\" src=\"\/wp-content\/uploads\/sites\/5\/2021\/10\/Hospital-de-Rehabilitacion-IGSS-pediatria-dia-del-nino-20-630x420.jpg\" srcset=\"\/wp-content\/uploads\/sites\/5\/2021\/10\/Hospital-de-Rehabilitacion-IGSS-pediatria-dia-del-nino-20-630x420.jpg 630w, \/wp-content\/uploads\/sites\/5\/2021\/10\/Hospital-de-Rehabilitacion-IGSS-pediatria-dia-del-nino-20-300x200.jpg 300w, \/wp-content\/uploads\/sites\/5\/2021\/10\/Hospital-de-Rehabilitacion-IGSS-pediatria-dia-del-nino-20-768x512.jpg 768w, \/wp-content\/uploads\/sites\/5\/2021\/10\/Hospital-de-Rehabilitacion-IGSS-pediatria-dia-del-nino-20-1024x682.jpg 1024w, \/wp-content\/uploads\/sites\/5\/2021\/10\/Hospital-de-Rehabilitacion-IGSS-pediatria-dia-del-nino-20-696x464.jpg 696w, \/wp-content\/uploads\/sites\/5\/2021\/10\/Hospital-de-Rehabilitacion-IGSS-pediatria-dia-del-nino-20-1068x712.jpg 1068w, \/wp-content\/uploads\/sites\/5\/2021\/10\/Hospital-de-Rehabilitacion-IGSS-pediatria-dia-del-nino-20-534x356.jpg 534w, \/wp-content\/uploads\/sites\/5\/2021\/10\/Hospital-de-Rehabilitacion-IGSS-pediatria-dia-del-nino-20.jpg 1280w\" sizes=\"(max-width: 630px) 100vw, 630px\" alt=\"\">\r\n                            <\/a>\r\n                            \r\n                        <\/figure>\r\n                    <\/div>\r\n                    <div class = \"td-slide-item td-item16\">\r\n                        <figure class=\"td-slide-galery-figure td-slide-popup-gallery\">\r\n                            <a class=\"slide-gallery-image-link\" href=\"\/wp-content\/uploads\/sites\/5\/2021\/10\/Hospital-de-Rehabilitacion-IGSS-pediatria-dia-del-nino-1.jpg\" title=\"Hospital de Rehabilitacion IGSS pediatria dia del nino-1\"  data-caption=\"\"  data-description=\"\">\r\n                                <img decoding=\"async\" src=\"\/wp-content\/uploads\/sites\/5\/2021\/10\/Hospital-de-Rehabilitacion-IGSS-pediatria-dia-del-nino-1-602x420.jpg\" srcset=\"\/wp-content\/uploads\/sites\/5\/2021\/10\/Hospital-de-Rehabilitacion-IGSS-pediatria-dia-del-nino-1-602x420.jpg 602w, \/wp-content\/uploads\/sites\/5\/2021\/10\/Hospital-de-Rehabilitacion-IGSS-pediatria-dia-del-nino-1-300x209.jpg 300w, \/wp-content\/uploads\/sites\/5\/2021\/10\/Hospital-de-Rehabilitacion-IGSS-pediatria-dia-del-nino-1-768x536.jpg 768w, \/wp-content\/uploads\/sites\/5\/2021\/10\/Hospital-de-Rehabilitacion-IGSS-pediatria-dia-del-nino-1-1024x714.jpg 1024w, \/wp-content\/uploads\/sites\/5\/2021\/10\/Hospital-de-Rehabilitacion-IGSS-pediatria-dia-del-nino-1-696x486.jpg 696w, \/wp-content\/uploads\/sites\/5\/2021\/10\/Hospital-de-Rehabilitacion-IGSS-pediatria-dia-del-nino-1-1068x745.jpg 1068w, \/wp-content\/uploads\/sites\/5\/2021\/10\/Hospital-de-Rehabilitacion-IGSS-pediatria-dia-del-nino-1-100x70.jpg 100w, \/wp-content\/uploads\/sites\/5\/2021\/10\/Hospital-de-Rehabilitacion-IGSS-pediatria-dia-del-nino-1-534x373.jpg 534w, \/wp-content\/uploads\/sites\/5\/2021\/10\/Hospital-de-Rehabilitacion-IGSS-pediatria-dia-del-nino-1.jpg 1280w\" sizes=\"(max-width: 602px) 100vw, 602px\" alt=\"\">\r\n                            <\/a>\r\n                            \r\n                        <\/figure>\r\n                    <\/div>\r\n                            <\/div>\r\n                        <\/div>\r\n\r\n                        <div class = \"td-doubleSlider-2\">\r\n                            <div class = \"td-slider\">\r\n                                \r\n                    <div class = \"td-button td-item1\">\r\n                        <div class = \"td-border\"><\/div>\r\n                    <\/div>\r\n                    <div class = \"td-button td-item2\">\r\n                        <div class = \"td-border\"><\/div>\r\n                    <\/div>\r\n                    <div class = \"td-button td-item3\">\r\n                        <div class = \"td-border\"><\/div>\r\n                    <\/div>\r\n                    <div class = \"td-button td-item4\">\r\n                        <div class = \"td-border\"><\/div>\r\n                    <\/div>\r\n                    <div class = \"td-button td-item5\">\r\n                        <div class = \"td-border\"><\/div>\r\n                    <\/div>\r\n                    <div class = \"td-button td-item6\">\r\n                        <div class = \"td-border\"><\/div>\r\n                    <\/div>\r\n                    <div class = \"td-button td-item7\">\r\n                        <div class = \"td-border\"><\/div>\r\n                    <\/div>\r\n                    <div class = \"td-button td-item8\">\r\n                        <div class = \"td-border\"><\/div>\r\n                    <\/div>\r\n                    <div class = \"td-button td-item9\">\r\n                        <div class = \"td-border\"><\/div>\r\n                    <\/div>\r\n                    <div class = \"td-button td-item10\">\r\n                        <div class = \"td-border\"><\/div>\r\n                    <\/div>\r\n                    <div class = \"td-button td-item11\">\r\n                        <div class = \"td-border\"><\/div>\r\n                    <\/div>\r\n                    <div class = \"td-button td-item12\">\r\n                        <div class = \"td-border\"><\/div>\r\n                    <\/div>\r\n                    <div class = \"td-button td-item13\">\r\n                        <div class = \"td-border\"><\/div>\r\n                    <\/div>\r\n                    <div class = \"td-button td-item14\">\r\n                        <div class = \"td-border\"><\/div>\r\n                    <\/div>\r\n                    <div class = \"td-button td-item15\">\r\n                        <div class = \"td-border\"><\/div>\r\n                    <\/div>\r\n                    <div class = \"td-button td-item16\">\r\n                        <div class = \"td-border\"><\/div>\r\n                    <\/div>\r\n                            <\/div>\r\n                        <\/div>\r\n\r\n                    <\/div>\r\n\r\n                <\/div>\r\n                \n","protected":false},"excerpt":{"rendered":"<p>En el \u00e1rea de Rehabilitaci\u00f3n Pedi\u00e1trica, del Hospital de Rehabilitaci\u00f3n, ubicado en Pamplona, zona 12 de la capital, la ma\u00f1ana fue especial para los ni\u00f1os Colline, Santiago, Liam y F\u00e1tima. Los primeros tres asistieron a sus citas de terapia con Flori y Cristian, sus fisioterapistas, quienes se disfrazaron especialmente para la ocasi\u00f3n, y que con [&hellip;]<\/p>\n","protected":false},"author":4,"featured_media":23568,"comment_status":"closed","ping_status":"closed","sticky":false,"template":"","format":"standard","meta":{"footnotes":""},"categories":[3,24,1291],"tags":[238,444,478,722,1395],"coauthors":[881],"class_list":{"0":"post-23567","1":"post","2":"type-post","3":"status-publish","4":"format-standard","5":"has-post-thumbnail","7":"category-actualidad","8":"category-pediatria","9":"category-prestaciones-en-salud","10":"tag-dia-del-nino","11":"tag-fisioterapia","12":"tag-hospital-de-rehabilitacion","13":"tag-prestaciones-en-salud","14":"tag-rehabilitacion-pediatrica"},"_links":{"self":[{"href":"https:\/\/www.igssgt.org\/noticias\/wp-json\/wp\/v2\/posts\/23567","targetHints":{"allow":["GET"]}}],"collection":[{"href":"https:\/\/www.igssgt.org\/noticias\/wp-json\/wp\/v2\/posts"}],"about":[{"href":"https:\/\/www.igssgt.org\/noticias\/wp-json\/wp\/v2\/types\/post"}],"author":[{"embeddable":true,"href":"https:\/\/www.igssgt.org\/noticias\/wp-json\/wp\/v2\/users\/4"}],"replies":[{"embeddable":true,"href":"https:\/\/www.igssgt.org\/noticias\/wp-json\/wp\/v2\/comments?post=23567"}],"version-history":[{"count":4,"href":"https:\/\/www.igssgt.org\/noticias\/wp-json\/wp\/v2\/posts\/23567\/revisions"}],"predecessor-version":[{"id":23591,"href":"https:\/\/www.igssgt.org\/noticias\/wp-json\/wp\/v2\/posts\/23567\/revisions\/23591"}],"wp:featuredmedia":[{"embeddable":true,"href":"https:\/\/www.igssgt.org\/noticias\/wp-json\/wp\/v2\/media\/23568"}],"wp:attachment":[{"href":"https:\/\/www.igssgt.org\/noticias\/wp-json\/wp\/v2\/media?parent=23567"}],"wp:term":[{"taxonomy":"category","embeddable":true,"href":"https:\/\/www.igssgt.org\/noticias\/wp-json\/wp\/v2\/categories?post=23567"},{"taxonomy":"post_tag","embeddable":true,"href":"https:\/\/www.igssgt.org\/noticias\/wp-json\/wp\/v2\/tags?post=23567"},{"taxonomy":"author","embeddable":true,"href":"https:\/\/www.igssgt.org\/noticias\/wp-json\/wp\/v2\/coauthors?post=23567"}],"curies":[{"name":"wp","href":"https:\/\/api.w.org\/{rel}","templated":true}]}}