{"id":23755,"date":"2021-10-15T14:20:00","date_gmt":"2021-10-15T20:20:00","guid":{"rendered":"https:\/\/www.igssgt.org\/noticias\/?p=23755"},"modified":"2021-10-18T16:11:14","modified_gmt":"2021-10-18T22:11:14","slug":"el-igss-invita-a-participar-en-la-convocatoria-para-la-plaza-piloto-de-vehiculo","status":"publish","type":"post","link":"https:\/\/www.igssgt.org\/noticias\/2021\/10\/15\/el-igss-invita-a-participar-en-la-convocatoria-para-la-plaza-piloto-de-vehiculo\/","title":{"rendered":"El IGSS invita a participar en la convocatoria para la plaza: Piloto de Veh\u00edculo"},"content":{"rendered":"\n<h3>Requerido para el Hospital Cob\u00e1n, Alta Verapaz.<\/h3>\n<h4>Fecha l\u00edmite de recepci\u00f3n de solicitudes: 22 de octubre de 2021.<\/h4>\n<p><a href=\"\/wp-content\/uploads\/sites\/5\/2021\/10\/Convocatoria-plaza-igss-piloto-de-vehiculo-coban-alta-verapaz-2021.jpg\"><img loading=\"lazy\" decoding=\"async\" class=\"alignnone size-full wp-image-23756\" src=\"\/wp-content\/uploads\/sites\/5\/2021\/10\/Convocatoria-plaza-igss-piloto-de-vehiculo-coban-alta-verapaz-2021.jpg\" alt=\"\" width=\"924\" height=\"1280\" srcset=\"\/wp-content\/uploads\/sites\/5\/2021\/10\/Convocatoria-plaza-igss-piloto-de-vehiculo-coban-alta-verapaz-2021.jpg 924w, \/wp-content\/uploads\/sites\/5\/2021\/10\/Convocatoria-plaza-igss-piloto-de-vehiculo-coban-alta-verapaz-2021-217x300.jpg 217w, \/wp-content\/uploads\/sites\/5\/2021\/10\/Convocatoria-plaza-igss-piloto-de-vehiculo-coban-alta-verapaz-2021-768x1064.jpg 768w, \/wp-content\/uploads\/sites\/5\/2021\/10\/Convocatoria-plaza-igss-piloto-de-vehiculo-coban-alta-verapaz-2021-739x1024.jpg 739w, \/wp-content\/uploads\/sites\/5\/2021\/10\/Convocatoria-plaza-igss-piloto-de-vehiculo-coban-alta-verapaz-2021-303x420.jpg 303w, \/wp-content\/uploads\/sites\/5\/2021\/10\/Convocatoria-plaza-igss-piloto-de-vehiculo-coban-alta-verapaz-2021-696x964.jpg 696w, \/wp-content\/uploads\/sites\/5\/2021\/10\/Convocatoria-plaza-igss-piloto-de-vehiculo-coban-alta-verapaz-2021-334x462.jpg 334w\" sizes=\"auto, (max-width: 924px) 100vw, 924px\" \/><\/a><\/p>\n","protected":false},"excerpt":{"rendered":"<p>Requerido para el Hospital Cob\u00e1n, Alta Verapaz. Fecha l\u00edmite de recepci\u00f3n de solicitudes: 22 de octubre de 2021.<\/p>\n","protected":false},"author":4,"featured_media":23756,"comment_status":"closed","ping_status":"closed","sticky":false,"template":"","format":"standard","meta":{"footnotes":""},"categories":[1299],"tags":[213,1300],"coauthors":[881],"class_list":{"0":"post-23755","1":"post","2":"type-post","3":"status-publish","4":"format-standard","5":"has-post-thumbnail","7":"category-plazas-vacantes","8":"tag-convocatoria-plazas-igss","9":"tag-empleos-igss"},"_links":{"self":[{"href":"https:\/\/www.igssgt.org\/noticias\/wp-json\/wp\/v2\/posts\/23755","targetHints":{"allow":["GET"]}}],"collection":[{"href":"https:\/\/www.igssgt.org\/noticias\/wp-json\/wp\/v2\/posts"}],"about":[{"href":"https:\/\/www.igssgt.org\/noticias\/wp-json\/wp\/v2\/types\/post"}],"author":[{"embeddable":true,"href":"https:\/\/www.igssgt.org\/noticias\/wp-json\/wp\/v2\/users\/4"}],"replies":[{"embeddable":true,"href":"https:\/\/www.igssgt.org\/noticias\/wp-json\/wp\/v2\/comments?post=23755"}],"version-history":[{"count":1,"href":"https:\/\/www.igssgt.org\/noticias\/wp-json\/wp\/v2\/posts\/23755\/revisions"}],"predecessor-version":[{"id":23757,"href":"https:\/\/www.igssgt.org\/noticias\/wp-json\/wp\/v2\/posts\/23755\/revisions\/23757"}],"wp:featuredmedia":[{"embeddable":true,"href":"https:\/\/www.igssgt.org\/noticias\/wp-json\/wp\/v2\/media\/23756"}],"wp:attachment":[{"href":"https:\/\/www.igssgt.org\/noticias\/wp-json\/wp\/v2\/media?parent=23755"}],"wp:term":[{"taxonomy":"category","embeddable":true,"href":"https:\/\/www.igssgt.org\/noticias\/wp-json\/wp\/v2\/categories?post=23755"},{"taxonomy":"post_tag","embeddable":true,"href":"https:\/\/www.igssgt.org\/noticias\/wp-json\/wp\/v2\/tags?post=23755"},{"taxonomy":"author","embeddable":true,"href":"https:\/\/www.igssgt.org\/noticias\/wp-json\/wp\/v2\/coauthors?post=23755"}],"curies":[{"name":"wp","href":"https:\/\/api.w.org\/{rel}","templated":true}]}}