{"id":23886,"date":"2021-10-27T06:05:00","date_gmt":"2021-10-27T12:05:00","guid":{"rendered":"https:\/\/www.igssgt.org\/noticias\/?p=23886"},"modified":"2021-10-27T14:13:07","modified_gmt":"2021-10-27T20:13:07","slug":"diario-de-centro-america-servicio-llega-al-cenma","status":"publish","type":"post","link":"https:\/\/www.igssgt.org\/noticias\/2021\/10\/27\/diario-de-centro-america-servicio-llega-al-cenma\/","title":{"rendered":"Diario de Centro Am\u00e9rica: Servicio llega al Cenma"},"content":{"rendered":"\n<p>Por Yuri L\u00f3pez<\/p>\n\n\n\n<p class=\"has-drop-cap\">Una nueva jornada de vacunaci\u00f3n contra el Covid-19 realizaron t\u00e9cnicos del Instituto Guatemalteco de Seguridad Social (IGSS) y la Municipalidad de Guatemala, con el componente de AstraZeneca en primera y segunda dosis.<\/p>\n\n\n\n<blockquote>\n<p>9 puestos m\u00f3viles de inoculaci\u00f3n de ubican en el Cenma.<\/p>\n<\/blockquote>\n<p>Durante la presente semana se busca inocular a m\u00e1s de 1000 vendedores informales, compradores y operarios del transporte extraurbano que llegan a la\u00a0<strong>Central de Mayoreo (Cenma)<\/strong>, ubicado al sur de la ciudad capital.<\/p>\n<p>El coordinador de la jornada de\u00a0<strong>vacunaci\u00f3n m\u00f3vil<\/strong>, Allan Ortiz, inform\u00f3 que la finalidad es combatir la enfermedad.<\/p>\n<blockquote>\n<p><em>\u201cEl llamado es a todos, para que aprovechen estas jornadas de vacunaci\u00f3n. Es importante que se tenga la primera y segunda dosis, a fin de lograr la inmunizaci\u00f3n de reba\u00f1o\u201d<\/em>, coment\u00f3 Ortiz.<\/p>\n<\/blockquote>\n<p>Agreg\u00f3 que se ha atendido a m\u00e1s de\u00a0<strong>4000 personas<\/strong>\u00a0en las diversas jornadas que se han realizado en el Cenma. Es necesario agradecer a quienes han acudido al llamado que realizamos, anot\u00f3.<\/p>\n<figure id=\"attachment_23888\" aria-describedby=\"caption-attachment-23888\" style=\"width: 1089px\" class=\"wp-caption alignnone\"><a href=\"\/wp-content\/uploads\/sites\/5\/2021\/10\/Diario-de-Centro-America-pag-5-servicio-llega-al-CENMA-vacunacion-IGSS-.png\"><img loading=\"lazy\" decoding=\"async\" class=\"wp-image-23888 size-full\" src=\"\/wp-content\/uploads\/sites\/5\/2021\/10\/Diario-de-Centro-America-pag-5-servicio-llega-al-CENMA-vacunacion-IGSS-.png\" alt=\"\" width=\"1089\" height=\"339\" srcset=\"\/wp-content\/uploads\/sites\/5\/2021\/10\/Diario-de-Centro-America-pag-5-servicio-llega-al-CENMA-vacunacion-IGSS-.png 1089w, \/wp-content\/uploads\/sites\/5\/2021\/10\/Diario-de-Centro-America-pag-5-servicio-llega-al-CENMA-vacunacion-IGSS--300x93.png 300w, \/wp-content\/uploads\/sites\/5\/2021\/10\/Diario-de-Centro-America-pag-5-servicio-llega-al-CENMA-vacunacion-IGSS--768x239.png 768w, \/wp-content\/uploads\/sites\/5\/2021\/10\/Diario-de-Centro-America-pag-5-servicio-llega-al-CENMA-vacunacion-IGSS--1024x319.png 1024w, \/wp-content\/uploads\/sites\/5\/2021\/10\/Diario-de-Centro-America-pag-5-servicio-llega-al-CENMA-vacunacion-IGSS--696x217.png 696w, \/wp-content\/uploads\/sites\/5\/2021\/10\/Diario-de-Centro-America-pag-5-servicio-llega-al-CENMA-vacunacion-IGSS--1068x332.png 1068w, \/wp-content\/uploads\/sites\/5\/2021\/10\/Diario-de-Centro-America-pag-5-servicio-llega-al-CENMA-vacunacion-IGSS--534x166.png 534w\" sizes=\"auto, (max-width: 1089px) 100vw, 1089px\" \/><\/a><figcaption id=\"caption-attachment-23888\" class=\"wp-caption-text\">Publicaci\u00f3n del Diario de Centro Am\u00e9rica, P\u00e1g. 5, de fecha 27 de octubre de 2021.<\/figcaption><\/figure>\n<p><strong>Publicaci\u00f3n del Diario de Centro Am\u00e9rica<\/strong><\/p>\n<p>Enlace: https:\/\/dca.gob.gt\/noticias-guatemala-diario-centro-america\/servicio-llega-al-cenma\/<\/p>\n","protected":false},"excerpt":{"rendered":"<p>Por Yuri L\u00f3pez Una nueva jornada de vacunaci\u00f3n contra el Covid-19 realizaron t\u00e9cnicos del Instituto Guatemalteco de Seguridad Social (IGSS) y la Municipalidad de Guatemala, con el componente de AstraZeneca en primera y segunda dosis. 9 puestos m\u00f3viles de inoculaci\u00f3n de ubican en el Cenma. Durante la presente semana se busca inocular a m\u00e1s de [&hellip;]<\/p>\n","protected":false},"author":4,"featured_media":23887,"comment_status":"closed","ping_status":"closed","sticky":false,"template":"","format":"standard","meta":{"footnotes":""},"categories":[3,41],"tags":[226,251,1272,1287],"coauthors":[881],"class_list":{"0":"post-23886","1":"post","2":"type-post","3":"status-publish","4":"format-standard","5":"has-post-thumbnail","7":"category-actualidad","8":"category-igss-en-los-medios","9":"tag-dca","10":"tag-diario-de-centro-america","11":"tag-noticias-covid-19-2","12":"tag-vacunas-covid-19"},"_links":{"self":[{"href":"https:\/\/www.igssgt.org\/noticias\/wp-json\/wp\/v2\/posts\/23886","targetHints":{"allow":["GET"]}}],"collection":[{"href":"https:\/\/www.igssgt.org\/noticias\/wp-json\/wp\/v2\/posts"}],"about":[{"href":"https:\/\/www.igssgt.org\/noticias\/wp-json\/wp\/v2\/types\/post"}],"author":[{"embeddable":true,"href":"https:\/\/www.igssgt.org\/noticias\/wp-json\/wp\/v2\/users\/4"}],"replies":[{"embeddable":true,"href":"https:\/\/www.igssgt.org\/noticias\/wp-json\/wp\/v2\/comments?post=23886"}],"version-history":[{"count":1,"href":"https:\/\/www.igssgt.org\/noticias\/wp-json\/wp\/v2\/posts\/23886\/revisions"}],"predecessor-version":[{"id":23889,"href":"https:\/\/www.igssgt.org\/noticias\/wp-json\/wp\/v2\/posts\/23886\/revisions\/23889"}],"wp:featuredmedia":[{"embeddable":true,"href":"https:\/\/www.igssgt.org\/noticias\/wp-json\/wp\/v2\/media\/23887"}],"wp:attachment":[{"href":"https:\/\/www.igssgt.org\/noticias\/wp-json\/wp\/v2\/media?parent=23886"}],"wp:term":[{"taxonomy":"category","embeddable":true,"href":"https:\/\/www.igssgt.org\/noticias\/wp-json\/wp\/v2\/categories?post=23886"},{"taxonomy":"post_tag","embeddable":true,"href":"https:\/\/www.igssgt.org\/noticias\/wp-json\/wp\/v2\/tags?post=23886"},{"taxonomy":"author","embeddable":true,"href":"https:\/\/www.igssgt.org\/noticias\/wp-json\/wp\/v2\/coauthors?post=23886"}],"curies":[{"name":"wp","href":"https:\/\/api.w.org\/{rel}","templated":true}]}}