{"id":23982,"date":"2021-10-29T11:35:00","date_gmt":"2021-10-29T17:35:00","guid":{"rendered":"https:\/\/www.igssgt.org\/noticias\/?p=23982"},"modified":"2021-10-29T13:10:09","modified_gmt":"2021-10-29T19:10:09","slug":"hablo-porque-oigo-no-porque-leo-labios-el-proceso-del-cambio-en-los-ninos-implantados","status":"publish","type":"post","link":"https:\/\/www.igssgt.org\/noticias\/2021\/10\/29\/hablo-porque-oigo-no-porque-leo-labios-el-proceso-del-cambio-en-los-ninos-implantados\/","title":{"rendered":"\u201cHablo porque oigo, no porque leo labios\u201d, el proceso del cambio en los ni\u00f1os implantados"},"content":{"rendered":"\n<p class=\"has-drop-cap\">Alma fue asesora de cr\u00e9ditos en un banco en Guatemala por 12 a\u00f1os, sin embargo, a partir del diagn\u00f3stico de hipoacusia bilateral profunda de su hija, Alysson, su vida cambi\u00f3. A partir de que ella logr\u00f3 que su hija fuera implantada vio la necesidad de acompa\u00f1ar de cerca la educaci\u00f3n de su hija a trav\u00e9s de las terapias auditivo-verbales.&nbsp;<\/p>\n\n\n\n<p>En el <strong>a\u00f1o <\/strong>2011, cuando Alysson ten\u00eda un a\u00f1o y medio le hicieron ex\u00e1menes que la diagnosticaron con sordera profunda, y en ese entonces, en el Seguro Social no exist\u00eda el servicio de implantes, Alma encontr\u00f3 que en ese a\u00f1o la opci\u00f3n m\u00e1s cercana para implantar a su hija quedaba en Espa\u00f1a, Barcelona.<\/p>\n<p>De todas formas Alma decidi\u00f3 que su hija <strong>empezara<\/strong> a estudiar en la escuela de pro ciegos y sordos, y as\u00ed fue como Alysson <strong>comenz\u00f3<\/strong> con las terapias de lenguaje, \u201cNo porque no ten\u00edamos el implante \u00edbamos a dejar de trabajar\u201d, expres\u00f3 Alma<strong>, quien<\/strong> adicionalmente a las clases en la escuela, llevaba a su hija a terapias de lenguaje. \u201cLa verdad es que mi hija trabaj\u00f3 conmigo, \u00edbamos a ver un cliente, \u00edbamos a la terapia y segu\u00edamos en la casa, habl\u00e1ndole porque siempre se busc\u00f3 que ella hablara\u201d, agreg\u00f3 Alma.<\/p>\n<p><iframe loading=\"lazy\" title=\"Implante coclear IGSS\" width=\"696\" height=\"392\" src=\"https:\/\/www.youtube.com\/embed\/BAFx0KCY64k?feature=oembed\" frameborder=\"0\" allow=\"accelerometer; autoplay; clipboard-write; encrypted-media; gyroscope; picture-in-picture\" allowfullscreen><\/iframe><\/p>\n<p>Esa fue la din\u00e1mica de Alma y Alysson hasta los nueve a\u00f1os, cuando logr\u00f3 ser implantada en el Seguro Social. Para ese entonces, el <strong>Instituto<\/strong> ya contaba con un Comit\u00e9 Multidisciplinario de Implantes <strong>Cocleares<\/strong>, lo que le permiti\u00f3 ser implantada bajo el cuidado m\u00e9dico adecuado asegurando un pron\u00f3stico positivo de la cirug\u00eda, adem\u00e1s con una de las mejores tecnolog\u00edas que hay en el mercado.<\/p>\n<p>Pero para Alma fue un proceso dif\u00edcil, porque <strong>como <\/strong>Alysson ya hablaba, se imaginaba que con el implante iba a ser f\u00e1cil. Sin embargo, no fue as\u00ed, para un ni\u00f1o sordo hablar es diferente, porque ellos aprenden a hablar a trav\u00e9s de vibraciones.<\/p>\n<p>Para Alma la escuela y terapia de Alysson le exig\u00edan tiempo que no ten\u00eda y renunci\u00f3 de su trabajo para apoyar en el desarrollo del habla de su hija. Una de sus preocupaciones es que considera que las mayores barreras se encuentran en el entorno y hay mucho camino por recorrer para hablar de inclusi\u00f3n de las personas con hipoacusia. <strong>Las <\/strong>barreras<strong>,<\/strong> seg\u00fan ella<strong>,<\/strong> se encuentran en todos lados. \u201cA mi hija la implantaron en mayo y regres\u00f3 a la escuela en junio, el problema era que el implante es: hablo porque escucho, no porque leo labios; porque esa es la diferencia y ese fue el proceso del cambio.<strong> Ella<\/strong> estaba acostumbrada a verle la cara, la boca, gestos, mientras con el implante tuvimos que aprender que: hablo porque escucho\u201d, narr\u00f3 la madre.<\/p>\n<blockquote>\n<p>En el marco del Convenio UNOPS-IGSS de Implantes Cocleares se logr\u00f3 la implantaci\u00f3n de 40 equipos.<\/p>\n<\/blockquote>\n<p>Esto impuls\u00f3 a Alma a estudiar y formarse en el tema, porque desde que implantaron a su hija el doctor recomend\u00f3 la terapia auditiva verbal, que es totalmente diferente, y era a\u00fan m\u00e1s diferente a lo que ella trabajaba con Alysson. \u201cRecuerdo la primera terapia que me dio Mirna en l\u00ednea, todos los lineamientos que ella me dec\u00eda yo los hab\u00eda hecho al rev\u00e9s\u201d, dijo Alma, quien as\u00ed fue como aprendi\u00f3 que cada detalle del entorno de su hija cuenta y es clave para que pueda aprovechar al m\u00e1ximo de su implante, desde el tipo de ropa y el tono de voz adecuado, hasta la ubicaci\u00f3n de donde se escucha: Es \u201cdecir y luego mostrar\u201d. \u201cSiempre nos pon\u00edamos metas, hoy tenemos que aprender tal fonema. Para decir la R la tuvimos que sacar con g\u00e1rgaras\u201d, <strong>precis\u00f3<\/strong> Alma.<\/p>\n<p>Ahora que Alysson est\u00e1 implantada a\u00fan afronta barreras, pues su voz es muy nasal, y su oralidad es diferente. El cambio <strong>hacia <\/strong>un colegio fue intenso para ella ya que su mundo eran las personas con discapacidad auditiva. Sin embargo, gracias a las terapias, Alysson va adquiriendo <strong>m\u00e1s <\/strong>oportunidades para su desarrollo y su futuro.<\/p>\n<p>En el marco del Convenio UNOPS-IGSS de Implantes Cocleares se logr\u00f3 la implantaci\u00f3n de 40 equipos, <strong>lo cual ha<\/strong> <strong>beneficiado<\/strong> a 20 ni\u00f1as y 20 ni\u00f1os. Al 31 de julio de 2021 se han realizado 2,150 terapias y 134 calibraciones como parte del acompa\u00f1amiento a las familias. Gracias a estas acciones, <strong>40 menores<\/strong>, as\u00ed como sus familias, tendr\u00e1n mayores oportunidades y un mejoramiento en la calidad de vida.\u00a0<\/p>\n","protected":false},"excerpt":{"rendered":"<p>Alma fue asesora de cr\u00e9ditos en un banco en Guatemala por 12 a\u00f1os, sin embargo, a partir del diagn\u00f3stico de hipoacusia bilateral profunda de su hija, Alysson, su vida cambi\u00f3. A partir de que ella logr\u00f3 que su hija fuera implantada vio la necesidad de acompa\u00f1ar de cerca la educaci\u00f3n de su hija a trav\u00e9s [&hellip;]<\/p>\n","protected":false},"author":4,"featured_media":23986,"comment_status":"closed","ping_status":"closed","sticky":false,"template":"","format":"standard","meta":{"footnotes":""},"categories":[3],"tags":[],"coauthors":[881],"class_list":{"0":"post-23982","1":"post","2":"type-post","3":"status-publish","4":"format-standard","5":"has-post-thumbnail","7":"category-actualidad"},"_links":{"self":[{"href":"https:\/\/www.igssgt.org\/noticias\/wp-json\/wp\/v2\/posts\/23982","targetHints":{"allow":["GET"]}}],"collection":[{"href":"https:\/\/www.igssgt.org\/noticias\/wp-json\/wp\/v2\/posts"}],"about":[{"href":"https:\/\/www.igssgt.org\/noticias\/wp-json\/wp\/v2\/types\/post"}],"author":[{"embeddable":true,"href":"https:\/\/www.igssgt.org\/noticias\/wp-json\/wp\/v2\/users\/4"}],"replies":[{"embeddable":true,"href":"https:\/\/www.igssgt.org\/noticias\/wp-json\/wp\/v2\/comments?post=23982"}],"version-history":[{"count":4,"href":"https:\/\/www.igssgt.org\/noticias\/wp-json\/wp\/v2\/posts\/23982\/revisions"}],"predecessor-version":[{"id":23988,"href":"https:\/\/www.igssgt.org\/noticias\/wp-json\/wp\/v2\/posts\/23982\/revisions\/23988"}],"wp:featuredmedia":[{"embeddable":true,"href":"https:\/\/www.igssgt.org\/noticias\/wp-json\/wp\/v2\/media\/23986"}],"wp:attachment":[{"href":"https:\/\/www.igssgt.org\/noticias\/wp-json\/wp\/v2\/media?parent=23982"}],"wp:term":[{"taxonomy":"category","embeddable":true,"href":"https:\/\/www.igssgt.org\/noticias\/wp-json\/wp\/v2\/categories?post=23982"},{"taxonomy":"post_tag","embeddable":true,"href":"https:\/\/www.igssgt.org\/noticias\/wp-json\/wp\/v2\/tags?post=23982"},{"taxonomy":"author","embeddable":true,"href":"https:\/\/www.igssgt.org\/noticias\/wp-json\/wp\/v2\/coauthors?post=23982"}],"curies":[{"name":"wp","href":"https:\/\/api.w.org\/{rel}","templated":true}]}}