{"id":24220,"date":"2021-11-17T08:30:00","date_gmt":"2021-11-17T14:30:00","guid":{"rendered":"https:\/\/www.igssgt.org\/noticias\/?p=24220"},"modified":"2021-11-17T16:42:45","modified_gmt":"2021-11-17T22:42:45","slug":"develan-placa-en-memoria-de-trabajadores-que-ofrendaron-su-vida-por-atender-a-enfermos-con-covid-19","status":"publish","type":"post","link":"https:\/\/www.igssgt.org\/noticias\/2021\/11\/17\/develan-placa-en-memoria-de-trabajadores-que-ofrendaron-su-vida-por-atender-a-enfermos-con-covid-19\/","title":{"rendered":"Develan placa en memoria de trabajadores que ofrendaron su vida por atender a enfermos con COVID-19"},"content":{"rendered":"\n<p class=\"has-drop-cap\">La Facultad de Ciencias Qu\u00edmicas y Farmacia de la Universidad de San Carlos de Guatemala (Usac), por medio del Centro de Estudios Conservacionistas (Cecon), devel\u00f3 una placa en homenaje al Instituto Guatemalteco de Seguridad Social (IGSS) por su trabajo frente a la pandemia del COVID-19; adem\u00e1s, se guard\u00f3 un minuto de silencio por el personal de primera l\u00ednea que ha fallecido.<\/p>\n\n\n\n<p>A la emotiva ceremonia asistieron el licenciado Jos\u00e9 Adolfo Flamenco Jau, presidente de la Junta Directiva del Seguro Social, y la doctora Ana Marilyn Ort\u00edz Ru\u00edz, gerente del Instituto, quienes coincidieron en que este reconocimiento resalta la memoria del personal que procuraba salvar la vida de aquellos que llegaban graves a los hospitales.<\/p>\n\n\n\n<p>El licenciado Pablo Ernesto Oliva Soto, rector de la Usac en funciones, agradeci\u00f3 la dedicaci\u00f3n y el \u00a0trabajo de la gerente del Seguro Social, por mantener ese compromiso de vida al instalar un centro de vacunaci\u00f3n en el campus central de esa casa de estudios donde menores de edad de 12 a 17 a\u00f1os, as\u00ed como mayores de 18 a\u00f1os, han recibido la vacuna contra el coronavirus. \u201cUn saludo especial a la doctora Ana Marilyn Ort\u00edz Ru\u00edz, quien desde el inicio de la pandemia ha trabajado con nosotros para apoyar el tema de vacunaci\u00f3n\u201d, resalt\u00f3.\u00a0<\/p>\n<p>A m\u00e1s de un a\u00f1o que inici\u00f3 la pandemia, la doctora Ana Marilyn Ort\u00edz Ru\u00edz expres\u00f3 que con esta ceremonia se reconoce el valor al pr\u00f3jimo, al personal m\u00e9dico, de enfermer\u00eda y administrativo que cada d\u00eda enfrenta retos inmensos en favor del bienestar de las familias guatemaltecas. \u00a0<\/p>\n<p>\u201cEste es un homenaje que en su sencillez muestra la grandeza de todo el personal del IGSS que ha estado al frente de la pandemia demostrando gallard\u00eda, valor, disciplina y compromiso. Que Dios los bendiga a ellos y \u00a0a sus respectivas familias quienes los han acompa\u00f1ado en este dif\u00edcil proceso\u201d, a\u00f1adi\u00f3 la gerente.<\/p>\n<p>El presidente de la Junta Directiva destac\u00f3 que este reconocimiento describe al Seguro Social como una instituci\u00f3n que busca el beneficio para los derechohabientes, por medio de su recurso humano el IGSS tiene el compromiso social de brindar una atenci\u00f3n con calidad, calidez y eficiencia.<\/p>\n<p>\u201cEstamos haciendo historia en salvar vidas, no importa el riesgo ni las horas de trabajo, sin embargo, el virus sigue presente, pero el personal sanitario que est\u00e1 en primera l\u00ednea tiene la misi\u00f3n espec\u00edfica de enfrentar esta pandemia, por ello dicen que las historias las escriben cada uno de los ganadores\u201d, indic\u00f3 Flamenco Jau.<\/p>\n<p>Este reconocimiento tambi\u00e9n fue dedicado al personal m\u00e9dico que labora en el Ministerio de Salud P\u00fablica y Asistencia Social, trabajadores del Laboratorio Nacional de Salud y con menci\u00f3n especial al Hospital General San Juan de Dios y al Hospital Roosevelt.<\/p>\n\n\n\n<p><\/p>\n","protected":false},"excerpt":{"rendered":"<p>La Facultad de Ciencias Qu\u00edmicas y Farmacia de la Universidad de San Carlos de Guatemala (Usac), por medio del Centro de Estudios Conservacionistas (Cecon), devel\u00f3 una placa en homenaje al Instituto Guatemalteco de Seguridad Social (IGSS) por su trabajo frente a la pandemia del COVID-19; adem\u00e1s, se guard\u00f3 un minuto de silencio por el personal [&hellip;]<\/p>\n","protected":false},"author":4,"featured_media":24221,"comment_status":"closed","ping_status":"closed","sticky":false,"template":"","format":"standard","meta":{"footnotes":""},"categories":[3],"tags":[],"coauthors":[881],"class_list":{"0":"post-24220","1":"post","2":"type-post","3":"status-publish","4":"format-standard","5":"has-post-thumbnail","7":"category-actualidad"},"_links":{"self":[{"href":"https:\/\/www.igssgt.org\/noticias\/wp-json\/wp\/v2\/posts\/24220","targetHints":{"allow":["GET"]}}],"collection":[{"href":"https:\/\/www.igssgt.org\/noticias\/wp-json\/wp\/v2\/posts"}],"about":[{"href":"https:\/\/www.igssgt.org\/noticias\/wp-json\/wp\/v2\/types\/post"}],"author":[{"embeddable":true,"href":"https:\/\/www.igssgt.org\/noticias\/wp-json\/wp\/v2\/users\/4"}],"replies":[{"embeddable":true,"href":"https:\/\/www.igssgt.org\/noticias\/wp-json\/wp\/v2\/comments?post=24220"}],"version-history":[{"count":1,"href":"https:\/\/www.igssgt.org\/noticias\/wp-json\/wp\/v2\/posts\/24220\/revisions"}],"predecessor-version":[{"id":24222,"href":"https:\/\/www.igssgt.org\/noticias\/wp-json\/wp\/v2\/posts\/24220\/revisions\/24222"}],"wp:featuredmedia":[{"embeddable":true,"href":"https:\/\/www.igssgt.org\/noticias\/wp-json\/wp\/v2\/media\/24221"}],"wp:attachment":[{"href":"https:\/\/www.igssgt.org\/noticias\/wp-json\/wp\/v2\/media?parent=24220"}],"wp:term":[{"taxonomy":"category","embeddable":true,"href":"https:\/\/www.igssgt.org\/noticias\/wp-json\/wp\/v2\/categories?post=24220"},{"taxonomy":"post_tag","embeddable":true,"href":"https:\/\/www.igssgt.org\/noticias\/wp-json\/wp\/v2\/tags?post=24220"},{"taxonomy":"author","embeddable":true,"href":"https:\/\/www.igssgt.org\/noticias\/wp-json\/wp\/v2\/coauthors?post=24220"}],"curies":[{"name":"wp","href":"https:\/\/api.w.org\/{rel}","templated":true}]}}