{"id":24367,"date":"2021-12-03T14:30:00","date_gmt":"2021-12-03T20:30:00","guid":{"rendered":"https:\/\/www.igssgt.org\/noticias\/?p=24367"},"modified":"2021-12-03T17:37:44","modified_gmt":"2021-12-03T23:37:44","slug":"mas-de-un-centenar-de-medicos-residentes-del-igss-clausuran-maestrias","status":"publish","type":"post","link":"https:\/\/www.igssgt.org\/noticias\/2021\/12\/03\/mas-de-un-centenar-de-medicos-residentes-del-igss-clausuran-maestrias\/","title":{"rendered":"M\u00e1s de un centenar de m\u00e9dicos residentes del IGSS clausuran maestr\u00edas"},"content":{"rendered":"\n<p class=\"has-drop-cap\">Los doctores Karla Paola Cruz Espina y Mario Fernando M\u00e9ndez Morales, portadores de los pabellones Nacional y del Instituto Guatemalteco de Seguridad Social (IGSS) respectivamente, fueron parte de los 36 galenos que participaron en el acto de clausura de Maestr\u00edas M\u00e9dicas 2021 celebrado hoy en el auditorio Autonom\u00eda de las Oficinas Centrales.<\/p>\n\n\n\n<p><a href=\"\/wp-content\/uploads\/sites\/5\/2021\/12\/Acto-de-Clausura-maestrias-medicas-2021-17.jpg\"><img loading=\"lazy\" decoding=\"async\" class=\"alignnone size-full wp-image-24369\" src=\"\/wp-content\/uploads\/sites\/5\/2021\/12\/Acto-de-Clausura-maestrias-medicas-2021-17.jpg\" alt=\"\" width=\"1280\" height=\"853\" srcset=\"\/wp-content\/uploads\/sites\/5\/2021\/12\/Acto-de-Clausura-maestrias-medicas-2021-17.jpg 1280w, \/wp-content\/uploads\/sites\/5\/2021\/12\/Acto-de-Clausura-maestrias-medicas-2021-17-300x200.jpg 300w, \/wp-content\/uploads\/sites\/5\/2021\/12\/Acto-de-Clausura-maestrias-medicas-2021-17-768x512.jpg 768w, \/wp-content\/uploads\/sites\/5\/2021\/12\/Acto-de-Clausura-maestrias-medicas-2021-17-1024x682.jpg 1024w, \/wp-content\/uploads\/sites\/5\/2021\/12\/Acto-de-Clausura-maestrias-medicas-2021-17-630x420.jpg 630w, \/wp-content\/uploads\/sites\/5\/2021\/12\/Acto-de-Clausura-maestrias-medicas-2021-17-696x464.jpg 696w, \/wp-content\/uploads\/sites\/5\/2021\/12\/Acto-de-Clausura-maestrias-medicas-2021-17-1068x712.jpg 1068w, \/wp-content\/uploads\/sites\/5\/2021\/12\/Acto-de-Clausura-maestrias-medicas-2021-17-534x356.jpg 534w\" sizes=\"auto, (max-width: 1280px) 100vw, 1280px\" \/><\/a><\/p>\n<p>A ellos se les unieron de manera virtual 88 colegas residentes de los hospitales y consultorios del IGSS a nivel nacional, quienes en conjunto (122) culminaron sus estudios de primeras y segundas especialidades, con lo que el Instituto suma calidad de profesionales de la medicina a sus unidades para beneficio de afiliados y derechohabientes.<\/p>\n<p>\u201cHoy es un d\u00eda especial, primero porque se celebra el D\u00eda del M\u00e9dico y segundo porque luego de a\u00f1os de estudio alcanzan una meta m\u00e1s como parte de la familia del IGSS\u201d, destac\u00f3 el doctor Gary Abraham Reyes L\u00f3pez, jefe de Departamento Administrativo del Departamento de Capacitaci\u00f3n y Desarrollo.<\/p>\n<p>Por su parte, la licenciada Cynthia Viviana Figueroa Benavente, subgerente de Recursos Humanos, destac\u00f3 a la promoci\u00f3n por ser unos h\u00e9roes para la instituci\u00f3n. \u201cGracias a ustedes por salvar y atender a nuestros afiliados, al tiempo que estudiaban en los hospitales-escuela\u201d.<\/p>\n<p>El doctor Felipe Monroy, en nombre de los nuevos especialistas, agradeci\u00f3 al Instituto por la oportunidad de formar parte de su programa de residentes. \u201cEs un privilegio haber sido instruidos bajo la tutela de la mejor instituci\u00f3n m\u00e9dica del pa\u00eds\u201d, resalt\u00f3 el cirujano general.<\/p>\n<p><iframe loading=\"lazy\" title=\"Clausura de Maestr\u00edas M\u00e9dicas 2021 IGSS\" width=\"696\" height=\"392\" src=\"https:\/\/www.youtube.com\/embed\/aP965s3LYXw?feature=oembed\" frameborder=\"0\" allow=\"accelerometer; autoplay; clipboard-write; encrypted-media; gyroscope; picture-in-picture\" allowfullscreen><\/iframe><\/p>\n<p>El grupo de graduados obtuvo t\u00edtulos de especializaci\u00f3n en Anestesiolog\u00eda, Cirug\u00eda general, Ginecolog\u00eda y obstetricia, Medicina f\u00edsica y rehabilitaci\u00f3n, Medicina interna, Patolog\u00eda, Pediatr\u00eda, Psiquiatr\u00eda, Traumatolog\u00eda y ortopedia, Infectolog\u00eda de adultos y pedi\u00e1trica, Medicina cr\u00edtica y cuidado intensivo del adulto, Otorrinolaringolog\u00eda, Reumatolog\u00eda, Urolog\u00eda y los primeros especialistas en Neurolog\u00eda y Radiolog\u00eda e im\u00e1genes diagn\u00f3sticas.<\/p>\n<p>\u201cEste acto solemne llena de orgullo a las autoridades, pues entregamos talento joven al pa\u00eds. Ustedes son sin\u00f3nimo de lucha y garra, puesto que a la par de la curr\u00edcula enfrentaron la pandemia. Son h\u00e9roes y hero\u00ednas\u201d, expres\u00f3 la doctora Ana Marilyn Ort\u00edz Ru\u00edz, gerente del IGSS.<\/p>\n<p>El licenciado Jos\u00e9 Adolfo Flamenco Jau, presidente de la Junta Directiva del Seguro Social, los felicit\u00f3 e invit\u00f3 a seguir super\u00e1ndose. \u201cGuatemala y el IGSS les demanda que contin\u00faen prepar\u00e1ndose y a dar lo mejor cada d\u00eda. El Seguro Social les abri\u00f3 las puertas oportunamente y hoy las siguen teniendo abiertas\u201d, finaliz\u00f3 el presidente.<\/p>\n<h3><strong>Cantidad de graduados en otras unidades:<\/strong><\/h3>\n<ul>\n<li>Hospital Juan Jos\u00e9 Ar\u00e9valo Bermejo, zona 6 capitalina: 32 especialistas<\/li>\n<li>Hospital Departamental de Escuintla: 10 especialistas<\/li>\n<li>Hospital General de Quetzaltenango: 7 especialistas<\/li>\n<li>Hospital Departamental de Puerto Barrios, Izabal: 12 especialistas<\/li>\n<li>Hospital de Mazatenango, Suchitep\u00e9quez: 7 especialistas<\/li>\n<li>Hospital Departamental de Retalhuleu: 10 especialistas<\/li>\n<li>Consultorio de Chiquimula: 3 especialistas<\/li>\n<li>Consultorio de Zacapa: 3 especialistas<\/li>\n<li>Consultorio de Solol\u00e1: 2 especialistas<\/li>\n<li>Consultorio de Quich\u00e9: 2 especialistas<\/li>\n<\/ul>\n<h3><strong>Origen de las maestr\u00edas:<\/strong><\/h3>\n<p>El programa Piramidal Acad\u00e9mico Docente del IGSS fue creado seg\u00fan Acuerdo 496 de Junta Directiva el 9 de octubre de 1970, con el prop\u00f3sito de formar a galenos para brindar una atenci\u00f3n especializada en distintas ramas de la medicina a sus derechohabientes. Desde 1989 fue avalado por la Universidad de San Carlos de Guatemala, y a partir del 2020 se obtiene el reconocimiento acad\u00e9mico de la Universidad Mariano G\u00e1lvez de Guatemala para la maestr\u00eda de Neumolog\u00eda. El 20 de febrero de 2014 dicho programa Piramidal pas\u00f3 a ser el de Formaci\u00f3n de M\u00e9dicos Generales y Especialistas, a cargo del Departamento de Capacitaci\u00f3n y Desarrollo de la Subgerencia de Recursos Humanos.<\/p>\n\r\n                <style type=\"text\/css\">\r\n                    \r\n                    #tdi_1  .td-doubleSlider-2 .td-item1 {\r\n                        background: url(\/wp-content\/uploads\/sites\/5\/2021\/12\/Acto-de-Clausura-maestrias-medicas-2021-1-80x60.jpg) 0 0 no-repeat;\r\n                    }\r\n                    #tdi_1  .td-doubleSlider-2 .td-item2 {\r\n                        background: url(\/wp-content\/uploads\/sites\/5\/2021\/12\/Acto-de-Clausura-maestrias-medicas-2021-4-80x60.jpg) 0 0 no-repeat;\r\n                    }\r\n                    #tdi_1  .td-doubleSlider-2 .td-item3 {\r\n                        background: url(\/wp-content\/uploads\/sites\/5\/2021\/12\/Acto-de-Clausura-maestrias-medicas-2021-5-80x60.jpg) 0 0 no-repeat;\r\n                    }\r\n                    #tdi_1  .td-doubleSlider-2 .td-item4 {\r\n                        background: url(\/wp-content\/uploads\/sites\/5\/2021\/12\/Acto-de-Clausura-maestrias-medicas-2021-6-80x60.jpg) 0 0 no-repeat;\r\n                    }\r\n                    #tdi_1  .td-doubleSlider-2 .td-item5 {\r\n                        background: url(\/wp-content\/uploads\/sites\/5\/2021\/12\/Acto-de-Clausura-maestrias-medicas-2021-7-80x60.jpg) 0 0 no-repeat;\r\n                    }\r\n                    #tdi_1  .td-doubleSlider-2 .td-item6 {\r\n                        background: url(\/wp-content\/uploads\/sites\/5\/2021\/12\/Acto-de-Clausura-maestrias-medicas-2021-8-80x60.jpg) 0 0 no-repeat;\r\n                    }\r\n                    #tdi_1  .td-doubleSlider-2 .td-item7 {\r\n                        background: url(\/wp-content\/uploads\/sites\/5\/2021\/12\/Acto-de-Clausura-maestrias-medicas-2021-9-80x60.jpg) 0 0 no-repeat;\r\n                    }\r\n                    #tdi_1  .td-doubleSlider-2 .td-item8 {\r\n                        background: url(\/wp-content\/uploads\/sites\/5\/2021\/12\/Acto-de-Clausura-maestrias-medicas-2021-10-80x60.jpg) 0 0 no-repeat;\r\n                    }\r\n                    #tdi_1  .td-doubleSlider-2 .td-item9 {\r\n                        background: url(\/wp-content\/uploads\/sites\/5\/2021\/12\/Acto-de-Clausura-maestrias-medicas-2021-11-80x60.jpg) 0 0 no-repeat;\r\n                    }\r\n                    #tdi_1  .td-doubleSlider-2 .td-item10 {\r\n                        background: url(\/wp-content\/uploads\/sites\/5\/2021\/12\/Acto-de-Clausura-maestrias-medicas-2021-12-80x60.jpg) 0 0 no-repeat;\r\n                    }\r\n                    #tdi_1  .td-doubleSlider-2 .td-item11 {\r\n                        background: url(\/wp-content\/uploads\/sites\/5\/2021\/12\/Acto-de-Clausura-maestrias-medicas-2021-13-80x60.jpg) 0 0 no-repeat;\r\n                    }\r\n                    #tdi_1  .td-doubleSlider-2 .td-item12 {\r\n                        background: url(\/wp-content\/uploads\/sites\/5\/2021\/12\/Acto-de-Clausura-maestrias-medicas-2021-14-80x60.jpg) 0 0 no-repeat;\r\n                    }\r\n                    #tdi_1  .td-doubleSlider-2 .td-item13 {\r\n                        background: url(\/wp-content\/uploads\/sites\/5\/2021\/12\/Acto-de-Clausura-maestrias-medicas-2021-15-80x60.jpg) 0 0 no-repeat;\r\n                    }\r\n                    #tdi_1  .td-doubleSlider-2 .td-item14 {\r\n                        background: url(\/wp-content\/uploads\/sites\/5\/2021\/12\/Acto-de-Clausura-maestrias-medicas-2021-16-80x60.jpg) 0 0 no-repeat;\r\n                    }\r\n                    #tdi_1  .td-doubleSlider-2 .td-item15 {\r\n                        background: url(\/wp-content\/uploads\/sites\/5\/2021\/12\/Acto-de-Clausura-maestrias-medicas-2021-18-80x60.jpg) 0 0 no-repeat;\r\n                    }\r\n                    #tdi_1  .td-doubleSlider-2 .td-item16 {\r\n                        background: url(\/wp-content\/uploads\/sites\/5\/2021\/12\/Acto-de-Clausura-maestrias-medicas-2021-19-80x60.jpg) 0 0 no-repeat;\r\n                    }\r\n                    #tdi_1  .td-doubleSlider-2 .td-item17 {\r\n                        background: url(\/wp-content\/uploads\/sites\/5\/2021\/12\/Acto-de-Clausura-maestrias-medicas-2021-20-80x60.jpg) 0 0 no-repeat;\r\n                    }\r\n                    #tdi_1  .td-doubleSlider-2 .td-item18 {\r\n                        background: url(\/wp-content\/uploads\/sites\/5\/2021\/12\/Acto-de-Clausura-maestrias-medicas-2021-21-80x60.jpg) 0 0 no-repeat;\r\n                    }\r\n                    #tdi_1  .td-doubleSlider-2 .td-item19 {\r\n                        background: url(\/wp-content\/uploads\/sites\/5\/2021\/12\/Acto-de-Clausura-maestrias-medicas-2021-22-80x60.jpg) 0 0 no-repeat;\r\n                    }\r\n                    #tdi_1  .td-doubleSlider-2 .td-item20 {\r\n                        background: url(\/wp-content\/uploads\/sites\/5\/2021\/12\/Acto-de-Clausura-maestrias-medicas-2021-3-80x60.jpg) 0 0 no-repeat;\r\n                    }\r\n                    #tdi_1  .td-doubleSlider-2 .td-item21 {\r\n                        background: url(\/wp-content\/uploads\/sites\/5\/2021\/12\/Acto-de-Clausura-maestrias-medicas-2021-17-80x60.jpg) 0 0 no-repeat;\r\n                    }\r\n                <\/style>\r\n\r\n                <div id=\"tdi_1\" class=\"td-gallery td-slide-on-2-columns\">\r\n                    <div class=\"post_td_gallery\">\r\n                        <div class=\"td-gallery-slide-top\">\r\n                           <div class=\"td-gallery-title\">Galeria de Im\u00e1genes<\/div>\r\n\r\n                            <div class=\"td-gallery-controls-wrapper\">\r\n                                <div class=\"td-gallery-slide-count\"><span class=\"td-gallery-slide-item-focus\">1<\/span> de 21<\/div>\r\n                                <div class=\"td-gallery-slide-prev-next-but\">\r\n                                    <i class = \"td-icon-left doubleSliderPrevButton\"><\/i>\r\n                                    <i class = \"td-icon-right doubleSliderNextButton\"><\/i>\r\n                                <\/div>\r\n                            <\/div>\r\n                        <\/div>\r\n\r\n                        <div class = \"td-doubleSlider-1 \">\r\n                            <div class = \"td-slider\">\r\n                                \r\n                    <div class = \"td-slide-item td-item1\">\r\n                        <figure class=\"td-slide-galery-figure td-slide-popup-gallery\">\r\n                            <a class=\"slide-gallery-image-link\" href=\"\/wp-content\/uploads\/sites\/5\/2021\/12\/Acto-de-Clausura-maestrias-medicas-2021-1.jpg\" title=\"Acto de Clausura maestrias medicas 2021-1\"  data-caption=\"\"  data-description=\"\">\r\n                                <img decoding=\"async\" src=\"\/wp-content\/uploads\/sites\/5\/2021\/12\/Acto-de-Clausura-maestrias-medicas-2021-1-630x420.jpg\" srcset=\"\/wp-content\/uploads\/sites\/5\/2021\/12\/Acto-de-Clausura-maestrias-medicas-2021-1-630x420.jpg 630w, \/wp-content\/uploads\/sites\/5\/2021\/12\/Acto-de-Clausura-maestrias-medicas-2021-1-300x200.jpg 300w, \/wp-content\/uploads\/sites\/5\/2021\/12\/Acto-de-Clausura-maestrias-medicas-2021-1-768x512.jpg 768w, \/wp-content\/uploads\/sites\/5\/2021\/12\/Acto-de-Clausura-maestrias-medicas-2021-1-1024x682.jpg 1024w, \/wp-content\/uploads\/sites\/5\/2021\/12\/Acto-de-Clausura-maestrias-medicas-2021-1-696x464.jpg 696w, \/wp-content\/uploads\/sites\/5\/2021\/12\/Acto-de-Clausura-maestrias-medicas-2021-1-1068x712.jpg 1068w, \/wp-content\/uploads\/sites\/5\/2021\/12\/Acto-de-Clausura-maestrias-medicas-2021-1-534x356.jpg 534w, \/wp-content\/uploads\/sites\/5\/2021\/12\/Acto-de-Clausura-maestrias-medicas-2021-1.jpg 1280w\" sizes=\"(max-width: 630px) 100vw, 630px\" alt=\"\">\r\n                            <\/a>\r\n                            \r\n                        <\/figure>\r\n                    <\/div>\r\n                    <div class = \"td-slide-item td-item2\">\r\n                        <figure class=\"td-slide-galery-figure td-slide-popup-gallery\">\r\n                            <a class=\"slide-gallery-image-link\" href=\"\/wp-content\/uploads\/sites\/5\/2021\/12\/Acto-de-Clausura-maestrias-medicas-2021-4.jpg\" title=\"Acto de Clausura maestrias medicas 2021-4\"  data-caption=\"\"  data-description=\"\">\r\n                                <img decoding=\"async\" src=\"\/wp-content\/uploads\/sites\/5\/2021\/12\/Acto-de-Clausura-maestrias-medicas-2021-4-630x420.jpg\" srcset=\"\/wp-content\/uploads\/sites\/5\/2021\/12\/Acto-de-Clausura-maestrias-medicas-2021-4-630x420.jpg 630w, \/wp-content\/uploads\/sites\/5\/2021\/12\/Acto-de-Clausura-maestrias-medicas-2021-4-300x200.jpg 300w, \/wp-content\/uploads\/sites\/5\/2021\/12\/Acto-de-Clausura-maestrias-medicas-2021-4-768x512.jpg 768w, \/wp-content\/uploads\/sites\/5\/2021\/12\/Acto-de-Clausura-maestrias-medicas-2021-4-1024x682.jpg 1024w, \/wp-content\/uploads\/sites\/5\/2021\/12\/Acto-de-Clausura-maestrias-medicas-2021-4-696x464.jpg 696w, \/wp-content\/uploads\/sites\/5\/2021\/12\/Acto-de-Clausura-maestrias-medicas-2021-4-1068x712.jpg 1068w, \/wp-content\/uploads\/sites\/5\/2021\/12\/Acto-de-Clausura-maestrias-medicas-2021-4-534x356.jpg 534w, \/wp-content\/uploads\/sites\/5\/2021\/12\/Acto-de-Clausura-maestrias-medicas-2021-4.jpg 1280w\" sizes=\"(max-width: 630px) 100vw, 630px\" alt=\"\">\r\n                            <\/a>\r\n                            \r\n                        <\/figure>\r\n                    <\/div>\r\n                    <div class = \"td-slide-item td-item3\">\r\n                        <figure class=\"td-slide-galery-figure td-slide-popup-gallery\">\r\n                            <a class=\"slide-gallery-image-link\" href=\"\/wp-content\/uploads\/sites\/5\/2021\/12\/Acto-de-Clausura-maestrias-medicas-2021-5.jpg\" title=\"Acto de Clausura maestrias medicas 2021-5\"  data-caption=\"\"  data-description=\"\">\r\n                                <img decoding=\"async\" src=\"\/wp-content\/uploads\/sites\/5\/2021\/12\/Acto-de-Clausura-maestrias-medicas-2021-5-630x420.jpg\" srcset=\"\/wp-content\/uploads\/sites\/5\/2021\/12\/Acto-de-Clausura-maestrias-medicas-2021-5-630x420.jpg 630w, \/wp-content\/uploads\/sites\/5\/2021\/12\/Acto-de-Clausura-maestrias-medicas-2021-5-300x200.jpg 300w, \/wp-content\/uploads\/sites\/5\/2021\/12\/Acto-de-Clausura-maestrias-medicas-2021-5-768x512.jpg 768w, \/wp-content\/uploads\/sites\/5\/2021\/12\/Acto-de-Clausura-maestrias-medicas-2021-5-1024x682.jpg 1024w, \/wp-content\/uploads\/sites\/5\/2021\/12\/Acto-de-Clausura-maestrias-medicas-2021-5-696x464.jpg 696w, \/wp-content\/uploads\/sites\/5\/2021\/12\/Acto-de-Clausura-maestrias-medicas-2021-5-1068x712.jpg 1068w, \/wp-content\/uploads\/sites\/5\/2021\/12\/Acto-de-Clausura-maestrias-medicas-2021-5-534x356.jpg 534w, \/wp-content\/uploads\/sites\/5\/2021\/12\/Acto-de-Clausura-maestrias-medicas-2021-5.jpg 1280w\" sizes=\"(max-width: 630px) 100vw, 630px\" alt=\"\">\r\n                            <\/a>\r\n                            \r\n                        <\/figure>\r\n                    <\/div>\r\n                    <div class = \"td-slide-item td-item4\">\r\n                        <figure class=\"td-slide-galery-figure td-slide-popup-gallery\">\r\n                            <a class=\"slide-gallery-image-link\" href=\"\/wp-content\/uploads\/sites\/5\/2021\/12\/Acto-de-Clausura-maestrias-medicas-2021-6.jpg\" title=\"Acto de Clausura maestrias medicas 2021-6\"  data-caption=\"\"  data-description=\"\">\r\n                                <img decoding=\"async\" src=\"\/wp-content\/uploads\/sites\/5\/2021\/12\/Acto-de-Clausura-maestrias-medicas-2021-6-630x420.jpg\" srcset=\"\/wp-content\/uploads\/sites\/5\/2021\/12\/Acto-de-Clausura-maestrias-medicas-2021-6-630x420.jpg 630w, \/wp-content\/uploads\/sites\/5\/2021\/12\/Acto-de-Clausura-maestrias-medicas-2021-6-300x200.jpg 300w, \/wp-content\/uploads\/sites\/5\/2021\/12\/Acto-de-Clausura-maestrias-medicas-2021-6-768x512.jpg 768w, \/wp-content\/uploads\/sites\/5\/2021\/12\/Acto-de-Clausura-maestrias-medicas-2021-6-1024x682.jpg 1024w, \/wp-content\/uploads\/sites\/5\/2021\/12\/Acto-de-Clausura-maestrias-medicas-2021-6-696x464.jpg 696w, \/wp-content\/uploads\/sites\/5\/2021\/12\/Acto-de-Clausura-maestrias-medicas-2021-6-1068x712.jpg 1068w, \/wp-content\/uploads\/sites\/5\/2021\/12\/Acto-de-Clausura-maestrias-medicas-2021-6-534x356.jpg 534w, \/wp-content\/uploads\/sites\/5\/2021\/12\/Acto-de-Clausura-maestrias-medicas-2021-6.jpg 1280w\" sizes=\"(max-width: 630px) 100vw, 630px\" alt=\"\">\r\n                            <\/a>\r\n                            \r\n                        <\/figure>\r\n                    <\/div>\r\n                    <div class = \"td-slide-item td-item5\">\r\n                        <figure class=\"td-slide-galery-figure td-slide-popup-gallery\">\r\n                            <a class=\"slide-gallery-image-link\" href=\"\/wp-content\/uploads\/sites\/5\/2021\/12\/Acto-de-Clausura-maestrias-medicas-2021-7.jpg\" title=\"Acto de Clausura maestrias medicas 2021-7\"  data-caption=\"\"  data-description=\"\">\r\n                                <img decoding=\"async\" src=\"\/wp-content\/uploads\/sites\/5\/2021\/12\/Acto-de-Clausura-maestrias-medicas-2021-7-630x420.jpg\" srcset=\"\/wp-content\/uploads\/sites\/5\/2021\/12\/Acto-de-Clausura-maestrias-medicas-2021-7-630x420.jpg 630w, \/wp-content\/uploads\/sites\/5\/2021\/12\/Acto-de-Clausura-maestrias-medicas-2021-7-300x200.jpg 300w, \/wp-content\/uploads\/sites\/5\/2021\/12\/Acto-de-Clausura-maestrias-medicas-2021-7-768x512.jpg 768w, \/wp-content\/uploads\/sites\/5\/2021\/12\/Acto-de-Clausura-maestrias-medicas-2021-7-1024x682.jpg 1024w, \/wp-content\/uploads\/sites\/5\/2021\/12\/Acto-de-Clausura-maestrias-medicas-2021-7-696x464.jpg 696w, \/wp-content\/uploads\/sites\/5\/2021\/12\/Acto-de-Clausura-maestrias-medicas-2021-7-1068x712.jpg 1068w, \/wp-content\/uploads\/sites\/5\/2021\/12\/Acto-de-Clausura-maestrias-medicas-2021-7-534x356.jpg 534w, \/wp-content\/uploads\/sites\/5\/2021\/12\/Acto-de-Clausura-maestrias-medicas-2021-7.jpg 1280w\" sizes=\"(max-width: 630px) 100vw, 630px\" alt=\"\">\r\n                            <\/a>\r\n                            \r\n                        <\/figure>\r\n                    <\/div>\r\n                    <div class = \"td-slide-item td-item6\">\r\n                        <figure class=\"td-slide-galery-figure td-slide-popup-gallery\">\r\n                            <a class=\"slide-gallery-image-link\" href=\"\/wp-content\/uploads\/sites\/5\/2021\/12\/Acto-de-Clausura-maestrias-medicas-2021-8.jpg\" title=\"Acto de Clausura maestrias medicas 2021-8\"  data-caption=\"\"  data-description=\"\">\r\n                                <img decoding=\"async\" src=\"\/wp-content\/uploads\/sites\/5\/2021\/12\/Acto-de-Clausura-maestrias-medicas-2021-8-630x420.jpg\" srcset=\"\/wp-content\/uploads\/sites\/5\/2021\/12\/Acto-de-Clausura-maestrias-medicas-2021-8-630x420.jpg 630w, \/wp-content\/uploads\/sites\/5\/2021\/12\/Acto-de-Clausura-maestrias-medicas-2021-8-300x200.jpg 300w, \/wp-content\/uploads\/sites\/5\/2021\/12\/Acto-de-Clausura-maestrias-medicas-2021-8-768x512.jpg 768w, \/wp-content\/uploads\/sites\/5\/2021\/12\/Acto-de-Clausura-maestrias-medicas-2021-8-1024x682.jpg 1024w, \/wp-content\/uploads\/sites\/5\/2021\/12\/Acto-de-Clausura-maestrias-medicas-2021-8-696x464.jpg 696w, \/wp-content\/uploads\/sites\/5\/2021\/12\/Acto-de-Clausura-maestrias-medicas-2021-8-1068x712.jpg 1068w, \/wp-content\/uploads\/sites\/5\/2021\/12\/Acto-de-Clausura-maestrias-medicas-2021-8-534x356.jpg 534w, \/wp-content\/uploads\/sites\/5\/2021\/12\/Acto-de-Clausura-maestrias-medicas-2021-8.jpg 1280w\" sizes=\"(max-width: 630px) 100vw, 630px\" alt=\"\">\r\n                            <\/a>\r\n                            \r\n                        <\/figure>\r\n                    <\/div>\r\n                    <div class = \"td-slide-item td-item7\">\r\n                        <figure class=\"td-slide-galery-figure td-slide-popup-gallery\">\r\n                            <a class=\"slide-gallery-image-link\" href=\"\/wp-content\/uploads\/sites\/5\/2021\/12\/Acto-de-Clausura-maestrias-medicas-2021-9.jpg\" title=\"Acto de Clausura maestrias medicas 2021-9\"  data-caption=\"\"  data-description=\"\">\r\n                                <img decoding=\"async\" src=\"\/wp-content\/uploads\/sites\/5\/2021\/12\/Acto-de-Clausura-maestrias-medicas-2021-9-630x420.jpg\" srcset=\"\/wp-content\/uploads\/sites\/5\/2021\/12\/Acto-de-Clausura-maestrias-medicas-2021-9-630x420.jpg 630w, \/wp-content\/uploads\/sites\/5\/2021\/12\/Acto-de-Clausura-maestrias-medicas-2021-9-300x200.jpg 300w, \/wp-content\/uploads\/sites\/5\/2021\/12\/Acto-de-Clausura-maestrias-medicas-2021-9-768x512.jpg 768w, \/wp-content\/uploads\/sites\/5\/2021\/12\/Acto-de-Clausura-maestrias-medicas-2021-9-1024x682.jpg 1024w, \/wp-content\/uploads\/sites\/5\/2021\/12\/Acto-de-Clausura-maestrias-medicas-2021-9-696x464.jpg 696w, \/wp-content\/uploads\/sites\/5\/2021\/12\/Acto-de-Clausura-maestrias-medicas-2021-9-1068x712.jpg 1068w, \/wp-content\/uploads\/sites\/5\/2021\/12\/Acto-de-Clausura-maestrias-medicas-2021-9-534x356.jpg 534w, \/wp-content\/uploads\/sites\/5\/2021\/12\/Acto-de-Clausura-maestrias-medicas-2021-9.jpg 1280w\" sizes=\"(max-width: 630px) 100vw, 630px\" alt=\"\">\r\n                            <\/a>\r\n                            \r\n                        <\/figure>\r\n                    <\/div>\r\n                    <div class = \"td-slide-item td-item8\">\r\n                        <figure class=\"td-slide-galery-figure td-slide-popup-gallery\">\r\n                            <a class=\"slide-gallery-image-link\" href=\"\/wp-content\/uploads\/sites\/5\/2021\/12\/Acto-de-Clausura-maestrias-medicas-2021-10.jpg\" title=\"Acto de Clausura maestrias medicas 2021-10\"  data-caption=\"\"  data-description=\"\">\r\n                                <img decoding=\"async\" src=\"\/wp-content\/uploads\/sites\/5\/2021\/12\/Acto-de-Clausura-maestrias-medicas-2021-10-630x420.jpg\" srcset=\"\/wp-content\/uploads\/sites\/5\/2021\/12\/Acto-de-Clausura-maestrias-medicas-2021-10-630x420.jpg 630w, \/wp-content\/uploads\/sites\/5\/2021\/12\/Acto-de-Clausura-maestrias-medicas-2021-10-300x200.jpg 300w, \/wp-content\/uploads\/sites\/5\/2021\/12\/Acto-de-Clausura-maestrias-medicas-2021-10-768x512.jpg 768w, \/wp-content\/uploads\/sites\/5\/2021\/12\/Acto-de-Clausura-maestrias-medicas-2021-10-1024x682.jpg 1024w, \/wp-content\/uploads\/sites\/5\/2021\/12\/Acto-de-Clausura-maestrias-medicas-2021-10-696x464.jpg 696w, \/wp-content\/uploads\/sites\/5\/2021\/12\/Acto-de-Clausura-maestrias-medicas-2021-10-1068x712.jpg 1068w, \/wp-content\/uploads\/sites\/5\/2021\/12\/Acto-de-Clausura-maestrias-medicas-2021-10-534x356.jpg 534w, \/wp-content\/uploads\/sites\/5\/2021\/12\/Acto-de-Clausura-maestrias-medicas-2021-10.jpg 1280w\" sizes=\"(max-width: 630px) 100vw, 630px\" alt=\"\">\r\n                            <\/a>\r\n                            \r\n                        <\/figure>\r\n                    <\/div>\r\n                    <div class = \"td-slide-item td-item9\">\r\n                        <figure class=\"td-slide-galery-figure td-slide-popup-gallery\">\r\n                            <a class=\"slide-gallery-image-link\" href=\"\/wp-content\/uploads\/sites\/5\/2021\/12\/Acto-de-Clausura-maestrias-medicas-2021-11.jpg\" title=\"Acto de Clausura maestrias medicas 2021-11\"  data-caption=\"\"  data-description=\"\">\r\n                                <img decoding=\"async\" src=\"\/wp-content\/uploads\/sites\/5\/2021\/12\/Acto-de-Clausura-maestrias-medicas-2021-11-630x420.jpg\" srcset=\"\/wp-content\/uploads\/sites\/5\/2021\/12\/Acto-de-Clausura-maestrias-medicas-2021-11-630x420.jpg 630w, \/wp-content\/uploads\/sites\/5\/2021\/12\/Acto-de-Clausura-maestrias-medicas-2021-11-300x200.jpg 300w, \/wp-content\/uploads\/sites\/5\/2021\/12\/Acto-de-Clausura-maestrias-medicas-2021-11-768x512.jpg 768w, \/wp-content\/uploads\/sites\/5\/2021\/12\/Acto-de-Clausura-maestrias-medicas-2021-11-1024x682.jpg 1024w, \/wp-content\/uploads\/sites\/5\/2021\/12\/Acto-de-Clausura-maestrias-medicas-2021-11-696x464.jpg 696w, \/wp-content\/uploads\/sites\/5\/2021\/12\/Acto-de-Clausura-maestrias-medicas-2021-11-1068x712.jpg 1068w, \/wp-content\/uploads\/sites\/5\/2021\/12\/Acto-de-Clausura-maestrias-medicas-2021-11-534x356.jpg 534w, \/wp-content\/uploads\/sites\/5\/2021\/12\/Acto-de-Clausura-maestrias-medicas-2021-11.jpg 1280w\" sizes=\"(max-width: 630px) 100vw, 630px\" alt=\"\">\r\n                            <\/a>\r\n                            \r\n                        <\/figure>\r\n                    <\/div>\r\n                    <div class = \"td-slide-item td-item10\">\r\n                        <figure class=\"td-slide-galery-figure td-slide-popup-gallery\">\r\n                            <a class=\"slide-gallery-image-link\" href=\"\/wp-content\/uploads\/sites\/5\/2021\/12\/Acto-de-Clausura-maestrias-medicas-2021-12.jpg\" title=\"Acto de Clausura maestrias medicas 2021-12\"  data-caption=\"\"  data-description=\"\">\r\n                                <img decoding=\"async\" src=\"\/wp-content\/uploads\/sites\/5\/2021\/12\/Acto-de-Clausura-maestrias-medicas-2021-12-630x420.jpg\" srcset=\"\/wp-content\/uploads\/sites\/5\/2021\/12\/Acto-de-Clausura-maestrias-medicas-2021-12-630x420.jpg 630w, \/wp-content\/uploads\/sites\/5\/2021\/12\/Acto-de-Clausura-maestrias-medicas-2021-12-300x200.jpg 300w, \/wp-content\/uploads\/sites\/5\/2021\/12\/Acto-de-Clausura-maestrias-medicas-2021-12-768x512.jpg 768w, \/wp-content\/uploads\/sites\/5\/2021\/12\/Acto-de-Clausura-maestrias-medicas-2021-12-1024x682.jpg 1024w, \/wp-content\/uploads\/sites\/5\/2021\/12\/Acto-de-Clausura-maestrias-medicas-2021-12-696x464.jpg 696w, \/wp-content\/uploads\/sites\/5\/2021\/12\/Acto-de-Clausura-maestrias-medicas-2021-12-1068x712.jpg 1068w, \/wp-content\/uploads\/sites\/5\/2021\/12\/Acto-de-Clausura-maestrias-medicas-2021-12-534x356.jpg 534w, \/wp-content\/uploads\/sites\/5\/2021\/12\/Acto-de-Clausura-maestrias-medicas-2021-12.jpg 1280w\" sizes=\"(max-width: 630px) 100vw, 630px\" alt=\"\">\r\n                            <\/a>\r\n                            \r\n                        <\/figure>\r\n                    <\/div>\r\n                    <div class = \"td-slide-item td-item11\">\r\n                        <figure class=\"td-slide-galery-figure td-slide-popup-gallery\">\r\n                            <a class=\"slide-gallery-image-link\" href=\"\/wp-content\/uploads\/sites\/5\/2021\/12\/Acto-de-Clausura-maestrias-medicas-2021-13.jpg\" title=\"Acto de Clausura maestrias medicas 2021-13\"  data-caption=\"\"  data-description=\"\">\r\n                                <img decoding=\"async\" src=\"\/wp-content\/uploads\/sites\/5\/2021\/12\/Acto-de-Clausura-maestrias-medicas-2021-13-630x420.jpg\" srcset=\"\/wp-content\/uploads\/sites\/5\/2021\/12\/Acto-de-Clausura-maestrias-medicas-2021-13-630x420.jpg 630w, \/wp-content\/uploads\/sites\/5\/2021\/12\/Acto-de-Clausura-maestrias-medicas-2021-13-300x200.jpg 300w, \/wp-content\/uploads\/sites\/5\/2021\/12\/Acto-de-Clausura-maestrias-medicas-2021-13-768x512.jpg 768w, \/wp-content\/uploads\/sites\/5\/2021\/12\/Acto-de-Clausura-maestrias-medicas-2021-13-1024x682.jpg 1024w, \/wp-content\/uploads\/sites\/5\/2021\/12\/Acto-de-Clausura-maestrias-medicas-2021-13-696x464.jpg 696w, \/wp-content\/uploads\/sites\/5\/2021\/12\/Acto-de-Clausura-maestrias-medicas-2021-13-1068x712.jpg 1068w, \/wp-content\/uploads\/sites\/5\/2021\/12\/Acto-de-Clausura-maestrias-medicas-2021-13-534x356.jpg 534w, \/wp-content\/uploads\/sites\/5\/2021\/12\/Acto-de-Clausura-maestrias-medicas-2021-13.jpg 1280w\" sizes=\"(max-width: 630px) 100vw, 630px\" alt=\"\">\r\n                            <\/a>\r\n                            \r\n                        <\/figure>\r\n                    <\/div>\r\n                    <div class = \"td-slide-item td-item12\">\r\n                        <figure class=\"td-slide-galery-figure td-slide-popup-gallery\">\r\n                            <a class=\"slide-gallery-image-link\" href=\"\/wp-content\/uploads\/sites\/5\/2021\/12\/Acto-de-Clausura-maestrias-medicas-2021-14.jpg\" title=\"Acto de Clausura maestrias medicas 2021-14\"  data-caption=\"\"  data-description=\"\">\r\n                                <img decoding=\"async\" src=\"\/wp-content\/uploads\/sites\/5\/2021\/12\/Acto-de-Clausura-maestrias-medicas-2021-14-630x420.jpg\" srcset=\"\/wp-content\/uploads\/sites\/5\/2021\/12\/Acto-de-Clausura-maestrias-medicas-2021-14-630x420.jpg 630w, \/wp-content\/uploads\/sites\/5\/2021\/12\/Acto-de-Clausura-maestrias-medicas-2021-14-300x200.jpg 300w, \/wp-content\/uploads\/sites\/5\/2021\/12\/Acto-de-Clausura-maestrias-medicas-2021-14-768x512.jpg 768w, \/wp-content\/uploads\/sites\/5\/2021\/12\/Acto-de-Clausura-maestrias-medicas-2021-14-1024x682.jpg 1024w, \/wp-content\/uploads\/sites\/5\/2021\/12\/Acto-de-Clausura-maestrias-medicas-2021-14-696x464.jpg 696w, \/wp-content\/uploads\/sites\/5\/2021\/12\/Acto-de-Clausura-maestrias-medicas-2021-14-1068x712.jpg 1068w, \/wp-content\/uploads\/sites\/5\/2021\/12\/Acto-de-Clausura-maestrias-medicas-2021-14-534x356.jpg 534w, \/wp-content\/uploads\/sites\/5\/2021\/12\/Acto-de-Clausura-maestrias-medicas-2021-14.jpg 1280w\" sizes=\"(max-width: 630px) 100vw, 630px\" alt=\"\">\r\n                            <\/a>\r\n                            \r\n                        <\/figure>\r\n                    <\/div>\r\n                    <div class = \"td-slide-item td-item13\">\r\n                        <figure class=\"td-slide-galery-figure td-slide-popup-gallery\">\r\n                            <a class=\"slide-gallery-image-link\" href=\"\/wp-content\/uploads\/sites\/5\/2021\/12\/Acto-de-Clausura-maestrias-medicas-2021-15.jpg\" title=\"Acto de Clausura maestrias medicas 2021-15\"  data-caption=\"\"  data-description=\"\">\r\n                                <img decoding=\"async\" src=\"\/wp-content\/uploads\/sites\/5\/2021\/12\/Acto-de-Clausura-maestrias-medicas-2021-15-630x420.jpg\" srcset=\"\/wp-content\/uploads\/sites\/5\/2021\/12\/Acto-de-Clausura-maestrias-medicas-2021-15-630x420.jpg 630w, \/wp-content\/uploads\/sites\/5\/2021\/12\/Acto-de-Clausura-maestrias-medicas-2021-15-300x200.jpg 300w, \/wp-content\/uploads\/sites\/5\/2021\/12\/Acto-de-Clausura-maestrias-medicas-2021-15-768x512.jpg 768w, \/wp-content\/uploads\/sites\/5\/2021\/12\/Acto-de-Clausura-maestrias-medicas-2021-15-1024x682.jpg 1024w, \/wp-content\/uploads\/sites\/5\/2021\/12\/Acto-de-Clausura-maestrias-medicas-2021-15-696x464.jpg 696w, \/wp-content\/uploads\/sites\/5\/2021\/12\/Acto-de-Clausura-maestrias-medicas-2021-15-1068x712.jpg 1068w, \/wp-content\/uploads\/sites\/5\/2021\/12\/Acto-de-Clausura-maestrias-medicas-2021-15-534x356.jpg 534w, \/wp-content\/uploads\/sites\/5\/2021\/12\/Acto-de-Clausura-maestrias-medicas-2021-15.jpg 1280w\" sizes=\"(max-width: 630px) 100vw, 630px\" alt=\"\">\r\n                            <\/a>\r\n                            \r\n                        <\/figure>\r\n                    <\/div>\r\n                    <div class = \"td-slide-item td-item14\">\r\n                        <figure class=\"td-slide-galery-figure td-slide-popup-gallery\">\r\n                            <a class=\"slide-gallery-image-link\" href=\"\/wp-content\/uploads\/sites\/5\/2021\/12\/Acto-de-Clausura-maestrias-medicas-2021-16.jpg\" title=\"Acto de Clausura maestrias medicas 2021-16\"  data-caption=\"\"  data-description=\"\">\r\n                                <img decoding=\"async\" src=\"\/wp-content\/uploads\/sites\/5\/2021\/12\/Acto-de-Clausura-maestrias-medicas-2021-16-630x420.jpg\" srcset=\"\/wp-content\/uploads\/sites\/5\/2021\/12\/Acto-de-Clausura-maestrias-medicas-2021-16-630x420.jpg 630w, \/wp-content\/uploads\/sites\/5\/2021\/12\/Acto-de-Clausura-maestrias-medicas-2021-16-300x200.jpg 300w, \/wp-content\/uploads\/sites\/5\/2021\/12\/Acto-de-Clausura-maestrias-medicas-2021-16-768x512.jpg 768w, \/wp-content\/uploads\/sites\/5\/2021\/12\/Acto-de-Clausura-maestrias-medicas-2021-16-1024x682.jpg 1024w, \/wp-content\/uploads\/sites\/5\/2021\/12\/Acto-de-Clausura-maestrias-medicas-2021-16-696x464.jpg 696w, \/wp-content\/uploads\/sites\/5\/2021\/12\/Acto-de-Clausura-maestrias-medicas-2021-16-1068x712.jpg 1068w, \/wp-content\/uploads\/sites\/5\/2021\/12\/Acto-de-Clausura-maestrias-medicas-2021-16-534x356.jpg 534w, \/wp-content\/uploads\/sites\/5\/2021\/12\/Acto-de-Clausura-maestrias-medicas-2021-16.jpg 1280w\" sizes=\"(max-width: 630px) 100vw, 630px\" alt=\"\">\r\n                            <\/a>\r\n                            \r\n                        <\/figure>\r\n                    <\/div>\r\n                    <div class = \"td-slide-item td-item15\">\r\n                        <figure class=\"td-slide-galery-figure td-slide-popup-gallery\">\r\n                            <a class=\"slide-gallery-image-link\" href=\"\/wp-content\/uploads\/sites\/5\/2021\/12\/Acto-de-Clausura-maestrias-medicas-2021-18.jpg\" title=\"Acto de Clausura maestrias medicas 2021-18\"  data-caption=\"\"  data-description=\"\">\r\n                                <img decoding=\"async\" src=\"\/wp-content\/uploads\/sites\/5\/2021\/12\/Acto-de-Clausura-maestrias-medicas-2021-18-630x420.jpg\" srcset=\"\/wp-content\/uploads\/sites\/5\/2021\/12\/Acto-de-Clausura-maestrias-medicas-2021-18-630x420.jpg 630w, \/wp-content\/uploads\/sites\/5\/2021\/12\/Acto-de-Clausura-maestrias-medicas-2021-18-300x200.jpg 300w, \/wp-content\/uploads\/sites\/5\/2021\/12\/Acto-de-Clausura-maestrias-medicas-2021-18-768x512.jpg 768w, \/wp-content\/uploads\/sites\/5\/2021\/12\/Acto-de-Clausura-maestrias-medicas-2021-18-1024x682.jpg 1024w, \/wp-content\/uploads\/sites\/5\/2021\/12\/Acto-de-Clausura-maestrias-medicas-2021-18-696x464.jpg 696w, \/wp-content\/uploads\/sites\/5\/2021\/12\/Acto-de-Clausura-maestrias-medicas-2021-18-1068x712.jpg 1068w, \/wp-content\/uploads\/sites\/5\/2021\/12\/Acto-de-Clausura-maestrias-medicas-2021-18-534x356.jpg 534w, \/wp-content\/uploads\/sites\/5\/2021\/12\/Acto-de-Clausura-maestrias-medicas-2021-18.jpg 1280w\" sizes=\"(max-width: 630px) 100vw, 630px\" alt=\"\">\r\n                            <\/a>\r\n                            \r\n                        <\/figure>\r\n                    <\/div>\r\n                    <div class = \"td-slide-item td-item16\">\r\n                        <figure class=\"td-slide-galery-figure td-slide-popup-gallery\">\r\n                            <a class=\"slide-gallery-image-link\" href=\"\/wp-content\/uploads\/sites\/5\/2021\/12\/Acto-de-Clausura-maestrias-medicas-2021-19.jpg\" title=\"Acto de Clausura maestrias medicas 2021-19\"  data-caption=\"\"  data-description=\"\">\r\n                                <img decoding=\"async\" src=\"\/wp-content\/uploads\/sites\/5\/2021\/12\/Acto-de-Clausura-maestrias-medicas-2021-19-630x420.jpg\" srcset=\"\/wp-content\/uploads\/sites\/5\/2021\/12\/Acto-de-Clausura-maestrias-medicas-2021-19-630x420.jpg 630w, \/wp-content\/uploads\/sites\/5\/2021\/12\/Acto-de-Clausura-maestrias-medicas-2021-19-300x200.jpg 300w, \/wp-content\/uploads\/sites\/5\/2021\/12\/Acto-de-Clausura-maestrias-medicas-2021-19-768x512.jpg 768w, \/wp-content\/uploads\/sites\/5\/2021\/12\/Acto-de-Clausura-maestrias-medicas-2021-19-1024x682.jpg 1024w, \/wp-content\/uploads\/sites\/5\/2021\/12\/Acto-de-Clausura-maestrias-medicas-2021-19-696x464.jpg 696w, \/wp-content\/uploads\/sites\/5\/2021\/12\/Acto-de-Clausura-maestrias-medicas-2021-19-1068x712.jpg 1068w, \/wp-content\/uploads\/sites\/5\/2021\/12\/Acto-de-Clausura-maestrias-medicas-2021-19-534x356.jpg 534w, \/wp-content\/uploads\/sites\/5\/2021\/12\/Acto-de-Clausura-maestrias-medicas-2021-19.jpg 1280w\" sizes=\"(max-width: 630px) 100vw, 630px\" alt=\"\">\r\n                            <\/a>\r\n                            \r\n                        <\/figure>\r\n                    <\/div>\r\n                    <div class = \"td-slide-item td-item17\">\r\n                        <figure class=\"td-slide-galery-figure td-slide-popup-gallery\">\r\n                            <a class=\"slide-gallery-image-link\" href=\"\/wp-content\/uploads\/sites\/5\/2021\/12\/Acto-de-Clausura-maestrias-medicas-2021-20.jpg\" title=\"Acto de Clausura maestrias medicas 2021-20\"  data-caption=\"\"  data-description=\"\">\r\n                                <img decoding=\"async\" src=\"\/wp-content\/uploads\/sites\/5\/2021\/12\/Acto-de-Clausura-maestrias-medicas-2021-20-630x420.jpg\" srcset=\"\/wp-content\/uploads\/sites\/5\/2021\/12\/Acto-de-Clausura-maestrias-medicas-2021-20-630x420.jpg 630w, \/wp-content\/uploads\/sites\/5\/2021\/12\/Acto-de-Clausura-maestrias-medicas-2021-20-300x200.jpg 300w, \/wp-content\/uploads\/sites\/5\/2021\/12\/Acto-de-Clausura-maestrias-medicas-2021-20-768x512.jpg 768w, \/wp-content\/uploads\/sites\/5\/2021\/12\/Acto-de-Clausura-maestrias-medicas-2021-20-1024x682.jpg 1024w, \/wp-content\/uploads\/sites\/5\/2021\/12\/Acto-de-Clausura-maestrias-medicas-2021-20-696x464.jpg 696w, \/wp-content\/uploads\/sites\/5\/2021\/12\/Acto-de-Clausura-maestrias-medicas-2021-20-1068x712.jpg 1068w, \/wp-content\/uploads\/sites\/5\/2021\/12\/Acto-de-Clausura-maestrias-medicas-2021-20-534x356.jpg 534w, \/wp-content\/uploads\/sites\/5\/2021\/12\/Acto-de-Clausura-maestrias-medicas-2021-20.jpg 1280w\" sizes=\"(max-width: 630px) 100vw, 630px\" alt=\"\">\r\n                            <\/a>\r\n                            \r\n                        <\/figure>\r\n                    <\/div>\r\n                    <div class = \"td-slide-item td-item18\">\r\n                        <figure class=\"td-slide-galery-figure td-slide-popup-gallery\">\r\n                            <a class=\"slide-gallery-image-link\" href=\"\/wp-content\/uploads\/sites\/5\/2021\/12\/Acto-de-Clausura-maestrias-medicas-2021-21.jpg\" title=\"Acto de Clausura maestrias medicas 2021-21\"  data-caption=\"\"  data-description=\"\">\r\n                                <img decoding=\"async\" src=\"\/wp-content\/uploads\/sites\/5\/2021\/12\/Acto-de-Clausura-maestrias-medicas-2021-21-706x420.jpg\" srcset=\"\/wp-content\/uploads\/sites\/5\/2021\/12\/Acto-de-Clausura-maestrias-medicas-2021-21-706x420.jpg 706w, \/wp-content\/uploads\/sites\/5\/2021\/12\/Acto-de-Clausura-maestrias-medicas-2021-21-300x179.jpg 300w, \/wp-content\/uploads\/sites\/5\/2021\/12\/Acto-de-Clausura-maestrias-medicas-2021-21-768x457.jpg 768w, \/wp-content\/uploads\/sites\/5\/2021\/12\/Acto-de-Clausura-maestrias-medicas-2021-21-1024x610.jpg 1024w, \/wp-content\/uploads\/sites\/5\/2021\/12\/Acto-de-Clausura-maestrias-medicas-2021-21-696x414.jpg 696w, \/wp-content\/uploads\/sites\/5\/2021\/12\/Acto-de-Clausura-maestrias-medicas-2021-21-1068x636.jpg 1068w, \/wp-content\/uploads\/sites\/5\/2021\/12\/Acto-de-Clausura-maestrias-medicas-2021-21-534x318.jpg 534w, \/wp-content\/uploads\/sites\/5\/2021\/12\/Acto-de-Clausura-maestrias-medicas-2021-21.jpg 1280w\" sizes=\"(max-width: 706px) 100vw, 706px\" alt=\"\">\r\n                            <\/a>\r\n                            \r\n                        <\/figure>\r\n                    <\/div>\r\n                    <div class = \"td-slide-item td-item19\">\r\n                        <figure class=\"td-slide-galery-figure td-slide-popup-gallery\">\r\n                            <a class=\"slide-gallery-image-link\" href=\"\/wp-content\/uploads\/sites\/5\/2021\/12\/Acto-de-Clausura-maestrias-medicas-2021-22.jpg\" title=\"Acto de Clausura maestrias medicas 2021-22\"  data-caption=\"\"  data-description=\"\">\r\n                                <img decoding=\"async\" src=\"\/wp-content\/uploads\/sites\/5\/2021\/12\/Acto-de-Clausura-maestrias-medicas-2021-22-630x420.jpg\" srcset=\"\/wp-content\/uploads\/sites\/5\/2021\/12\/Acto-de-Clausura-maestrias-medicas-2021-22-630x420.jpg 630w, \/wp-content\/uploads\/sites\/5\/2021\/12\/Acto-de-Clausura-maestrias-medicas-2021-22-300x200.jpg 300w, \/wp-content\/uploads\/sites\/5\/2021\/12\/Acto-de-Clausura-maestrias-medicas-2021-22-768x512.jpg 768w, \/wp-content\/uploads\/sites\/5\/2021\/12\/Acto-de-Clausura-maestrias-medicas-2021-22-1024x682.jpg 1024w, \/wp-content\/uploads\/sites\/5\/2021\/12\/Acto-de-Clausura-maestrias-medicas-2021-22-696x464.jpg 696w, \/wp-content\/uploads\/sites\/5\/2021\/12\/Acto-de-Clausura-maestrias-medicas-2021-22-1068x712.jpg 1068w, \/wp-content\/uploads\/sites\/5\/2021\/12\/Acto-de-Clausura-maestrias-medicas-2021-22-534x356.jpg 534w, \/wp-content\/uploads\/sites\/5\/2021\/12\/Acto-de-Clausura-maestrias-medicas-2021-22.jpg 1280w\" sizes=\"(max-width: 630px) 100vw, 630px\" alt=\"\">\r\n                            <\/a>\r\n                            \r\n                        <\/figure>\r\n                    <\/div>\r\n                    <div class = \"td-slide-item td-item20\">\r\n                        <figure class=\"td-slide-galery-figure td-slide-popup-gallery\">\r\n                            <a class=\"slide-gallery-image-link\" href=\"\/wp-content\/uploads\/sites\/5\/2021\/12\/Acto-de-Clausura-maestrias-medicas-2021-3.jpg\" title=\"Acto de Clausura maestrias medicas 2021-3\"  data-caption=\"\"  data-description=\"\">\r\n                                <img decoding=\"async\" src=\"\/wp-content\/uploads\/sites\/5\/2021\/12\/Acto-de-Clausura-maestrias-medicas-2021-3-630x420.jpg\" srcset=\"\/wp-content\/uploads\/sites\/5\/2021\/12\/Acto-de-Clausura-maestrias-medicas-2021-3-630x420.jpg 630w, \/wp-content\/uploads\/sites\/5\/2021\/12\/Acto-de-Clausura-maestrias-medicas-2021-3-300x200.jpg 300w, \/wp-content\/uploads\/sites\/5\/2021\/12\/Acto-de-Clausura-maestrias-medicas-2021-3-768x512.jpg 768w, \/wp-content\/uploads\/sites\/5\/2021\/12\/Acto-de-Clausura-maestrias-medicas-2021-3-1024x682.jpg 1024w, \/wp-content\/uploads\/sites\/5\/2021\/12\/Acto-de-Clausura-maestrias-medicas-2021-3-696x464.jpg 696w, \/wp-content\/uploads\/sites\/5\/2021\/12\/Acto-de-Clausura-maestrias-medicas-2021-3-1068x712.jpg 1068w, \/wp-content\/uploads\/sites\/5\/2021\/12\/Acto-de-Clausura-maestrias-medicas-2021-3-534x356.jpg 534w, \/wp-content\/uploads\/sites\/5\/2021\/12\/Acto-de-Clausura-maestrias-medicas-2021-3.jpg 1280w\" sizes=\"(max-width: 630px) 100vw, 630px\" alt=\"\">\r\n                            <\/a>\r\n                            \r\n                        <\/figure>\r\n                    <\/div>\r\n                    <div class = \"td-slide-item td-item21\">\r\n                        <figure class=\"td-slide-galery-figure td-slide-popup-gallery\">\r\n                            <a class=\"slide-gallery-image-link\" href=\"\/wp-content\/uploads\/sites\/5\/2021\/12\/Acto-de-Clausura-maestrias-medicas-2021-17.jpg\" title=\"Acto de Clausura maestrias medicas 2021-17\"  data-caption=\"\"  data-description=\"\">\r\n                                <img decoding=\"async\" src=\"\/wp-content\/uploads\/sites\/5\/2021\/12\/Acto-de-Clausura-maestrias-medicas-2021-17-630x420.jpg\" srcset=\"\/wp-content\/uploads\/sites\/5\/2021\/12\/Acto-de-Clausura-maestrias-medicas-2021-17-630x420.jpg 630w, \/wp-content\/uploads\/sites\/5\/2021\/12\/Acto-de-Clausura-maestrias-medicas-2021-17-300x200.jpg 300w, \/wp-content\/uploads\/sites\/5\/2021\/12\/Acto-de-Clausura-maestrias-medicas-2021-17-768x512.jpg 768w, \/wp-content\/uploads\/sites\/5\/2021\/12\/Acto-de-Clausura-maestrias-medicas-2021-17-1024x682.jpg 1024w, \/wp-content\/uploads\/sites\/5\/2021\/12\/Acto-de-Clausura-maestrias-medicas-2021-17-696x464.jpg 696w, \/wp-content\/uploads\/sites\/5\/2021\/12\/Acto-de-Clausura-maestrias-medicas-2021-17-1068x712.jpg 1068w, \/wp-content\/uploads\/sites\/5\/2021\/12\/Acto-de-Clausura-maestrias-medicas-2021-17-534x356.jpg 534w, \/wp-content\/uploads\/sites\/5\/2021\/12\/Acto-de-Clausura-maestrias-medicas-2021-17.jpg 1280w\" sizes=\"(max-width: 630px) 100vw, 630px\" alt=\"\">\r\n                            <\/a>\r\n                            \r\n                        <\/figure>\r\n                    <\/div>\r\n                            <\/div>\r\n                        <\/div>\r\n\r\n                        <div class = \"td-doubleSlider-2\">\r\n                            <div class = \"td-slider\">\r\n                                \r\n                    <div class = \"td-button td-item1\">\r\n                        <div class = \"td-border\"><\/div>\r\n                    <\/div>\r\n                    <div class = \"td-button td-item2\">\r\n                        <div class = \"td-border\"><\/div>\r\n                    <\/div>\r\n                    <div class = \"td-button td-item3\">\r\n                        <div class = \"td-border\"><\/div>\r\n                    <\/div>\r\n                    <div class = \"td-button td-item4\">\r\n                        <div class = \"td-border\"><\/div>\r\n                    <\/div>\r\n                    <div class = \"td-button td-item5\">\r\n                        <div class = \"td-border\"><\/div>\r\n                    <\/div>\r\n                    <div class = \"td-button td-item6\">\r\n                        <div class = \"td-border\"><\/div>\r\n                    <\/div>\r\n                    <div class = \"td-button td-item7\">\r\n                        <div class = \"td-border\"><\/div>\r\n                    <\/div>\r\n                    <div class = \"td-button td-item8\">\r\n                        <div class = \"td-border\"><\/div>\r\n                    <\/div>\r\n                    <div class = \"td-button td-item9\">\r\n                        <div class = \"td-border\"><\/div>\r\n                    <\/div>\r\n                    <div class = \"td-button td-item10\">\r\n                        <div class = \"td-border\"><\/div>\r\n                    <\/div>\r\n                    <div class = \"td-button td-item11\">\r\n                        <div class = \"td-border\"><\/div>\r\n                    <\/div>\r\n                    <div class = \"td-button td-item12\">\r\n                        <div class = \"td-border\"><\/div>\r\n                    <\/div>\r\n                    <div class = \"td-button td-item13\">\r\n                        <div class = \"td-border\"><\/div>\r\n                    <\/div>\r\n                    <div class = \"td-button td-item14\">\r\n                        <div class = \"td-border\"><\/div>\r\n                    <\/div>\r\n                    <div class = \"td-button td-item15\">\r\n                        <div class = \"td-border\"><\/div>\r\n                    <\/div>\r\n                    <div class = \"td-button td-item16\">\r\n                        <div class = \"td-border\"><\/div>\r\n                    <\/div>\r\n                    <div class = \"td-button td-item17\">\r\n                        <div class = \"td-border\"><\/div>\r\n                    <\/div>\r\n                    <div class = \"td-button td-item18\">\r\n                        <div class = \"td-border\"><\/div>\r\n                    <\/div>\r\n                    <div class = \"td-button td-item19\">\r\n                        <div class = \"td-border\"><\/div>\r\n                    <\/div>\r\n                    <div class = \"td-button td-item20\">\r\n                        <div class = \"td-border\"><\/div>\r\n                    <\/div>\r\n                    <div class = \"td-button td-item21\">\r\n                        <div class = \"td-border\"><\/div>\r\n                    <\/div>\r\n                            <\/div>\r\n                        <\/div>\r\n\r\n                    <\/div>\r\n\r\n                <\/div>\r\n                \n<p>\u00a0<\/p>\n","protected":false},"excerpt":{"rendered":"<p>Los doctores Karla Paola Cruz Espina y Mario Fernando M\u00e9ndez Morales, portadores de los pabellones Nacional y del Instituto Guatemalteco de Seguridad Social (IGSS) respectivamente, fueron parte de los 36 galenos que participaron en el acto de clausura de Maestr\u00edas M\u00e9dicas 2021 celebrado hoy en el auditorio Autonom\u00eda de las Oficinas Centrales. A ellos se [&hellip;]<\/p>\n","protected":false},"author":4,"featured_media":24368,"comment_status":"closed","ping_status":"closed","sticky":false,"template":"","format":"standard","meta":{"footnotes":""},"categories":[3,15,17],"tags":[964],"coauthors":[881],"class_list":{"0":"post-24367","1":"post","2":"type-post","3":"status-publish","4":"format-standard","5":"has-post-thumbnail","7":"category-actualidad","8":"category-destacado","9":"category-formacion-y-desarrollo","10":"tag-formacion-y-desarrollo"},"_links":{"self":[{"href":"https:\/\/www.igssgt.org\/noticias\/wp-json\/wp\/v2\/posts\/24367","targetHints":{"allow":["GET"]}}],"collection":[{"href":"https:\/\/www.igssgt.org\/noticias\/wp-json\/wp\/v2\/posts"}],"about":[{"href":"https:\/\/www.igssgt.org\/noticias\/wp-json\/wp\/v2\/types\/post"}],"author":[{"embeddable":true,"href":"https:\/\/www.igssgt.org\/noticias\/wp-json\/wp\/v2\/users\/4"}],"replies":[{"embeddable":true,"href":"https:\/\/www.igssgt.org\/noticias\/wp-json\/wp\/v2\/comments?post=24367"}],"version-history":[{"count":3,"href":"https:\/\/www.igssgt.org\/noticias\/wp-json\/wp\/v2\/posts\/24367\/revisions"}],"predecessor-version":[{"id":24394,"href":"https:\/\/www.igssgt.org\/noticias\/wp-json\/wp\/v2\/posts\/24367\/revisions\/24394"}],"wp:featuredmedia":[{"embeddable":true,"href":"https:\/\/www.igssgt.org\/noticias\/wp-json\/wp\/v2\/media\/24368"}],"wp:attachment":[{"href":"https:\/\/www.igssgt.org\/noticias\/wp-json\/wp\/v2\/media?parent=24367"}],"wp:term":[{"taxonomy":"category","embeddable":true,"href":"https:\/\/www.igssgt.org\/noticias\/wp-json\/wp\/v2\/categories?post=24367"},{"taxonomy":"post_tag","embeddable":true,"href":"https:\/\/www.igssgt.org\/noticias\/wp-json\/wp\/v2\/tags?post=24367"},{"taxonomy":"author","embeddable":true,"href":"https:\/\/www.igssgt.org\/noticias\/wp-json\/wp\/v2\/coauthors?post=24367"}],"curies":[{"name":"wp","href":"https:\/\/api.w.org\/{rel}","templated":true}]}}