{"id":24673,"date":"2021-12-28T11:50:00","date_gmt":"2021-12-28T17:50:00","guid":{"rendered":"https:\/\/www.igssgt.org\/noticias\/?p=24673"},"modified":"2021-12-28T11:24:39","modified_gmt":"2021-12-28T17:24:39","slug":"el-igss-invita-a-participar-en-la-convocatoria-para-la-plaza-mensajero","status":"publish","type":"post","link":"https:\/\/www.igssgt.org\/noticias\/2021\/12\/28\/el-igss-invita-a-participar-en-la-convocatoria-para-la-plaza-mensajero\/","title":{"rendered":"El IGSS invita a participar en la convocatoria para la plaza: Mensajero"},"content":{"rendered":"\n<h3>Para la divisi\u00f3n de Transportes<\/h3>\n<h4>Fecha l\u00edmite de recepci\u00f3n de solicitudes: 7 de enero de 2022.<\/h4>\n<p><img loading=\"lazy\" decoding=\"async\" class=\"alignnone size-full wp-image-24674\" src=\"\/wp-content\/uploads\/sites\/5\/2021\/12\/Plaza-IGSS-mensajero-division-de-transportes-2022.jpg\" alt=\"\" width=\"1047\" height=\"1280\" srcset=\"\/wp-content\/uploads\/sites\/5\/2021\/12\/Plaza-IGSS-mensajero-division-de-transportes-2022.jpg 1047w, \/wp-content\/uploads\/sites\/5\/2021\/12\/Plaza-IGSS-mensajero-division-de-transportes-2022-245x300.jpg 245w, \/wp-content\/uploads\/sites\/5\/2021\/12\/Plaza-IGSS-mensajero-division-de-transportes-2022-768x939.jpg 768w, \/wp-content\/uploads\/sites\/5\/2021\/12\/Plaza-IGSS-mensajero-division-de-transportes-2022-838x1024.jpg 838w, \/wp-content\/uploads\/sites\/5\/2021\/12\/Plaza-IGSS-mensajero-division-de-transportes-2022-344x420.jpg 344w, \/wp-content\/uploads\/sites\/5\/2021\/12\/Plaza-IGSS-mensajero-division-de-transportes-2022-696x851.jpg 696w, \/wp-content\/uploads\/sites\/5\/2021\/12\/Plaza-IGSS-mensajero-division-de-transportes-2022-378x462.jpg 378w\" sizes=\"auto, (max-width: 1047px) 100vw, 1047px\" \/><\/p>\n","protected":false},"excerpt":{"rendered":"<p>Para la divisi\u00f3n de Transportes Fecha l\u00edmite de recepci\u00f3n de solicitudes: 7 de enero de 2022.<\/p>\n","protected":false},"author":4,"featured_media":24674,"comment_status":"closed","ping_status":"closed","sticky":false,"template":"","format":"standard","meta":{"footnotes":""},"categories":[1299],"tags":[213,1300],"coauthors":[881],"class_list":{"0":"post-24673","1":"post","2":"type-post","3":"status-publish","4":"format-standard","5":"has-post-thumbnail","7":"category-plazas-vacantes","8":"tag-convocatoria-plazas-igss","9":"tag-empleos-igss"},"_links":{"self":[{"href":"https:\/\/www.igssgt.org\/noticias\/wp-json\/wp\/v2\/posts\/24673","targetHints":{"allow":["GET"]}}],"collection":[{"href":"https:\/\/www.igssgt.org\/noticias\/wp-json\/wp\/v2\/posts"}],"about":[{"href":"https:\/\/www.igssgt.org\/noticias\/wp-json\/wp\/v2\/types\/post"}],"author":[{"embeddable":true,"href":"https:\/\/www.igssgt.org\/noticias\/wp-json\/wp\/v2\/users\/4"}],"replies":[{"embeddable":true,"href":"https:\/\/www.igssgt.org\/noticias\/wp-json\/wp\/v2\/comments?post=24673"}],"version-history":[{"count":1,"href":"https:\/\/www.igssgt.org\/noticias\/wp-json\/wp\/v2\/posts\/24673\/revisions"}],"predecessor-version":[{"id":24675,"href":"https:\/\/www.igssgt.org\/noticias\/wp-json\/wp\/v2\/posts\/24673\/revisions\/24675"}],"wp:featuredmedia":[{"embeddable":true,"href":"https:\/\/www.igssgt.org\/noticias\/wp-json\/wp\/v2\/media\/24674"}],"wp:attachment":[{"href":"https:\/\/www.igssgt.org\/noticias\/wp-json\/wp\/v2\/media?parent=24673"}],"wp:term":[{"taxonomy":"category","embeddable":true,"href":"https:\/\/www.igssgt.org\/noticias\/wp-json\/wp\/v2\/categories?post=24673"},{"taxonomy":"post_tag","embeddable":true,"href":"https:\/\/www.igssgt.org\/noticias\/wp-json\/wp\/v2\/tags?post=24673"},{"taxonomy":"author","embeddable":true,"href":"https:\/\/www.igssgt.org\/noticias\/wp-json\/wp\/v2\/coauthors?post=24673"}],"curies":[{"name":"wp","href":"https:\/\/api.w.org\/{rel}","templated":true}]}}