{"id":24693,"date":"2021-12-29T08:50:00","date_gmt":"2021-12-29T14:50:00","guid":{"rendered":"https:\/\/www.igssgt.org\/noticias\/?p=24693"},"modified":"2022-01-07T10:19:03","modified_gmt":"2022-01-07T16:19:03","slug":"la-seguridad-social-un-modelo-integral-con-beneficios-para-sus-afiliados-pensionados-y-derechohabientes","status":"publish","type":"post","link":"https:\/\/www.igssgt.org\/noticias\/2021\/12\/29\/la-seguridad-social-un-modelo-integral-con-beneficios-para-sus-afiliados-pensionados-y-derechohabientes\/","title":{"rendered":"La Seguridad Social, un modelo integral con beneficios para sus afiliados, pensionados y derechohabientes"},"content":{"rendered":"\n<p class=\"has-drop-cap\">El Instituto Guatemalteco de Seguridad Social (IGSS) es un compensador para la poblaci\u00f3n, brinda protecci\u00f3n para sus asegurados en prevenci\u00f3n de las enfermedades y promoci\u00f3n de la salud.&nbsp; Con los programas de &nbsp;Invalidez, Vejez y Sobrevivencia (IVS) y Enfermedad Maternidad y Accidentes (EMA) hay beneficios y obligaciones establecidos en el Acuerdo 410 de la Junta Directiva para la protecci\u00f3n relativa a las suspensiones laborales.<\/p>\n\n\n\n<p><strong>\u00a0<\/strong>Los aportes de los trabajadores y patronos se distribuyen en esos programas los cuales se calculan con base en el salario del trabajador, este aporta el 4.83 por ciento y el patrono el 10.67 por ciento.<\/p>\n<p><img loading=\"lazy\" decoding=\"async\" class=\"alignnone size-full wp-image-24695\" src=\"\/wp-content\/uploads\/sites\/5\/2021\/12\/seguridad-social-modelo-integral-2021-6.jpg\" alt=\"\" width=\"1114\" height=\"853\" srcset=\"\/wp-content\/uploads\/sites\/5\/2021\/12\/seguridad-social-modelo-integral-2021-6.jpg 1114w, \/wp-content\/uploads\/sites\/5\/2021\/12\/seguridad-social-modelo-integral-2021-6-300x230.jpg 300w, \/wp-content\/uploads\/sites\/5\/2021\/12\/seguridad-social-modelo-integral-2021-6-768x588.jpg 768w, \/wp-content\/uploads\/sites\/5\/2021\/12\/seguridad-social-modelo-integral-2021-6-1024x784.jpg 1024w, \/wp-content\/uploads\/sites\/5\/2021\/12\/seguridad-social-modelo-integral-2021-6-549x420.jpg 549w, \/wp-content\/uploads\/sites\/5\/2021\/12\/seguridad-social-modelo-integral-2021-6-80x60.jpg 80w, \/wp-content\/uploads\/sites\/5\/2021\/12\/seguridad-social-modelo-integral-2021-6-696x533.jpg 696w, \/wp-content\/uploads\/sites\/5\/2021\/12\/seguridad-social-modelo-integral-2021-6-1068x818.jpg 1068w, \/wp-content\/uploads\/sites\/5\/2021\/12\/seguridad-social-modelo-integral-2021-6-534x409.jpg 534w\" sizes=\"auto, (max-width: 1114px) 100vw, 1114px\" \/><\/p>\n<p>Al igual que en todo sistema, en la Seguridad Social existen beneficios y obligaciones que deben cumplir los afiliados, beneficiarios y\u00a0 derechohabientes. Entre los beneficios que usted como afiliado al IGSS posee se encuentran:<\/p>\n<ul>\n<li>Atenci\u00f3n m\u00e9dica general con especialistas.<\/li>\n<li>Ex\u00e1menes m\u00e9dicos.<\/li>\n<li>Tratamientos de enfermedades cr\u00f3nicas como diabetes, c\u00e1ncer, hipertensi\u00f3n y VIH, entre otras comorbilidades.<\/li>\n<li>Atenci\u00f3n m\u00e9dica a los hijos de los asegurados, hasta los 7 a\u00f1os.<\/li>\n<li>Un subsidio diario cuando la enfermedad incapacite al afiliado para realizar su trabajo, siempre que sea dentro de los seis meses calendario anteriores al mes que se inicie la incapacidad; para la mujer afiliada se toman en cuenta los per\u00edodos o meses de goce de subsidio de maternidad.<\/li>\n<li>Rehabilitaci\u00f3n y suministro de aparatos ortop\u00e9dicos y prot\u00e9sicos en los casos de accidentes.<\/li>\n<li>El subsidio diario por enfermedad se otorga a partir del cuarto d\u00eda de registrarse la incapacidad, pero no debe exceder de las 26 semanas. El d\u00eda que se inicie la incapacidad para el trabajo por enfermedad ser\u00e1 pagado por el patrono.<\/li>\n<\/ul>\n<p><img loading=\"lazy\" decoding=\"async\" class=\"alignnone size-full wp-image-24697\" src=\"\/wp-content\/uploads\/sites\/5\/2021\/12\/seguridad-social-modelo-integral-2021-1.jpg\" alt=\"\" width=\"1112\" height=\"853\" srcset=\"\/wp-content\/uploads\/sites\/5\/2021\/12\/seguridad-social-modelo-integral-2021-1.jpg 1112w, \/wp-content\/uploads\/sites\/5\/2021\/12\/seguridad-social-modelo-integral-2021-1-300x230.jpg 300w, \/wp-content\/uploads\/sites\/5\/2021\/12\/seguridad-social-modelo-integral-2021-1-768x589.jpg 768w, \/wp-content\/uploads\/sites\/5\/2021\/12\/seguridad-social-modelo-integral-2021-1-1024x785.jpg 1024w, \/wp-content\/uploads\/sites\/5\/2021\/12\/seguridad-social-modelo-integral-2021-1-548x420.jpg 548w, \/wp-content\/uploads\/sites\/5\/2021\/12\/seguridad-social-modelo-integral-2021-1-80x60.jpg 80w, \/wp-content\/uploads\/sites\/5\/2021\/12\/seguridad-social-modelo-integral-2021-1-696x534.jpg 696w, \/wp-content\/uploads\/sites\/5\/2021\/12\/seguridad-social-modelo-integral-2021-1-1068x819.jpg 1068w, \/wp-content\/uploads\/sites\/5\/2021\/12\/seguridad-social-modelo-integral-2021-1-534x410.jpg 534w\" sizes=\"auto, (max-width: 1112px) 100vw, 1112px\" \/><\/p>\n<p>Para hacer efectivo su derecho a las prestaciones debe cumplir con sus obligaciones, por ello es importante que conozca lo siguiente:<\/p>\n<p>Para tener derecho a un subsidio \u2014pago en dinero temporal\u2014 por causa de accidente usted como afiliado debe cumplir con tres meses acreditados dentro del per\u00edodo de calificaci\u00f3n de derechos, dicha compensaci\u00f3n econ\u00f3mica\u00a0 se reconoce a partir del segundo d\u00eda de ocurrido el accidente y hasta el d\u00eda, inclusive, en que el m\u00e9dico tratante d\u00e9 alta al afiliado para trabajar. El salario correspondiente al d\u00eda del accidente el patrono debe pagarlo completo.<\/p>\n<ul>\n<li>\u00a0Si ya goza de un subsidio por incapacidad temporal, debe respetar la temporalidad de este.<\/li>\n<li>Para otorgar las prestaciones los m\u00e9dicos del IGSS deben informar la existencia de la enfermedad.<\/li>\n<li>El IGSS ampl\u00eda el subsidio por enfermedad que no exceda las 52 semanas durante 24 meses consecutivos y estos son los requisitos que se deben cumplir: cuando apareciere otra enfermedad, se continuar\u00e1 otorgando el beneficio como si las dos enfermedades fueran una misma, reca\u00eddas, complicaciones o cualquier otra enfermedad que produzcan incapacidad.<\/li>\n<li>El trabajador no tiene derecho al aporte econ\u00f3mico cuando tuviere un accidente dentro del per\u00edodo de vacaciones, pero s\u00ed se le brinda asistencia m\u00e9dica. En este caso el patrono pagar\u00e1 el salario completo al empleado.<\/li>\n<li>Se brindar\u00e1 asistencia m\u00e9dica por un t\u00e9rmino de 52 semanas cuando el m\u00e9dico del Seguro Social determine una enfermedad irreversible que genere la incapacidad del paciente a permanecer en el trabajo.<\/li>\n<li>Se presta asistencia m\u00e9dica domiciliaria cuando el m\u00e9dico del Instituto determine que el enfermo no puede llegar a las unidades m\u00e9dicas.<\/li>\n<li><img loading=\"lazy\" decoding=\"async\" class=\" wp-image-24699 alignright\" src=\"\/wp-content\/uploads\/sites\/5\/2021\/12\/seguridad-social-modelo-integral-2021-3.jpg\" alt=\"\" width=\"404\" height=\"269\" srcset=\"\/wp-content\/uploads\/sites\/5\/2021\/12\/seguridad-social-modelo-integral-2021-3.jpg 1280w, \/wp-content\/uploads\/sites\/5\/2021\/12\/seguridad-social-modelo-integral-2021-3-300x200.jpg 300w, \/wp-content\/uploads\/sites\/5\/2021\/12\/seguridad-social-modelo-integral-2021-3-768x512.jpg 768w, \/wp-content\/uploads\/sites\/5\/2021\/12\/seguridad-social-modelo-integral-2021-3-1024x682.jpg 1024w, \/wp-content\/uploads\/sites\/5\/2021\/12\/seguridad-social-modelo-integral-2021-3-630x420.jpg 630w, \/wp-content\/uploads\/sites\/5\/2021\/12\/seguridad-social-modelo-integral-2021-3-696x464.jpg 696w, \/wp-content\/uploads\/sites\/5\/2021\/12\/seguridad-social-modelo-integral-2021-3-1068x712.jpg 1068w, \/wp-content\/uploads\/sites\/5\/2021\/12\/seguridad-social-modelo-integral-2021-3-534x356.jpg 534w\" sizes=\"auto, (max-width: 404px) 100vw, 404px\" \/>El IGSS brinda servicio de transporte en casos de emergencia y para traslados de pacientes afiliados a otro lugar.<\/li>\n<li>El Seguro Social otorga subsidio de maternidad cuando la futura madre haya contribuido por tres meses o per\u00edodos de contribuci\u00f3n dentro de los \u00faltimos seis meses anteriores a la fecha en que deba iniciar el reposo prenatal; adem\u00e1s, se brinda ayuda de lactancia, hospitalizaci\u00f3n, medicamentos y asistencia m\u00e9dico quir\u00fargica especializada, preventiva y curativa en los per\u00edodos prenatal, natal y postnatal.<\/li>\n<li>Durante los descansos de pre y postparto se paga el subsidio del ciento por ciento del salario base.<\/li>\n<li>En los casos de enfermedad, accidente y por enfermedades intercurrentes con el embarazo o complicaciones se otorga el pago econ\u00f3mico de dos tercios del salario diario base. Adem\u00e1s, en los casos de aborto tambi\u00e9n se paga el derecho al subsidio cuando la afiliada haya cotizado tres per\u00edodos de contribuci\u00f3n dentro de los seis meses calendario al mes que se inicie la incapacidad.<\/li>\n<li>Se pagan las prestaciones en dinero cada dos semanas en los casos de incapacidad temporal o maternidad.<\/li>\n<li>No se podr\u00e1 reclamar la prestaci\u00f3n en dinero despu\u00e9s de un a\u00f1o desde la fecha que se origin\u00f3 ese derecho.<\/li>\n<li>Tampoco se podr\u00e1n cobrar subsidios por enfermedad o maternidad despu\u00e9s de seis meses.<\/li>\n<li>El IGSS no reembolsa, salvo casos justificados de extrema emergencia.<\/li>\n<\/ul>\n<p>Adem\u00e1s, el IGSS le proporciona beneficios a usted, su c\u00f3nyuge y otros miembros de su familia con derecho<\/p>\n<ul>\n<li>cuando se jubila,<\/li>\n<li>si se incapacita y<\/li>\n<li>cuando fallece.<\/li>\n<\/ul>\n<p>Utilice nuestros planificadores para entender mejor la protecci\u00f3n que le brinda el Seguro Social mientras planifica su futuro econ\u00f3mico.<\/p>\n\r\n                <style type=\"text\/css\">\r\n                    \r\n                    #tdi_1  .td-doubleSlider-2 .td-item1 {\r\n                        background: url(\/wp-content\/uploads\/sites\/5\/2021\/12\/seguridad-social-modelo-integral-2021-5-80x60.jpg) 0 0 no-repeat;\r\n                    }\r\n                    #tdi_1  .td-doubleSlider-2 .td-item2 {\r\n                        background: url(\/wp-content\/uploads\/sites\/5\/2021\/12\/seguridad-social-modelo-integral-2021-4-80x60.jpg) 0 0 no-repeat;\r\n                    }\r\n                    #tdi_1  .td-doubleSlider-2 .td-item3 {\r\n                        background: url(\/wp-content\/uploads\/sites\/5\/2021\/12\/seguridad-social-modelo-integral-2021-7-80x60.jpg) 0 0 no-repeat;\r\n                    }\r\n                    #tdi_1  .td-doubleSlider-2 .td-item4 {\r\n                        background: url(\/wp-content\/uploads\/sites\/5\/2021\/12\/seguridad-social-modelo-integral-2021-8-80x60.jpg) 0 0 no-repeat;\r\n                    }\r\n                    #tdi_1  .td-doubleSlider-2 .td-item5 {\r\n                        background: url(\/wp-content\/uploads\/sites\/5\/2021\/12\/seguridad-social-modelo-integral-2021-9-80x60.jpg) 0 0 no-repeat;\r\n                    }\r\n                <\/style>\r\n\r\n                <div id=\"tdi_1\" class=\"td-gallery td-slide-on-2-columns\">\r\n                    <div class=\"post_td_gallery\">\r\n                        <div class=\"td-gallery-slide-top\">\r\n                           <div class=\"td-gallery-title\">Galeria de Im\u00e1genes<\/div>\r\n\r\n                            <div class=\"td-gallery-controls-wrapper\">\r\n                                <div class=\"td-gallery-slide-count\"><span class=\"td-gallery-slide-item-focus\">1<\/span> de 5<\/div>\r\n                                <div class=\"td-gallery-slide-prev-next-but\">\r\n                                    <i class = \"td-icon-left doubleSliderPrevButton\"><\/i>\r\n                                    <i class = \"td-icon-right doubleSliderNextButton\"><\/i>\r\n                                <\/div>\r\n                            <\/div>\r\n                        <\/div>\r\n\r\n                        <div class = \"td-doubleSlider-1 \">\r\n                            <div class = \"td-slider\">\r\n                                \r\n                    <div class = \"td-slide-item td-item1\">\r\n                        <figure class=\"td-slide-galery-figure td-slide-popup-gallery\">\r\n                            <a class=\"slide-gallery-image-link\" href=\"\/wp-content\/uploads\/sites\/5\/2021\/12\/seguridad-social-modelo-integral-2021-5.jpg\" title=\"seguridad social modelo integral 2021-5\"  data-caption=\"\"  data-description=\"\">\r\n                                <img decoding=\"async\" src=\"\/wp-content\/uploads\/sites\/5\/2021\/12\/seguridad-social-modelo-integral-2021-5-630x420.jpg\" srcset=\"\/wp-content\/uploads\/sites\/5\/2021\/12\/seguridad-social-modelo-integral-2021-5-630x420.jpg 630w, \/wp-content\/uploads\/sites\/5\/2021\/12\/seguridad-social-modelo-integral-2021-5-300x200.jpg 300w, \/wp-content\/uploads\/sites\/5\/2021\/12\/seguridad-social-modelo-integral-2021-5-768x512.jpg 768w, \/wp-content\/uploads\/sites\/5\/2021\/12\/seguridad-social-modelo-integral-2021-5-1024x682.jpg 1024w, \/wp-content\/uploads\/sites\/5\/2021\/12\/seguridad-social-modelo-integral-2021-5-696x464.jpg 696w, \/wp-content\/uploads\/sites\/5\/2021\/12\/seguridad-social-modelo-integral-2021-5-1068x712.jpg 1068w, \/wp-content\/uploads\/sites\/5\/2021\/12\/seguridad-social-modelo-integral-2021-5-534x356.jpg 534w, \/wp-content\/uploads\/sites\/5\/2021\/12\/seguridad-social-modelo-integral-2021-5.jpg 1280w\" sizes=\"(max-width: 630px) 100vw, 630px\" alt=\"\">\r\n                            <\/a>\r\n                            \r\n                        <\/figure>\r\n                    <\/div>\r\n                    <div class = \"td-slide-item td-item2\">\r\n                        <figure class=\"td-slide-galery-figure td-slide-popup-gallery\">\r\n                            <a class=\"slide-gallery-image-link\" href=\"\/wp-content\/uploads\/sites\/5\/2021\/12\/seguridad-social-modelo-integral-2021-4.jpg\" title=\"seguridad social modelo integral 2021-4\"  data-caption=\"\"  data-description=\"\">\r\n                                <img decoding=\"async\" src=\"\/wp-content\/uploads\/sites\/5\/2021\/12\/seguridad-social-modelo-integral-2021-4-560x420.jpg\" srcset=\"\/wp-content\/uploads\/sites\/5\/2021\/12\/seguridad-social-modelo-integral-2021-4-560x420.jpg 560w, \/wp-content\/uploads\/sites\/5\/2021\/12\/seguridad-social-modelo-integral-2021-4-300x225.jpg 300w, \/wp-content\/uploads\/sites\/5\/2021\/12\/seguridad-social-modelo-integral-2021-4-768x576.jpg 768w, \/wp-content\/uploads\/sites\/5\/2021\/12\/seguridad-social-modelo-integral-2021-4-1024x768.jpg 1024w, \/wp-content\/uploads\/sites\/5\/2021\/12\/seguridad-social-modelo-integral-2021-4-80x60.jpg 80w, \/wp-content\/uploads\/sites\/5\/2021\/12\/seguridad-social-modelo-integral-2021-4-696x522.jpg 696w, \/wp-content\/uploads\/sites\/5\/2021\/12\/seguridad-social-modelo-integral-2021-4-1068x801.jpg 1068w, \/wp-content\/uploads\/sites\/5\/2021\/12\/seguridad-social-modelo-integral-2021-4-265x198.jpg 265w, \/wp-content\/uploads\/sites\/5\/2021\/12\/seguridad-social-modelo-integral-2021-4-534x401.jpg 534w, \/wp-content\/uploads\/sites\/5\/2021\/12\/seguridad-social-modelo-integral-2021-4.jpg 1280w\" sizes=\"(max-width: 560px) 100vw, 560px\" alt=\"\">\r\n                            <\/a>\r\n                            \r\n                        <\/figure>\r\n                    <\/div>\r\n                    <div class = \"td-slide-item td-item3\">\r\n                        <figure class=\"td-slide-galery-figure td-slide-popup-gallery\">\r\n                            <a class=\"slide-gallery-image-link\" href=\"\/wp-content\/uploads\/sites\/5\/2021\/12\/seguridad-social-modelo-integral-2021-7.jpg\" title=\"seguridad social modelo integral 2021-7\"  data-caption=\"\"  data-description=\"\">\r\n                                <img decoding=\"async\" src=\"\/wp-content\/uploads\/sites\/5\/2021\/12\/seguridad-social-modelo-integral-2021-7-630x420.jpg\" srcset=\"\/wp-content\/uploads\/sites\/5\/2021\/12\/seguridad-social-modelo-integral-2021-7-630x420.jpg 630w, \/wp-content\/uploads\/sites\/5\/2021\/12\/seguridad-social-modelo-integral-2021-7-300x200.jpg 300w, \/wp-content\/uploads\/sites\/5\/2021\/12\/seguridad-social-modelo-integral-2021-7-768x512.jpg 768w, \/wp-content\/uploads\/sites\/5\/2021\/12\/seguridad-social-modelo-integral-2021-7-1024x682.jpg 1024w, \/wp-content\/uploads\/sites\/5\/2021\/12\/seguridad-social-modelo-integral-2021-7-696x464.jpg 696w, \/wp-content\/uploads\/sites\/5\/2021\/12\/seguridad-social-modelo-integral-2021-7-1068x712.jpg 1068w, \/wp-content\/uploads\/sites\/5\/2021\/12\/seguridad-social-modelo-integral-2021-7-534x356.jpg 534w, \/wp-content\/uploads\/sites\/5\/2021\/12\/seguridad-social-modelo-integral-2021-7.jpg 1280w\" sizes=\"(max-width: 630px) 100vw, 630px\" alt=\"\">\r\n                            <\/a>\r\n                            \r\n                        <\/figure>\r\n                    <\/div>\r\n                    <div class = \"td-slide-item td-item4\">\r\n                        <figure class=\"td-slide-galery-figure td-slide-popup-gallery\">\r\n                            <a class=\"slide-gallery-image-link\" href=\"\/wp-content\/uploads\/sites\/5\/2021\/12\/seguridad-social-modelo-integral-2021-8.jpg\" title=\"seguridad social modelo integral 2021-8\"  data-caption=\"\"  data-description=\"\">\r\n                                <img decoding=\"async\" src=\"\/wp-content\/uploads\/sites\/5\/2021\/12\/seguridad-social-modelo-integral-2021-8-630x420.jpg\" srcset=\"\/wp-content\/uploads\/sites\/5\/2021\/12\/seguridad-social-modelo-integral-2021-8-630x420.jpg 630w, \/wp-content\/uploads\/sites\/5\/2021\/12\/seguridad-social-modelo-integral-2021-8-300x200.jpg 300w, \/wp-content\/uploads\/sites\/5\/2021\/12\/seguridad-social-modelo-integral-2021-8-768x512.jpg 768w, \/wp-content\/uploads\/sites\/5\/2021\/12\/seguridad-social-modelo-integral-2021-8-1024x682.jpg 1024w, \/wp-content\/uploads\/sites\/5\/2021\/12\/seguridad-social-modelo-integral-2021-8-696x464.jpg 696w, \/wp-content\/uploads\/sites\/5\/2021\/12\/seguridad-social-modelo-integral-2021-8-1068x712.jpg 1068w, \/wp-content\/uploads\/sites\/5\/2021\/12\/seguridad-social-modelo-integral-2021-8-534x356.jpg 534w, \/wp-content\/uploads\/sites\/5\/2021\/12\/seguridad-social-modelo-integral-2021-8.jpg 1280w\" sizes=\"(max-width: 630px) 100vw, 630px\" alt=\"\">\r\n                            <\/a>\r\n                            \r\n                        <\/figure>\r\n                    <\/div>\r\n                    <div class = \"td-slide-item td-item5\">\r\n                        <figure class=\"td-slide-galery-figure td-slide-popup-gallery\">\r\n                            <a class=\"slide-gallery-image-link\" href=\"\/wp-content\/uploads\/sites\/5\/2021\/12\/seguridad-social-modelo-integral-2021-9.jpg\" title=\"seguridad social modelo integral 2021-9\"  data-caption=\"\"  data-description=\"\">\r\n                                <img decoding=\"async\" src=\"\/wp-content\/uploads\/sites\/5\/2021\/12\/seguridad-social-modelo-integral-2021-9-497x420.jpg\" srcset=\"\/wp-content\/uploads\/sites\/5\/2021\/12\/seguridad-social-modelo-integral-2021-9-497x420.jpg 497w, \/wp-content\/uploads\/sites\/5\/2021\/12\/seguridad-social-modelo-integral-2021-9-300x253.jpg 300w, \/wp-content\/uploads\/sites\/5\/2021\/12\/seguridad-social-modelo-integral-2021-9-768x649.jpg 768w, \/wp-content\/uploads\/sites\/5\/2021\/12\/seguridad-social-modelo-integral-2021-9-1024x865.jpg 1024w, \/wp-content\/uploads\/sites\/5\/2021\/12\/seguridad-social-modelo-integral-2021-9-696x588.jpg 696w, \/wp-content\/uploads\/sites\/5\/2021\/12\/seguridad-social-modelo-integral-2021-9-1068x902.jpg 1068w, \/wp-content\/uploads\/sites\/5\/2021\/12\/seguridad-social-modelo-integral-2021-9-534x451.jpg 534w, \/wp-content\/uploads\/sites\/5\/2021\/12\/seguridad-social-modelo-integral-2021-9.jpg 1115w\" sizes=\"(max-width: 497px) 100vw, 497px\" alt=\"\">\r\n                            <\/a>\r\n                            \r\n                        <\/figure>\r\n                    <\/div>\r\n                            <\/div>\r\n                        <\/div>\r\n\r\n                        <div class = \"td-doubleSlider-2\">\r\n                            <div class = \"td-slider\">\r\n                                \r\n                    <div class = \"td-button td-item1\">\r\n                        <div class = \"td-border\"><\/div>\r\n                    <\/div>\r\n                    <div class = \"td-button td-item2\">\r\n                        <div class = \"td-border\"><\/div>\r\n                    <\/div>\r\n                    <div class = \"td-button td-item3\">\r\n                        <div class = \"td-border\"><\/div>\r\n                    <\/div>\r\n                    <div class = \"td-button td-item4\">\r\n                        <div class = \"td-border\"><\/div>\r\n                    <\/div>\r\n                    <div class = \"td-button td-item5\">\r\n                        <div class = \"td-border\"><\/div>\r\n                    <\/div>\r\n                            <\/div>\r\n                        <\/div>\r\n\r\n                    <\/div>\r\n\r\n                <\/div>\r\n                \n","protected":false},"excerpt":{"rendered":"<p>El Instituto Guatemalteco de Seguridad Social (IGSS) es un compensador para la poblaci\u00f3n, brinda protecci\u00f3n para sus asegurados en prevenci\u00f3n de las enfermedades y promoci\u00f3n de la salud.&nbsp; Con los programas de &nbsp;Invalidez, Vejez y Sobrevivencia (IVS) y Enfermedad Maternidad y Accidentes (EMA) hay beneficios y obligaciones establecidos en el Acuerdo 410 de la Junta [&hellip;]<\/p>\n","protected":false},"author":4,"featured_media":24694,"comment_status":"closed","ping_status":"closed","sticky":false,"template":"","format":"standard","meta":{"footnotes":""},"categories":[3,15],"tags":[],"coauthors":[881],"class_list":{"0":"post-24693","1":"post","2":"type-post","3":"status-publish","4":"format-standard","5":"has-post-thumbnail","7":"category-actualidad","8":"category-destacado"},"_links":{"self":[{"href":"https:\/\/www.igssgt.org\/noticias\/wp-json\/wp\/v2\/posts\/24693","targetHints":{"allow":["GET"]}}],"collection":[{"href":"https:\/\/www.igssgt.org\/noticias\/wp-json\/wp\/v2\/posts"}],"about":[{"href":"https:\/\/www.igssgt.org\/noticias\/wp-json\/wp\/v2\/types\/post"}],"author":[{"embeddable":true,"href":"https:\/\/www.igssgt.org\/noticias\/wp-json\/wp\/v2\/users\/4"}],"replies":[{"embeddable":true,"href":"https:\/\/www.igssgt.org\/noticias\/wp-json\/wp\/v2\/comments?post=24693"}],"version-history":[{"count":4,"href":"https:\/\/www.igssgt.org\/noticias\/wp-json\/wp\/v2\/posts\/24693\/revisions"}],"predecessor-version":[{"id":24707,"href":"https:\/\/www.igssgt.org\/noticias\/wp-json\/wp\/v2\/posts\/24693\/revisions\/24707"}],"wp:featuredmedia":[{"embeddable":true,"href":"https:\/\/www.igssgt.org\/noticias\/wp-json\/wp\/v2\/media\/24694"}],"wp:attachment":[{"href":"https:\/\/www.igssgt.org\/noticias\/wp-json\/wp\/v2\/media?parent=24693"}],"wp:term":[{"taxonomy":"category","embeddable":true,"href":"https:\/\/www.igssgt.org\/noticias\/wp-json\/wp\/v2\/categories?post=24693"},{"taxonomy":"post_tag","embeddable":true,"href":"https:\/\/www.igssgt.org\/noticias\/wp-json\/wp\/v2\/tags?post=24693"},{"taxonomy":"author","embeddable":true,"href":"https:\/\/www.igssgt.org\/noticias\/wp-json\/wp\/v2\/coauthors?post=24693"}],"curies":[{"name":"wp","href":"https:\/\/api.w.org\/{rel}","templated":true}]}}