{"id":24890,"date":"2022-01-14T15:05:00","date_gmt":"2022-01-14T21:05:00","guid":{"rendered":"https:\/\/www.igssgt.org\/noticias\/?p=24890"},"modified":"2022-01-21T10:23:07","modified_gmt":"2022-01-21T16:23:07","slug":"inauguran-remodelacion-de-cirugia-ambulatoria","status":"publish","type":"post","link":"https:\/\/www.igssgt.org\/noticias\/2022\/01\/14\/inauguran-remodelacion-de-cirugia-ambulatoria\/","title":{"rendered":"Inauguran remodelaci\u00f3n de Cirug\u00eda Ambulatoria"},"content":{"rendered":"\n<p class=\"has-drop-cap\">Desde hoy los pacientes ambulatorios del Hospital General de Accidentes Ceibal cuentan con quir\u00f3fanos renovados, una nueva sala de espera, dos nuevos vestidores y servicios sanitarios, los que incluyen un \u00e1rea para pacientes con discapacidad, como producto de la remodelaci\u00f3n realizada en el Servicio de Cirug\u00eda Ambulatoria (Hospital de D\u00eda) de esta unidad m\u00e9dica.<\/p>\n\n\n\n<p>Los trabajos fueron inaugurados por la doctora Ana Marilyn Ort\u00edz Ru\u00edz, gerente del Instituto Guatemalteco de Seguridad Social, en compa\u00f1\u00eda del subgerente de Prestaciones en Salud, doctor Arturo Ernesto Garc\u00eda Aquino, y del director m\u00e9dico del hospital, doctor Walter Alfredo Forno Foncea.<\/p>\n\n\n\n<p><img loading=\"lazy\" decoding=\"async\" class=\"alignnone size-full wp-image-24892\" src=\"\/wp-content\/uploads\/sites\/5\/2022\/01\/remodelacion-del-hospital-de-dia-hospital-general-de-accidentes-ceibal-2022-19.jpg\" alt=\"\" width=\"1600\" height=\"1066\" srcset=\"\/wp-content\/uploads\/sites\/5\/2022\/01\/remodelacion-del-hospital-de-dia-hospital-general-de-accidentes-ceibal-2022-19.jpg 1600w, \/wp-content\/uploads\/sites\/5\/2022\/01\/remodelacion-del-hospital-de-dia-hospital-general-de-accidentes-ceibal-2022-19-300x200.jpg 300w, \/wp-content\/uploads\/sites\/5\/2022\/01\/remodelacion-del-hospital-de-dia-hospital-general-de-accidentes-ceibal-2022-19-768x512.jpg 768w, \/wp-content\/uploads\/sites\/5\/2022\/01\/remodelacion-del-hospital-de-dia-hospital-general-de-accidentes-ceibal-2022-19-1024x682.jpg 1024w, \/wp-content\/uploads\/sites\/5\/2022\/01\/remodelacion-del-hospital-de-dia-hospital-general-de-accidentes-ceibal-2022-19-1536x1023.jpg 1536w, \/wp-content\/uploads\/sites\/5\/2022\/01\/remodelacion-del-hospital-de-dia-hospital-general-de-accidentes-ceibal-2022-19-630x420.jpg 630w, \/wp-content\/uploads\/sites\/5\/2022\/01\/remodelacion-del-hospital-de-dia-hospital-general-de-accidentes-ceibal-2022-19-696x464.jpg 696w, \/wp-content\/uploads\/sites\/5\/2022\/01\/remodelacion-del-hospital-de-dia-hospital-general-de-accidentes-ceibal-2022-19-1068x712.jpg 1068w, \/wp-content\/uploads\/sites\/5\/2022\/01\/remodelacion-del-hospital-de-dia-hospital-general-de-accidentes-ceibal-2022-19-534x356.jpg 534w\" sizes=\"auto, (max-width: 1600px) 100vw, 1600px\" \/><\/p>\n<p>La gerente resalt\u00f3 que \u201cla pandemia caus\u00f3 que se espaciaran ciertos procedimientos, lo que ser\u00e1 diferente a partir de este d\u00eda para ofrecer un servicio con calidez y calidad a todos los beneficiarios, a quienes nos debemos\u201d.<\/p>\n<p>Durante el acto protocolar la gerente de la Instituci\u00f3n destac\u00f3 la labor que lleva a cabo el personal m\u00e9dico y param\u00e9dico de esta unidad, como un hospital de referencia a nivel nacional para afiliados, pensionados, jubilados y beneficiarios, v\u00edctimas de accidentes de tr\u00e1nsito, de enfermedad de trauma y enfermedad oftalmol\u00f3gica.<\/p>\n<p><iframe loading=\"lazy\" title=\"Inauguran remodelaciones en el Hospital de D\u00eda del Hospital General de Accidentes Ceibal IGSS\" width=\"696\" height=\"392\" src=\"https:\/\/www.youtube.com\/embed\/RMYoyoiYY1o?feature=oembed\" frameborder=\"0\" allow=\"accelerometer; autoplay; clipboard-write; encrypted-media; gyroscope; picture-in-picture\" allowfullscreen><\/iframe><\/p>\n<p>\u201cCon esta ampliaci\u00f3n esperamos atender un promedio de 30 pacientes con cirug\u00edas menores que regresan el mismo d\u00eda a sus hogares para terminar su recuperaci\u00f3n\u201d, indic\u00f3 el director del centro asistencial.<\/p>\n<p>En el Servicio de Cirug\u00eda Ambulatoria se efect\u00faan intervenciones quir\u00fargicas que no requieren de internaci\u00f3n hospitalaria.\u00a0 De enero a noviembre del a\u00f1o 2021 se realizaron mil 419 procedimientos quir\u00fargicos electivos y 186 intervenciones por emergencia, siendo la especialidad de oftalmolog\u00eda la que alcanz\u00f3 el mayor porcentaje de cirug\u00edas.<\/p>\n<p>Las cirug\u00edas que estar\u00e1n al servicio de la poblaci\u00f3n afiliada ser\u00e1n las de oftalmolog\u00eda, atroscopias, de mano y pl\u00e1sticas, precis\u00f3 el doctor Garc\u00eda Aquino.<\/p>\n\r\n                <style type=\"text\/css\">\r\n                    \r\n                    #tdi_1  .td-doubleSlider-2 .td-item1 {\r\n                        background: url(\/wp-content\/uploads\/sites\/5\/2022\/01\/remodelacion-del-hospital-de-dia-hospital-general-de-accidentes-ceibal-2022-11-80x60.jpg) 0 0 no-repeat;\r\n                    }\r\n                    #tdi_1  .td-doubleSlider-2 .td-item2 {\r\n                        background: url(\/wp-content\/uploads\/sites\/5\/2022\/01\/remodelacion-del-hospital-de-dia-hospital-general-de-accidentes-ceibal-2022-32-80x60.jpg) 0 0 no-repeat;\r\n                    }\r\n                    #tdi_1  .td-doubleSlider-2 .td-item3 {\r\n                        background: url(\/wp-content\/uploads\/sites\/5\/2022\/01\/remodelacion-del-hospital-de-dia-hospital-general-de-accidentes-ceibal-2022-25-80x60.jpg) 0 0 no-repeat;\r\n                    }\r\n                    #tdi_1  .td-doubleSlider-2 .td-item4 {\r\n                        background: url(\/wp-content\/uploads\/sites\/5\/2022\/01\/remodelacion-del-hospital-de-dia-hospital-general-de-accidentes-ceibal-2022-31-80x60.jpg) 0 0 no-repeat;\r\n                    }\r\n                    #tdi_1  .td-doubleSlider-2 .td-item5 {\r\n                        background: url(\/wp-content\/uploads\/sites\/5\/2022\/01\/remodelacion-del-hospital-de-dia-hospital-general-de-accidentes-ceibal-2022-7-80x60.jpg) 0 0 no-repeat;\r\n                    }\r\n                    #tdi_1  .td-doubleSlider-2 .td-item6 {\r\n                        background: url(\/wp-content\/uploads\/sites\/5\/2022\/01\/remodelacion-del-hospital-de-dia-hospital-general-de-accidentes-ceibal-2022-3-80x60.jpg) 0 0 no-repeat;\r\n                    }\r\n                    #tdi_1  .td-doubleSlider-2 .td-item7 {\r\n                        background: url(\/wp-content\/uploads\/sites\/5\/2022\/01\/remodelacion-del-hospital-de-dia-hospital-general-de-accidentes-ceibal-2022-5-80x60.jpg) 0 0 no-repeat;\r\n                    }\r\n                    #tdi_1  .td-doubleSlider-2 .td-item8 {\r\n                        background: url(\/wp-content\/uploads\/sites\/5\/2022\/01\/remodelacion-del-hospital-de-dia-hospital-general-de-accidentes-ceibal-2022-4-80x60.jpg) 0 0 no-repeat;\r\n                    }\r\n                    #tdi_1  .td-doubleSlider-2 .td-item9 {\r\n                        background: url(\/wp-content\/uploads\/sites\/5\/2022\/01\/remodelacion-del-hospital-de-dia-hospital-general-de-accidentes-ceibal-2022-19-80x60.jpg) 0 0 no-repeat;\r\n                    }\r\n                    #tdi_1  .td-doubleSlider-2 .td-item10 {\r\n                        background: url(\/wp-content\/uploads\/sites\/5\/2022\/01\/remodelacion-del-hospital-de-dia-hospital-general-de-accidentes-ceibal-2022-10-80x60.jpg) 0 0 no-repeat;\r\n                    }\r\n                    #tdi_1  .td-doubleSlider-2 .td-item11 {\r\n                        background: url(\/wp-content\/uploads\/sites\/5\/2022\/01\/remodelacion-del-hospital-de-dia-hospital-general-de-accidentes-ceibal-2022-9-80x60.jpg) 0 0 no-repeat;\r\n                    }\r\n                    #tdi_1  .td-doubleSlider-2 .td-item12 {\r\n                        background: url(\/wp-content\/uploads\/sites\/5\/2022\/01\/remodelacion-del-hospital-de-dia-hospital-general-de-accidentes-ceibal-2022-18-80x60.jpg) 0 0 no-repeat;\r\n                    }\r\n                    #tdi_1  .td-doubleSlider-2 .td-item13 {\r\n                        background: url(\/wp-content\/uploads\/sites\/5\/2022\/01\/remodelacion-del-hospital-de-dia-hospital-general-de-accidentes-ceibal-2022-24-80x60.jpg) 0 0 no-repeat;\r\n                    }\r\n                    #tdi_1  .td-doubleSlider-2 .td-item14 {\r\n                        background: url(\/wp-content\/uploads\/sites\/5\/2022\/01\/remodelacion-del-hospital-de-dia-hospital-general-de-accidentes-ceibal-2022-21-80x60.jpg) 0 0 no-repeat;\r\n                    }\r\n                    #tdi_1  .td-doubleSlider-2 .td-item15 {\r\n                        background: url(\/wp-content\/uploads\/sites\/5\/2022\/01\/remodelacion-del-hospital-de-dia-hospital-general-de-accidentes-ceibal-2022-26-80x60.jpg) 0 0 no-repeat;\r\n                    }\r\n                <\/style>\r\n\r\n                <div id=\"tdi_1\" class=\"td-gallery td-slide-on-2-columns\">\r\n                    <div class=\"post_td_gallery\">\r\n                        <div class=\"td-gallery-slide-top\">\r\n                           <div class=\"td-gallery-title\">Galer\u00eda de Im\u00e1genes<\/div>\r\n\r\n                            <div class=\"td-gallery-controls-wrapper\">\r\n                                <div class=\"td-gallery-slide-count\"><span class=\"td-gallery-slide-item-focus\">1<\/span> de 15<\/div>\r\n                                <div class=\"td-gallery-slide-prev-next-but\">\r\n                                    <i class = \"td-icon-left doubleSliderPrevButton\"><\/i>\r\n                                    <i class = \"td-icon-right doubleSliderNextButton\"><\/i>\r\n                                <\/div>\r\n                            <\/div>\r\n                        <\/div>\r\n\r\n                        <div class = \"td-doubleSlider-1 \">\r\n                            <div class = \"td-slider\">\r\n                                \r\n                    <div class = \"td-slide-item td-item1\">\r\n                        <figure class=\"td-slide-galery-figure td-slide-popup-gallery\">\r\n                            <a class=\"slide-gallery-image-link\" href=\"\/wp-content\/uploads\/sites\/5\/2022\/01\/remodelacion-del-hospital-de-dia-hospital-general-de-accidentes-ceibal-2022-11.jpg\" title=\"remodelacion del hospital de dia hospital general de accidentes ceibal 2022-11\"  data-caption=\"\"  data-description=\"\">\r\n                                <img decoding=\"async\" src=\"\/wp-content\/uploads\/sites\/5\/2022\/01\/remodelacion-del-hospital-de-dia-hospital-general-de-accidentes-ceibal-2022-11-630x420.jpg\" srcset=\"\/wp-content\/uploads\/sites\/5\/2022\/01\/remodelacion-del-hospital-de-dia-hospital-general-de-accidentes-ceibal-2022-11-630x420.jpg 630w, \/wp-content\/uploads\/sites\/5\/2022\/01\/remodelacion-del-hospital-de-dia-hospital-general-de-accidentes-ceibal-2022-11-300x200.jpg 300w, \/wp-content\/uploads\/sites\/5\/2022\/01\/remodelacion-del-hospital-de-dia-hospital-general-de-accidentes-ceibal-2022-11-768x512.jpg 768w, \/wp-content\/uploads\/sites\/5\/2022\/01\/remodelacion-del-hospital-de-dia-hospital-general-de-accidentes-ceibal-2022-11-1024x682.jpg 1024w, \/wp-content\/uploads\/sites\/5\/2022\/01\/remodelacion-del-hospital-de-dia-hospital-general-de-accidentes-ceibal-2022-11-1536x1023.jpg 1536w, \/wp-content\/uploads\/sites\/5\/2022\/01\/remodelacion-del-hospital-de-dia-hospital-general-de-accidentes-ceibal-2022-11-696x464.jpg 696w, \/wp-content\/uploads\/sites\/5\/2022\/01\/remodelacion-del-hospital-de-dia-hospital-general-de-accidentes-ceibal-2022-11-1068x712.jpg 1068w, \/wp-content\/uploads\/sites\/5\/2022\/01\/remodelacion-del-hospital-de-dia-hospital-general-de-accidentes-ceibal-2022-11-534x356.jpg 534w, \/wp-content\/uploads\/sites\/5\/2022\/01\/remodelacion-del-hospital-de-dia-hospital-general-de-accidentes-ceibal-2022-11.jpg 1600w\" sizes=\"(max-width: 630px) 100vw, 630px\" alt=\"\">\r\n                            <\/a>\r\n                            \r\n                        <\/figure>\r\n                    <\/div>\r\n                    <div class = \"td-slide-item td-item2\">\r\n                        <figure class=\"td-slide-galery-figure td-slide-popup-gallery\">\r\n                            <a class=\"slide-gallery-image-link\" href=\"\/wp-content\/uploads\/sites\/5\/2022\/01\/remodelacion-del-hospital-de-dia-hospital-general-de-accidentes-ceibal-2022-32.jpg\" title=\"remodelacion del hospital de dia hospital general de accidentes ceibal 2022-32\"  data-caption=\"\"  data-description=\"\">\r\n                                <img decoding=\"async\" src=\"\/wp-content\/uploads\/sites\/5\/2022\/01\/remodelacion-del-hospital-de-dia-hospital-general-de-accidentes-ceibal-2022-32-630x420.jpg\" srcset=\"\/wp-content\/uploads\/sites\/5\/2022\/01\/remodelacion-del-hospital-de-dia-hospital-general-de-accidentes-ceibal-2022-32-630x420.jpg 630w, \/wp-content\/uploads\/sites\/5\/2022\/01\/remodelacion-del-hospital-de-dia-hospital-general-de-accidentes-ceibal-2022-32-300x200.jpg 300w, \/wp-content\/uploads\/sites\/5\/2022\/01\/remodelacion-del-hospital-de-dia-hospital-general-de-accidentes-ceibal-2022-32-768x512.jpg 768w, \/wp-content\/uploads\/sites\/5\/2022\/01\/remodelacion-del-hospital-de-dia-hospital-general-de-accidentes-ceibal-2022-32-1024x682.jpg 1024w, \/wp-content\/uploads\/sites\/5\/2022\/01\/remodelacion-del-hospital-de-dia-hospital-general-de-accidentes-ceibal-2022-32-1536x1023.jpg 1536w, \/wp-content\/uploads\/sites\/5\/2022\/01\/remodelacion-del-hospital-de-dia-hospital-general-de-accidentes-ceibal-2022-32-696x464.jpg 696w, \/wp-content\/uploads\/sites\/5\/2022\/01\/remodelacion-del-hospital-de-dia-hospital-general-de-accidentes-ceibal-2022-32-1068x712.jpg 1068w, \/wp-content\/uploads\/sites\/5\/2022\/01\/remodelacion-del-hospital-de-dia-hospital-general-de-accidentes-ceibal-2022-32-534x356.jpg 534w, \/wp-content\/uploads\/sites\/5\/2022\/01\/remodelacion-del-hospital-de-dia-hospital-general-de-accidentes-ceibal-2022-32.jpg 1600w\" sizes=\"(max-width: 630px) 100vw, 630px\" alt=\"\">\r\n                            <\/a>\r\n                            \r\n                        <\/figure>\r\n                    <\/div>\r\n                    <div class = \"td-slide-item td-item3\">\r\n                        <figure class=\"td-slide-galery-figure td-slide-popup-gallery\">\r\n                            <a class=\"slide-gallery-image-link\" href=\"\/wp-content\/uploads\/sites\/5\/2022\/01\/remodelacion-del-hospital-de-dia-hospital-general-de-accidentes-ceibal-2022-25.jpg\" title=\"remodelacion del hospital de dia hospital general de accidentes ceibal 2022-25\"  data-caption=\"\"  data-description=\"\">\r\n                                <img decoding=\"async\" src=\"\/wp-content\/uploads\/sites\/5\/2022\/01\/remodelacion-del-hospital-de-dia-hospital-general-de-accidentes-ceibal-2022-25-630x420.jpg\" srcset=\"\/wp-content\/uploads\/sites\/5\/2022\/01\/remodelacion-del-hospital-de-dia-hospital-general-de-accidentes-ceibal-2022-25-630x420.jpg 630w, \/wp-content\/uploads\/sites\/5\/2022\/01\/remodelacion-del-hospital-de-dia-hospital-general-de-accidentes-ceibal-2022-25-300x200.jpg 300w, \/wp-content\/uploads\/sites\/5\/2022\/01\/remodelacion-del-hospital-de-dia-hospital-general-de-accidentes-ceibal-2022-25-768x512.jpg 768w, \/wp-content\/uploads\/sites\/5\/2022\/01\/remodelacion-del-hospital-de-dia-hospital-general-de-accidentes-ceibal-2022-25-1024x682.jpg 1024w, \/wp-content\/uploads\/sites\/5\/2022\/01\/remodelacion-del-hospital-de-dia-hospital-general-de-accidentes-ceibal-2022-25-1536x1023.jpg 1536w, \/wp-content\/uploads\/sites\/5\/2022\/01\/remodelacion-del-hospital-de-dia-hospital-general-de-accidentes-ceibal-2022-25-696x464.jpg 696w, \/wp-content\/uploads\/sites\/5\/2022\/01\/remodelacion-del-hospital-de-dia-hospital-general-de-accidentes-ceibal-2022-25-1068x712.jpg 1068w, \/wp-content\/uploads\/sites\/5\/2022\/01\/remodelacion-del-hospital-de-dia-hospital-general-de-accidentes-ceibal-2022-25-534x356.jpg 534w, \/wp-content\/uploads\/sites\/5\/2022\/01\/remodelacion-del-hospital-de-dia-hospital-general-de-accidentes-ceibal-2022-25.jpg 1600w\" sizes=\"(max-width: 630px) 100vw, 630px\" alt=\"\">\r\n                            <\/a>\r\n                            \r\n                        <\/figure>\r\n                    <\/div>\r\n                    <div class = \"td-slide-item td-item4\">\r\n                        <figure class=\"td-slide-galery-figure td-slide-popup-gallery\">\r\n                            <a class=\"slide-gallery-image-link\" href=\"\/wp-content\/uploads\/sites\/5\/2022\/01\/remodelacion-del-hospital-de-dia-hospital-general-de-accidentes-ceibal-2022-31.jpg\" title=\"remodelacion del hospital de dia hospital general de accidentes ceibal 2022-31\"  data-caption=\"\"  data-description=\"\">\r\n                                <img decoding=\"async\" src=\"\/wp-content\/uploads\/sites\/5\/2022\/01\/remodelacion-del-hospital-de-dia-hospital-general-de-accidentes-ceibal-2022-31-630x420.jpg\" srcset=\"\/wp-content\/uploads\/sites\/5\/2022\/01\/remodelacion-del-hospital-de-dia-hospital-general-de-accidentes-ceibal-2022-31-630x420.jpg 630w, \/wp-content\/uploads\/sites\/5\/2022\/01\/remodelacion-del-hospital-de-dia-hospital-general-de-accidentes-ceibal-2022-31-300x200.jpg 300w, \/wp-content\/uploads\/sites\/5\/2022\/01\/remodelacion-del-hospital-de-dia-hospital-general-de-accidentes-ceibal-2022-31-768x512.jpg 768w, \/wp-content\/uploads\/sites\/5\/2022\/01\/remodelacion-del-hospital-de-dia-hospital-general-de-accidentes-ceibal-2022-31-1024x682.jpg 1024w, \/wp-content\/uploads\/sites\/5\/2022\/01\/remodelacion-del-hospital-de-dia-hospital-general-de-accidentes-ceibal-2022-31-1536x1023.jpg 1536w, \/wp-content\/uploads\/sites\/5\/2022\/01\/remodelacion-del-hospital-de-dia-hospital-general-de-accidentes-ceibal-2022-31-696x464.jpg 696w, \/wp-content\/uploads\/sites\/5\/2022\/01\/remodelacion-del-hospital-de-dia-hospital-general-de-accidentes-ceibal-2022-31-1068x712.jpg 1068w, \/wp-content\/uploads\/sites\/5\/2022\/01\/remodelacion-del-hospital-de-dia-hospital-general-de-accidentes-ceibal-2022-31-534x356.jpg 534w, \/wp-content\/uploads\/sites\/5\/2022\/01\/remodelacion-del-hospital-de-dia-hospital-general-de-accidentes-ceibal-2022-31.jpg 1600w\" sizes=\"(max-width: 630px) 100vw, 630px\" alt=\"\">\r\n                            <\/a>\r\n                            \r\n                        <\/figure>\r\n                    <\/div>\r\n                    <div class = \"td-slide-item td-item5\">\r\n                        <figure class=\"td-slide-galery-figure td-slide-popup-gallery\">\r\n                            <a class=\"slide-gallery-image-link\" href=\"\/wp-content\/uploads\/sites\/5\/2022\/01\/remodelacion-del-hospital-de-dia-hospital-general-de-accidentes-ceibal-2022-7.jpg\" title=\"remodelacion del hospital de dia hospital general de accidentes ceibal 2022-7\"  data-caption=\"\"  data-description=\"\">\r\n                                <img decoding=\"async\" src=\"\/wp-content\/uploads\/sites\/5\/2022\/01\/remodelacion-del-hospital-de-dia-hospital-general-de-accidentes-ceibal-2022-7-578x420.jpg\" srcset=\"\/wp-content\/uploads\/sites\/5\/2022\/01\/remodelacion-del-hospital-de-dia-hospital-general-de-accidentes-ceibal-2022-7-578x420.jpg 578w, \/wp-content\/uploads\/sites\/5\/2022\/01\/remodelacion-del-hospital-de-dia-hospital-general-de-accidentes-ceibal-2022-7-300x218.jpg 300w, \/wp-content\/uploads\/sites\/5\/2022\/01\/remodelacion-del-hospital-de-dia-hospital-general-de-accidentes-ceibal-2022-7-768x558.jpg 768w, \/wp-content\/uploads\/sites\/5\/2022\/01\/remodelacion-del-hospital-de-dia-hospital-general-de-accidentes-ceibal-2022-7-1024x744.jpg 1024w, \/wp-content\/uploads\/sites\/5\/2022\/01\/remodelacion-del-hospital-de-dia-hospital-general-de-accidentes-ceibal-2022-7-696x506.jpg 696w, \/wp-content\/uploads\/sites\/5\/2022\/01\/remodelacion-del-hospital-de-dia-hospital-general-de-accidentes-ceibal-2022-7-1068x776.jpg 1068w, \/wp-content\/uploads\/sites\/5\/2022\/01\/remodelacion-del-hospital-de-dia-hospital-general-de-accidentes-ceibal-2022-7-324x235.jpg 324w, \/wp-content\/uploads\/sites\/5\/2022\/01\/remodelacion-del-hospital-de-dia-hospital-general-de-accidentes-ceibal-2022-7-534x388.jpg 534w, \/wp-content\/uploads\/sites\/5\/2022\/01\/remodelacion-del-hospital-de-dia-hospital-general-de-accidentes-ceibal-2022-7.jpg 1280w\" sizes=\"(max-width: 578px) 100vw, 578px\" alt=\"\">\r\n                            <\/a>\r\n                            \r\n                        <\/figure>\r\n                    <\/div>\r\n                    <div class = \"td-slide-item td-item6\">\r\n                        <figure class=\"td-slide-galery-figure td-slide-popup-gallery\">\r\n                            <a class=\"slide-gallery-image-link\" href=\"\/wp-content\/uploads\/sites\/5\/2022\/01\/remodelacion-del-hospital-de-dia-hospital-general-de-accidentes-ceibal-2022-3.jpg\" title=\"remodelacion del hospital de dia hospital general de accidentes ceibal 2022-3\"  data-caption=\"\"  data-description=\"\">\r\n                                <img decoding=\"async\" src=\"\/wp-content\/uploads\/sites\/5\/2022\/01\/remodelacion-del-hospital-de-dia-hospital-general-de-accidentes-ceibal-2022-3-586x420.jpg\" srcset=\"\/wp-content\/uploads\/sites\/5\/2022\/01\/remodelacion-del-hospital-de-dia-hospital-general-de-accidentes-ceibal-2022-3-586x420.jpg 586w, \/wp-content\/uploads\/sites\/5\/2022\/01\/remodelacion-del-hospital-de-dia-hospital-general-de-accidentes-ceibal-2022-3-300x215.jpg 300w, \/wp-content\/uploads\/sites\/5\/2022\/01\/remodelacion-del-hospital-de-dia-hospital-general-de-accidentes-ceibal-2022-3-768x550.jpg 768w, \/wp-content\/uploads\/sites\/5\/2022\/01\/remodelacion-del-hospital-de-dia-hospital-general-de-accidentes-ceibal-2022-3-1024x734.jpg 1024w, \/wp-content\/uploads\/sites\/5\/2022\/01\/remodelacion-del-hospital-de-dia-hospital-general-de-accidentes-ceibal-2022-3-696x499.jpg 696w, \/wp-content\/uploads\/sites\/5\/2022\/01\/remodelacion-del-hospital-de-dia-hospital-general-de-accidentes-ceibal-2022-3-1068x765.jpg 1068w, \/wp-content\/uploads\/sites\/5\/2022\/01\/remodelacion-del-hospital-de-dia-hospital-general-de-accidentes-ceibal-2022-3-534x383.jpg 534w, \/wp-content\/uploads\/sites\/5\/2022\/01\/remodelacion-del-hospital-de-dia-hospital-general-de-accidentes-ceibal-2022-3.jpg 1280w\" sizes=\"(max-width: 586px) 100vw, 586px\" alt=\"\">\r\n                            <\/a>\r\n                            \r\n                        <\/figure>\r\n                    <\/div>\r\n                    <div class = \"td-slide-item td-item7\">\r\n                        <figure class=\"td-slide-galery-figure td-slide-popup-gallery\">\r\n                            <a class=\"slide-gallery-image-link\" href=\"\/wp-content\/uploads\/sites\/5\/2022\/01\/remodelacion-del-hospital-de-dia-hospital-general-de-accidentes-ceibal-2022-5.jpg\" title=\"remodelacion del hospital de dia hospital general de accidentes ceibal 2022-5\"  data-caption=\"\"  data-description=\"\">\r\n                                <img decoding=\"async\" src=\"\/wp-content\/uploads\/sites\/5\/2022\/01\/remodelacion-del-hospital-de-dia-hospital-general-de-accidentes-ceibal-2022-5-630x420.jpg\" srcset=\"\/wp-content\/uploads\/sites\/5\/2022\/01\/remodelacion-del-hospital-de-dia-hospital-general-de-accidentes-ceibal-2022-5-630x420.jpg 630w, \/wp-content\/uploads\/sites\/5\/2022\/01\/remodelacion-del-hospital-de-dia-hospital-general-de-accidentes-ceibal-2022-5-300x200.jpg 300w, \/wp-content\/uploads\/sites\/5\/2022\/01\/remodelacion-del-hospital-de-dia-hospital-general-de-accidentes-ceibal-2022-5-768x512.jpg 768w, \/wp-content\/uploads\/sites\/5\/2022\/01\/remodelacion-del-hospital-de-dia-hospital-general-de-accidentes-ceibal-2022-5-1024x682.jpg 1024w, \/wp-content\/uploads\/sites\/5\/2022\/01\/remodelacion-del-hospital-de-dia-hospital-general-de-accidentes-ceibal-2022-5-1536x1023.jpg 1536w, \/wp-content\/uploads\/sites\/5\/2022\/01\/remodelacion-del-hospital-de-dia-hospital-general-de-accidentes-ceibal-2022-5-696x464.jpg 696w, \/wp-content\/uploads\/sites\/5\/2022\/01\/remodelacion-del-hospital-de-dia-hospital-general-de-accidentes-ceibal-2022-5-1068x712.jpg 1068w, \/wp-content\/uploads\/sites\/5\/2022\/01\/remodelacion-del-hospital-de-dia-hospital-general-de-accidentes-ceibal-2022-5-534x356.jpg 534w, \/wp-content\/uploads\/sites\/5\/2022\/01\/remodelacion-del-hospital-de-dia-hospital-general-de-accidentes-ceibal-2022-5.jpg 1600w\" sizes=\"(max-width: 630px) 100vw, 630px\" alt=\"\">\r\n                            <\/a>\r\n                            \r\n                        <\/figure>\r\n                    <\/div>\r\n                    <div class = \"td-slide-item td-item8\">\r\n                        <figure class=\"td-slide-galery-figure td-slide-popup-gallery\">\r\n                            <a class=\"slide-gallery-image-link\" href=\"\/wp-content\/uploads\/sites\/5\/2022\/01\/remodelacion-del-hospital-de-dia-hospital-general-de-accidentes-ceibal-2022-4.jpg\" title=\"remodelacion del hospital de dia hospital general de accidentes ceibal 2022-4\"  data-caption=\"\"  data-description=\"\">\r\n                                <img decoding=\"async\" src=\"\/wp-content\/uploads\/sites\/5\/2022\/01\/remodelacion-del-hospital-de-dia-hospital-general-de-accidentes-ceibal-2022-4-630x420.jpg\" srcset=\"\/wp-content\/uploads\/sites\/5\/2022\/01\/remodelacion-del-hospital-de-dia-hospital-general-de-accidentes-ceibal-2022-4-630x420.jpg 630w, \/wp-content\/uploads\/sites\/5\/2022\/01\/remodelacion-del-hospital-de-dia-hospital-general-de-accidentes-ceibal-2022-4-300x200.jpg 300w, \/wp-content\/uploads\/sites\/5\/2022\/01\/remodelacion-del-hospital-de-dia-hospital-general-de-accidentes-ceibal-2022-4-768x512.jpg 768w, \/wp-content\/uploads\/sites\/5\/2022\/01\/remodelacion-del-hospital-de-dia-hospital-general-de-accidentes-ceibal-2022-4-1024x682.jpg 1024w, \/wp-content\/uploads\/sites\/5\/2022\/01\/remodelacion-del-hospital-de-dia-hospital-general-de-accidentes-ceibal-2022-4-1536x1023.jpg 1536w, \/wp-content\/uploads\/sites\/5\/2022\/01\/remodelacion-del-hospital-de-dia-hospital-general-de-accidentes-ceibal-2022-4-696x464.jpg 696w, \/wp-content\/uploads\/sites\/5\/2022\/01\/remodelacion-del-hospital-de-dia-hospital-general-de-accidentes-ceibal-2022-4-1068x712.jpg 1068w, \/wp-content\/uploads\/sites\/5\/2022\/01\/remodelacion-del-hospital-de-dia-hospital-general-de-accidentes-ceibal-2022-4-534x356.jpg 534w, \/wp-content\/uploads\/sites\/5\/2022\/01\/remodelacion-del-hospital-de-dia-hospital-general-de-accidentes-ceibal-2022-4.jpg 1600w\" sizes=\"(max-width: 630px) 100vw, 630px\" alt=\"\">\r\n                            <\/a>\r\n                            \r\n                        <\/figure>\r\n                    <\/div>\r\n                    <div class = \"td-slide-item td-item9\">\r\n                        <figure class=\"td-slide-galery-figure td-slide-popup-gallery\">\r\n                            <a class=\"slide-gallery-image-link\" href=\"\/wp-content\/uploads\/sites\/5\/2022\/01\/remodelacion-del-hospital-de-dia-hospital-general-de-accidentes-ceibal-2022-19.jpg\" title=\"remodelacion del hospital de dia hospital general de accidentes ceibal 2022-19\"  data-caption=\"\"  data-description=\"\">\r\n                                <img decoding=\"async\" src=\"\/wp-content\/uploads\/sites\/5\/2022\/01\/remodelacion-del-hospital-de-dia-hospital-general-de-accidentes-ceibal-2022-19-630x420.jpg\" srcset=\"\/wp-content\/uploads\/sites\/5\/2022\/01\/remodelacion-del-hospital-de-dia-hospital-general-de-accidentes-ceibal-2022-19-630x420.jpg 630w, \/wp-content\/uploads\/sites\/5\/2022\/01\/remodelacion-del-hospital-de-dia-hospital-general-de-accidentes-ceibal-2022-19-300x200.jpg 300w, \/wp-content\/uploads\/sites\/5\/2022\/01\/remodelacion-del-hospital-de-dia-hospital-general-de-accidentes-ceibal-2022-19-768x512.jpg 768w, \/wp-content\/uploads\/sites\/5\/2022\/01\/remodelacion-del-hospital-de-dia-hospital-general-de-accidentes-ceibal-2022-19-1024x682.jpg 1024w, \/wp-content\/uploads\/sites\/5\/2022\/01\/remodelacion-del-hospital-de-dia-hospital-general-de-accidentes-ceibal-2022-19-1536x1023.jpg 1536w, \/wp-content\/uploads\/sites\/5\/2022\/01\/remodelacion-del-hospital-de-dia-hospital-general-de-accidentes-ceibal-2022-19-696x464.jpg 696w, \/wp-content\/uploads\/sites\/5\/2022\/01\/remodelacion-del-hospital-de-dia-hospital-general-de-accidentes-ceibal-2022-19-1068x712.jpg 1068w, \/wp-content\/uploads\/sites\/5\/2022\/01\/remodelacion-del-hospital-de-dia-hospital-general-de-accidentes-ceibal-2022-19-534x356.jpg 534w, \/wp-content\/uploads\/sites\/5\/2022\/01\/remodelacion-del-hospital-de-dia-hospital-general-de-accidentes-ceibal-2022-19.jpg 1600w\" sizes=\"(max-width: 630px) 100vw, 630px\" alt=\"\">\r\n                            <\/a>\r\n                            \r\n                        <\/figure>\r\n                    <\/div>\r\n                    <div class = \"td-slide-item td-item10\">\r\n                        <figure class=\"td-slide-galery-figure td-slide-popup-gallery\">\r\n                            <a class=\"slide-gallery-image-link\" href=\"\/wp-content\/uploads\/sites\/5\/2022\/01\/remodelacion-del-hospital-de-dia-hospital-general-de-accidentes-ceibal-2022-10.jpg\" title=\"remodelacion del hospital de dia hospital general de accidentes ceibal 2022-10\"  data-caption=\"\"  data-description=\"\">\r\n                                <img decoding=\"async\" src=\"\/wp-content\/uploads\/sites\/5\/2022\/01\/remodelacion-del-hospital-de-dia-hospital-general-de-accidentes-ceibal-2022-10-630x420.jpg\" srcset=\"\/wp-content\/uploads\/sites\/5\/2022\/01\/remodelacion-del-hospital-de-dia-hospital-general-de-accidentes-ceibal-2022-10-630x420.jpg 630w, \/wp-content\/uploads\/sites\/5\/2022\/01\/remodelacion-del-hospital-de-dia-hospital-general-de-accidentes-ceibal-2022-10-300x200.jpg 300w, \/wp-content\/uploads\/sites\/5\/2022\/01\/remodelacion-del-hospital-de-dia-hospital-general-de-accidentes-ceibal-2022-10-768x512.jpg 768w, \/wp-content\/uploads\/sites\/5\/2022\/01\/remodelacion-del-hospital-de-dia-hospital-general-de-accidentes-ceibal-2022-10-1024x682.jpg 1024w, \/wp-content\/uploads\/sites\/5\/2022\/01\/remodelacion-del-hospital-de-dia-hospital-general-de-accidentes-ceibal-2022-10-1536x1023.jpg 1536w, \/wp-content\/uploads\/sites\/5\/2022\/01\/remodelacion-del-hospital-de-dia-hospital-general-de-accidentes-ceibal-2022-10-696x464.jpg 696w, \/wp-content\/uploads\/sites\/5\/2022\/01\/remodelacion-del-hospital-de-dia-hospital-general-de-accidentes-ceibal-2022-10-1068x712.jpg 1068w, \/wp-content\/uploads\/sites\/5\/2022\/01\/remodelacion-del-hospital-de-dia-hospital-general-de-accidentes-ceibal-2022-10-534x356.jpg 534w, \/wp-content\/uploads\/sites\/5\/2022\/01\/remodelacion-del-hospital-de-dia-hospital-general-de-accidentes-ceibal-2022-10.jpg 1600w\" sizes=\"(max-width: 630px) 100vw, 630px\" alt=\"\">\r\n                            <\/a>\r\n                            \r\n                        <\/figure>\r\n                    <\/div>\r\n                    <div class = \"td-slide-item td-item11\">\r\n                        <figure class=\"td-slide-galery-figure td-slide-popup-gallery\">\r\n                            <a class=\"slide-gallery-image-link\" href=\"\/wp-content\/uploads\/sites\/5\/2022\/01\/remodelacion-del-hospital-de-dia-hospital-general-de-accidentes-ceibal-2022-9.jpg\" title=\"remodelacion del hospital de dia hospital general de accidentes ceibal 2022-9\"  data-caption=\"\"  data-description=\"\">\r\n                                <img decoding=\"async\" src=\"\/wp-content\/uploads\/sites\/5\/2022\/01\/remodelacion-del-hospital-de-dia-hospital-general-de-accidentes-ceibal-2022-9-630x420.jpg\" srcset=\"\/wp-content\/uploads\/sites\/5\/2022\/01\/remodelacion-del-hospital-de-dia-hospital-general-de-accidentes-ceibal-2022-9-630x420.jpg 630w, \/wp-content\/uploads\/sites\/5\/2022\/01\/remodelacion-del-hospital-de-dia-hospital-general-de-accidentes-ceibal-2022-9-300x200.jpg 300w, \/wp-content\/uploads\/sites\/5\/2022\/01\/remodelacion-del-hospital-de-dia-hospital-general-de-accidentes-ceibal-2022-9-768x512.jpg 768w, \/wp-content\/uploads\/sites\/5\/2022\/01\/remodelacion-del-hospital-de-dia-hospital-general-de-accidentes-ceibal-2022-9-1024x682.jpg 1024w, \/wp-content\/uploads\/sites\/5\/2022\/01\/remodelacion-del-hospital-de-dia-hospital-general-de-accidentes-ceibal-2022-9-1536x1023.jpg 1536w, \/wp-content\/uploads\/sites\/5\/2022\/01\/remodelacion-del-hospital-de-dia-hospital-general-de-accidentes-ceibal-2022-9-696x464.jpg 696w, \/wp-content\/uploads\/sites\/5\/2022\/01\/remodelacion-del-hospital-de-dia-hospital-general-de-accidentes-ceibal-2022-9-1068x712.jpg 1068w, \/wp-content\/uploads\/sites\/5\/2022\/01\/remodelacion-del-hospital-de-dia-hospital-general-de-accidentes-ceibal-2022-9-534x356.jpg 534w, \/wp-content\/uploads\/sites\/5\/2022\/01\/remodelacion-del-hospital-de-dia-hospital-general-de-accidentes-ceibal-2022-9.jpg 1600w\" sizes=\"(max-width: 630px) 100vw, 630px\" alt=\"\">\r\n                            <\/a>\r\n                            \r\n                        <\/figure>\r\n                    <\/div>\r\n                    <div class = \"td-slide-item td-item12\">\r\n                        <figure class=\"td-slide-galery-figure td-slide-popup-gallery\">\r\n                            <a class=\"slide-gallery-image-link\" href=\"\/wp-content\/uploads\/sites\/5\/2022\/01\/remodelacion-del-hospital-de-dia-hospital-general-de-accidentes-ceibal-2022-18.jpg\" title=\"remodelacion del hospital de dia hospital general de accidentes ceibal 2022-18\"  data-caption=\"\"  data-description=\"\">\r\n                                <img decoding=\"async\" src=\"\/wp-content\/uploads\/sites\/5\/2022\/01\/remodelacion-del-hospital-de-dia-hospital-general-de-accidentes-ceibal-2022-18-630x420.jpg\" srcset=\"\/wp-content\/uploads\/sites\/5\/2022\/01\/remodelacion-del-hospital-de-dia-hospital-general-de-accidentes-ceibal-2022-18-630x420.jpg 630w, \/wp-content\/uploads\/sites\/5\/2022\/01\/remodelacion-del-hospital-de-dia-hospital-general-de-accidentes-ceibal-2022-18-300x200.jpg 300w, \/wp-content\/uploads\/sites\/5\/2022\/01\/remodelacion-del-hospital-de-dia-hospital-general-de-accidentes-ceibal-2022-18-768x512.jpg 768w, \/wp-content\/uploads\/sites\/5\/2022\/01\/remodelacion-del-hospital-de-dia-hospital-general-de-accidentes-ceibal-2022-18-1024x682.jpg 1024w, \/wp-content\/uploads\/sites\/5\/2022\/01\/remodelacion-del-hospital-de-dia-hospital-general-de-accidentes-ceibal-2022-18-1536x1023.jpg 1536w, \/wp-content\/uploads\/sites\/5\/2022\/01\/remodelacion-del-hospital-de-dia-hospital-general-de-accidentes-ceibal-2022-18-696x464.jpg 696w, \/wp-content\/uploads\/sites\/5\/2022\/01\/remodelacion-del-hospital-de-dia-hospital-general-de-accidentes-ceibal-2022-18-1068x712.jpg 1068w, \/wp-content\/uploads\/sites\/5\/2022\/01\/remodelacion-del-hospital-de-dia-hospital-general-de-accidentes-ceibal-2022-18-534x356.jpg 534w, \/wp-content\/uploads\/sites\/5\/2022\/01\/remodelacion-del-hospital-de-dia-hospital-general-de-accidentes-ceibal-2022-18.jpg 1600w\" sizes=\"(max-width: 630px) 100vw, 630px\" alt=\"\">\r\n                            <\/a>\r\n                            \r\n                        <\/figure>\r\n                    <\/div>\r\n                    <div class = \"td-slide-item td-item13\">\r\n                        <figure class=\"td-slide-galery-figure td-slide-popup-gallery\">\r\n                            <a class=\"slide-gallery-image-link\" href=\"\/wp-content\/uploads\/sites\/5\/2022\/01\/remodelacion-del-hospital-de-dia-hospital-general-de-accidentes-ceibal-2022-24.jpg\" title=\"remodelacion del hospital de dia hospital general de accidentes ceibal 2022-24\"  data-caption=\"\"  data-description=\"\">\r\n                                <img decoding=\"async\" src=\"\/wp-content\/uploads\/sites\/5\/2022\/01\/remodelacion-del-hospital-de-dia-hospital-general-de-accidentes-ceibal-2022-24-630x420.jpg\" srcset=\"\/wp-content\/uploads\/sites\/5\/2022\/01\/remodelacion-del-hospital-de-dia-hospital-general-de-accidentes-ceibal-2022-24-630x420.jpg 630w, \/wp-content\/uploads\/sites\/5\/2022\/01\/remodelacion-del-hospital-de-dia-hospital-general-de-accidentes-ceibal-2022-24-300x200.jpg 300w, \/wp-content\/uploads\/sites\/5\/2022\/01\/remodelacion-del-hospital-de-dia-hospital-general-de-accidentes-ceibal-2022-24-768x512.jpg 768w, \/wp-content\/uploads\/sites\/5\/2022\/01\/remodelacion-del-hospital-de-dia-hospital-general-de-accidentes-ceibal-2022-24-1024x682.jpg 1024w, \/wp-content\/uploads\/sites\/5\/2022\/01\/remodelacion-del-hospital-de-dia-hospital-general-de-accidentes-ceibal-2022-24-1536x1023.jpg 1536w, \/wp-content\/uploads\/sites\/5\/2022\/01\/remodelacion-del-hospital-de-dia-hospital-general-de-accidentes-ceibal-2022-24-696x464.jpg 696w, \/wp-content\/uploads\/sites\/5\/2022\/01\/remodelacion-del-hospital-de-dia-hospital-general-de-accidentes-ceibal-2022-24-1068x712.jpg 1068w, \/wp-content\/uploads\/sites\/5\/2022\/01\/remodelacion-del-hospital-de-dia-hospital-general-de-accidentes-ceibal-2022-24-534x356.jpg 534w, \/wp-content\/uploads\/sites\/5\/2022\/01\/remodelacion-del-hospital-de-dia-hospital-general-de-accidentes-ceibal-2022-24.jpg 1600w\" sizes=\"(max-width: 630px) 100vw, 630px\" alt=\"\">\r\n                            <\/a>\r\n                            \r\n                        <\/figure>\r\n                    <\/div>\r\n                    <div class = \"td-slide-item td-item14\">\r\n                        <figure class=\"td-slide-galery-figure td-slide-popup-gallery\">\r\n                            <a class=\"slide-gallery-image-link\" href=\"\/wp-content\/uploads\/sites\/5\/2022\/01\/remodelacion-del-hospital-de-dia-hospital-general-de-accidentes-ceibal-2022-21.jpg\" title=\"remodelacion del hospital de dia hospital general de accidentes ceibal 2022-21\"  data-caption=\"\"  data-description=\"\">\r\n                                <img decoding=\"async\" src=\"\/wp-content\/uploads\/sites\/5\/2022\/01\/remodelacion-del-hospital-de-dia-hospital-general-de-accidentes-ceibal-2022-21-630x420.jpg\" srcset=\"\/wp-content\/uploads\/sites\/5\/2022\/01\/remodelacion-del-hospital-de-dia-hospital-general-de-accidentes-ceibal-2022-21-630x420.jpg 630w, \/wp-content\/uploads\/sites\/5\/2022\/01\/remodelacion-del-hospital-de-dia-hospital-general-de-accidentes-ceibal-2022-21-300x200.jpg 300w, \/wp-content\/uploads\/sites\/5\/2022\/01\/remodelacion-del-hospital-de-dia-hospital-general-de-accidentes-ceibal-2022-21-768x512.jpg 768w, \/wp-content\/uploads\/sites\/5\/2022\/01\/remodelacion-del-hospital-de-dia-hospital-general-de-accidentes-ceibal-2022-21-1024x682.jpg 1024w, \/wp-content\/uploads\/sites\/5\/2022\/01\/remodelacion-del-hospital-de-dia-hospital-general-de-accidentes-ceibal-2022-21-1536x1023.jpg 1536w, \/wp-content\/uploads\/sites\/5\/2022\/01\/remodelacion-del-hospital-de-dia-hospital-general-de-accidentes-ceibal-2022-21-696x464.jpg 696w, \/wp-content\/uploads\/sites\/5\/2022\/01\/remodelacion-del-hospital-de-dia-hospital-general-de-accidentes-ceibal-2022-21-1068x712.jpg 1068w, \/wp-content\/uploads\/sites\/5\/2022\/01\/remodelacion-del-hospital-de-dia-hospital-general-de-accidentes-ceibal-2022-21-534x356.jpg 534w, \/wp-content\/uploads\/sites\/5\/2022\/01\/remodelacion-del-hospital-de-dia-hospital-general-de-accidentes-ceibal-2022-21.jpg 1600w\" sizes=\"(max-width: 630px) 100vw, 630px\" alt=\"\">\r\n                            <\/a>\r\n                            \r\n                        <\/figure>\r\n                    <\/div>\r\n                    <div class = \"td-slide-item td-item15\">\r\n                        <figure class=\"td-slide-galery-figure td-slide-popup-gallery\">\r\n                            <a class=\"slide-gallery-image-link\" href=\"\/wp-content\/uploads\/sites\/5\/2022\/01\/remodelacion-del-hospital-de-dia-hospital-general-de-accidentes-ceibal-2022-26.jpg\" title=\"remodelacion del hospital de dia hospital general de accidentes ceibal 2022-26\"  data-caption=\"\"  data-description=\"\">\r\n                                <img decoding=\"async\" src=\"\/wp-content\/uploads\/sites\/5\/2022\/01\/remodelacion-del-hospital-de-dia-hospital-general-de-accidentes-ceibal-2022-26-630x420.jpg\" srcset=\"\/wp-content\/uploads\/sites\/5\/2022\/01\/remodelacion-del-hospital-de-dia-hospital-general-de-accidentes-ceibal-2022-26-630x420.jpg 630w, \/wp-content\/uploads\/sites\/5\/2022\/01\/remodelacion-del-hospital-de-dia-hospital-general-de-accidentes-ceibal-2022-26-300x200.jpg 300w, \/wp-content\/uploads\/sites\/5\/2022\/01\/remodelacion-del-hospital-de-dia-hospital-general-de-accidentes-ceibal-2022-26-768x512.jpg 768w, \/wp-content\/uploads\/sites\/5\/2022\/01\/remodelacion-del-hospital-de-dia-hospital-general-de-accidentes-ceibal-2022-26-1024x682.jpg 1024w, \/wp-content\/uploads\/sites\/5\/2022\/01\/remodelacion-del-hospital-de-dia-hospital-general-de-accidentes-ceibal-2022-26-1536x1023.jpg 1536w, \/wp-content\/uploads\/sites\/5\/2022\/01\/remodelacion-del-hospital-de-dia-hospital-general-de-accidentes-ceibal-2022-26-696x464.jpg 696w, \/wp-content\/uploads\/sites\/5\/2022\/01\/remodelacion-del-hospital-de-dia-hospital-general-de-accidentes-ceibal-2022-26-1068x712.jpg 1068w, \/wp-content\/uploads\/sites\/5\/2022\/01\/remodelacion-del-hospital-de-dia-hospital-general-de-accidentes-ceibal-2022-26-534x356.jpg 534w, \/wp-content\/uploads\/sites\/5\/2022\/01\/remodelacion-del-hospital-de-dia-hospital-general-de-accidentes-ceibal-2022-26.jpg 1600w\" sizes=\"(max-width: 630px) 100vw, 630px\" alt=\"\">\r\n                            <\/a>\r\n                            \r\n                        <\/figure>\r\n                    <\/div>\r\n                            <\/div>\r\n                        <\/div>\r\n\r\n                        <div class = \"td-doubleSlider-2\">\r\n                            <div class = \"td-slider\">\r\n                                \r\n                    <div class = \"td-button td-item1\">\r\n                        <div class = \"td-border\"><\/div>\r\n                    <\/div>\r\n                    <div class = \"td-button td-item2\">\r\n                        <div class = \"td-border\"><\/div>\r\n                    <\/div>\r\n                    <div class = \"td-button td-item3\">\r\n                        <div class = \"td-border\"><\/div>\r\n                    <\/div>\r\n                    <div class = \"td-button td-item4\">\r\n                        <div class = \"td-border\"><\/div>\r\n                    <\/div>\r\n                    <div class = \"td-button td-item5\">\r\n                        <div class = \"td-border\"><\/div>\r\n                    <\/div>\r\n                    <div class = \"td-button td-item6\">\r\n                        <div class = \"td-border\"><\/div>\r\n                    <\/div>\r\n                    <div class = \"td-button td-item7\">\r\n                        <div class = \"td-border\"><\/div>\r\n                    <\/div>\r\n                    <div class = \"td-button td-item8\">\r\n                        <div class = \"td-border\"><\/div>\r\n                    <\/div>\r\n                    <div class = \"td-button td-item9\">\r\n                        <div class = \"td-border\"><\/div>\r\n                    <\/div>\r\n                    <div class = \"td-button td-item10\">\r\n                        <div class = \"td-border\"><\/div>\r\n                    <\/div>\r\n                    <div class = \"td-button td-item11\">\r\n                        <div class = \"td-border\"><\/div>\r\n                    <\/div>\r\n                    <div class = \"td-button td-item12\">\r\n                        <div class = \"td-border\"><\/div>\r\n                    <\/div>\r\n                    <div class = \"td-button td-item13\">\r\n                        <div class = \"td-border\"><\/div>\r\n                    <\/div>\r\n                    <div class = \"td-button td-item14\">\r\n                        <div class = \"td-border\"><\/div>\r\n                    <\/div>\r\n                    <div class = \"td-button td-item15\">\r\n                        <div class = \"td-border\"><\/div>\r\n                    <\/div>\r\n                            <\/div>\r\n                        <\/div>\r\n\r\n                    <\/div>\r\n\r\n                <\/div>\r\n                \n","protected":false},"excerpt":{"rendered":"<p>Desde hoy los pacientes ambulatorios del Hospital General de Accidentes Ceibal cuentan con quir\u00f3fanos renovados, una nueva sala de espera, dos nuevos vestidores y servicios sanitarios, los que incluyen un \u00e1rea para pacientes con discapacidad, como producto de la remodelaci\u00f3n realizada en el Servicio de Cirug\u00eda Ambulatoria (Hospital de D\u00eda) de esta unidad m\u00e9dica. Los [&hellip;]<\/p>\n","protected":false},"author":4,"featured_media":24891,"comment_status":"closed","ping_status":"closed","sticky":false,"template":"","format":"standard","meta":{"footnotes":""},"categories":[3,18],"tags":[1418,480,506],"coauthors":[881],"class_list":{"0":"post-24890","1":"post","2":"type-post","3":"status-publish","4":"format-standard","5":"has-post-thumbnail","7":"category-actualidad","8":"category-equipamiento-e-infraestructura","9":"tag-cirugia-ambulatoria","10":"tag-hospital-general-de-accidentes-ceibal","11":"tag-infraestructura"},"_links":{"self":[{"href":"https:\/\/www.igssgt.org\/noticias\/wp-json\/wp\/v2\/posts\/24890","targetHints":{"allow":["GET"]}}],"collection":[{"href":"https:\/\/www.igssgt.org\/noticias\/wp-json\/wp\/v2\/posts"}],"about":[{"href":"https:\/\/www.igssgt.org\/noticias\/wp-json\/wp\/v2\/types\/post"}],"author":[{"embeddable":true,"href":"https:\/\/www.igssgt.org\/noticias\/wp-json\/wp\/v2\/users\/4"}],"replies":[{"embeddable":true,"href":"https:\/\/www.igssgt.org\/noticias\/wp-json\/wp\/v2\/comments?post=24890"}],"version-history":[{"count":3,"href":"https:\/\/www.igssgt.org\/noticias\/wp-json\/wp\/v2\/posts\/24890\/revisions"}],"predecessor-version":[{"id":24909,"href":"https:\/\/www.igssgt.org\/noticias\/wp-json\/wp\/v2\/posts\/24890\/revisions\/24909"}],"wp:featuredmedia":[{"embeddable":true,"href":"https:\/\/www.igssgt.org\/noticias\/wp-json\/wp\/v2\/media\/24891"}],"wp:attachment":[{"href":"https:\/\/www.igssgt.org\/noticias\/wp-json\/wp\/v2\/media?parent=24890"}],"wp:term":[{"taxonomy":"category","embeddable":true,"href":"https:\/\/www.igssgt.org\/noticias\/wp-json\/wp\/v2\/categories?post=24890"},{"taxonomy":"post_tag","embeddable":true,"href":"https:\/\/www.igssgt.org\/noticias\/wp-json\/wp\/v2\/tags?post=24890"},{"taxonomy":"author","embeddable":true,"href":"https:\/\/www.igssgt.org\/noticias\/wp-json\/wp\/v2\/coauthors?post=24890"}],"curies":[{"name":"wp","href":"https:\/\/api.w.org\/{rel}","templated":true}]}}