{"id":25233,"date":"2022-02-07T11:20:00","date_gmt":"2022-02-07T17:20:00","guid":{"rendered":"https:\/\/www.igssgt.org\/noticias\/?p=25233"},"modified":"2022-02-07T12:43:46","modified_gmt":"2022-02-07T18:43:46","slug":"el-igss-invita-a-participar-en-la-convocatoria-para-la-plaza-medico-general-de-4-horas","status":"publish","type":"post","link":"https:\/\/www.igssgt.org\/noticias\/2022\/02\/07\/el-igss-invita-a-participar-en-la-convocatoria-para-la-plaza-medico-general-de-4-horas\/","title":{"rendered":"El IGSS invita a participar en la convocatoria para la plaza: M\u00e9dico General de 4 Horas"},"content":{"rendered":"\n<h3>Para la Unidad Perif\u00e9rica Zona 5<\/h3>\n<h3>Fecha l\u00edmite de recepci\u00f3n de solicitudes: 15 de febrero de 2022.<\/h3>\n<p><a href=\"\/wp-content\/uploads\/sites\/5\/2022\/02\/convocatoria-plaza-IGSS-medico-general-Unidad-periferica-zona-5-2022.jpg\"><img loading=\"lazy\" decoding=\"async\" class=\"alignnone size-full wp-image-25234\" src=\"\/wp-content\/uploads\/sites\/5\/2022\/02\/convocatoria-plaza-IGSS-medico-general-Unidad-periferica-zona-5-2022.jpg\" alt=\"\" width=\"1048\" height=\"1280\" srcset=\"\/wp-content\/uploads\/sites\/5\/2022\/02\/convocatoria-plaza-IGSS-medico-general-Unidad-periferica-zona-5-2022.jpg 1048w, \/wp-content\/uploads\/sites\/5\/2022\/02\/convocatoria-plaza-IGSS-medico-general-Unidad-periferica-zona-5-2022-246x300.jpg 246w, \/wp-content\/uploads\/sites\/5\/2022\/02\/convocatoria-plaza-IGSS-medico-general-Unidad-periferica-zona-5-2022-768x938.jpg 768w, \/wp-content\/uploads\/sites\/5\/2022\/02\/convocatoria-plaza-IGSS-medico-general-Unidad-periferica-zona-5-2022-838x1024.jpg 838w, \/wp-content\/uploads\/sites\/5\/2022\/02\/convocatoria-plaza-IGSS-medico-general-Unidad-periferica-zona-5-2022-344x420.jpg 344w, \/wp-content\/uploads\/sites\/5\/2022\/02\/convocatoria-plaza-IGSS-medico-general-Unidad-periferica-zona-5-2022-696x850.jpg 696w, \/wp-content\/uploads\/sites\/5\/2022\/02\/convocatoria-plaza-IGSS-medico-general-Unidad-periferica-zona-5-2022-378x462.jpg 378w\" sizes=\"auto, (max-width: 1048px) 100vw, 1048px\" \/><\/a><\/p>\n<p>\u00a0<\/p>\n","protected":false},"excerpt":{"rendered":"<p>Para la Unidad Perif\u00e9rica Zona 5 Fecha l\u00edmite de recepci\u00f3n de solicitudes: 15 de febrero de 2022. \u00a0<\/p>\n","protected":false},"author":4,"featured_media":25234,"comment_status":"closed","ping_status":"closed","sticky":false,"template":"","format":"standard","meta":{"footnotes":""},"categories":[1299],"tags":[213,1300],"coauthors":[881],"class_list":{"0":"post-25233","1":"post","2":"type-post","3":"status-publish","4":"format-standard","5":"has-post-thumbnail","7":"category-plazas-vacantes","8":"tag-convocatoria-plazas-igss","9":"tag-empleos-igss"},"_links":{"self":[{"href":"https:\/\/www.igssgt.org\/noticias\/wp-json\/wp\/v2\/posts\/25233","targetHints":{"allow":["GET"]}}],"collection":[{"href":"https:\/\/www.igssgt.org\/noticias\/wp-json\/wp\/v2\/posts"}],"about":[{"href":"https:\/\/www.igssgt.org\/noticias\/wp-json\/wp\/v2\/types\/post"}],"author":[{"embeddable":true,"href":"https:\/\/www.igssgt.org\/noticias\/wp-json\/wp\/v2\/users\/4"}],"replies":[{"embeddable":true,"href":"https:\/\/www.igssgt.org\/noticias\/wp-json\/wp\/v2\/comments?post=25233"}],"version-history":[{"count":1,"href":"https:\/\/www.igssgt.org\/noticias\/wp-json\/wp\/v2\/posts\/25233\/revisions"}],"predecessor-version":[{"id":25235,"href":"https:\/\/www.igssgt.org\/noticias\/wp-json\/wp\/v2\/posts\/25233\/revisions\/25235"}],"wp:featuredmedia":[{"embeddable":true,"href":"https:\/\/www.igssgt.org\/noticias\/wp-json\/wp\/v2\/media\/25234"}],"wp:attachment":[{"href":"https:\/\/www.igssgt.org\/noticias\/wp-json\/wp\/v2\/media?parent=25233"}],"wp:term":[{"taxonomy":"category","embeddable":true,"href":"https:\/\/www.igssgt.org\/noticias\/wp-json\/wp\/v2\/categories?post=25233"},{"taxonomy":"post_tag","embeddable":true,"href":"https:\/\/www.igssgt.org\/noticias\/wp-json\/wp\/v2\/tags?post=25233"},{"taxonomy":"author","embeddable":true,"href":"https:\/\/www.igssgt.org\/noticias\/wp-json\/wp\/v2\/coauthors?post=25233"}],"curies":[{"name":"wp","href":"https:\/\/api.w.org\/{rel}","templated":true}]}}