{"id":25395,"date":"2022-02-24T08:00:00","date_gmt":"2022-02-24T14:00:00","guid":{"rendered":"https:\/\/www.igssgt.org\/noticias\/?p=25395"},"modified":"2022-05-24T17:16:30","modified_gmt":"2022-05-24T23:16:30","slug":"patronos-el-igss-anuncia-exoneracion-de-recargos-por-mora-en-pagos-de-contribuciones-a-la-seguridad-social","status":"publish","type":"post","link":"https:\/\/www.igssgt.org\/noticias\/2022\/02\/24\/patronos-el-igss-anuncia-exoneracion-de-recargos-por-mora-en-pagos-de-contribuciones-a-la-seguridad-social\/","title":{"rendered":"Patronos | El IGSS anuncia exoneraci\u00f3n de recargos por mora en pagos de contribuciones a la Seguridad Social"},"content":{"rendered":"\n<p class=\"has-drop-cap\">Como una nueva <strong>medida de apoyo para la recuperaci\u00f3n econ\u00f3mica, el Instituto Guatemalteco de Seguridad Social (IGSS) otorga una nueva oportunidad para que la cartera de patronos con adeudos se exoneren de recargos por mora, costas procesales, inter\u00e9s legal, gastos administrativos e intereses resarcitorios<\/strong>, as\u00ed lo anunci\u00f3 este jueves el presidente de la Rep\u00fablica, Dr. Alejandro Giammattei Falla, y el presidente de la Junta Directiva del IGSS, Lic. Jos\u00e9 Adolfo Flamenco Jau, en un pronunciamiento en conjunto.<\/p>\n\n\n\n<p>La medida impulsada por la Subgerencia Financiera del IGSS, aprobada por la Junta Directiva con el Acuerdo 1504 y refrendada por el Gobierno de la Rep\u00fablica mediante el Acuerdo Gubernativo 49-2022, abre la oportunidad para que <strong>un estimado de 157 mil 792 afiliados vuelvan a gozar de la cobertura de la Seguridad Social, toda vez sea aprovechada por los 17 mil 855 patronos que no est\u00e1n al d\u00eda en sus cuotas al IGSS<\/strong>, incluyendo los del sector privado, gobiernos locales o municipales y entidades descentralizadas.<\/p>\n\n\n\n<blockquote class=\"wp-block-quote is-style-default is-layout-flow wp-block-quote-is-layout-flow\"><p>\u201cA pesar de que la econom\u00eda se encuentra en recuperaci\u00f3n, el IGSS contin\u00faa consolidando su apoyo al sector productivo del pa\u00eds con esta exoneraci\u00f3n (\u2026) invito a todos los que puedan acogerse a esta exoneraci\u00f3n la cual permitir\u00e1 no solo ocuparnos por los trabajadores sino tambi\u00e9n asegurar el fortalecimiento de las finanzas del Instituto Guatemalteco de Seguridad Social\u201d.<\/p><cite>Dr. Alejandro Giammattei Falla, presidente de la Rep\u00fablica de Guatemala<\/cite><\/blockquote>\n\n\n\n<p><strong><em>Lea tambi\u00e9n: <a href=\"https:\/\/www.igssgt.org\/noticias\/2021\/10\/04\/seguros-facultativos-la-opcion-del-igss-para-las-mipyme-y-sus-miles-de-trabajadores\/\" target=\"_blank\" rel=\"noreferrer noopener\">Seguros facultativos, la oferta del IGSS para asegurar a uno o dos trabajadores<\/a><\/em><\/strong><\/p>\n\n\n\n<figure class=\"wp-block-image size-full\"><img loading=\"lazy\" decoding=\"async\" width=\"768\" height=\"512\" src=\"\/wp-content\/uploads\/sites\/5\/2022\/02\/Empresas-y-edificios-768x512-1.jpeg\" alt=\"\" class=\"wp-image-25396\" srcset=\"\/wp-content\/uploads\/sites\/5\/2022\/02\/Empresas-y-edificios-768x512-1.jpeg 768w, \/wp-content\/uploads\/sites\/5\/2022\/02\/Empresas-y-edificios-768x512-1-300x200.jpeg 300w, \/wp-content\/uploads\/sites\/5\/2022\/02\/Empresas-y-edificios-768x512-1-630x420.jpeg 630w, \/wp-content\/uploads\/sites\/5\/2022\/02\/Empresas-y-edificios-768x512-1-696x464.jpeg 696w, \/wp-content\/uploads\/sites\/5\/2022\/02\/Empresas-y-edificios-768x512-1-534x356.jpeg 534w\" sizes=\"auto, (max-width: 768px) 100vw, 768px\" \/><figcaption>Las empresas tendr\u00e1n la oportunidad de aprovechar la exoneraci\u00f3n al pagar al contado o por cuotas, hasta en un plazo de 60 meses. (Foto IGSS: Archivo)<\/figcaption><\/figure>\n\n\n\n<p>El acuerdo para la exoneraci\u00f3n <strong>tendr\u00e1 una vigencia de seis meses, empieza a regir a partir del 27 de marzo de 2022.<\/strong> Es importante considerar que dentro de la vigencia del acuerdo habr\u00e1 temporalidades relacionadas con el porcentaje de beneficio de exoneraci\u00f3n, durante los primeros tres meses se otorgar\u00e1 un beneficio del 100 por ciento, durante el cuarto y quinto mes del 90 por ciento y en el sexto mes del 80 por ciento. La temporalidad queda estipulada de la siguiente manera:<\/p>\n\n\n\n<ol class=\"wp-block-list\"><li>Los patronos que regularicen su situaci\u00f3n de deuda entre el 27 de marzo y el 26 de junio se exonerar\u00e1n del 100 por ciento de los recargos.<\/li><li>Los que la efect\u00faen entre el 27 de junio y el 26 de agosto podr\u00e1n optar al 90 por ciento.<\/li><li>Quienes lo hagan entre el 27 de agosto al 26 de septiembre tendr\u00e1n la oportunidad del 80 por ciento de exoneraci\u00f3n.<\/li><\/ol>\n\n\n\n<p><strong><em>Le puede interesar: <a href=\"https:\/\/www.igssgt.org\/noticias\/2021\/07\/05\/conozca-la-nueva-modalidad-de-inscripcion-patronal-en-el-igss\/\" target=\"_blank\" rel=\"noreferrer noopener\">Los empleadores pueden inscribirse al IGSS mediante un tr\u00e1mite en l\u00ednea<\/a><\/em><\/strong><\/p>\n\n\n\n<pre class=\"wp-block-verse\">\u201cComo parte de los compromisos del IGSS y de su Junta Directiva, se elabor\u00f3 este programa de exoneraci\u00f3n en apoyo a la Poblaci\u00f3n Econ\u00f3micamente Activa del pa\u00eds, <strong>se hizo un estudio y un an\u00e1lisis de la situaci\u00f3n en la que se encuentran muchos patronos comprometidos con sacar adelante a sus trabajadores brind\u00e1ndoles acceso a los servicios de salud y prestaciones pecuniarias que brinda el Instituto<\/strong>, provey\u00e9ndoles la oportunidad de que se puedan acercar a solventar sus adeudos, indistintamente si son recientes o inclusive en proceso de demanda. Estamos comprometidos en apoyar la reactivaci\u00f3n econ\u00f3mica, no est\u00e1 de m\u00e1s mencionar que el Instituto, en los per\u00edodos m\u00e1s complicados de la pandemia, no ces\u00f3 en la prestaci\u00f3n de sus servicios, especialmente en el pago de las pensiones y reitera el compromiso de trabajar en pro de los afiliados, pensionados, derechohabientes y patronos\u201d, explic\u00f3 el presidente del IGSS.<\/pre>\n\n\n\n<figure class=\"wp-block-image size-full\"><img loading=\"lazy\" decoding=\"async\" width=\"768\" height=\"512\" src=\"\/wp-content\/uploads\/sites\/5\/2022\/02\/Finanzas-768x512-1.jpeg\" alt=\"\" class=\"wp-image-25397\" srcset=\"\/wp-content\/uploads\/sites\/5\/2022\/02\/Finanzas-768x512-1.jpeg 768w, \/wp-content\/uploads\/sites\/5\/2022\/02\/Finanzas-768x512-1-300x200.jpeg 300w, \/wp-content\/uploads\/sites\/5\/2022\/02\/Finanzas-768x512-1-630x420.jpeg 630w, \/wp-content\/uploads\/sites\/5\/2022\/02\/Finanzas-768x512-1-696x464.jpeg 696w, \/wp-content\/uploads\/sites\/5\/2022\/02\/Finanzas-768x512-1-534x356.jpeg 534w\" sizes=\"auto, (max-width: 768px) 100vw, 768px\" \/><figcaption>Las empresas privadas, gobiernos locales o municipales y las entidades descentralizadas podr\u00e1n acceder al beneficio de la exoneraci\u00f3n. (Foto IGSS: Archivo) <\/figcaption><\/figure>\n\n\n\n<p id=\"block-f8d91154-0f41-4496-92be-cbcec88f2b14\"><strong>Los patronos que deseen solventar su deuda ante el IGSS, tendr\u00e1n la posibilidad de realizarlo al contado o con la suscripci\u00f3n de un reconocimiento de deuda hasta por un plazo m\u00e1ximo de 60 meses<\/strong>, sin recargo alguno; adem\u00e1s, existe la opci\u00f3n durante el primer mes de optar a la aceptaci\u00f3n de bienes inmuebles como opci\u00f3n de pago a la deuda que se tenga con el Instituto.  <br><br>El acuerdo aclara que el beneficio de la exoneraci\u00f3n no podr\u00e1 ser aplicado a las deudas que se encuentren en proceso judicial con sentencia firme. Los casos que se encuentran en fase de cobro administrativo o en proceso judicial sin sentencia firme, s\u00ed podr\u00e1n acceder al beneficio de la exoneraci\u00f3n.<br><br>El Instituto estar\u00e1 difundiendo m\u00e1s informaci\u00f3n por medio de sus canales oficiales.  <\/p>\n","protected":false},"excerpt":{"rendered":"<p>Como una nueva medida de apoyo para la recuperaci\u00f3n econ\u00f3mica, el IGSS otorga una nueva oportunidad para que los patronos con adeudos se exoneren de recargos por mora, costas procesales, inter\u00e9s legal, gastos administrativos e intereses resarcitorios.<\/p>\n","protected":false},"author":601,"featured_media":4831,"comment_status":"closed","ping_status":"closed","sticky":false,"template":"","format":"standard","meta":{"footnotes":""},"categories":[1408,3,15,21,23,908],"tags":[1439,458,490,544,1354],"coauthors":[1263],"class_list":{"0":"post-25395","1":"post","2":"type-post","3":"status-publish","4":"format-standard","5":"has-post-thumbnail","7":"category-1408","8":"category-actualidad","9":"category-destacado","10":"category-junta-directiva-igss","11":"category-patronos","12":"category-recaudacion","13":"tag-alejandro-giammattei","14":"tag-guatemala","15":"tag-igss","16":"tag-junta-directiva-igss","17":"tag-recaudacion"},"_links":{"self":[{"href":"https:\/\/www.igssgt.org\/noticias\/wp-json\/wp\/v2\/posts\/25395","targetHints":{"allow":["GET"]}}],"collection":[{"href":"https:\/\/www.igssgt.org\/noticias\/wp-json\/wp\/v2\/posts"}],"about":[{"href":"https:\/\/www.igssgt.org\/noticias\/wp-json\/wp\/v2\/types\/post"}],"author":[{"embeddable":true,"href":"https:\/\/www.igssgt.org\/noticias\/wp-json\/wp\/v2\/users\/601"}],"replies":[{"embeddable":true,"href":"https:\/\/www.igssgt.org\/noticias\/wp-json\/wp\/v2\/comments?post=25395"}],"version-history":[{"count":13,"href":"https:\/\/www.igssgt.org\/noticias\/wp-json\/wp\/v2\/posts\/25395\/revisions"}],"predecessor-version":[{"id":25413,"href":"https:\/\/www.igssgt.org\/noticias\/wp-json\/wp\/v2\/posts\/25395\/revisions\/25413"}],"wp:featuredmedia":[{"embeddable":true,"href":"https:\/\/www.igssgt.org\/noticias\/wp-json\/wp\/v2\/media\/4831"}],"wp:attachment":[{"href":"https:\/\/www.igssgt.org\/noticias\/wp-json\/wp\/v2\/media?parent=25395"}],"wp:term":[{"taxonomy":"category","embeddable":true,"href":"https:\/\/www.igssgt.org\/noticias\/wp-json\/wp\/v2\/categories?post=25395"},{"taxonomy":"post_tag","embeddable":true,"href":"https:\/\/www.igssgt.org\/noticias\/wp-json\/wp\/v2\/tags?post=25395"},{"taxonomy":"author","embeddable":true,"href":"https:\/\/www.igssgt.org\/noticias\/wp-json\/wp\/v2\/coauthors?post=25395"}],"curies":[{"name":"wp","href":"https:\/\/api.w.org\/{rel}","templated":true}]}}