{"id":25496,"date":"2022-03-03T11:30:37","date_gmt":"2022-03-03T17:30:37","guid":{"rendered":"https:\/\/www.igssgt.org\/noticias\/?p=25496"},"modified":"2022-04-12T11:04:39","modified_gmt":"2022-04-12T17:04:39","slug":"programa-ivs-45-anos-del-mejor-programa-previsional-de-guatemala","status":"publish","type":"post","link":"https:\/\/www.igssgt.org\/noticias\/2022\/03\/03\/programa-ivs-45-anos-del-mejor-programa-previsional-de-guatemala\/","title":{"rendered":"Programa IVS: 45 a\u00f1os del mejor programa previsional de Guatemala"},"content":{"rendered":"\n<p class=\"has-drop-cap\">\u00bfSab\u00eda que la implementaci\u00f3n del Programa de Invalidez, Vejez y Sobrevivencia (IVS) del IGSS es el resultado del \u00e9xito de un plan piloto que inicialmente beneficiaba \u00fanicamente a los trabajadores del Seguro Social?<\/p>\n\n\n\n<p>Este programa empez\u00f3 a funcionar de manera interna en la instituci\u00f3n en 1971, 6 a\u00f1os previos a su implementaci\u00f3n a nivel nacional el 1 de marzo de 1977, con ello <strong>se pone al alcance de los afiliados del IGSS una cobertura espec\u00edfica contra riesgos sociales a los que toda persona se enfrenta: la discapacidad, la vejez y la muerte.<\/strong><\/p>\n\n\n\n<p>De 1977 a la fecha, el programa <strong>ha beneficiado con pensiones a m\u00e1s de 330 mil personas. Mensualmente se entregan pagos monetarios a unas 170 mil personas por los riesgos de invalidez, vejez o sobrevivencia, en los \u00faltimos a\u00f1os ha entregado m\u00e1s de Q 3 mil millones a sus pensionados.<\/strong><\/p>\n\n\n\n<p>La licenciada Sonia L\u00f3pez Luttmann, subgerente Prestaciones Pecuniarias, record\u00f3 que hace un a\u00f1o se hizo una exhibici\u00f3n para demostrar c\u00f3mo naci\u00f3 el Programa IVS, el cual abri\u00f3 la oportunidad a los afiliados para contribuir y poder acceder a la posibilidad de tener una pensi\u00f3n por vejez, invalidez o para la familia en caso de muerte del afiliado. <\/p>\n\n\n\n<figure class=\"wp-block-pullquote is-style-default\"><blockquote><p>\u201cPido a Dios que nos d\u00e9 sabidur\u00eda para poder seguir administrando el R\u00e9gimen de Seguridad Social\u201d, reflexion\u00f3 la subgerente.<\/p><cite>Lcda. Sonia L\u00f3pez Luttmann<\/cite><\/blockquote><\/figure>\n\n\n\n<figure class=\"wp-block-image size-large\"><img loading=\"lazy\" decoding=\"async\" width=\"1024\" height=\"682\" src=\"\/wp-content\/uploads\/sites\/5\/2022\/03\/Aniversario-IVS-2-1024x682.jpeg\" alt=\"\" class=\"wp-image-25499\" srcset=\"\/wp-content\/uploads\/sites\/5\/2022\/03\/Aniversario-IVS-2-1024x682.jpeg 1024w, \/wp-content\/uploads\/sites\/5\/2022\/03\/Aniversario-IVS-2-300x200.jpeg 300w, \/wp-content\/uploads\/sites\/5\/2022\/03\/Aniversario-IVS-2-768x512.jpeg 768w, \/wp-content\/uploads\/sites\/5\/2022\/03\/Aniversario-IVS-2-630x420.jpeg 630w, \/wp-content\/uploads\/sites\/5\/2022\/03\/Aniversario-IVS-2-696x464.jpeg 696w, \/wp-content\/uploads\/sites\/5\/2022\/03\/Aniversario-IVS-2-1068x712.jpeg 1068w, \/wp-content\/uploads\/sites\/5\/2022\/03\/Aniversario-IVS-2-534x356.jpeg 534w, \/wp-content\/uploads\/sites\/5\/2022\/03\/Aniversario-IVS-2.jpeg 1280w\" sizes=\"auto, (max-width: 1024px) 100vw, 1024px\" \/><figcaption>Autoridades del IGSS participaron del acto de conmemoraci\u00f3n del 45 aniversario del Programa IVS. (Foto IGSS: Yenifer Ti\u00f1o)<\/figcaption><\/figure>\n\n\n\n<h2 class=\"wp-block-heading\"><strong>Cultura previsional<\/strong><\/h2>\n\n\n\n<p>En Guatemala, el IGSS hace grandes esfuerzos por fortalecer la cultura de previsi\u00f3n de riesgos sociales mediante la Pol\u00edtica Preventiva y el Programa IVS, como uno de los engranajes m\u00e1s importantes de la Seguridad Social, ofrece el mejor sistema previsional con su modelo contributivo obligatorio y la promoci\u00f3n del ahorro durante la vida laboral, para enfrentar las contingencias que puedan suscitarse en la vida; adem\u00e1s, <strong>hace conciencia de que la Seguridad Social es una inversi\u00f3n y no un gasto.<\/strong><\/p>\n\n\n\n<p>Los afiliados al IGSS aportan al Programa IVS el 1.83 por ciento de su salario y los patronos contribuyen con un 3.67 por ciento. <strong>Los pensionados tienen derecho a una mensualidad, dos bonos anuales, aguinaldo y la atenci\u00f3n m\u00e9dica general y especializada, medicamentos y tratamientos sin l\u00edmites.<\/strong><\/p>\n\n\n\n<figure class=\"wp-block-pullquote is-style-default\"><blockquote><p><\/p><p>\u201cSomos el \u00fanico compensador social que tiene el pa\u00eds, la instituci\u00f3n cada d\u00eda es m\u00e1s importante porque brinda Seguridad Social, pudimos demostrar que a\u00fan en pandemia dimos m\u00e1s de Q3 mil millones a los pensionados. La otra joya de la corona del Instituto Guatemalteco de Seguridad Social son las prestaciones en dinero\u201d.<\/p><cite><br>Dra. Ana Marilyn Ort\u00edz Ru\u00edz, gerente del IGSS<\/cite><\/blockquote><\/figure>\n\n\n\n<figure class=\"wp-block-image size-large\"><img loading=\"lazy\" decoding=\"async\" width=\"1024\" height=\"682\" src=\"\/wp-content\/uploads\/sites\/5\/2022\/03\/Aniversario-IVS-1024x682.jpeg\" alt=\"\" class=\"wp-image-25500\" srcset=\"\/wp-content\/uploads\/sites\/5\/2022\/03\/Aniversario-IVS-1024x682.jpeg 1024w, \/wp-content\/uploads\/sites\/5\/2022\/03\/Aniversario-IVS-300x200.jpeg 300w, \/wp-content\/uploads\/sites\/5\/2022\/03\/Aniversario-IVS-768x512.jpeg 768w, \/wp-content\/uploads\/sites\/5\/2022\/03\/Aniversario-IVS-630x420.jpeg 630w, \/wp-content\/uploads\/sites\/5\/2022\/03\/Aniversario-IVS-696x464.jpeg 696w, \/wp-content\/uploads\/sites\/5\/2022\/03\/Aniversario-IVS-1068x712.jpeg 1068w, \/wp-content\/uploads\/sites\/5\/2022\/03\/Aniversario-IVS-534x356.jpeg 534w, \/wp-content\/uploads\/sites\/5\/2022\/03\/Aniversario-IVS.jpeg 1280w\" sizes=\"auto, (max-width: 1024px) 100vw, 1024px\" \/><figcaption>En la actividad se ofreci\u00f3 un recorrido guiado en la exhibici\u00f3n, para informar del valor de los objetos que est\u00e1n expuestos. (Foto IGSS: Yenifer Ti\u00f1o)<\/figcaption><\/figure>\n\n\n\n<h3 class=\"wp-block-heading\"><strong>Exhibici\u00f3n en honor al Departamento de Medicina Legal y Evaluaci\u00f3n de Incapacidades<\/strong><\/h3>\n\n\n\n<p>Como actividad de conmemoraci\u00f3n del 45 aniversario del Programa IVS, la Subgerencia de Prestaciones Pecuniarias inaugur\u00f3 una exhibici\u00f3n de documentos y objetos que explican la historia de la creaci\u00f3n y las funciones del departamento en menci\u00f3n, cuyo trabajo es medular para determinar el grado de discapacidad que tienen los afiliados que son beneficiados con una pensi\u00f3n por invalidez.<\/p>\n\n\n\n<figure class=\"wp-block-pullquote is-style-default\"><blockquote><p>\u201cHoy se exhibe con orgullo parte de la labor que, durante 75 a\u00f1os, el Instituto ha desempe\u00f1ado para la poblaci\u00f3n guatemalteca. El impacto que ha tenido el Programa IVS, particularmente para la clase trabajadora, es simple y sencillamente inconmensurable. Para un trabajador saber que a la hora de cualquier contingencia cuenta con el mejor seguro del pa\u00eds es un respaldo; asimismo, pensar en un retiro decoroso a la hora de concluir la vida laboral se convierte en una salvaguarda muy importante\u201d.<\/p><cite>Lic. Jos\u00e9 Adolfo Flamenco Jau, presidente de la Junta Directiva del IGSS<\/cite><\/blockquote><\/figure>\n\n\n\n<figure class=\"wp-block-embed is-type-video is-provider-youtube wp-block-embed-youtube wp-embed-aspect-16-9 wp-has-aspect-ratio\"><div class=\"wp-block-embed__wrapper\">\n<iframe loading=\"lazy\" title=\"El IGSS conmemora el 45 aniversario del Programa IVS\" width=\"696\" height=\"392\" src=\"https:\/\/www.youtube.com\/embed\/9BUyUzuknGw?feature=oembed\" frameborder=\"0\" allow=\"accelerometer; autoplay; clipboard-write; encrypted-media; gyroscope; picture-in-picture\" allowfullscreen><\/iframe>\n<\/div><\/figure>\n\n\n\n<p>La exhibici\u00f3n hist\u00f3rica del departamento estar\u00e1 abierta al p\u00fablico durante dos meses. Se encuentra en el Centro de Atenci\u00f3n al Afiliado, en el primer nivel del edificio de Oficinas Centrales del IGSS.<\/p>\n\n\n<figure class=\"wp-block-gallery columns-3 is-cropped\">\n<ul class=\"blocks-gallery-grid\">\n<li class=\"blocks-gallery-item\">\n<figure><img loading=\"lazy\" decoding=\"async\" width=\"1024\" height=\"682\" class=\"wp-image-25475\" src=\"\/wp-content\/uploads\/sites\/5\/2022\/03\/45-aniversario-IVS-IGSS-15-1024x682.jpg\" alt=\"\" data-id=\"25475\" data-full-url=\"\/wp-content\/uploads\/sites\/5\/2022\/03\/45-aniversario-IVS-IGSS-15.jpg\" data-link=\"https:\/\/www.igssgt.org\/noticias\/2022\/03\/02\/comunicado-el-igss-conmemora-el-45-aniversario-del-programa-ivs-con-una-exhibicion-historica-del-departamento-de-medicina-legal-y-evaluacion-de-incapacidades\/45-aniversario-ivs-igss-15\/\" srcset=\"\/wp-content\/uploads\/sites\/5\/2022\/03\/45-aniversario-IVS-IGSS-15-1024x682.jpg 1024w, \/wp-content\/uploads\/sites\/5\/2022\/03\/45-aniversario-IVS-IGSS-15-300x200.jpg 300w, \/wp-content\/uploads\/sites\/5\/2022\/03\/45-aniversario-IVS-IGSS-15-768x512.jpg 768w, \/wp-content\/uploads\/sites\/5\/2022\/03\/45-aniversario-IVS-IGSS-15-1536x1023.jpg 1536w, \/wp-content\/uploads\/sites\/5\/2022\/03\/45-aniversario-IVS-IGSS-15-630x420.jpg 630w, \/wp-content\/uploads\/sites\/5\/2022\/03\/45-aniversario-IVS-IGSS-15-696x464.jpg 696w, \/wp-content\/uploads\/sites\/5\/2022\/03\/45-aniversario-IVS-IGSS-15-1068x712.jpg 1068w, \/wp-content\/uploads\/sites\/5\/2022\/03\/45-aniversario-IVS-IGSS-15-534x356.jpg 534w, \/wp-content\/uploads\/sites\/5\/2022\/03\/45-aniversario-IVS-IGSS-15.jpg 1600w\" sizes=\"auto, (max-width: 1024px) 100vw, 1024px\" \/><\/figure>\n<\/li>\n<li class=\"blocks-gallery-item\">\n<figure><img loading=\"lazy\" decoding=\"async\" width=\"1024\" height=\"682\" class=\"wp-image-25474\" src=\"\/wp-content\/uploads\/sites\/5\/2022\/03\/45-aniversario-IVS-IGSS-13-1024x682.jpg\" alt=\"\" data-id=\"25474\" data-full-url=\"\/wp-content\/uploads\/sites\/5\/2022\/03\/45-aniversario-IVS-IGSS-13.jpg\" data-link=\"https:\/\/www.igssgt.org\/noticias\/2022\/03\/02\/comunicado-el-igss-conmemora-el-45-aniversario-del-programa-ivs-con-una-exhibicion-historica-del-departamento-de-medicina-legal-y-evaluacion-de-incapacidades\/45-aniversario-ivs-igss-13\/\" srcset=\"\/wp-content\/uploads\/sites\/5\/2022\/03\/45-aniversario-IVS-IGSS-13-1024x682.jpg 1024w, \/wp-content\/uploads\/sites\/5\/2022\/03\/45-aniversario-IVS-IGSS-13-300x200.jpg 300w, \/wp-content\/uploads\/sites\/5\/2022\/03\/45-aniversario-IVS-IGSS-13-768x512.jpg 768w, \/wp-content\/uploads\/sites\/5\/2022\/03\/45-aniversario-IVS-IGSS-13-1536x1023.jpg 1536w, \/wp-content\/uploads\/sites\/5\/2022\/03\/45-aniversario-IVS-IGSS-13-630x420.jpg 630w, \/wp-content\/uploads\/sites\/5\/2022\/03\/45-aniversario-IVS-IGSS-13-696x464.jpg 696w, \/wp-content\/uploads\/sites\/5\/2022\/03\/45-aniversario-IVS-IGSS-13-1068x712.jpg 1068w, \/wp-content\/uploads\/sites\/5\/2022\/03\/45-aniversario-IVS-IGSS-13-534x356.jpg 534w, \/wp-content\/uploads\/sites\/5\/2022\/03\/45-aniversario-IVS-IGSS-13.jpg 1600w\" sizes=\"auto, (max-width: 1024px) 100vw, 1024px\" \/><\/figure>\n<\/li>\n<li class=\"blocks-gallery-item\">\n<figure><img loading=\"lazy\" decoding=\"async\" width=\"1024\" height=\"682\" class=\"wp-image-25472\" src=\"\/wp-content\/uploads\/sites\/5\/2022\/03\/45-aniversario-IVS-IGSS-11-1024x682.jpg\" alt=\"\" data-id=\"25472\" data-full-url=\"\/wp-content\/uploads\/sites\/5\/2022\/03\/45-aniversario-IVS-IGSS-11.jpg\" data-link=\"https:\/\/www.igssgt.org\/noticias\/2022\/03\/02\/comunicado-el-igss-conmemora-el-45-aniversario-del-programa-ivs-con-una-exhibicion-historica-del-departamento-de-medicina-legal-y-evaluacion-de-incapacidades\/45-aniversario-ivs-igss-11\/\" srcset=\"\/wp-content\/uploads\/sites\/5\/2022\/03\/45-aniversario-IVS-IGSS-11-1024x682.jpg 1024w, \/wp-content\/uploads\/sites\/5\/2022\/03\/45-aniversario-IVS-IGSS-11-300x200.jpg 300w, \/wp-content\/uploads\/sites\/5\/2022\/03\/45-aniversario-IVS-IGSS-11-768x512.jpg 768w, \/wp-content\/uploads\/sites\/5\/2022\/03\/45-aniversario-IVS-IGSS-11-1536x1023.jpg 1536w, \/wp-content\/uploads\/sites\/5\/2022\/03\/45-aniversario-IVS-IGSS-11-630x420.jpg 630w, \/wp-content\/uploads\/sites\/5\/2022\/03\/45-aniversario-IVS-IGSS-11-696x464.jpg 696w, \/wp-content\/uploads\/sites\/5\/2022\/03\/45-aniversario-IVS-IGSS-11-1068x712.jpg 1068w, \/wp-content\/uploads\/sites\/5\/2022\/03\/45-aniversario-IVS-IGSS-11-534x356.jpg 534w, \/wp-content\/uploads\/sites\/5\/2022\/03\/45-aniversario-IVS-IGSS-11.jpg 1600w\" sizes=\"auto, (max-width: 1024px) 100vw, 1024px\" \/><\/figure>\n<\/li>\n<li class=\"blocks-gallery-item\">\n<figure><img loading=\"lazy\" decoding=\"async\" width=\"1024\" height=\"682\" class=\"wp-image-25466\" src=\"\/wp-content\/uploads\/sites\/5\/2022\/03\/45-aniversario-IVS-IGSS-5-1024x682.jpg\" alt=\"\" data-id=\"25466\" data-full-url=\"\/wp-content\/uploads\/sites\/5\/2022\/03\/45-aniversario-IVS-IGSS-5.jpg\" data-link=\"https:\/\/www.igssgt.org\/noticias\/2022\/03\/02\/comunicado-el-igss-conmemora-el-45-aniversario-del-programa-ivs-con-una-exhibicion-historica-del-departamento-de-medicina-legal-y-evaluacion-de-incapacidades\/45-aniversario-ivs-igss-5\/\" srcset=\"\/wp-content\/uploads\/sites\/5\/2022\/03\/45-aniversario-IVS-IGSS-5-1024x682.jpg 1024w, \/wp-content\/uploads\/sites\/5\/2022\/03\/45-aniversario-IVS-IGSS-5-300x200.jpg 300w, \/wp-content\/uploads\/sites\/5\/2022\/03\/45-aniversario-IVS-IGSS-5-768x512.jpg 768w, \/wp-content\/uploads\/sites\/5\/2022\/03\/45-aniversario-IVS-IGSS-5-1536x1023.jpg 1536w, \/wp-content\/uploads\/sites\/5\/2022\/03\/45-aniversario-IVS-IGSS-5-630x420.jpg 630w, \/wp-content\/uploads\/sites\/5\/2022\/03\/45-aniversario-IVS-IGSS-5-696x464.jpg 696w, \/wp-content\/uploads\/sites\/5\/2022\/03\/45-aniversario-IVS-IGSS-5-1068x712.jpg 1068w, \/wp-content\/uploads\/sites\/5\/2022\/03\/45-aniversario-IVS-IGSS-5-534x356.jpg 534w, \/wp-content\/uploads\/sites\/5\/2022\/03\/45-aniversario-IVS-IGSS-5.jpg 1600w\" sizes=\"auto, (max-width: 1024px) 100vw, 1024px\" \/><\/figure>\n<\/li>\n<li class=\"blocks-gallery-item\">\n<figure><img loading=\"lazy\" decoding=\"async\" width=\"1024\" height=\"682\" class=\"wp-image-25465\" src=\"\/wp-content\/uploads\/sites\/5\/2022\/03\/45-aniversario-IVS-IGSS-4-1024x682.jpg\" alt=\"\" data-id=\"25465\" data-full-url=\"\/wp-content\/uploads\/sites\/5\/2022\/03\/45-aniversario-IVS-IGSS-4.jpg\" data-link=\"https:\/\/www.igssgt.org\/noticias\/2022\/03\/02\/comunicado-el-igss-conmemora-el-45-aniversario-del-programa-ivs-con-una-exhibicion-historica-del-departamento-de-medicina-legal-y-evaluacion-de-incapacidades\/45-aniversario-ivs-igss-4\/\" srcset=\"\/wp-content\/uploads\/sites\/5\/2022\/03\/45-aniversario-IVS-IGSS-4-1024x682.jpg 1024w, \/wp-content\/uploads\/sites\/5\/2022\/03\/45-aniversario-IVS-IGSS-4-300x200.jpg 300w, \/wp-content\/uploads\/sites\/5\/2022\/03\/45-aniversario-IVS-IGSS-4-768x512.jpg 768w, \/wp-content\/uploads\/sites\/5\/2022\/03\/45-aniversario-IVS-IGSS-4-630x420.jpg 630w, \/wp-content\/uploads\/sites\/5\/2022\/03\/45-aniversario-IVS-IGSS-4-696x464.jpg 696w, \/wp-content\/uploads\/sites\/5\/2022\/03\/45-aniversario-IVS-IGSS-4-1068x712.jpg 1068w, \/wp-content\/uploads\/sites\/5\/2022\/03\/45-aniversario-IVS-IGSS-4-534x356.jpg 534w, \/wp-content\/uploads\/sites\/5\/2022\/03\/45-aniversario-IVS-IGSS-4.jpg 1280w\" sizes=\"auto, (max-width: 1024px) 100vw, 1024px\" \/><\/figure>\n<\/li>\n<li class=\"blocks-gallery-item\">\n<figure><img loading=\"lazy\" decoding=\"async\" width=\"1024\" height=\"712\" class=\"wp-image-25462\" src=\"\/wp-content\/uploads\/sites\/5\/2022\/03\/45-aniversario-IVS-IGSS-01-1024x712.jpg\" alt=\"\" data-id=\"25462\" data-full-url=\"\/wp-content\/uploads\/sites\/5\/2022\/03\/45-aniversario-IVS-IGSS-01.jpg\" data-link=\"https:\/\/www.igssgt.org\/noticias\/2022\/03\/02\/comunicado-el-igss-conmemora-el-45-aniversario-del-programa-ivs-con-una-exhibicion-historica-del-departamento-de-medicina-legal-y-evaluacion-de-incapacidades\/45-aniversario-ivs-igss-01\/\" srcset=\"\/wp-content\/uploads\/sites\/5\/2022\/03\/45-aniversario-IVS-IGSS-01-1024x712.jpg 1024w, \/wp-content\/uploads\/sites\/5\/2022\/03\/45-aniversario-IVS-IGSS-01-300x209.jpg 300w, \/wp-content\/uploads\/sites\/5\/2022\/03\/45-aniversario-IVS-IGSS-01-768x534.jpg 768w, \/wp-content\/uploads\/sites\/5\/2022\/03\/45-aniversario-IVS-IGSS-01-604x420.jpg 604w, \/wp-content\/uploads\/sites\/5\/2022\/03\/45-aniversario-IVS-IGSS-01-696x484.jpg 696w, \/wp-content\/uploads\/sites\/5\/2022\/03\/45-aniversario-IVS-IGSS-01-1068x743.jpg 1068w, \/wp-content\/uploads\/sites\/5\/2022\/03\/45-aniversario-IVS-IGSS-01-100x70.jpg 100w, \/wp-content\/uploads\/sites\/5\/2022\/03\/45-aniversario-IVS-IGSS-01-534x371.jpg 534w, \/wp-content\/uploads\/sites\/5\/2022\/03\/45-aniversario-IVS-IGSS-01.jpg 1280w\" sizes=\"auto, (max-width: 1024px) 100vw, 1024px\" \/><\/figure>\n<\/li>\n<li class=\"blocks-gallery-item\">\n<figure><img loading=\"lazy\" decoding=\"async\" width=\"1024\" height=\"682\" class=\"wp-image-25505\" src=\"\/wp-content\/uploads\/sites\/5\/2022\/03\/Aniversario-IVS-3-1024x682.jpeg\" alt=\"\" data-id=\"25505\" data-full-url=\"\/wp-content\/uploads\/sites\/5\/2022\/03\/Aniversario-IVS-3.jpeg\" data-link=\"https:\/\/www.igssgt.org\/noticias\/?attachment_id=25505\" srcset=\"\/wp-content\/uploads\/sites\/5\/2022\/03\/Aniversario-IVS-3-1024x682.jpeg 1024w, \/wp-content\/uploads\/sites\/5\/2022\/03\/Aniversario-IVS-3-300x200.jpeg 300w, \/wp-content\/uploads\/sites\/5\/2022\/03\/Aniversario-IVS-3-768x512.jpeg 768w, \/wp-content\/uploads\/sites\/5\/2022\/03\/Aniversario-IVS-3-630x420.jpeg 630w, \/wp-content\/uploads\/sites\/5\/2022\/03\/Aniversario-IVS-3-696x464.jpeg 696w, \/wp-content\/uploads\/sites\/5\/2022\/03\/Aniversario-IVS-3-1068x712.jpeg 1068w, \/wp-content\/uploads\/sites\/5\/2022\/03\/Aniversario-IVS-3-534x356.jpeg 534w, \/wp-content\/uploads\/sites\/5\/2022\/03\/Aniversario-IVS-3.jpeg 1280w\" sizes=\"auto, (max-width: 1024px) 100vw, 1024px\" \/><\/figure>\n<\/li>\n<\/ul>\n<\/figure>\n\n\n<div class=\"wp-block-group\"><div class=\"wp-block-group__inner-container is-layout-flow wp-block-group-is-layout-flow\"><\/div><\/div>\n","protected":false},"excerpt":{"rendered":"<p>De 1977 a la fecha, el programa IVS ha beneficiado con pensiones a m\u00e1s de 330 mil personas. Mensualmente se entregan pagos monetarios a unas 170 mil personas por los riesgos de invalidez, vejez o sobrevivencia, en los \u00faltimos a\u00f1os ha entregado m\u00e1s de Q 3 mil millones a sus pensionados.<\/p>\n","protected":false},"author":601,"featured_media":25462,"comment_status":"closed","ping_status":"closed","sticky":false,"template":"","format":"standard","meta":{"footnotes":""},"categories":[1408,3,9,25,1290],"tags":[1442,458,490,524,1285,904],"coauthors":[1263],"class_list":{"0":"post-25496","1":"post","2":"type-post","3":"status-publish","4":"format-standard","5":"has-post-thumbnail","7":"category-1408","8":"category-actualidad","9":"category-catafi","10":"category-pensionados","11":"category-prestaciones-economicas","12":"tag-aniversario-igss","13":"tag-guatemala","14":"tag-igss","15":"tag-ivs","16":"tag-noticias-de-guatemala-2","17":"tag-prestaciones-pecuniarias"},"_links":{"self":[{"href":"https:\/\/www.igssgt.org\/noticias\/wp-json\/wp\/v2\/posts\/25496","targetHints":{"allow":["GET"]}}],"collection":[{"href":"https:\/\/www.igssgt.org\/noticias\/wp-json\/wp\/v2\/posts"}],"about":[{"href":"https:\/\/www.igssgt.org\/noticias\/wp-json\/wp\/v2\/types\/post"}],"author":[{"embeddable":true,"href":"https:\/\/www.igssgt.org\/noticias\/wp-json\/wp\/v2\/users\/601"}],"replies":[{"embeddable":true,"href":"https:\/\/www.igssgt.org\/noticias\/wp-json\/wp\/v2\/comments?post=25496"}],"version-history":[{"count":4,"href":"https:\/\/www.igssgt.org\/noticias\/wp-json\/wp\/v2\/posts\/25496\/revisions"}],"predecessor-version":[{"id":25568,"href":"https:\/\/www.igssgt.org\/noticias\/wp-json\/wp\/v2\/posts\/25496\/revisions\/25568"}],"wp:featuredmedia":[{"embeddable":true,"href":"https:\/\/www.igssgt.org\/noticias\/wp-json\/wp\/v2\/media\/25462"}],"wp:attachment":[{"href":"https:\/\/www.igssgt.org\/noticias\/wp-json\/wp\/v2\/media?parent=25496"}],"wp:term":[{"taxonomy":"category","embeddable":true,"href":"https:\/\/www.igssgt.org\/noticias\/wp-json\/wp\/v2\/categories?post=25496"},{"taxonomy":"post_tag","embeddable":true,"href":"https:\/\/www.igssgt.org\/noticias\/wp-json\/wp\/v2\/tags?post=25496"},{"taxonomy":"author","embeddable":true,"href":"https:\/\/www.igssgt.org\/noticias\/wp-json\/wp\/v2\/coauthors?post=25496"}],"curies":[{"name":"wp","href":"https:\/\/api.w.org\/{rel}","templated":true}]}}