{"id":25660,"date":"2022-03-15T12:24:00","date_gmt":"2022-03-15T18:24:00","guid":{"rendered":"https:\/\/www.igssgt.org\/noticias\/?p=25660"},"modified":"2022-03-15T20:00:35","modified_gmt":"2022-03-16T02:00:35","slug":"brigadas-del-camip-2-barraquilla-han-administrado-mas-de-133-mil-dosis-contra-el-covid-19","status":"publish","type":"post","link":"https:\/\/www.igssgt.org\/noticias\/2022\/03\/15\/brigadas-del-camip-2-barraquilla-han-administrado-mas-de-133-mil-dosis-contra-el-covid-19\/","title":{"rendered":"Brigadas del CAMIP 2 Barraquilla han administrado m\u00e1s de 133 mil dosis contra el COVID-19"},"content":{"rendered":"\n<p class=\"has-drop-cap\">Como parte de la coordinaci\u00f3n para cumplir con el Plan Nacional de Vacunaci\u00f3n en el pa\u00eds, las brigadas contra el COVID-19 del CAMIP2 Barranquilla sobrepasaron la administraci\u00f3n de 133 mil dosis de diferentes vacunas para los pensionados de la unidad, personas mayores de 18 a\u00f1os y adolescentes.<\/p>\n\n\n\n<p>Al cierre de febrero, Barranquilla y el anexo Guardia de Honor hab\u00edan distribuido m\u00e1s de 10 mil dosis de Sputnik V, 33 mil 800 dosis de la vacuna Moderna, unas 4 mil de la plataforma ARN Mensajero de Pfizer y 20 mil 946 de AstraZeneca, sin contar las dosis de refuerzo que ya se contabilizan en m\u00e1s de 40 mil en lo que va del a\u00f1o.<\/p>\n\n\n\n<figure id=\"attachment_25662\" aria-describedby=\"caption-attachment-25662\" style=\"width: 1600px\" class=\"wp-caption alignnone\"><a href=\"\/wp-content\/uploads\/sites\/5\/2022\/03\/brigadas-de-vacunacion-camip-barranquilla-2022-15.jpg\"><img loading=\"lazy\" decoding=\"async\" class=\"wp-image-25662 size-full\" src=\"\/wp-content\/uploads\/sites\/5\/2022\/03\/brigadas-de-vacunacion-camip-barranquilla-2022-15.jpg\" alt=\"\" width=\"1600\" height=\"1200\" srcset=\"\/wp-content\/uploads\/sites\/5\/2022\/03\/brigadas-de-vacunacion-camip-barranquilla-2022-15.jpg 1600w, \/wp-content\/uploads\/sites\/5\/2022\/03\/brigadas-de-vacunacion-camip-barranquilla-2022-15-300x225.jpg 300w, \/wp-content\/uploads\/sites\/5\/2022\/03\/brigadas-de-vacunacion-camip-barranquilla-2022-15-768x576.jpg 768w, \/wp-content\/uploads\/sites\/5\/2022\/03\/brigadas-de-vacunacion-camip-barranquilla-2022-15-1024x768.jpg 1024w, \/wp-content\/uploads\/sites\/5\/2022\/03\/brigadas-de-vacunacion-camip-barranquilla-2022-15-1536x1152.jpg 1536w, \/wp-content\/uploads\/sites\/5\/2022\/03\/brigadas-de-vacunacion-camip-barranquilla-2022-15-560x420.jpg 560w, \/wp-content\/uploads\/sites\/5\/2022\/03\/brigadas-de-vacunacion-camip-barranquilla-2022-15-80x60.jpg 80w, \/wp-content\/uploads\/sites\/5\/2022\/03\/brigadas-de-vacunacion-camip-barranquilla-2022-15-696x522.jpg 696w, \/wp-content\/uploads\/sites\/5\/2022\/03\/brigadas-de-vacunacion-camip-barranquilla-2022-15-1068x801.jpg 1068w, \/wp-content\/uploads\/sites\/5\/2022\/03\/brigadas-de-vacunacion-camip-barranquilla-2022-15-265x198.jpg 265w, \/wp-content\/uploads\/sites\/5\/2022\/03\/brigadas-de-vacunacion-camip-barranquilla-2022-15-534x401.jpg 534w\" sizes=\"auto, (max-width: 1600px) 100vw, 1600px\" \/><\/a><figcaption id=\"caption-attachment-25662\" class=\"wp-caption-text\">Miles de trabajadores son inmunizados por las brigadas de CAMIP Barranquilla.<\/figcaption><\/figure>\n<p>La directora encargada del despacho del IGSS CAMIP2 Barranquilla, doctora Sandra Hern\u00e1ndez, inform\u00f3 que las brigadas est\u00e1n conformadas por un equipo multidisciplinario que incluye personal m\u00e9dico, de enfermer\u00eda y administrativo.<\/p>\n<p>Agreg\u00f3 que tambi\u00e9n est\u00e1n activas brigadas m\u00f3viles de esa unidad m\u00e9dica, las que atienden al llamado de diversas empresas y la vacunaci\u00f3n respectiva se programa desde la Subgerencia de Prestaciones en Salud. Adem\u00e1s, se han atendido solicitudes de condominios, residenciales y otros sectores de la poblaci\u00f3n en per\u00edmetros de la ruta hacia El Salvador, Mixco y Villa Nueva. \u201cEn cada salida hemos vacunado un promedio de 300 personas con vacuna AstraZeneca, por citar un ejemplo, y refuerzos de las otras marcas como parte del servicio a toda la poblaci\u00f3n\u201d, indic\u00f3 la doctora Hern\u00e1ndez.<\/p>\n<p>Por \u00faltimo, la directora del CAMIP 2 hizo un llamado a los empresarios que a\u00fan tengan colaboradores no vacunados o que no se hayan aplicado la dosis de refuerzo para que escriban al correo <a href=\"mailto:brigadas.vacunas@igssgt.org\">brigadas.vacunas@igssgt.org<\/a> o se comuniquen a trav\u00e9s del WhatsApp 5221-4477.<\/p>\n\r\n                <style type=\"text\/css\">\r\n                    \r\n                    #tdi_1  .td-doubleSlider-2 .td-item1 {\r\n                        background: url(\/wp-content\/uploads\/sites\/5\/2022\/03\/brigadas-de-vacunacion-camip-barranquilla-2022-3-80x60.jpg) 0 0 no-repeat;\r\n                    }\r\n                    #tdi_1  .td-doubleSlider-2 .td-item2 {\r\n                        background: url(\/wp-content\/uploads\/sites\/5\/2022\/03\/brigadas-de-vacunacion-camip-barranquilla-2022-12-80x60.jpg) 0 0 no-repeat;\r\n                    }\r\n                    #tdi_1  .td-doubleSlider-2 .td-item3 {\r\n                        background: url(\/wp-content\/uploads\/sites\/5\/2022\/03\/brigadas-de-vacunacion-camip-barranquilla-2022-7-80x60.jpg) 0 0 no-repeat;\r\n                    }\r\n                    #tdi_1  .td-doubleSlider-2 .td-item4 {\r\n                        background: url(\/wp-content\/uploads\/sites\/5\/2022\/03\/brigadas-de-vacunacion-camip-barranquilla-2022-4-80x60.jpg) 0 0 no-repeat;\r\n                    }\r\n                    #tdi_1  .td-doubleSlider-2 .td-item5 {\r\n                        background: url(\/wp-content\/uploads\/sites\/5\/2022\/03\/brigadas-de-vacunacion-camip-barranquilla-2022-14-80x60.jpg) 0 0 no-repeat;\r\n                    }\r\n                    #tdi_1  .td-doubleSlider-2 .td-item6 {\r\n                        background: url(\/wp-content\/uploads\/sites\/5\/2022\/03\/brigadas-de-vacunacion-camip-barranquilla-2022-10-80x60.jpg) 0 0 no-repeat;\r\n                    }\r\n                    #tdi_1  .td-doubleSlider-2 .td-item7 {\r\n                        background: url(\/wp-content\/uploads\/sites\/5\/2022\/03\/brigadas-de-vacunacion-camip-barranquilla-2022-5-80x60.jpg) 0 0 no-repeat;\r\n                    }\r\n                    #tdi_1  .td-doubleSlider-2 .td-item8 {\r\n                        background: url(\/wp-content\/uploads\/sites\/5\/2022\/03\/brigadas-de-vacunacion-camip-barranquilla-2022-6-80x60.jpg) 0 0 no-repeat;\r\n                    }\r\n                    #tdi_1  .td-doubleSlider-2 .td-item9 {\r\n                        background: url(\/wp-content\/uploads\/sites\/5\/2022\/03\/brigadas-de-vacunacion-camip-barranquilla-2022-2-80x60.jpg) 0 0 no-repeat;\r\n                    }\r\n                    #tdi_1  .td-doubleSlider-2 .td-item10 {\r\n                        background: url(\/wp-content\/uploads\/sites\/5\/2022\/03\/brigadas-de-vacunacion-camip-barranquilla-2022-8-80x60.jpg) 0 0 no-repeat;\r\n                    }\r\n                    #tdi_1  .td-doubleSlider-2 .td-item11 {\r\n                        background: url(\/wp-content\/uploads\/sites\/5\/2022\/03\/brigadas-de-vacunacion-camip-barranquilla-2022-9-80x60.jpg) 0 0 no-repeat;\r\n                    }\r\n                    #tdi_1  .td-doubleSlider-2 .td-item12 {\r\n                        background: url(\/wp-content\/uploads\/sites\/5\/2022\/03\/brigadas-de-vacunacion-camip-barranquilla-2022-16-80x60.jpg) 0 0 no-repeat;\r\n                    }\r\n                    #tdi_1  .td-doubleSlider-2 .td-item13 {\r\n                        background: url(\/wp-content\/uploads\/sites\/5\/2022\/03\/brigadas-de-vacunacion-camip-barranquilla-2022-11-80x60.jpg) 0 0 no-repeat;\r\n                    }\r\n                    #tdi_1  .td-doubleSlider-2 .td-item14 {\r\n                        background: url(\/wp-content\/uploads\/sites\/5\/2022\/03\/brigadas-de-vacunacion-camip-barranquilla-2022-17-80x60.jpg) 0 0 no-repeat;\r\n                    }\r\n                    #tdi_1  .td-doubleSlider-2 .td-item15 {\r\n                        background: url(\/wp-content\/uploads\/sites\/5\/2022\/03\/brigadas-de-vacunacion-camip-barranquilla-2022-13-80x60.jpg) 0 0 no-repeat;\r\n                    }\r\n                    #tdi_1  .td-doubleSlider-2 .td-item16 {\r\n                        background: url(\/wp-content\/uploads\/sites\/5\/2022\/03\/brigadas-de-vacunacion-camip-barranquilla-2022-15-1-80x60.jpg) 0 0 no-repeat;\r\n                    }\r\n                    #tdi_1  .td-doubleSlider-2 .td-item17 {\r\n                        background: url(\/wp-content\/uploads\/sites\/5\/2022\/03\/brigadas-de-vacunacion-camip-barranquilla-2022-19-80x60.jpg) 0 0 no-repeat;\r\n                    }\r\n                    #tdi_1  .td-doubleSlider-2 .td-item18 {\r\n                        background: url(\/wp-content\/uploads\/sites\/5\/2022\/03\/brigadas-de-vacunacion-camip-barranquilla-2022-18-80x60.jpg) 0 0 no-repeat;\r\n                    }\r\n                    #tdi_1  .td-doubleSlider-2 .td-item19 {\r\n                        background: url(\/wp-content\/uploads\/sites\/5\/2022\/03\/brigadas-de-vacunacion-camip-barranquilla-2022-20-80x60.jpg) 0 0 no-repeat;\r\n                    }\r\n                    #tdi_1  .td-doubleSlider-2 .td-item20 {\r\n                        background: url(\/wp-content\/uploads\/sites\/5\/2022\/03\/brigadas-de-vacunacion-camip-barranquilla-2022-1-80x60.jpg) 0 0 no-repeat;\r\n                    }\r\n                    #tdi_1  .td-doubleSlider-2 .td-item21 {\r\n                        background: url(\/wp-content\/uploads\/sites\/5\/2022\/03\/brigadas-de-vacunacion-camip-barranquilla-2022-15-80x60.jpg) 0 0 no-repeat;\r\n                    }\r\n                <\/style>\r\n\r\n                <div id=\"tdi_1\" class=\"td-gallery td-slide-on-2-columns\">\r\n                    <div class=\"post_td_gallery\">\r\n                        <div class=\"td-gallery-slide-top\">\r\n                           <div class=\"td-gallery-title\">Galer\u00eda de Im\u00e1genes<\/div>\r\n\r\n                            <div class=\"td-gallery-controls-wrapper\">\r\n                                <div class=\"td-gallery-slide-count\"><span class=\"td-gallery-slide-item-focus\">1<\/span> de 21<\/div>\r\n                                <div class=\"td-gallery-slide-prev-next-but\">\r\n                                    <i class = \"td-icon-left doubleSliderPrevButton\"><\/i>\r\n                                    <i class = \"td-icon-right doubleSliderNextButton\"><\/i>\r\n                                <\/div>\r\n                            <\/div>\r\n                        <\/div>\r\n\r\n                        <div class = \"td-doubleSlider-1 \">\r\n                            <div class = \"td-slider\">\r\n                                \r\n                    <div class = \"td-slide-item td-item1\">\r\n                        <figure class=\"td-slide-galery-figure td-slide-popup-gallery\">\r\n                            <a class=\"slide-gallery-image-link\" href=\"\/wp-content\/uploads\/sites\/5\/2022\/03\/brigadas-de-vacunacion-camip-barranquilla-2022-3.jpg\" title=\"brigadas de vacunacion camip barranquilla 2022-3\"  data-caption=\"\"  data-description=\"\">\r\n                                <img decoding=\"async\" src=\"\/wp-content\/uploads\/sites\/5\/2022\/03\/brigadas-de-vacunacion-camip-barranquilla-2022-3-560x420.jpg\" srcset=\"\/wp-content\/uploads\/sites\/5\/2022\/03\/brigadas-de-vacunacion-camip-barranquilla-2022-3-560x420.jpg 560w, \/wp-content\/uploads\/sites\/5\/2022\/03\/brigadas-de-vacunacion-camip-barranquilla-2022-3-300x225.jpg 300w, \/wp-content\/uploads\/sites\/5\/2022\/03\/brigadas-de-vacunacion-camip-barranquilla-2022-3-768x576.jpg 768w, \/wp-content\/uploads\/sites\/5\/2022\/03\/brigadas-de-vacunacion-camip-barranquilla-2022-3-1024x768.jpg 1024w, \/wp-content\/uploads\/sites\/5\/2022\/03\/brigadas-de-vacunacion-camip-barranquilla-2022-3-80x60.jpg 80w, \/wp-content\/uploads\/sites\/5\/2022\/03\/brigadas-de-vacunacion-camip-barranquilla-2022-3-696x522.jpg 696w, \/wp-content\/uploads\/sites\/5\/2022\/03\/brigadas-de-vacunacion-camip-barranquilla-2022-3-1068x801.jpg 1068w, \/wp-content\/uploads\/sites\/5\/2022\/03\/brigadas-de-vacunacion-camip-barranquilla-2022-3-265x198.jpg 265w, \/wp-content\/uploads\/sites\/5\/2022\/03\/brigadas-de-vacunacion-camip-barranquilla-2022-3-534x401.jpg 534w, \/wp-content\/uploads\/sites\/5\/2022\/03\/brigadas-de-vacunacion-camip-barranquilla-2022-3.jpg 1152w\" sizes=\"(max-width: 560px) 100vw, 560px\" alt=\"\">\r\n                            <\/a>\r\n                            \r\n                        <\/figure>\r\n                    <\/div>\r\n                    <div class = \"td-slide-item td-item2\">\r\n                        <figure class=\"td-slide-galery-figure td-slide-popup-gallery\">\r\n                            <a class=\"slide-gallery-image-link\" href=\"\/wp-content\/uploads\/sites\/5\/2022\/03\/brigadas-de-vacunacion-camip-barranquilla-2022-12.jpg\" title=\"brigadas de vacunacion camip barranquilla 2022-12\"  data-caption=\"\"  data-description=\"\">\r\n                                <img decoding=\"async\" src=\"\/wp-content\/uploads\/sites\/5\/2022\/03\/brigadas-de-vacunacion-camip-barranquilla-2022-12-560x420.jpg\" srcset=\"\/wp-content\/uploads\/sites\/5\/2022\/03\/brigadas-de-vacunacion-camip-barranquilla-2022-12-560x420.jpg 560w, \/wp-content\/uploads\/sites\/5\/2022\/03\/brigadas-de-vacunacion-camip-barranquilla-2022-12-300x225.jpg 300w, \/wp-content\/uploads\/sites\/5\/2022\/03\/brigadas-de-vacunacion-camip-barranquilla-2022-12-768x576.jpg 768w, \/wp-content\/uploads\/sites\/5\/2022\/03\/brigadas-de-vacunacion-camip-barranquilla-2022-12-1024x768.jpg 1024w, \/wp-content\/uploads\/sites\/5\/2022\/03\/brigadas-de-vacunacion-camip-barranquilla-2022-12-1536x1152.jpg 1536w, \/wp-content\/uploads\/sites\/5\/2022\/03\/brigadas-de-vacunacion-camip-barranquilla-2022-12-80x60.jpg 80w, \/wp-content\/uploads\/sites\/5\/2022\/03\/brigadas-de-vacunacion-camip-barranquilla-2022-12-696x522.jpg 696w, \/wp-content\/uploads\/sites\/5\/2022\/03\/brigadas-de-vacunacion-camip-barranquilla-2022-12-1068x801.jpg 1068w, \/wp-content\/uploads\/sites\/5\/2022\/03\/brigadas-de-vacunacion-camip-barranquilla-2022-12-265x198.jpg 265w, \/wp-content\/uploads\/sites\/5\/2022\/03\/brigadas-de-vacunacion-camip-barranquilla-2022-12-534x401.jpg 534w, \/wp-content\/uploads\/sites\/5\/2022\/03\/brigadas-de-vacunacion-camip-barranquilla-2022-12.jpg 1600w\" sizes=\"(max-width: 560px) 100vw, 560px\" alt=\"\">\r\n                            <\/a>\r\n                            \r\n                        <\/figure>\r\n                    <\/div>\r\n                    <div class = \"td-slide-item td-item3\">\r\n                        <figure class=\"td-slide-galery-figure td-slide-popup-gallery\">\r\n                            <a class=\"slide-gallery-image-link\" href=\"\/wp-content\/uploads\/sites\/5\/2022\/03\/brigadas-de-vacunacion-camip-barranquilla-2022-7.jpg\" title=\"brigadas de vacunacion camip barranquilla 2022-7\"  data-caption=\"\"  data-description=\"\">\r\n                                <img decoding=\"async\" src=\"\/wp-content\/uploads\/sites\/5\/2022\/03\/brigadas-de-vacunacion-camip-barranquilla-2022-7-560x420.jpg\" srcset=\"\/wp-content\/uploads\/sites\/5\/2022\/03\/brigadas-de-vacunacion-camip-barranquilla-2022-7-560x420.jpg 560w, \/wp-content\/uploads\/sites\/5\/2022\/03\/brigadas-de-vacunacion-camip-barranquilla-2022-7-300x225.jpg 300w, \/wp-content\/uploads\/sites\/5\/2022\/03\/brigadas-de-vacunacion-camip-barranquilla-2022-7-768x576.jpg 768w, \/wp-content\/uploads\/sites\/5\/2022\/03\/brigadas-de-vacunacion-camip-barranquilla-2022-7-1024x768.jpg 1024w, \/wp-content\/uploads\/sites\/5\/2022\/03\/brigadas-de-vacunacion-camip-barranquilla-2022-7-1536x1152.jpg 1536w, \/wp-content\/uploads\/sites\/5\/2022\/03\/brigadas-de-vacunacion-camip-barranquilla-2022-7-80x60.jpg 80w, \/wp-content\/uploads\/sites\/5\/2022\/03\/brigadas-de-vacunacion-camip-barranquilla-2022-7-696x522.jpg 696w, \/wp-content\/uploads\/sites\/5\/2022\/03\/brigadas-de-vacunacion-camip-barranquilla-2022-7-1068x801.jpg 1068w, \/wp-content\/uploads\/sites\/5\/2022\/03\/brigadas-de-vacunacion-camip-barranquilla-2022-7-265x198.jpg 265w, \/wp-content\/uploads\/sites\/5\/2022\/03\/brigadas-de-vacunacion-camip-barranquilla-2022-7-534x401.jpg 534w, \/wp-content\/uploads\/sites\/5\/2022\/03\/brigadas-de-vacunacion-camip-barranquilla-2022-7.jpg 1600w\" sizes=\"(max-width: 560px) 100vw, 560px\" alt=\"\">\r\n                            <\/a>\r\n                            \r\n                        <\/figure>\r\n                    <\/div>\r\n                    <div class = \"td-slide-item td-item4\">\r\n                        <figure class=\"td-slide-galery-figure td-slide-popup-gallery\">\r\n                            <a class=\"slide-gallery-image-link\" href=\"\/wp-content\/uploads\/sites\/5\/2022\/03\/brigadas-de-vacunacion-camip-barranquilla-2022-4.jpg\" title=\"brigadas de vacunacion camip barranquilla 2022-4\"  data-caption=\"\"  data-description=\"\">\r\n                                <img decoding=\"async\" src=\"\/wp-content\/uploads\/sites\/5\/2022\/03\/brigadas-de-vacunacion-camip-barranquilla-2022-4-560x420.jpg\" srcset=\"\/wp-content\/uploads\/sites\/5\/2022\/03\/brigadas-de-vacunacion-camip-barranquilla-2022-4-560x420.jpg 560w, \/wp-content\/uploads\/sites\/5\/2022\/03\/brigadas-de-vacunacion-camip-barranquilla-2022-4-300x225.jpg 300w, \/wp-content\/uploads\/sites\/5\/2022\/03\/brigadas-de-vacunacion-camip-barranquilla-2022-4-768x576.jpg 768w, \/wp-content\/uploads\/sites\/5\/2022\/03\/brigadas-de-vacunacion-camip-barranquilla-2022-4-1024x768.jpg 1024w, \/wp-content\/uploads\/sites\/5\/2022\/03\/brigadas-de-vacunacion-camip-barranquilla-2022-4-1536x1152.jpg 1536w, \/wp-content\/uploads\/sites\/5\/2022\/03\/brigadas-de-vacunacion-camip-barranquilla-2022-4-80x60.jpg 80w, \/wp-content\/uploads\/sites\/5\/2022\/03\/brigadas-de-vacunacion-camip-barranquilla-2022-4-696x522.jpg 696w, \/wp-content\/uploads\/sites\/5\/2022\/03\/brigadas-de-vacunacion-camip-barranquilla-2022-4-1068x801.jpg 1068w, \/wp-content\/uploads\/sites\/5\/2022\/03\/brigadas-de-vacunacion-camip-barranquilla-2022-4-265x198.jpg 265w, \/wp-content\/uploads\/sites\/5\/2022\/03\/brigadas-de-vacunacion-camip-barranquilla-2022-4-534x401.jpg 534w, \/wp-content\/uploads\/sites\/5\/2022\/03\/brigadas-de-vacunacion-camip-barranquilla-2022-4.jpg 1600w\" sizes=\"(max-width: 560px) 100vw, 560px\" alt=\"\">\r\n                            <\/a>\r\n                            \r\n                        <\/figure>\r\n                    <\/div>\r\n                    <div class = \"td-slide-item td-item5\">\r\n                        <figure class=\"td-slide-galery-figure td-slide-popup-gallery\">\r\n                            <a class=\"slide-gallery-image-link\" href=\"\/wp-content\/uploads\/sites\/5\/2022\/03\/brigadas-de-vacunacion-camip-barranquilla-2022-14.jpg\" title=\"brigadas de vacunacion camip barranquilla 2022-14\"  data-caption=\"\"  data-description=\"\">\r\n                                <img decoding=\"async\" src=\"\/wp-content\/uploads\/sites\/5\/2022\/03\/brigadas-de-vacunacion-camip-barranquilla-2022-14-560x420.jpg\" srcset=\"\/wp-content\/uploads\/sites\/5\/2022\/03\/brigadas-de-vacunacion-camip-barranquilla-2022-14-560x420.jpg 560w, \/wp-content\/uploads\/sites\/5\/2022\/03\/brigadas-de-vacunacion-camip-barranquilla-2022-14-300x225.jpg 300w, \/wp-content\/uploads\/sites\/5\/2022\/03\/brigadas-de-vacunacion-camip-barranquilla-2022-14-768x576.jpg 768w, \/wp-content\/uploads\/sites\/5\/2022\/03\/brigadas-de-vacunacion-camip-barranquilla-2022-14-1024x768.jpg 1024w, \/wp-content\/uploads\/sites\/5\/2022\/03\/brigadas-de-vacunacion-camip-barranquilla-2022-14-1536x1152.jpg 1536w, \/wp-content\/uploads\/sites\/5\/2022\/03\/brigadas-de-vacunacion-camip-barranquilla-2022-14-80x60.jpg 80w, \/wp-content\/uploads\/sites\/5\/2022\/03\/brigadas-de-vacunacion-camip-barranquilla-2022-14-696x522.jpg 696w, \/wp-content\/uploads\/sites\/5\/2022\/03\/brigadas-de-vacunacion-camip-barranquilla-2022-14-1068x801.jpg 1068w, \/wp-content\/uploads\/sites\/5\/2022\/03\/brigadas-de-vacunacion-camip-barranquilla-2022-14-265x198.jpg 265w, \/wp-content\/uploads\/sites\/5\/2022\/03\/brigadas-de-vacunacion-camip-barranquilla-2022-14-534x401.jpg 534w, \/wp-content\/uploads\/sites\/5\/2022\/03\/brigadas-de-vacunacion-camip-barranquilla-2022-14.jpg 1600w\" sizes=\"(max-width: 560px) 100vw, 560px\" alt=\"\">\r\n                            <\/a>\r\n                            \r\n                        <\/figure>\r\n                    <\/div>\r\n                    <div class = \"td-slide-item td-item6\">\r\n                        <figure class=\"td-slide-galery-figure td-slide-popup-gallery\">\r\n                            <a class=\"slide-gallery-image-link\" href=\"\/wp-content\/uploads\/sites\/5\/2022\/03\/brigadas-de-vacunacion-camip-barranquilla-2022-10.jpg\" title=\"brigadas de vacunacion camip barranquilla 2022-10\"  data-caption=\"\"  data-description=\"\">\r\n                                <img decoding=\"async\" src=\"\/wp-content\/uploads\/sites\/5\/2022\/03\/brigadas-de-vacunacion-camip-barranquilla-2022-10-315x420.jpg\" srcset=\"\/wp-content\/uploads\/sites\/5\/2022\/03\/brigadas-de-vacunacion-camip-barranquilla-2022-10-315x420.jpg 315w, \/wp-content\/uploads\/sites\/5\/2022\/03\/brigadas-de-vacunacion-camip-barranquilla-2022-10-225x300.jpg 225w, \/wp-content\/uploads\/sites\/5\/2022\/03\/brigadas-de-vacunacion-camip-barranquilla-2022-10-768x1024.jpg 768w, \/wp-content\/uploads\/sites\/5\/2022\/03\/brigadas-de-vacunacion-camip-barranquilla-2022-10-1153x1536.jpg 1153w, \/wp-content\/uploads\/sites\/5\/2022\/03\/brigadas-de-vacunacion-camip-barranquilla-2022-10-696x927.jpg 696w, \/wp-content\/uploads\/sites\/5\/2022\/03\/brigadas-de-vacunacion-camip-barranquilla-2022-10-1068x1423.jpg 1068w, \/wp-content\/uploads\/sites\/5\/2022\/03\/brigadas-de-vacunacion-camip-barranquilla-2022-10-347x462.jpg 347w, \/wp-content\/uploads\/sites\/5\/2022\/03\/brigadas-de-vacunacion-camip-barranquilla-2022-10.jpg 1200w\" sizes=\"(max-width: 315px) 100vw, 315px\" alt=\"\">\r\n                            <\/a>\r\n                            \r\n                        <\/figure>\r\n                    <\/div>\r\n                    <div class = \"td-slide-item td-item7\">\r\n                        <figure class=\"td-slide-galery-figure td-slide-popup-gallery\">\r\n                            <a class=\"slide-gallery-image-link\" href=\"\/wp-content\/uploads\/sites\/5\/2022\/03\/brigadas-de-vacunacion-camip-barranquilla-2022-5.jpg\" title=\"brigadas de vacunacion camip barranquilla 2022-5\"  data-caption=\"\"  data-description=\"\">\r\n                                <img decoding=\"async\" src=\"\/wp-content\/uploads\/sites\/5\/2022\/03\/brigadas-de-vacunacion-camip-barranquilla-2022-5-743x420.jpg\" srcset=\"\/wp-content\/uploads\/sites\/5\/2022\/03\/brigadas-de-vacunacion-camip-barranquilla-2022-5-743x420.jpg 743w, \/wp-content\/uploads\/sites\/5\/2022\/03\/brigadas-de-vacunacion-camip-barranquilla-2022-5-300x170.jpg 300w, \/wp-content\/uploads\/sites\/5\/2022\/03\/brigadas-de-vacunacion-camip-barranquilla-2022-5-768x434.jpg 768w, \/wp-content\/uploads\/sites\/5\/2022\/03\/brigadas-de-vacunacion-camip-barranquilla-2022-5-1024x579.jpg 1024w, \/wp-content\/uploads\/sites\/5\/2022\/03\/brigadas-de-vacunacion-camip-barranquilla-2022-5-696x394.jpg 696w, \/wp-content\/uploads\/sites\/5\/2022\/03\/brigadas-de-vacunacion-camip-barranquilla-2022-5-1068x604.jpg 1068w, \/wp-content\/uploads\/sites\/5\/2022\/03\/brigadas-de-vacunacion-camip-barranquilla-2022-5-534x302.jpg 534w, \/wp-content\/uploads\/sites\/5\/2022\/03\/brigadas-de-vacunacion-camip-barranquilla-2022-5.jpg 1280w\" sizes=\"(max-width: 743px) 100vw, 743px\" alt=\"\">\r\n                            <\/a>\r\n                            \r\n                        <\/figure>\r\n                    <\/div>\r\n                    <div class = \"td-slide-item td-item8\">\r\n                        <figure class=\"td-slide-galery-figure td-slide-popup-gallery\">\r\n                            <a class=\"slide-gallery-image-link\" href=\"\/wp-content\/uploads\/sites\/5\/2022\/03\/brigadas-de-vacunacion-camip-barranquilla-2022-6.jpg\" title=\"brigadas de vacunacion camip barranquilla 2022-6\"  data-caption=\"\"  data-description=\"\">\r\n                                <img decoding=\"async\" src=\"\/wp-content\/uploads\/sites\/5\/2022\/03\/brigadas-de-vacunacion-camip-barranquilla-2022-6-560x420.jpg\" srcset=\"\/wp-content\/uploads\/sites\/5\/2022\/03\/brigadas-de-vacunacion-camip-barranquilla-2022-6-560x420.jpg 560w, \/wp-content\/uploads\/sites\/5\/2022\/03\/brigadas-de-vacunacion-camip-barranquilla-2022-6-300x225.jpg 300w, \/wp-content\/uploads\/sites\/5\/2022\/03\/brigadas-de-vacunacion-camip-barranquilla-2022-6-768x576.jpg 768w, \/wp-content\/uploads\/sites\/5\/2022\/03\/brigadas-de-vacunacion-camip-barranquilla-2022-6-1024x768.jpg 1024w, \/wp-content\/uploads\/sites\/5\/2022\/03\/brigadas-de-vacunacion-camip-barranquilla-2022-6-1536x1153.jpg 1536w, \/wp-content\/uploads\/sites\/5\/2022\/03\/brigadas-de-vacunacion-camip-barranquilla-2022-6-80x60.jpg 80w, \/wp-content\/uploads\/sites\/5\/2022\/03\/brigadas-de-vacunacion-camip-barranquilla-2022-6-696x522.jpg 696w, \/wp-content\/uploads\/sites\/5\/2022\/03\/brigadas-de-vacunacion-camip-barranquilla-2022-6-1068x802.jpg 1068w, \/wp-content\/uploads\/sites\/5\/2022\/03\/brigadas-de-vacunacion-camip-barranquilla-2022-6-265x198.jpg 265w, \/wp-content\/uploads\/sites\/5\/2022\/03\/brigadas-de-vacunacion-camip-barranquilla-2022-6-534x401.jpg 534w, \/wp-content\/uploads\/sites\/5\/2022\/03\/brigadas-de-vacunacion-camip-barranquilla-2022-6.jpg 1599w\" sizes=\"(max-width: 560px) 100vw, 560px\" alt=\"\">\r\n                            <\/a>\r\n                            \r\n                        <\/figure>\r\n                    <\/div>\r\n                    <div class = \"td-slide-item td-item9\">\r\n                        <figure class=\"td-slide-galery-figure td-slide-popup-gallery\">\r\n                            <a class=\"slide-gallery-image-link\" href=\"\/wp-content\/uploads\/sites\/5\/2022\/03\/brigadas-de-vacunacion-camip-barranquilla-2022-2.jpg\" title=\"brigadas de vacunacion camip barranquilla 2022-2\"  data-caption=\"\"  data-description=\"\">\r\n                                <img decoding=\"async\" src=\"\/wp-content\/uploads\/sites\/5\/2022\/03\/brigadas-de-vacunacion-camip-barranquilla-2022-2-560x420.jpg\" srcset=\"\/wp-content\/uploads\/sites\/5\/2022\/03\/brigadas-de-vacunacion-camip-barranquilla-2022-2-560x420.jpg 560w, \/wp-content\/uploads\/sites\/5\/2022\/03\/brigadas-de-vacunacion-camip-barranquilla-2022-2-300x225.jpg 300w, \/wp-content\/uploads\/sites\/5\/2022\/03\/brigadas-de-vacunacion-camip-barranquilla-2022-2-768x576.jpg 768w, \/wp-content\/uploads\/sites\/5\/2022\/03\/brigadas-de-vacunacion-camip-barranquilla-2022-2-1024x768.jpg 1024w, \/wp-content\/uploads\/sites\/5\/2022\/03\/brigadas-de-vacunacion-camip-barranquilla-2022-2-1536x1152.jpg 1536w, \/wp-content\/uploads\/sites\/5\/2022\/03\/brigadas-de-vacunacion-camip-barranquilla-2022-2-80x60.jpg 80w, \/wp-content\/uploads\/sites\/5\/2022\/03\/brigadas-de-vacunacion-camip-barranquilla-2022-2-696x522.jpg 696w, \/wp-content\/uploads\/sites\/5\/2022\/03\/brigadas-de-vacunacion-camip-barranquilla-2022-2-1068x801.jpg 1068w, \/wp-content\/uploads\/sites\/5\/2022\/03\/brigadas-de-vacunacion-camip-barranquilla-2022-2-265x198.jpg 265w, \/wp-content\/uploads\/sites\/5\/2022\/03\/brigadas-de-vacunacion-camip-barranquilla-2022-2-534x401.jpg 534w, \/wp-content\/uploads\/sites\/5\/2022\/03\/brigadas-de-vacunacion-camip-barranquilla-2022-2.jpg 1600w\" sizes=\"(max-width: 560px) 100vw, 560px\" alt=\"\">\r\n                            <\/a>\r\n                            \r\n                        <\/figure>\r\n                    <\/div>\r\n                    <div class = \"td-slide-item td-item10\">\r\n                        <figure class=\"td-slide-galery-figure td-slide-popup-gallery\">\r\n                            <a class=\"slide-gallery-image-link\" href=\"\/wp-content\/uploads\/sites\/5\/2022\/03\/brigadas-de-vacunacion-camip-barranquilla-2022-8.jpg\" title=\"brigadas de vacunacion camip barranquilla 2022-8\"  data-caption=\"\"  data-description=\"\">\r\n                                <img decoding=\"async\" src=\"\/wp-content\/uploads\/sites\/5\/2022\/03\/brigadas-de-vacunacion-camip-barranquilla-2022-8-560x420.jpg\" srcset=\"\/wp-content\/uploads\/sites\/5\/2022\/03\/brigadas-de-vacunacion-camip-barranquilla-2022-8-560x420.jpg 560w, \/wp-content\/uploads\/sites\/5\/2022\/03\/brigadas-de-vacunacion-camip-barranquilla-2022-8-300x225.jpg 300w, \/wp-content\/uploads\/sites\/5\/2022\/03\/brigadas-de-vacunacion-camip-barranquilla-2022-8-768x576.jpg 768w, \/wp-content\/uploads\/sites\/5\/2022\/03\/brigadas-de-vacunacion-camip-barranquilla-2022-8-1024x768.jpg 1024w, \/wp-content\/uploads\/sites\/5\/2022\/03\/brigadas-de-vacunacion-camip-barranquilla-2022-8-80x60.jpg 80w, \/wp-content\/uploads\/sites\/5\/2022\/03\/brigadas-de-vacunacion-camip-barranquilla-2022-8-696x522.jpg 696w, \/wp-content\/uploads\/sites\/5\/2022\/03\/brigadas-de-vacunacion-camip-barranquilla-2022-8-1068x801.jpg 1068w, \/wp-content\/uploads\/sites\/5\/2022\/03\/brigadas-de-vacunacion-camip-barranquilla-2022-8-265x198.jpg 265w, \/wp-content\/uploads\/sites\/5\/2022\/03\/brigadas-de-vacunacion-camip-barranquilla-2022-8-534x401.jpg 534w, \/wp-content\/uploads\/sites\/5\/2022\/03\/brigadas-de-vacunacion-camip-barranquilla-2022-8.jpg 1152w\" sizes=\"(max-width: 560px) 100vw, 560px\" alt=\"\">\r\n                            <\/a>\r\n                            \r\n                        <\/figure>\r\n                    <\/div>\r\n                    <div class = \"td-slide-item td-item11\">\r\n                        <figure class=\"td-slide-galery-figure td-slide-popup-gallery\">\r\n                            <a class=\"slide-gallery-image-link\" href=\"\/wp-content\/uploads\/sites\/5\/2022\/03\/brigadas-de-vacunacion-camip-barranquilla-2022-9.jpg\" title=\"brigadas de vacunacion camip barranquilla 2022-9\"  data-caption=\"\"  data-description=\"\">\r\n                                <img decoding=\"async\" src=\"\/wp-content\/uploads\/sites\/5\/2022\/03\/brigadas-de-vacunacion-camip-barranquilla-2022-9-560x420.jpg\" srcset=\"\/wp-content\/uploads\/sites\/5\/2022\/03\/brigadas-de-vacunacion-camip-barranquilla-2022-9-560x420.jpg 560w, \/wp-content\/uploads\/sites\/5\/2022\/03\/brigadas-de-vacunacion-camip-barranquilla-2022-9-300x225.jpg 300w, \/wp-content\/uploads\/sites\/5\/2022\/03\/brigadas-de-vacunacion-camip-barranquilla-2022-9-768x576.jpg 768w, \/wp-content\/uploads\/sites\/5\/2022\/03\/brigadas-de-vacunacion-camip-barranquilla-2022-9-1024x768.jpg 1024w, \/wp-content\/uploads\/sites\/5\/2022\/03\/brigadas-de-vacunacion-camip-barranquilla-2022-9-80x60.jpg 80w, \/wp-content\/uploads\/sites\/5\/2022\/03\/brigadas-de-vacunacion-camip-barranquilla-2022-9-696x522.jpg 696w, \/wp-content\/uploads\/sites\/5\/2022\/03\/brigadas-de-vacunacion-camip-barranquilla-2022-9-1068x801.jpg 1068w, \/wp-content\/uploads\/sites\/5\/2022\/03\/brigadas-de-vacunacion-camip-barranquilla-2022-9-265x198.jpg 265w, \/wp-content\/uploads\/sites\/5\/2022\/03\/brigadas-de-vacunacion-camip-barranquilla-2022-9-534x401.jpg 534w, \/wp-content\/uploads\/sites\/5\/2022\/03\/brigadas-de-vacunacion-camip-barranquilla-2022-9.jpg 1152w\" sizes=\"(max-width: 560px) 100vw, 560px\" alt=\"\">\r\n                            <\/a>\r\n                            \r\n                        <\/figure>\r\n                    <\/div>\r\n                    <div class = \"td-slide-item td-item12\">\r\n                        <figure class=\"td-slide-galery-figure td-slide-popup-gallery\">\r\n                            <a class=\"slide-gallery-image-link\" href=\"\/wp-content\/uploads\/sites\/5\/2022\/03\/brigadas-de-vacunacion-camip-barranquilla-2022-16.jpg\" title=\"brigadas de vacunacion camip barranquilla 2022-16\"  data-caption=\"\"  data-description=\"\">\r\n                                <img decoding=\"async\" src=\"\/wp-content\/uploads\/sites\/5\/2022\/03\/brigadas-de-vacunacion-camip-barranquilla-2022-16-560x420.jpg\" srcset=\"\/wp-content\/uploads\/sites\/5\/2022\/03\/brigadas-de-vacunacion-camip-barranquilla-2022-16-560x420.jpg 560w, \/wp-content\/uploads\/sites\/5\/2022\/03\/brigadas-de-vacunacion-camip-barranquilla-2022-16-300x225.jpg 300w, \/wp-content\/uploads\/sites\/5\/2022\/03\/brigadas-de-vacunacion-camip-barranquilla-2022-16-768x576.jpg 768w, \/wp-content\/uploads\/sites\/5\/2022\/03\/brigadas-de-vacunacion-camip-barranquilla-2022-16-80x60.jpg 80w, \/wp-content\/uploads\/sites\/5\/2022\/03\/brigadas-de-vacunacion-camip-barranquilla-2022-16-696x522.jpg 696w, \/wp-content\/uploads\/sites\/5\/2022\/03\/brigadas-de-vacunacion-camip-barranquilla-2022-16-265x198.jpg 265w, \/wp-content\/uploads\/sites\/5\/2022\/03\/brigadas-de-vacunacion-camip-barranquilla-2022-16-534x401.jpg 534w, \/wp-content\/uploads\/sites\/5\/2022\/03\/brigadas-de-vacunacion-camip-barranquilla-2022-16.jpg 1024w\" sizes=\"(max-width: 560px) 100vw, 560px\" alt=\"\">\r\n                            <\/a>\r\n                            \r\n                        <\/figure>\r\n                    <\/div>\r\n                    <div class = \"td-slide-item td-item13\">\r\n                        <figure class=\"td-slide-galery-figure td-slide-popup-gallery\">\r\n                            <a class=\"slide-gallery-image-link\" href=\"\/wp-content\/uploads\/sites\/5\/2022\/03\/brigadas-de-vacunacion-camip-barranquilla-2022-11.jpg\" title=\"brigadas de vacunacion camip barranquilla 2022-11\"  data-caption=\"\"  data-description=\"\">\r\n                                <img decoding=\"async\" src=\"\/wp-content\/uploads\/sites\/5\/2022\/03\/brigadas-de-vacunacion-camip-barranquilla-2022-11-409x420.jpg\" srcset=\"\/wp-content\/uploads\/sites\/5\/2022\/03\/brigadas-de-vacunacion-camip-barranquilla-2022-11-409x420.jpg 409w, \/wp-content\/uploads\/sites\/5\/2022\/03\/brigadas-de-vacunacion-camip-barranquilla-2022-11-292x300.jpg 292w, \/wp-content\/uploads\/sites\/5\/2022\/03\/brigadas-de-vacunacion-camip-barranquilla-2022-11-768x788.jpg 768w, \/wp-content\/uploads\/sites\/5\/2022\/03\/brigadas-de-vacunacion-camip-barranquilla-2022-11-998x1024.jpg 998w, \/wp-content\/uploads\/sites\/5\/2022\/03\/brigadas-de-vacunacion-camip-barranquilla-2022-11-696x714.jpg 696w, \/wp-content\/uploads\/sites\/5\/2022\/03\/brigadas-de-vacunacion-camip-barranquilla-2022-11-1068x1096.jpg 1068w, \/wp-content\/uploads\/sites\/5\/2022\/03\/brigadas-de-vacunacion-camip-barranquilla-2022-11-450x462.jpg 450w, \/wp-content\/uploads\/sites\/5\/2022\/03\/brigadas-de-vacunacion-camip-barranquilla-2022-11.jpg 1163w\" sizes=\"(max-width: 409px) 100vw, 409px\" alt=\"\">\r\n                            <\/a>\r\n                            \r\n                        <\/figure>\r\n                    <\/div>\r\n                    <div class = \"td-slide-item td-item14\">\r\n                        <figure class=\"td-slide-galery-figure td-slide-popup-gallery\">\r\n                            <a class=\"slide-gallery-image-link\" href=\"\/wp-content\/uploads\/sites\/5\/2022\/03\/brigadas-de-vacunacion-camip-barranquilla-2022-17.jpg\" title=\"brigadas de vacunacion camip barranquilla 2022-17\"  data-caption=\"Foto de archivo IGSS\"  data-description=\"\">\r\n                                <img decoding=\"async\" src=\"\/wp-content\/uploads\/sites\/5\/2022\/03\/brigadas-de-vacunacion-camip-barranquilla-2022-17-560x420.jpg\" srcset=\"\/wp-content\/uploads\/sites\/5\/2022\/03\/brigadas-de-vacunacion-camip-barranquilla-2022-17-560x420.jpg 560w, \/wp-content\/uploads\/sites\/5\/2022\/03\/brigadas-de-vacunacion-camip-barranquilla-2022-17-300x225.jpg 300w, \/wp-content\/uploads\/sites\/5\/2022\/03\/brigadas-de-vacunacion-camip-barranquilla-2022-17-80x60.jpg 80w, \/wp-content\/uploads\/sites\/5\/2022\/03\/brigadas-de-vacunacion-camip-barranquilla-2022-17-696x522.jpg 696w, \/wp-content\/uploads\/sites\/5\/2022\/03\/brigadas-de-vacunacion-camip-barranquilla-2022-17-265x198.jpg 265w, \/wp-content\/uploads\/sites\/5\/2022\/03\/brigadas-de-vacunacion-camip-barranquilla-2022-17-534x401.jpg 534w, \/wp-content\/uploads\/sites\/5\/2022\/03\/brigadas-de-vacunacion-camip-barranquilla-2022-17.jpg 720w\" sizes=\"(max-width: 560px) 100vw, 560px\" alt=\"\">\r\n                            <\/a>\r\n                            <figcaption class = \"td-slide-caption td-gallery-slide-content\"><div class = \"td-gallery-slide-copywrite\">Foto de archivo IGSS<\/div><\/figcaption>\r\n                        <\/figure>\r\n                    <\/div>\r\n                    <div class = \"td-slide-item td-item15\">\r\n                        <figure class=\"td-slide-galery-figure td-slide-popup-gallery\">\r\n                            <a class=\"slide-gallery-image-link\" href=\"\/wp-content\/uploads\/sites\/5\/2022\/03\/brigadas-de-vacunacion-camip-barranquilla-2022-13.jpg\" title=\"brigadas de vacunacion camip barranquilla 2022-13\"  data-caption=\"\"  data-description=\"\">\r\n                                <img decoding=\"async\" src=\"\/wp-content\/uploads\/sites\/5\/2022\/03\/brigadas-de-vacunacion-camip-barranquilla-2022-13-911x420.jpg\" srcset=\"\/wp-content\/uploads\/sites\/5\/2022\/03\/brigadas-de-vacunacion-camip-barranquilla-2022-13-911x420.jpg 911w, \/wp-content\/uploads\/sites\/5\/2022\/03\/brigadas-de-vacunacion-camip-barranquilla-2022-13-300x138.jpg 300w, \/wp-content\/uploads\/sites\/5\/2022\/03\/brigadas-de-vacunacion-camip-barranquilla-2022-13-768x354.jpg 768w, \/wp-content\/uploads\/sites\/5\/2022\/03\/brigadas-de-vacunacion-camip-barranquilla-2022-13-1024x472.jpg 1024w, \/wp-content\/uploads\/sites\/5\/2022\/03\/brigadas-de-vacunacion-camip-barranquilla-2022-13-1536x708.jpg 1536w, \/wp-content\/uploads\/sites\/5\/2022\/03\/brigadas-de-vacunacion-camip-barranquilla-2022-13-696x321.jpg 696w, \/wp-content\/uploads\/sites\/5\/2022\/03\/brigadas-de-vacunacion-camip-barranquilla-2022-13-1068x493.jpg 1068w, \/wp-content\/uploads\/sites\/5\/2022\/03\/brigadas-de-vacunacion-camip-barranquilla-2022-13-534x246.jpg 534w, \/wp-content\/uploads\/sites\/5\/2022\/03\/brigadas-de-vacunacion-camip-barranquilla-2022-13.jpg 1600w\" sizes=\"(max-width: 911px) 100vw, 911px\" alt=\"\">\r\n                            <\/a>\r\n                            \r\n                        <\/figure>\r\n                    <\/div>\r\n                    <div class = \"td-slide-item td-item16\">\r\n                        <figure class=\"td-slide-galery-figure td-slide-popup-gallery\">\r\n                            <a class=\"slide-gallery-image-link\" href=\"\/wp-content\/uploads\/sites\/5\/2022\/03\/brigadas-de-vacunacion-camip-barranquilla-2022-15-1.jpg\" title=\"brigadas de vacunacion camip barranquilla 2022-15\"  data-caption=\"\"  data-description=\"\">\r\n                                <img decoding=\"async\" src=\"\/wp-content\/uploads\/sites\/5\/2022\/03\/brigadas-de-vacunacion-camip-barranquilla-2022-15-1-560x420.jpg\" srcset=\"\/wp-content\/uploads\/sites\/5\/2022\/03\/brigadas-de-vacunacion-camip-barranquilla-2022-15-1-560x420.jpg 560w, \/wp-content\/uploads\/sites\/5\/2022\/03\/brigadas-de-vacunacion-camip-barranquilla-2022-15-1-300x225.jpg 300w, \/wp-content\/uploads\/sites\/5\/2022\/03\/brigadas-de-vacunacion-camip-barranquilla-2022-15-1-768x576.jpg 768w, \/wp-content\/uploads\/sites\/5\/2022\/03\/brigadas-de-vacunacion-camip-barranquilla-2022-15-1-1024x768.jpg 1024w, \/wp-content\/uploads\/sites\/5\/2022\/03\/brigadas-de-vacunacion-camip-barranquilla-2022-15-1-1536x1152.jpg 1536w, \/wp-content\/uploads\/sites\/5\/2022\/03\/brigadas-de-vacunacion-camip-barranquilla-2022-15-1-80x60.jpg 80w, \/wp-content\/uploads\/sites\/5\/2022\/03\/brigadas-de-vacunacion-camip-barranquilla-2022-15-1-696x522.jpg 696w, \/wp-content\/uploads\/sites\/5\/2022\/03\/brigadas-de-vacunacion-camip-barranquilla-2022-15-1-1068x801.jpg 1068w, \/wp-content\/uploads\/sites\/5\/2022\/03\/brigadas-de-vacunacion-camip-barranquilla-2022-15-1-265x198.jpg 265w, \/wp-content\/uploads\/sites\/5\/2022\/03\/brigadas-de-vacunacion-camip-barranquilla-2022-15-1-534x401.jpg 534w, \/wp-content\/uploads\/sites\/5\/2022\/03\/brigadas-de-vacunacion-camip-barranquilla-2022-15-1.jpg 1600w\" sizes=\"(max-width: 560px) 100vw, 560px\" alt=\"\">\r\n                            <\/a>\r\n                            \r\n                        <\/figure>\r\n                    <\/div>\r\n                    <div class = \"td-slide-item td-item17\">\r\n                        <figure class=\"td-slide-galery-figure td-slide-popup-gallery\">\r\n                            <a class=\"slide-gallery-image-link\" href=\"\/wp-content\/uploads\/sites\/5\/2022\/03\/brigadas-de-vacunacion-camip-barranquilla-2022-19.jpg\" title=\"brigadas de vacunacion camip barranquilla 2022-19\"  data-caption=\"\"  data-description=\"\">\r\n                                <img decoding=\"async\" src=\"\/wp-content\/uploads\/sites\/5\/2022\/03\/brigadas-de-vacunacion-camip-barranquilla-2022-19-572x420.jpg\" srcset=\"\/wp-content\/uploads\/sites\/5\/2022\/03\/brigadas-de-vacunacion-camip-barranquilla-2022-19-572x420.jpg 572w, \/wp-content\/uploads\/sites\/5\/2022\/03\/brigadas-de-vacunacion-camip-barranquilla-2022-19-300x220.jpg 300w, \/wp-content\/uploads\/sites\/5\/2022\/03\/brigadas-de-vacunacion-camip-barranquilla-2022-19-768x564.jpg 768w, \/wp-content\/uploads\/sites\/5\/2022\/03\/brigadas-de-vacunacion-camip-barranquilla-2022-19-1024x752.jpg 1024w, \/wp-content\/uploads\/sites\/5\/2022\/03\/brigadas-de-vacunacion-camip-barranquilla-2022-19-80x60.jpg 80w, \/wp-content\/uploads\/sites\/5\/2022\/03\/brigadas-de-vacunacion-camip-barranquilla-2022-19-696x511.jpg 696w, \/wp-content\/uploads\/sites\/5\/2022\/03\/brigadas-de-vacunacion-camip-barranquilla-2022-19-1068x784.jpg 1068w, \/wp-content\/uploads\/sites\/5\/2022\/03\/brigadas-de-vacunacion-camip-barranquilla-2022-19-534x392.jpg 534w, \/wp-content\/uploads\/sites\/5\/2022\/03\/brigadas-de-vacunacion-camip-barranquilla-2022-19.jpg 1081w\" sizes=\"(max-width: 572px) 100vw, 572px\" alt=\"\">\r\n                            <\/a>\r\n                            \r\n                        <\/figure>\r\n                    <\/div>\r\n                    <div class = \"td-slide-item td-item18\">\r\n                        <figure class=\"td-slide-galery-figure td-slide-popup-gallery\">\r\n                            <a class=\"slide-gallery-image-link\" href=\"\/wp-content\/uploads\/sites\/5\/2022\/03\/brigadas-de-vacunacion-camip-barranquilla-2022-18.jpg\" title=\"brigadas de vacunacion camip barranquilla 2022-18\"  data-caption=\"\"  data-description=\"\">\r\n                                <img decoding=\"async\" src=\"\/wp-content\/uploads\/sites\/5\/2022\/03\/brigadas-de-vacunacion-camip-barranquilla-2022-18-560x420.jpg\" srcset=\"\/wp-content\/uploads\/sites\/5\/2022\/03\/brigadas-de-vacunacion-camip-barranquilla-2022-18-560x420.jpg 560w, \/wp-content\/uploads\/sites\/5\/2022\/03\/brigadas-de-vacunacion-camip-barranquilla-2022-18-300x225.jpg 300w, \/wp-content\/uploads\/sites\/5\/2022\/03\/brigadas-de-vacunacion-camip-barranquilla-2022-18-768x576.jpg 768w, \/wp-content\/uploads\/sites\/5\/2022\/03\/brigadas-de-vacunacion-camip-barranquilla-2022-18-1024x768.jpg 1024w, \/wp-content\/uploads\/sites\/5\/2022\/03\/brigadas-de-vacunacion-camip-barranquilla-2022-18-1536x1153.jpg 1536w, \/wp-content\/uploads\/sites\/5\/2022\/03\/brigadas-de-vacunacion-camip-barranquilla-2022-18-80x60.jpg 80w, \/wp-content\/uploads\/sites\/5\/2022\/03\/brigadas-de-vacunacion-camip-barranquilla-2022-18-696x522.jpg 696w, \/wp-content\/uploads\/sites\/5\/2022\/03\/brigadas-de-vacunacion-camip-barranquilla-2022-18-1068x802.jpg 1068w, \/wp-content\/uploads\/sites\/5\/2022\/03\/brigadas-de-vacunacion-camip-barranquilla-2022-18-265x198.jpg 265w, \/wp-content\/uploads\/sites\/5\/2022\/03\/brigadas-de-vacunacion-camip-barranquilla-2022-18-534x401.jpg 534w, \/wp-content\/uploads\/sites\/5\/2022\/03\/brigadas-de-vacunacion-camip-barranquilla-2022-18.jpg 1599w\" sizes=\"(max-width: 560px) 100vw, 560px\" alt=\"\">\r\n                            <\/a>\r\n                            \r\n                        <\/figure>\r\n                    <\/div>\r\n                    <div class = \"td-slide-item td-item19\">\r\n                        <figure class=\"td-slide-galery-figure td-slide-popup-gallery\">\r\n                            <a class=\"slide-gallery-image-link\" href=\"\/wp-content\/uploads\/sites\/5\/2022\/03\/brigadas-de-vacunacion-camip-barranquilla-2022-20.jpg\" title=\"brigadas de vacunacion camip barranquilla 2022-20\"  data-caption=\"\"  data-description=\"\">\r\n                                <img decoding=\"async\" src=\"\/wp-content\/uploads\/sites\/5\/2022\/03\/brigadas-de-vacunacion-camip-barranquilla-2022-20-560x420.jpg\" srcset=\"\/wp-content\/uploads\/sites\/5\/2022\/03\/brigadas-de-vacunacion-camip-barranquilla-2022-20-560x420.jpg 560w, \/wp-content\/uploads\/sites\/5\/2022\/03\/brigadas-de-vacunacion-camip-barranquilla-2022-20-300x225.jpg 300w, \/wp-content\/uploads\/sites\/5\/2022\/03\/brigadas-de-vacunacion-camip-barranquilla-2022-20-768x576.jpg 768w, \/wp-content\/uploads\/sites\/5\/2022\/03\/brigadas-de-vacunacion-camip-barranquilla-2022-20-1024x768.jpg 1024w, \/wp-content\/uploads\/sites\/5\/2022\/03\/brigadas-de-vacunacion-camip-barranquilla-2022-20-1536x1152.jpg 1536w, \/wp-content\/uploads\/sites\/5\/2022\/03\/brigadas-de-vacunacion-camip-barranquilla-2022-20-80x60.jpg 80w, \/wp-content\/uploads\/sites\/5\/2022\/03\/brigadas-de-vacunacion-camip-barranquilla-2022-20-696x522.jpg 696w, \/wp-content\/uploads\/sites\/5\/2022\/03\/brigadas-de-vacunacion-camip-barranquilla-2022-20-1068x801.jpg 1068w, \/wp-content\/uploads\/sites\/5\/2022\/03\/brigadas-de-vacunacion-camip-barranquilla-2022-20-265x198.jpg 265w, \/wp-content\/uploads\/sites\/5\/2022\/03\/brigadas-de-vacunacion-camip-barranquilla-2022-20-534x401.jpg 534w, \/wp-content\/uploads\/sites\/5\/2022\/03\/brigadas-de-vacunacion-camip-barranquilla-2022-20.jpg 1600w\" sizes=\"(max-width: 560px) 100vw, 560px\" alt=\"\">\r\n                            <\/a>\r\n                            \r\n                        <\/figure>\r\n                    <\/div>\r\n                    <div class = \"td-slide-item td-item20\">\r\n                        <figure class=\"td-slide-galery-figure td-slide-popup-gallery\">\r\n                            <a class=\"slide-gallery-image-link\" href=\"\/wp-content\/uploads\/sites\/5\/2022\/03\/brigadas-de-vacunacion-camip-barranquilla-2022-1.jpg\" title=\"brigadas de vacunacion camip barranquilla 2022-1\"  data-caption=\"\"  data-description=\"\">\r\n                                <img decoding=\"async\" src=\"\/wp-content\/uploads\/sites\/5\/2022\/03\/brigadas-de-vacunacion-camip-barranquilla-2022-1-628x420.jpg\" srcset=\"\/wp-content\/uploads\/sites\/5\/2022\/03\/brigadas-de-vacunacion-camip-barranquilla-2022-1-628x420.jpg 628w, \/wp-content\/uploads\/sites\/5\/2022\/03\/brigadas-de-vacunacion-camip-barranquilla-2022-1-300x201.jpg 300w, \/wp-content\/uploads\/sites\/5\/2022\/03\/brigadas-de-vacunacion-camip-barranquilla-2022-1-768x514.jpg 768w, \/wp-content\/uploads\/sites\/5\/2022\/03\/brigadas-de-vacunacion-camip-barranquilla-2022-1-1024x685.jpg 1024w, \/wp-content\/uploads\/sites\/5\/2022\/03\/brigadas-de-vacunacion-camip-barranquilla-2022-1-696x465.jpg 696w, \/wp-content\/uploads\/sites\/5\/2022\/03\/brigadas-de-vacunacion-camip-barranquilla-2022-1-1068x714.jpg 1068w, \/wp-content\/uploads\/sites\/5\/2022\/03\/brigadas-de-vacunacion-camip-barranquilla-2022-1-534x357.jpg 534w, \/wp-content\/uploads\/sites\/5\/2022\/03\/brigadas-de-vacunacion-camip-barranquilla-2022-1.jpg 1280w\" sizes=\"(max-width: 628px) 100vw, 628px\" alt=\"\">\r\n                            <\/a>\r\n                            \r\n                        <\/figure>\r\n                    <\/div>\r\n                    <div class = \"td-slide-item td-item21\">\r\n                        <figure class=\"td-slide-galery-figure td-slide-popup-gallery\">\r\n                            <a class=\"slide-gallery-image-link\" href=\"\/wp-content\/uploads\/sites\/5\/2022\/03\/brigadas-de-vacunacion-camip-barranquilla-2022-15.jpg\" title=\"brigadas de vacunacion camip barranquilla 2022-15\"  data-caption=\"\"  data-description=\"\">\r\n                                <img decoding=\"async\" src=\"\/wp-content\/uploads\/sites\/5\/2022\/03\/brigadas-de-vacunacion-camip-barranquilla-2022-15-560x420.jpg\" srcset=\"\/wp-content\/uploads\/sites\/5\/2022\/03\/brigadas-de-vacunacion-camip-barranquilla-2022-15-560x420.jpg 560w, \/wp-content\/uploads\/sites\/5\/2022\/03\/brigadas-de-vacunacion-camip-barranquilla-2022-15-300x225.jpg 300w, \/wp-content\/uploads\/sites\/5\/2022\/03\/brigadas-de-vacunacion-camip-barranquilla-2022-15-768x576.jpg 768w, \/wp-content\/uploads\/sites\/5\/2022\/03\/brigadas-de-vacunacion-camip-barranquilla-2022-15-1024x768.jpg 1024w, \/wp-content\/uploads\/sites\/5\/2022\/03\/brigadas-de-vacunacion-camip-barranquilla-2022-15-1536x1152.jpg 1536w, \/wp-content\/uploads\/sites\/5\/2022\/03\/brigadas-de-vacunacion-camip-barranquilla-2022-15-80x60.jpg 80w, \/wp-content\/uploads\/sites\/5\/2022\/03\/brigadas-de-vacunacion-camip-barranquilla-2022-15-696x522.jpg 696w, \/wp-content\/uploads\/sites\/5\/2022\/03\/brigadas-de-vacunacion-camip-barranquilla-2022-15-1068x801.jpg 1068w, \/wp-content\/uploads\/sites\/5\/2022\/03\/brigadas-de-vacunacion-camip-barranquilla-2022-15-265x198.jpg 265w, \/wp-content\/uploads\/sites\/5\/2022\/03\/brigadas-de-vacunacion-camip-barranquilla-2022-15-534x401.jpg 534w, \/wp-content\/uploads\/sites\/5\/2022\/03\/brigadas-de-vacunacion-camip-barranquilla-2022-15.jpg 1600w\" sizes=\"(max-width: 560px) 100vw, 560px\" alt=\"\">\r\n                            <\/a>\r\n                            \r\n                        <\/figure>\r\n                    <\/div>\r\n                            <\/div>\r\n                        <\/div>\r\n\r\n                        <div class = \"td-doubleSlider-2\">\r\n                            <div class = \"td-slider\">\r\n                                \r\n                    <div class = \"td-button td-item1\">\r\n                        <div class = \"td-border\"><\/div>\r\n                    <\/div>\r\n                    <div class = \"td-button td-item2\">\r\n                        <div class = \"td-border\"><\/div>\r\n                    <\/div>\r\n                    <div class = \"td-button td-item3\">\r\n                        <div class = \"td-border\"><\/div>\r\n                    <\/div>\r\n                    <div class = \"td-button td-item4\">\r\n                        <div class = \"td-border\"><\/div>\r\n                    <\/div>\r\n                    <div class = \"td-button td-item5\">\r\n                        <div class = \"td-border\"><\/div>\r\n                    <\/div>\r\n                    <div class = \"td-button td-item6\">\r\n                        <div class = \"td-border\"><\/div>\r\n                    <\/div>\r\n                    <div class = \"td-button td-item7\">\r\n                        <div class = \"td-border\"><\/div>\r\n                    <\/div>\r\n                    <div class = \"td-button td-item8\">\r\n                        <div class = \"td-border\"><\/div>\r\n                    <\/div>\r\n                    <div class = \"td-button td-item9\">\r\n                        <div class = \"td-border\"><\/div>\r\n                    <\/div>\r\n                    <div class = \"td-button td-item10\">\r\n                        <div class = \"td-border\"><\/div>\r\n                    <\/div>\r\n                    <div class = \"td-button td-item11\">\r\n                        <div class = \"td-border\"><\/div>\r\n                    <\/div>\r\n                    <div class = \"td-button td-item12\">\r\n                        <div class = \"td-border\"><\/div>\r\n                    <\/div>\r\n                    <div class = \"td-button td-item13\">\r\n                        <div class = \"td-border\"><\/div>\r\n                    <\/div>\r\n                    <div class = \"td-button td-item14\">\r\n                        <div class = \"td-border\"><\/div>\r\n                    <\/div>\r\n                    <div class = \"td-button td-item15\">\r\n                        <div class = \"td-border\"><\/div>\r\n                    <\/div>\r\n                    <div class = \"td-button td-item16\">\r\n                        <div class = \"td-border\"><\/div>\r\n                    <\/div>\r\n                    <div class = \"td-button td-item17\">\r\n                        <div class = \"td-border\"><\/div>\r\n                    <\/div>\r\n                    <div class = \"td-button td-item18\">\r\n                        <div class = \"td-border\"><\/div>\r\n                    <\/div>\r\n                    <div class = \"td-button td-item19\">\r\n                        <div class = \"td-border\"><\/div>\r\n                    <\/div>\r\n                    <div class = \"td-button td-item20\">\r\n                        <div class = \"td-border\"><\/div>\r\n                    <\/div>\r\n                    <div class = \"td-button td-item21\">\r\n                        <div class = \"td-border\"><\/div>\r\n                    <\/div>\r\n                            <\/div>\r\n                        <\/div>\r\n\r\n                    <\/div>\r\n\r\n                <\/div>\r\n                \n\n\n\n<p><\/p>\n","protected":false},"excerpt":{"rendered":"<p>Como parte de la coordinaci\u00f3n para cumplir con el Plan Nacional de Vacunaci\u00f3n en el pa\u00eds, las brigadas contra el COVID-19 del CAMIP2 Barranquilla sobrepasaron la administraci\u00f3n de 133 mil dosis de diferentes vacunas para los pensionados de la unidad, personas mayores de 18 a\u00f1os y adolescentes. Al cierre de febrero, Barranquilla y el anexo [&hellip;]<\/p>\n","protected":false},"author":4,"featured_media":25661,"comment_status":"closed","ping_status":"closed","sticky":false,"template":"","format":"standard","meta":{"footnotes":""},"categories":[3,15],"tags":[1181,1287],"coauthors":[881],"class_list":{"0":"post-25660","1":"post","2":"type-post","3":"status-publish","4":"format-standard","5":"has-post-thumbnail","7":"category-actualidad","8":"category-destacado","9":"tag-igss-notas-covid-19","10":"tag-vacunas-covid-19"},"_links":{"self":[{"href":"https:\/\/www.igssgt.org\/noticias\/wp-json\/wp\/v2\/posts\/25660","targetHints":{"allow":["GET"]}}],"collection":[{"href":"https:\/\/www.igssgt.org\/noticias\/wp-json\/wp\/v2\/posts"}],"about":[{"href":"https:\/\/www.igssgt.org\/noticias\/wp-json\/wp\/v2\/types\/post"}],"author":[{"embeddable":true,"href":"https:\/\/www.igssgt.org\/noticias\/wp-json\/wp\/v2\/users\/4"}],"replies":[{"embeddable":true,"href":"https:\/\/www.igssgt.org\/noticias\/wp-json\/wp\/v2\/comments?post=25660"}],"version-history":[{"count":3,"href":"https:\/\/www.igssgt.org\/noticias\/wp-json\/wp\/v2\/posts\/25660\/revisions"}],"predecessor-version":[{"id":26129,"href":"https:\/\/www.igssgt.org\/noticias\/wp-json\/wp\/v2\/posts\/25660\/revisions\/26129"}],"wp:featuredmedia":[{"embeddable":true,"href":"https:\/\/www.igssgt.org\/noticias\/wp-json\/wp\/v2\/media\/25661"}],"wp:attachment":[{"href":"https:\/\/www.igssgt.org\/noticias\/wp-json\/wp\/v2\/media?parent=25660"}],"wp:term":[{"taxonomy":"category","embeddable":true,"href":"https:\/\/www.igssgt.org\/noticias\/wp-json\/wp\/v2\/categories?post=25660"},{"taxonomy":"post_tag","embeddable":true,"href":"https:\/\/www.igssgt.org\/noticias\/wp-json\/wp\/v2\/tags?post=25660"},{"taxonomy":"author","embeddable":true,"href":"https:\/\/www.igssgt.org\/noticias\/wp-json\/wp\/v2\/coauthors?post=25660"}],"curies":[{"name":"wp","href":"https:\/\/api.w.org\/{rel}","templated":true}]}}