{"id":25697,"date":"2022-03-16T02:35:00","date_gmt":"2022-03-16T08:35:00","guid":{"rendered":"https:\/\/www.igssgt.org\/noticias\/?p=25697"},"modified":"2022-03-21T17:17:42","modified_gmt":"2022-03-21T23:17:42","slug":"en-ruta-de-la-integracion-regional-de-la-seguridad-social-a-la-sica","status":"publish","type":"post","link":"https:\/\/www.igssgt.org\/noticias\/2022\/03\/16\/en-ruta-de-la-integracion-regional-de-la-seguridad-social-a-la-sica\/","title":{"rendered":"En ruta de la integraci\u00f3n regional de la seguridad social a la SICA"},"content":{"rendered":"\n<p>Conocer el proceso de incorporaci\u00f3n del Consejo de Instituciones de Seguridad Social de Centroam\u00e9rica y Rep\u00fablica Dominicana (CISSCAD) al Sistema de la Integraci\u00f3n de Centroamericana (SICA), debatirlo y presentar el estudio para su posterior aprobaci\u00f3n, fue el tema central en la primera mesa de trabajo que se desarroll\u00f3 en el IV Encuentro de Gestores de la Seguridad Social, que se celebra en La Antigua Guatemala, Sacatep\u00e9quez.<\/p>\n\n\n\n<p>La reuni\u00f3n cont\u00f3, en su mayor\u00eda, con la participaci\u00f3n presencial de las comitivas en materia de Seguridad Social de El Salvador, Honduras, Costa Rica, Belice, Panam\u00e1, Rep\u00fablica Dominicana y Guatemala, liderada por el Instituto Guatemalteco de Seguridad Social (IGSS), cuyo presidente de la Junta Directiva, licenciado Jos\u00e9 Adolfo Flamenco Jau, ostenta la Presidencia pro tempore de la CISSCAD.<\/p>\n<blockquote>\n<p>\u201cTenemos el compromiso de sacar adelante a la regi\u00f3n en materia de Seguridad Social\u201d. Lic. Jos\u00e9 Adolfo Flamenco Jau, presidente del IGSS y de la CISSCAD<\/p>\n<\/blockquote>\n<p>Previo a las exposiciones de la agenda, en el acto inaugural el licenciado Flamenco expres\u00f3 su alegr\u00eda por tener la presencia f\u00edsica de los invitados, luego de dos a\u00f1os de reuniones virtuales que oblig\u00f3 la pandemia del COVID-19.<\/p>\n<p>\u201cTenemos el compromiso de sacar adelante a la regi\u00f3n en materia de Seguridad Social, aprovechemos estos d\u00edas para revisar estatutos e implementar modelos para ingresar al SICA y posicionar a nuestras instituciones\u201d, dijo el presidente del IGSS y del CISSCAD.<\/p>\n<p><a href=\"\/wp-content\/uploads\/sites\/5\/2022\/03\/IV-Reunion-de-Gestores-CISCADD-IGSS-Guatemala-03.jpg\"><img loading=\"lazy\" decoding=\"async\" class=\"alignnone size-full wp-image-25704\" src=\"\/wp-content\/uploads\/sites\/5\/2022\/03\/IV-Reunion-de-Gestores-CISCADD-IGSS-Guatemala-03.jpg\" alt=\"\" width=\"1599\" height=\"1066\" srcset=\"\/wp-content\/uploads\/sites\/5\/2022\/03\/IV-Reunion-de-Gestores-CISCADD-IGSS-Guatemala-03.jpg 1599w, \/wp-content\/uploads\/sites\/5\/2022\/03\/IV-Reunion-de-Gestores-CISCADD-IGSS-Guatemala-03-300x200.jpg 300w, \/wp-content\/uploads\/sites\/5\/2022\/03\/IV-Reunion-de-Gestores-CISCADD-IGSS-Guatemala-03-768x512.jpg 768w, \/wp-content\/uploads\/sites\/5\/2022\/03\/IV-Reunion-de-Gestores-CISCADD-IGSS-Guatemala-03-1024x683.jpg 1024w, \/wp-content\/uploads\/sites\/5\/2022\/03\/IV-Reunion-de-Gestores-CISCADD-IGSS-Guatemala-03-1536x1024.jpg 1536w, \/wp-content\/uploads\/sites\/5\/2022\/03\/IV-Reunion-de-Gestores-CISCADD-IGSS-Guatemala-03-630x420.jpg 630w, \/wp-content\/uploads\/sites\/5\/2022\/03\/IV-Reunion-de-Gestores-CISCADD-IGSS-Guatemala-03-696x464.jpg 696w, \/wp-content\/uploads\/sites\/5\/2022\/03\/IV-Reunion-de-Gestores-CISCADD-IGSS-Guatemala-03-1068x712.jpg 1068w, \/wp-content\/uploads\/sites\/5\/2022\/03\/IV-Reunion-de-Gestores-CISCADD-IGSS-Guatemala-03-534x356.jpg 534w\" sizes=\"auto, (max-width: 1599px) 100vw, 1599px\" \/><\/a><\/p>\n<p>La doctora Ana Marilyn Ort\u00edz Ru\u00edz de Juarez, gerente del IGSS, hizo referencia a los encuentros anteriores y en ese contexto destac\u00f3 la importancia de la Seguridad Social durante la pandemia.<\/p>\n<p>\u201cHoy hay una gran diferencia entre una persona asegurada y una que no lo est\u00e1, porque no solo se trata de salud. Est\u00e1 la parte de prestaci\u00f3n en dinero, muchas personas est\u00e1n siendo afectadas econ\u00f3micamente por el COVID-19\u201d, resalt\u00f3 en su discurso.<\/p>\n<figure id=\"attachment_25789\" aria-describedby=\"caption-attachment-25789\" style=\"width: 453px\" class=\"wp-caption alignright\"><a href=\"\/wp-content\/uploads\/sites\/5\/2022\/03\/Dr-Juan-Carlos-Ulloa-El-Salvador.jpg\"><img loading=\"lazy\" decoding=\"async\" class=\"wp-image-25789 \" src=\"\/wp-content\/uploads\/sites\/5\/2022\/03\/Dr-Juan-Carlos-Ulloa-El-Salvador.jpg\" alt=\"\" width=\"453\" height=\"302\" srcset=\"\/wp-content\/uploads\/sites\/5\/2022\/03\/Dr-Juan-Carlos-Ulloa-El-Salvador.jpg 1599w, \/wp-content\/uploads\/sites\/5\/2022\/03\/Dr-Juan-Carlos-Ulloa-El-Salvador-300x200.jpg 300w, \/wp-content\/uploads\/sites\/5\/2022\/03\/Dr-Juan-Carlos-Ulloa-El-Salvador-768x512.jpg 768w, \/wp-content\/uploads\/sites\/5\/2022\/03\/Dr-Juan-Carlos-Ulloa-El-Salvador-1024x683.jpg 1024w, \/wp-content\/uploads\/sites\/5\/2022\/03\/Dr-Juan-Carlos-Ulloa-El-Salvador-1536x1024.jpg 1536w, \/wp-content\/uploads\/sites\/5\/2022\/03\/Dr-Juan-Carlos-Ulloa-El-Salvador-630x420.jpg 630w, \/wp-content\/uploads\/sites\/5\/2022\/03\/Dr-Juan-Carlos-Ulloa-El-Salvador-696x464.jpg 696w, \/wp-content\/uploads\/sites\/5\/2022\/03\/Dr-Juan-Carlos-Ulloa-El-Salvador-1068x712.jpg 1068w, \/wp-content\/uploads\/sites\/5\/2022\/03\/Dr-Juan-Carlos-Ulloa-El-Salvador-534x356.jpg 534w\" sizes=\"auto, (max-width: 453px) 100vw, 453px\" \/><\/a><figcaption id=\"caption-attachment-25789\" class=\"wp-caption-text\">El Dr. Juan Carlos Ulloa presenta el proceso de incorporaci\u00f3n plena del CISSCAD al SICA durante el IV Encuentro de Gestores de la Seguridad Social.<\/figcaption><\/figure>\n<p>A\u00f1adi\u00f3 que se debe mejorar la atenci\u00f3n integral de los derechohabientes en la regi\u00f3n. \u201cTenemos que unirnos, transformarnos y adaptarnos para mejorar la atenci\u00f3n de los derechohabientes sin importar el pa\u00eds en donde nos encontremos\u201d, finaliz\u00f3.<\/p>\n<p>La fecha inaugural cont\u00f3 con nueve exposiciones y en la parte final se conformaron grupos de trabajo que discutieron y dieron forma a una Pol\u00edtica Regional de Seguridad Social, la que ser\u00e1 analizada y posiblemente aprobada en la Asamblea Ordinaria del CISSCAD, que se efectuar\u00e1 \u00a0el viernes 18 de marzo.<\/p>\n<blockquote>\n<p>\u201cHoy hay una gran diferencia entre una persona asegurada y una que no lo est\u00e1. Est\u00e1 la parte de prestaci\u00f3n en dinero que afecta a las personas\u201d. Doctora Ana Marilyn Ort\u00edz Ru\u00edz de Juarez, gerente del IGSS<\/p>\n<\/blockquote>\n<p>Para el segundo d\u00eda de actividades, el IV Encuentro de Gestores de la Seguridad Social pondr\u00e1 sobre la mesa, entre otros, el tema \u201cAporte de la cooperaci\u00f3n internacional para el fortalecimiento del CISSCAD en la implementaci\u00f3n de la Pol\u00edtica Regional de la Seguridad Social\u201d, en la que se revisar\u00e1n los estatutos del CISSCAD para la armonizaci\u00f3n con la normativa del SICA.<\/p>\n<p>Los eventos de CISSCAD se realizan en la sede del Centro de Formaci\u00f3n de la Cooperaci\u00f3n Espa\u00f1ola en La Antigua Guatemala.<\/p>\n<p><iframe loading=\"lazy\" title=\"IV Encuentro de Gestores de la Seguridad Social CISSCAD\" width=\"696\" height=\"392\" src=\"https:\/\/www.youtube.com\/embed\/dZX27_LAwfo?feature=oembed\" frameborder=\"0\" allow=\"accelerometer; autoplay; clipboard-write; encrypted-media; gyroscope; picture-in-picture\" allowfullscreen><\/iframe><\/p>\n\r\n                <style type=\"text\/css\">\r\n                    \r\n                    #tdi_1  .td-doubleSlider-2 .td-item1 {\r\n                        background: url(\/wp-content\/uploads\/sites\/5\/2022\/03\/IV-Reunion-de-gestores-CISSCAD-IGSS-2022-12-80x60.jpg) 0 0 no-repeat;\r\n                    }\r\n                    #tdi_1  .td-doubleSlider-2 .td-item2 {\r\n                        background: url(\/wp-content\/uploads\/sites\/5\/2022\/03\/IV-Reunion-de-gestores-CISSCAD-IGSS-2022-10-80x60.jpg) 0 0 no-repeat;\r\n                    }\r\n                    #tdi_1  .td-doubleSlider-2 .td-item3 {\r\n                        background: url(\/wp-content\/uploads\/sites\/5\/2022\/03\/IV-Reunion-de-gestores-CISSCAD-IGSS-2022-11-80x60.jpg) 0 0 no-repeat;\r\n                    }\r\n                    #tdi_1  .td-doubleSlider-2 .td-item4 {\r\n                        background: url(\/wp-content\/uploads\/sites\/5\/2022\/03\/IV-Reunion-de-gestores-CISSCAD-IGSS-2022-6-80x60.jpg) 0 0 no-repeat;\r\n                    }\r\n                    #tdi_1  .td-doubleSlider-2 .td-item5 {\r\n                        background: url(\/wp-content\/uploads\/sites\/5\/2022\/03\/IV-Reunion-de-gestores-CISSCAD-IGSS-2022-8-80x60.jpg) 0 0 no-repeat;\r\n                    }\r\n                    #tdi_1  .td-doubleSlider-2 .td-item6 {\r\n                        background: url(\/wp-content\/uploads\/sites\/5\/2022\/03\/IV-Reunion-de-gestores-CISSCAD-IGSS-2022-7-80x60.jpg) 0 0 no-repeat;\r\n                    }\r\n                    #tdi_1  .td-doubleSlider-2 .td-item7 {\r\n                        background: url(\/wp-content\/uploads\/sites\/5\/2022\/03\/IV-Reunion-de-gestores-CISSCAD-IGSS-2022-9-80x60.jpg) 0 0 no-repeat;\r\n                    }\r\n                <\/style>\r\n\r\n                <div id=\"tdi_1\" class=\"td-gallery td-slide-on-2-columns\">\r\n                    <div class=\"post_td_gallery\">\r\n                        <div class=\"td-gallery-slide-top\">\r\n                           <div class=\"td-gallery-title\">Galer\u00eda de Im\u00e1genes<\/div>\r\n\r\n                            <div class=\"td-gallery-controls-wrapper\">\r\n                                <div class=\"td-gallery-slide-count\"><span class=\"td-gallery-slide-item-focus\">1<\/span> de 7<\/div>\r\n                                <div class=\"td-gallery-slide-prev-next-but\">\r\n                                    <i class = \"td-icon-left doubleSliderPrevButton\"><\/i>\r\n                                    <i class = \"td-icon-right doubleSliderNextButton\"><\/i>\r\n                                <\/div>\r\n                            <\/div>\r\n                        <\/div>\r\n\r\n                        <div class = \"td-doubleSlider-1 \">\r\n                            <div class = \"td-slider\">\r\n                                \r\n                    <div class = \"td-slide-item td-item1\">\r\n                        <figure class=\"td-slide-galery-figure td-slide-popup-gallery\">\r\n                            <a class=\"slide-gallery-image-link\" href=\"\/wp-content\/uploads\/sites\/5\/2022\/03\/IV-Reunion-de-gestores-CISSCAD-IGSS-2022-12.jpg\" title=\"IV Reunion de gestores CISSCAD IGSS 2022-12\"  data-caption=\"\"  data-description=\"\">\r\n                                <img decoding=\"async\" src=\"\/wp-content\/uploads\/sites\/5\/2022\/03\/IV-Reunion-de-gestores-CISSCAD-IGSS-2022-12-630x420.jpg\" srcset=\"\/wp-content\/uploads\/sites\/5\/2022\/03\/IV-Reunion-de-gestores-CISSCAD-IGSS-2022-12-630x420.jpg 630w, \/wp-content\/uploads\/sites\/5\/2022\/03\/IV-Reunion-de-gestores-CISSCAD-IGSS-2022-12-300x200.jpg 300w, \/wp-content\/uploads\/sites\/5\/2022\/03\/IV-Reunion-de-gestores-CISSCAD-IGSS-2022-12-768x512.jpg 768w, \/wp-content\/uploads\/sites\/5\/2022\/03\/IV-Reunion-de-gestores-CISSCAD-IGSS-2022-12-1024x683.jpg 1024w, \/wp-content\/uploads\/sites\/5\/2022\/03\/IV-Reunion-de-gestores-CISSCAD-IGSS-2022-12-1536x1024.jpg 1536w, \/wp-content\/uploads\/sites\/5\/2022\/03\/IV-Reunion-de-gestores-CISSCAD-IGSS-2022-12-696x464.jpg 696w, \/wp-content\/uploads\/sites\/5\/2022\/03\/IV-Reunion-de-gestores-CISSCAD-IGSS-2022-12-1068x712.jpg 1068w, \/wp-content\/uploads\/sites\/5\/2022\/03\/IV-Reunion-de-gestores-CISSCAD-IGSS-2022-12-534x356.jpg 534w, \/wp-content\/uploads\/sites\/5\/2022\/03\/IV-Reunion-de-gestores-CISSCAD-IGSS-2022-12.jpg 1599w\" sizes=\"(max-width: 630px) 100vw, 630px\" alt=\"\">\r\n                            <\/a>\r\n                            \r\n                        <\/figure>\r\n                    <\/div>\r\n                    <div class = \"td-slide-item td-item2\">\r\n                        <figure class=\"td-slide-galery-figure td-slide-popup-gallery\">\r\n                            <a class=\"slide-gallery-image-link\" href=\"\/wp-content\/uploads\/sites\/5\/2022\/03\/IV-Reunion-de-gestores-CISSCAD-IGSS-2022-10.jpg\" title=\"IV Reunion de gestores CISSCAD IGSS 2022-10\"  data-caption=\"\"  data-description=\"\">\r\n                                <img decoding=\"async\" src=\"\/wp-content\/uploads\/sites\/5\/2022\/03\/IV-Reunion-de-gestores-CISSCAD-IGSS-2022-10-630x420.jpg\" srcset=\"\/wp-content\/uploads\/sites\/5\/2022\/03\/IV-Reunion-de-gestores-CISSCAD-IGSS-2022-10-630x420.jpg 630w, \/wp-content\/uploads\/sites\/5\/2022\/03\/IV-Reunion-de-gestores-CISSCAD-IGSS-2022-10-300x200.jpg 300w, \/wp-content\/uploads\/sites\/5\/2022\/03\/IV-Reunion-de-gestores-CISSCAD-IGSS-2022-10-768x512.jpg 768w, \/wp-content\/uploads\/sites\/5\/2022\/03\/IV-Reunion-de-gestores-CISSCAD-IGSS-2022-10-1024x683.jpg 1024w, \/wp-content\/uploads\/sites\/5\/2022\/03\/IV-Reunion-de-gestores-CISSCAD-IGSS-2022-10-1536x1024.jpg 1536w, \/wp-content\/uploads\/sites\/5\/2022\/03\/IV-Reunion-de-gestores-CISSCAD-IGSS-2022-10-696x464.jpg 696w, \/wp-content\/uploads\/sites\/5\/2022\/03\/IV-Reunion-de-gestores-CISSCAD-IGSS-2022-10-1068x712.jpg 1068w, \/wp-content\/uploads\/sites\/5\/2022\/03\/IV-Reunion-de-gestores-CISSCAD-IGSS-2022-10-534x356.jpg 534w, \/wp-content\/uploads\/sites\/5\/2022\/03\/IV-Reunion-de-gestores-CISSCAD-IGSS-2022-10.jpg 1599w\" sizes=\"(max-width: 630px) 100vw, 630px\" alt=\"\">\r\n                            <\/a>\r\n                            \r\n                        <\/figure>\r\n                    <\/div>\r\n                    <div class = \"td-slide-item td-item3\">\r\n                        <figure class=\"td-slide-galery-figure td-slide-popup-gallery\">\r\n                            <a class=\"slide-gallery-image-link\" href=\"\/wp-content\/uploads\/sites\/5\/2022\/03\/IV-Reunion-de-gestores-CISSCAD-IGSS-2022-11.jpg\" title=\"IV Reunion de gestores CISSCAD IGSS 2022-11\"  data-caption=\"\"  data-description=\"\">\r\n                                <img decoding=\"async\" src=\"\/wp-content\/uploads\/sites\/5\/2022\/03\/IV-Reunion-de-gestores-CISSCAD-IGSS-2022-11-630x420.jpg\" srcset=\"\/wp-content\/uploads\/sites\/5\/2022\/03\/IV-Reunion-de-gestores-CISSCAD-IGSS-2022-11-630x420.jpg 630w, \/wp-content\/uploads\/sites\/5\/2022\/03\/IV-Reunion-de-gestores-CISSCAD-IGSS-2022-11-300x200.jpg 300w, \/wp-content\/uploads\/sites\/5\/2022\/03\/IV-Reunion-de-gestores-CISSCAD-IGSS-2022-11-768x512.jpg 768w, \/wp-content\/uploads\/sites\/5\/2022\/03\/IV-Reunion-de-gestores-CISSCAD-IGSS-2022-11-1024x683.jpg 1024w, \/wp-content\/uploads\/sites\/5\/2022\/03\/IV-Reunion-de-gestores-CISSCAD-IGSS-2022-11-1536x1024.jpg 1536w, \/wp-content\/uploads\/sites\/5\/2022\/03\/IV-Reunion-de-gestores-CISSCAD-IGSS-2022-11-696x464.jpg 696w, \/wp-content\/uploads\/sites\/5\/2022\/03\/IV-Reunion-de-gestores-CISSCAD-IGSS-2022-11-1068x712.jpg 1068w, \/wp-content\/uploads\/sites\/5\/2022\/03\/IV-Reunion-de-gestores-CISSCAD-IGSS-2022-11-534x356.jpg 534w, \/wp-content\/uploads\/sites\/5\/2022\/03\/IV-Reunion-de-gestores-CISSCAD-IGSS-2022-11.jpg 1599w\" sizes=\"(max-width: 630px) 100vw, 630px\" alt=\"\">\r\n                            <\/a>\r\n                            \r\n                        <\/figure>\r\n                    <\/div>\r\n                    <div class = \"td-slide-item td-item4\">\r\n                        <figure class=\"td-slide-galery-figure td-slide-popup-gallery\">\r\n                            <a class=\"slide-gallery-image-link\" href=\"\/wp-content\/uploads\/sites\/5\/2022\/03\/IV-Reunion-de-gestores-CISSCAD-IGSS-2022-6.jpg\" title=\"IV Reunion de gestores CISSCAD IGSS 2022-6\"  data-caption=\"\"  data-description=\"\">\r\n                                <img decoding=\"async\" src=\"\/wp-content\/uploads\/sites\/5\/2022\/03\/IV-Reunion-de-gestores-CISSCAD-IGSS-2022-6-630x420.jpg\" srcset=\"\/wp-content\/uploads\/sites\/5\/2022\/03\/IV-Reunion-de-gestores-CISSCAD-IGSS-2022-6-630x420.jpg 630w, \/wp-content\/uploads\/sites\/5\/2022\/03\/IV-Reunion-de-gestores-CISSCAD-IGSS-2022-6-300x200.jpg 300w, \/wp-content\/uploads\/sites\/5\/2022\/03\/IV-Reunion-de-gestores-CISSCAD-IGSS-2022-6-768x512.jpg 768w, \/wp-content\/uploads\/sites\/5\/2022\/03\/IV-Reunion-de-gestores-CISSCAD-IGSS-2022-6-1024x683.jpg 1024w, \/wp-content\/uploads\/sites\/5\/2022\/03\/IV-Reunion-de-gestores-CISSCAD-IGSS-2022-6-1536x1024.jpg 1536w, \/wp-content\/uploads\/sites\/5\/2022\/03\/IV-Reunion-de-gestores-CISSCAD-IGSS-2022-6-696x464.jpg 696w, \/wp-content\/uploads\/sites\/5\/2022\/03\/IV-Reunion-de-gestores-CISSCAD-IGSS-2022-6-1068x712.jpg 1068w, \/wp-content\/uploads\/sites\/5\/2022\/03\/IV-Reunion-de-gestores-CISSCAD-IGSS-2022-6-534x356.jpg 534w, \/wp-content\/uploads\/sites\/5\/2022\/03\/IV-Reunion-de-gestores-CISSCAD-IGSS-2022-6.jpg 1599w\" sizes=\"(max-width: 630px) 100vw, 630px\" alt=\"\">\r\n                            <\/a>\r\n                            \r\n                        <\/figure>\r\n                    <\/div>\r\n                    <div class = \"td-slide-item td-item5\">\r\n                        <figure class=\"td-slide-galery-figure td-slide-popup-gallery\">\r\n                            <a class=\"slide-gallery-image-link\" href=\"\/wp-content\/uploads\/sites\/5\/2022\/03\/IV-Reunion-de-gestores-CISSCAD-IGSS-2022-8.jpg\" title=\"IV Reunion de gestores CISSCAD IGSS 2022-8\"  data-caption=\"\"  data-description=\"\">\r\n                                <img decoding=\"async\" src=\"\/wp-content\/uploads\/sites\/5\/2022\/03\/IV-Reunion-de-gestores-CISSCAD-IGSS-2022-8-630x420.jpg\" srcset=\"\/wp-content\/uploads\/sites\/5\/2022\/03\/IV-Reunion-de-gestores-CISSCAD-IGSS-2022-8-630x420.jpg 630w, \/wp-content\/uploads\/sites\/5\/2022\/03\/IV-Reunion-de-gestores-CISSCAD-IGSS-2022-8-300x200.jpg 300w, \/wp-content\/uploads\/sites\/5\/2022\/03\/IV-Reunion-de-gestores-CISSCAD-IGSS-2022-8-768x512.jpg 768w, \/wp-content\/uploads\/sites\/5\/2022\/03\/IV-Reunion-de-gestores-CISSCAD-IGSS-2022-8-1024x683.jpg 1024w, \/wp-content\/uploads\/sites\/5\/2022\/03\/IV-Reunion-de-gestores-CISSCAD-IGSS-2022-8-1536x1024.jpg 1536w, \/wp-content\/uploads\/sites\/5\/2022\/03\/IV-Reunion-de-gestores-CISSCAD-IGSS-2022-8-696x464.jpg 696w, \/wp-content\/uploads\/sites\/5\/2022\/03\/IV-Reunion-de-gestores-CISSCAD-IGSS-2022-8-1068x712.jpg 1068w, \/wp-content\/uploads\/sites\/5\/2022\/03\/IV-Reunion-de-gestores-CISSCAD-IGSS-2022-8-534x356.jpg 534w, \/wp-content\/uploads\/sites\/5\/2022\/03\/IV-Reunion-de-gestores-CISSCAD-IGSS-2022-8.jpg 1599w\" sizes=\"(max-width: 630px) 100vw, 630px\" alt=\"\">\r\n                            <\/a>\r\n                            \r\n                        <\/figure>\r\n                    <\/div>\r\n                    <div class = \"td-slide-item td-item6\">\r\n                        <figure class=\"td-slide-galery-figure td-slide-popup-gallery\">\r\n                            <a class=\"slide-gallery-image-link\" href=\"\/wp-content\/uploads\/sites\/5\/2022\/03\/IV-Reunion-de-gestores-CISSCAD-IGSS-2022-7.jpg\" title=\"IV Reunion de gestores CISSCAD IGSS 2022-7\"  data-caption=\"\"  data-description=\"\">\r\n                                <img decoding=\"async\" src=\"\/wp-content\/uploads\/sites\/5\/2022\/03\/IV-Reunion-de-gestores-CISSCAD-IGSS-2022-7-630x420.jpg\" srcset=\"\/wp-content\/uploads\/sites\/5\/2022\/03\/IV-Reunion-de-gestores-CISSCAD-IGSS-2022-7-630x420.jpg 630w, \/wp-content\/uploads\/sites\/5\/2022\/03\/IV-Reunion-de-gestores-CISSCAD-IGSS-2022-7-300x200.jpg 300w, \/wp-content\/uploads\/sites\/5\/2022\/03\/IV-Reunion-de-gestores-CISSCAD-IGSS-2022-7-768x512.jpg 768w, \/wp-content\/uploads\/sites\/5\/2022\/03\/IV-Reunion-de-gestores-CISSCAD-IGSS-2022-7-1024x682.jpg 1024w, \/wp-content\/uploads\/sites\/5\/2022\/03\/IV-Reunion-de-gestores-CISSCAD-IGSS-2022-7-696x464.jpg 696w, \/wp-content\/uploads\/sites\/5\/2022\/03\/IV-Reunion-de-gestores-CISSCAD-IGSS-2022-7-1068x712.jpg 1068w, \/wp-content\/uploads\/sites\/5\/2022\/03\/IV-Reunion-de-gestores-CISSCAD-IGSS-2022-7-534x356.jpg 534w, \/wp-content\/uploads\/sites\/5\/2022\/03\/IV-Reunion-de-gestores-CISSCAD-IGSS-2022-7.jpg 1280w\" sizes=\"(max-width: 630px) 100vw, 630px\" alt=\"\">\r\n                            <\/a>\r\n                            \r\n                        <\/figure>\r\n                    <\/div>\r\n                    <div class = \"td-slide-item td-item7\">\r\n                        <figure class=\"td-slide-galery-figure td-slide-popup-gallery\">\r\n                            <a class=\"slide-gallery-image-link\" href=\"\/wp-content\/uploads\/sites\/5\/2022\/03\/IV-Reunion-de-gestores-CISSCAD-IGSS-2022-9.jpg\" title=\"IV Reunion de gestores CISSCAD IGSS 2022-9\"  data-caption=\"\"  data-description=\"\">\r\n                                <img decoding=\"async\" src=\"\/wp-content\/uploads\/sites\/5\/2022\/03\/IV-Reunion-de-gestores-CISSCAD-IGSS-2022-9-630x420.jpg\" srcset=\"\/wp-content\/uploads\/sites\/5\/2022\/03\/IV-Reunion-de-gestores-CISSCAD-IGSS-2022-9-630x420.jpg 630w, \/wp-content\/uploads\/sites\/5\/2022\/03\/IV-Reunion-de-gestores-CISSCAD-IGSS-2022-9-300x200.jpg 300w, \/wp-content\/uploads\/sites\/5\/2022\/03\/IV-Reunion-de-gestores-CISSCAD-IGSS-2022-9-768x512.jpg 768w, \/wp-content\/uploads\/sites\/5\/2022\/03\/IV-Reunion-de-gestores-CISSCAD-IGSS-2022-9-1024x683.jpg 1024w, \/wp-content\/uploads\/sites\/5\/2022\/03\/IV-Reunion-de-gestores-CISSCAD-IGSS-2022-9-1536x1024.jpg 1536w, \/wp-content\/uploads\/sites\/5\/2022\/03\/IV-Reunion-de-gestores-CISSCAD-IGSS-2022-9-696x464.jpg 696w, \/wp-content\/uploads\/sites\/5\/2022\/03\/IV-Reunion-de-gestores-CISSCAD-IGSS-2022-9-1068x712.jpg 1068w, \/wp-content\/uploads\/sites\/5\/2022\/03\/IV-Reunion-de-gestores-CISSCAD-IGSS-2022-9-534x356.jpg 534w, \/wp-content\/uploads\/sites\/5\/2022\/03\/IV-Reunion-de-gestores-CISSCAD-IGSS-2022-9.jpg 1599w\" sizes=\"(max-width: 630px) 100vw, 630px\" alt=\"\">\r\n                            <\/a>\r\n                            \r\n                        <\/figure>\r\n                    <\/div>\r\n                            <\/div>\r\n                        <\/div>\r\n\r\n                        <div class = \"td-doubleSlider-2\">\r\n                            <div class = \"td-slider\">\r\n                                \r\n                    <div class = \"td-button td-item1\">\r\n                        <div class = \"td-border\"><\/div>\r\n                    <\/div>\r\n                    <div class = \"td-button td-item2\">\r\n                        <div class = \"td-border\"><\/div>\r\n                    <\/div>\r\n                    <div class = \"td-button td-item3\">\r\n                        <div class = \"td-border\"><\/div>\r\n                    <\/div>\r\n                    <div class = \"td-button td-item4\">\r\n                        <div class = \"td-border\"><\/div>\r\n                    <\/div>\r\n                    <div class = \"td-button td-item5\">\r\n                        <div class = \"td-border\"><\/div>\r\n                    <\/div>\r\n                    <div class = \"td-button td-item6\">\r\n                        <div class = \"td-border\"><\/div>\r\n                    <\/div>\r\n                    <div class = \"td-button td-item7\">\r\n                        <div class = \"td-border\"><\/div>\r\n                    <\/div>\r\n                            <\/div>\r\n                        <\/div>\r\n\r\n                    <\/div>\r\n\r\n                <\/div>\r\n                \n","protected":false},"excerpt":{"rendered":"<p>Conocer el proceso de incorporaci\u00f3n del Consejo de Instituciones de Seguridad Social de Centroam\u00e9rica y Rep\u00fablica Dominicana (CISSCAD) al Sistema de la Integraci\u00f3n de Centroamericana (SICA), debatirlo y presentar el estudio para su posterior aprobaci\u00f3n, fue el tema central en la primera mesa de trabajo que se desarroll\u00f3 en el IV Encuentro de Gestores de [&hellip;]<\/p>\n","protected":false},"author":4,"featured_media":25720,"comment_status":"closed","ping_status":"closed","sticky":false,"template":"","format":"standard","meta":{"footnotes":""},"categories":[3,11],"tags":[117,178],"coauthors":[881],"class_list":{"0":"post-25697","1":"post","2":"type-post","3":"status-publish","4":"format-standard","5":"has-post-thumbnail","7":"category-actualidad","8":"category-cisscad","9":"tag-antigua-guatemala","10":"tag-cisscad"},"_links":{"self":[{"href":"https:\/\/www.igssgt.org\/noticias\/wp-json\/wp\/v2\/posts\/25697","targetHints":{"allow":["GET"]}}],"collection":[{"href":"https:\/\/www.igssgt.org\/noticias\/wp-json\/wp\/v2\/posts"}],"about":[{"href":"https:\/\/www.igssgt.org\/noticias\/wp-json\/wp\/v2\/types\/post"}],"author":[{"embeddable":true,"href":"https:\/\/www.igssgt.org\/noticias\/wp-json\/wp\/v2\/users\/4"}],"replies":[{"embeddable":true,"href":"https:\/\/www.igssgt.org\/noticias\/wp-json\/wp\/v2\/comments?post=25697"}],"version-history":[{"count":16,"href":"https:\/\/www.igssgt.org\/noticias\/wp-json\/wp\/v2\/posts\/25697\/revisions"}],"predecessor-version":[{"id":25796,"href":"https:\/\/www.igssgt.org\/noticias\/wp-json\/wp\/v2\/posts\/25697\/revisions\/25796"}],"wp:featuredmedia":[{"embeddable":true,"href":"https:\/\/www.igssgt.org\/noticias\/wp-json\/wp\/v2\/media\/25720"}],"wp:attachment":[{"href":"https:\/\/www.igssgt.org\/noticias\/wp-json\/wp\/v2\/media?parent=25697"}],"wp:term":[{"taxonomy":"category","embeddable":true,"href":"https:\/\/www.igssgt.org\/noticias\/wp-json\/wp\/v2\/categories?post=25697"},{"taxonomy":"post_tag","embeddable":true,"href":"https:\/\/www.igssgt.org\/noticias\/wp-json\/wp\/v2\/tags?post=25697"},{"taxonomy":"author","embeddable":true,"href":"https:\/\/www.igssgt.org\/noticias\/wp-json\/wp\/v2\/coauthors?post=25697"}],"curies":[{"name":"wp","href":"https:\/\/api.w.org\/{rel}","templated":true}]}}