{"id":26287,"date":"2022-04-08T11:45:37","date_gmt":"2022-04-08T17:45:37","guid":{"rendered":"https:\/\/www.igssgt.org\/noticias\/?p=26287"},"modified":"2022-04-08T11:56:58","modified_gmt":"2022-04-08T17:56:58","slug":"el-igss-busca-la-inclusion-de-ninos-con-discapacidad","status":"publish","type":"post","link":"https:\/\/www.igssgt.org\/noticias\/2022\/04\/08\/el-igss-busca-la-inclusion-de-ninos-con-discapacidad\/","title":{"rendered":"El IGSS busca la inclusi\u00f3n de ni\u00f1os con discapacidad"},"content":{"rendered":"\n<p class=\"has-drop-cap\">El Hospital de Rehabilitaci\u00f3n del IGSS, ubicado en Colinas de Pamplona, zona 12 de la capital, realiz\u00f3 el Primer Festival para Ni\u00f1os con Discapacidad para incentivar e incursionar a los peque\u00f1os en las\u00a0diversas actividades deportivas, esto en conmemoraci\u00f3n al D\u00eda Mundial de la Actividad F\u00edsica.<\/p>\n\n\n\n<p>La doctora Karina Rodr\u00edguez, directora de dicho hospital, dijo que el paradeporte debe empezar desde la ni\u00f1ez para trabajar una mejora condici\u00f3n f\u00edsica, les ayudar\u00e1 a mejorar y mantener su movilidad, flexibilidad y coordinaci\u00f3n, el fin es que se sientan incluidos y que puedan participar en actividades deportivas.<\/p>\n<p><a href=\"https:\/\/www.igssgt.org\/noticias\/2022\/04\/08\/el-igss-busca-la-inclusion-de-ninos-con-discapacidad\/el-igss-busca-la-inclusion-de-nin%cc%83os-con-discapacidad-8\/\" rel=\"attachment wp-att-26301\"><img loading=\"lazy\" decoding=\"async\" class=\"alignnone size-full wp-image-26301\" src=\"\/wp-content\/uploads\/sites\/5\/2022\/04\/El-IGSS-busca-la-inclusio\u0301n-de-nin\u0303os-con-discapacidad-8.jpg\" alt=\"\" width=\"1600\" height=\"1200\" srcset=\"\/wp-content\/uploads\/sites\/5\/2022\/04\/El-IGSS-busca-la-inclusio\u0301n-de-nin\u0303os-con-discapacidad-8.jpg 1600w, \/wp-content\/uploads\/sites\/5\/2022\/04\/El-IGSS-busca-la-inclusio\u0301n-de-nin\u0303os-con-discapacidad-8-300x225.jpg 300w, \/wp-content\/uploads\/sites\/5\/2022\/04\/El-IGSS-busca-la-inclusio\u0301n-de-nin\u0303os-con-discapacidad-8-768x576.jpg 768w, \/wp-content\/uploads\/sites\/5\/2022\/04\/El-IGSS-busca-la-inclusio\u0301n-de-nin\u0303os-con-discapacidad-8-1024x768.jpg 1024w, \/wp-content\/uploads\/sites\/5\/2022\/04\/El-IGSS-busca-la-inclusio\u0301n-de-nin\u0303os-con-discapacidad-8-1536x1152.jpg 1536w, \/wp-content\/uploads\/sites\/5\/2022\/04\/El-IGSS-busca-la-inclusio\u0301n-de-nin\u0303os-con-discapacidad-8-560x420.jpg 560w, \/wp-content\/uploads\/sites\/5\/2022\/04\/El-IGSS-busca-la-inclusio\u0301n-de-nin\u0303os-con-discapacidad-8-80x60.jpg 80w, \/wp-content\/uploads\/sites\/5\/2022\/04\/El-IGSS-busca-la-inclusio\u0301n-de-nin\u0303os-con-discapacidad-8-696x522.jpg 696w, \/wp-content\/uploads\/sites\/5\/2022\/04\/El-IGSS-busca-la-inclusio\u0301n-de-nin\u0303os-con-discapacidad-8-1068x801.jpg 1068w, \/wp-content\/uploads\/sites\/5\/2022\/04\/El-IGSS-busca-la-inclusio\u0301n-de-nin\u0303os-con-discapacidad-8-265x198.jpg 265w, \/wp-content\/uploads\/sites\/5\/2022\/04\/El-IGSS-busca-la-inclusio\u0301n-de-nin\u0303os-con-discapacidad-8-534x401.jpg 534w\" sizes=\"auto, (max-width: 1600px) 100vw, 1600px\" \/><\/a><\/p>\n<p>El festival se realiz\u00f3 por medio de una alianza estrat\u00e9gica con el Comit\u00e9 Paral\u00edmpico Guatemalteco y la Confederaci\u00f3n Deportiva Aut\u00f3noma de Guatemala, los que orientaron a la poblaci\u00f3n pedi\u00e1trica con discapacidad acompa\u00f1ados de sus pap\u00e1s&nbsp; a conocer, desarrollar y practicar el deporte &nbsp;como &nbsp;son los juegos de tenis, futbol, paracaidismo, b\u00e1dminton, voleibol y acondicionamiento f\u00edsico, entre otros.<\/p>\n<blockquote>\n<p>Estas actividades no solo ayudan al sistema locomotor de los peque\u00f1os sino tambi\u00e9n a trabajar en conjunto y divertirse.<\/p>\n<\/blockquote>\n<p>Todos los ni\u00f1os acompa\u00f1ados de sus padres realizaron las actividades deportivas y al final del evento recibieron una medalla significativa por la participaci\u00f3n que tuvieron en cada uno de los deportes.<\/p>\n<p>\u201cEn el a\u00f1o 2002 la Organizaci\u00f3n Mundial de la Salud hizo un llamado a los padres de familia, maestros y prestadores de salud para que los ni\u00f1os practiquen un deporte. La falta de movimiento hace que padezcan&nbsp; problemas de presi\u00f3n, az\u00facar alta y estr\u00e9s, padecimientos que se &nbsp;curan con realizar &nbsp;ejercicios. El movimiento es vida y &nbsp;energ\u00eda,\u201d destac\u00f3 la doctora Rodr\u00edguez.<\/p>\n<p><iframe loading=\"lazy\" title=\"D\u00eda Mundial de la Actividad F\u00edsica en el Hospital de Rehabilitaci\u00f3n\" width=\"696\" height=\"392\" src=\"https:\/\/www.youtube.com\/embed\/FXCt32gY1HY?feature=oembed\" frameborder=\"0\" allow=\"accelerometer; autoplay; clipboard-write; encrypted-media; gyroscope; picture-in-picture\" allowfullscreen><\/iframe><\/p>\n<h3><strong>Actividades de verano<\/strong><\/h3>\n<p>Durante el festival los ni\u00f1os tambi\u00e9n disfrutaron de las &nbsp;actividades de verano, donde los infantes con discapacidad jugaron al voleibol de playa, disfrutaron de la &nbsp;piscina de pelotas, &nbsp;hicieron pesca, jugaron en la arena y &nbsp;al final se dieron un buen chapuz\u00f3n en la piscina.<\/p>\n<p>Marlen Mendoza, madre de uno de los pacientes, dijo que estas actividades no solo ayudan al sistema locomotor de los peque\u00f1os sino tambi\u00e9n a trabajar en conjunto y divertirse.<\/p>\n<p>Al finalizar la jornada se realiz\u00f3 un encuentro futbol\u00edstico entre el equipo del Hospital de&nbsp; Rehabilitaci\u00f3n y la Asociaci\u00f3n Guatemalteca de Futbol para Amputados (AGUAFA), el marcador qued\u00f3 cuatro a tres a favor de la asociaci\u00f3n.<\/p>\n\n\n\n\r\n                <style type=\"text\/css\">\r\n                    \r\n                    #tdi_1  .td-doubleSlider-2 .td-item1 {\r\n                        background: url(\/wp-content\/uploads\/sites\/5\/2022\/04\/El-IGSS-busca-la-inclusio\u0301n-de-nin\u0303os-con-discapacidad-12-80x60.jpg) 0 0 no-repeat;\r\n                    }\r\n                    #tdi_1  .td-doubleSlider-2 .td-item2 {\r\n                        background: url(\/wp-content\/uploads\/sites\/5\/2022\/04\/El-IGSS-busca-la-inclusio\u0301n-de-nin\u0303os-con-discapacidad-4-80x60.jpg) 0 0 no-repeat;\r\n                    }\r\n                    #tdi_1  .td-doubleSlider-2 .td-item3 {\r\n                        background: url(\/wp-content\/uploads\/sites\/5\/2022\/04\/El-IGSS-busca-la-inclusio\u0301n-de-nin\u0303os-con-discapacidad-9-80x60.jpg) 0 0 no-repeat;\r\n                    }\r\n                    #tdi_1  .td-doubleSlider-2 .td-item4 {\r\n                        background: url(\/wp-content\/uploads\/sites\/5\/2022\/04\/El-IGSS-busca-la-inclusio\u0301n-de-nin\u0303os-con-discapacidad-11-80x60.jpg) 0 0 no-repeat;\r\n                    }\r\n                    #tdi_1  .td-doubleSlider-2 .td-item5 {\r\n                        background: url(\/wp-content\/uploads\/sites\/5\/2022\/04\/El-IGSS-busca-la-inclusio\u0301n-de-nin\u0303os-con-discapacidad-6-80x60.jpg) 0 0 no-repeat;\r\n                    }\r\n                    #tdi_1  .td-doubleSlider-2 .td-item6 {\r\n                        background: url(\/wp-content\/uploads\/sites\/5\/2022\/04\/El-IGSS-busca-la-inclusio\u0301n-de-nin\u0303os-con-discapacidad-14-80x60.jpg) 0 0 no-repeat;\r\n                    }\r\n                    #tdi_1  .td-doubleSlider-2 .td-item7 {\r\n                        background: url(\/wp-content\/uploads\/sites\/5\/2022\/04\/El-IGSS-busca-la-inclusio\u0301n-de-nin\u0303os-con-discapacidad-13-80x60.jpg) 0 0 no-repeat;\r\n                    }\r\n                    #tdi_1  .td-doubleSlider-2 .td-item8 {\r\n                        background: url(\/wp-content\/uploads\/sites\/5\/2022\/04\/El-IGSS-busca-la-inclusio\u0301n-de-nin\u0303os-con-discapacidad-10-80x60.jpg) 0 0 no-repeat;\r\n                    }\r\n                    #tdi_1  .td-doubleSlider-2 .td-item9 {\r\n                        background: url(\/wp-content\/uploads\/sites\/5\/2022\/04\/El-IGSS-busca-la-inclusio\u0301n-de-nin\u0303os-con-discapacidad-7-80x60.jpg) 0 0 no-repeat;\r\n                    }\r\n                    #tdi_1  .td-doubleSlider-2 .td-item10 {\r\n                        background: url(\/wp-content\/uploads\/sites\/5\/2022\/04\/El-IGSS-busca-la-inclusio\u0301n-de-nin\u0303os-con-discapacidad-5-80x60.jpg) 0 0 no-repeat;\r\n                    }\r\n                    #tdi_1  .td-doubleSlider-2 .td-item11 {\r\n                        background: url(\/wp-content\/uploads\/sites\/5\/2022\/04\/El-IGSS-busca-la-inclusio\u0301n-de-nin\u0303os-con-discapacidad-3-80x60.jpg) 0 0 no-repeat;\r\n                    }\r\n                    #tdi_1  .td-doubleSlider-2 .td-item12 {\r\n                        background: url(\/wp-content\/uploads\/sites\/5\/2022\/04\/El-IGSS-busca-la-inclusio\u0301n-de-nin\u0303os-con-discapacidad-2-80x60.jpg) 0 0 no-repeat;\r\n                    }\r\n                    #tdi_1  .td-doubleSlider-2 .td-item13 {\r\n                        background: url(\/wp-content\/uploads\/sites\/5\/2022\/04\/El-IGSS-busca-la-inclusio\u0301n-de-nin\u0303os-con-discapacidad-15-80x60.jpg) 0 0 no-repeat;\r\n                    }\r\n                <\/style>\r\n\r\n                <div id=\"tdi_1\" class=\"td-gallery td-slide-on-2-columns\">\r\n                    <div class=\"post_td_gallery\">\r\n                        <div class=\"td-gallery-slide-top\">\r\n                           <div class=\"td-gallery-title\"><\/div>\r\n\r\n                            <div class=\"td-gallery-controls-wrapper\">\r\n                                <div class=\"td-gallery-slide-count\"><span class=\"td-gallery-slide-item-focus\">1<\/span> de 13<\/div>\r\n                                <div class=\"td-gallery-slide-prev-next-but\">\r\n                                    <i class = \"td-icon-left doubleSliderPrevButton\"><\/i>\r\n                                    <i class = \"td-icon-right doubleSliderNextButton\"><\/i>\r\n                                <\/div>\r\n                            <\/div>\r\n                        <\/div>\r\n\r\n                        <div class = \"td-doubleSlider-1 \">\r\n                            <div class = \"td-slider\">\r\n                                \r\n                    <div class = \"td-slide-item td-item1\">\r\n                        <figure class=\"td-slide-galery-figure td-slide-popup-gallery\">\r\n                            <a class=\"slide-gallery-image-link\" href=\"\/wp-content\/uploads\/sites\/5\/2022\/04\/El-IGSS-busca-la-inclusio\u0301n-de-nin\u0303os-con-discapacidad-12.jpg\" title=\"El IGSS busca la inclusio\u0301n de nin\u0303os con discapacidad-12\"  data-caption=\"\"  data-description=\"\">\r\n                                <img decoding=\"async\" src=\"\/wp-content\/uploads\/sites\/5\/2022\/04\/El-IGSS-busca-la-inclusio\u0301n-de-nin\u0303os-con-discapacidad-12-560x420.jpg\" srcset=\"\/wp-content\/uploads\/sites\/5\/2022\/04\/El-IGSS-busca-la-inclusio\u0301n-de-nin\u0303os-con-discapacidad-12-560x420.jpg 560w, \/wp-content\/uploads\/sites\/5\/2022\/04\/El-IGSS-busca-la-inclusio\u0301n-de-nin\u0303os-con-discapacidad-12-300x225.jpg 300w, \/wp-content\/uploads\/sites\/5\/2022\/04\/El-IGSS-busca-la-inclusio\u0301n-de-nin\u0303os-con-discapacidad-12-768x576.jpg 768w, \/wp-content\/uploads\/sites\/5\/2022\/04\/El-IGSS-busca-la-inclusio\u0301n-de-nin\u0303os-con-discapacidad-12-1024x768.jpg 1024w, \/wp-content\/uploads\/sites\/5\/2022\/04\/El-IGSS-busca-la-inclusio\u0301n-de-nin\u0303os-con-discapacidad-12-1536x1152.jpg 1536w, \/wp-content\/uploads\/sites\/5\/2022\/04\/El-IGSS-busca-la-inclusio\u0301n-de-nin\u0303os-con-discapacidad-12-80x60.jpg 80w, \/wp-content\/uploads\/sites\/5\/2022\/04\/El-IGSS-busca-la-inclusio\u0301n-de-nin\u0303os-con-discapacidad-12-696x522.jpg 696w, \/wp-content\/uploads\/sites\/5\/2022\/04\/El-IGSS-busca-la-inclusio\u0301n-de-nin\u0303os-con-discapacidad-12-1068x801.jpg 1068w, \/wp-content\/uploads\/sites\/5\/2022\/04\/El-IGSS-busca-la-inclusio\u0301n-de-nin\u0303os-con-discapacidad-12-265x198.jpg 265w, \/wp-content\/uploads\/sites\/5\/2022\/04\/El-IGSS-busca-la-inclusio\u0301n-de-nin\u0303os-con-discapacidad-12-534x401.jpg 534w, \/wp-content\/uploads\/sites\/5\/2022\/04\/El-IGSS-busca-la-inclusio\u0301n-de-nin\u0303os-con-discapacidad-12.jpg 1600w\" sizes=\"(max-width: 560px) 100vw, 560px\" alt=\"\">\r\n                            <\/a>\r\n                            \r\n                        <\/figure>\r\n                    <\/div>\r\n                    <div class = \"td-slide-item td-item2\">\r\n                        <figure class=\"td-slide-galery-figure td-slide-popup-gallery\">\r\n                            <a class=\"slide-gallery-image-link\" href=\"\/wp-content\/uploads\/sites\/5\/2022\/04\/El-IGSS-busca-la-inclusio\u0301n-de-nin\u0303os-con-discapacidad-4.jpg\" title=\"El IGSS busca la inclusio\u0301n de nin\u0303os con discapacidad-4\"  data-caption=\"\"  data-description=\"\">\r\n                                <img decoding=\"async\" src=\"\/wp-content\/uploads\/sites\/5\/2022\/04\/El-IGSS-busca-la-inclusio\u0301n-de-nin\u0303os-con-discapacidad-4-560x420.jpg\" srcset=\"\/wp-content\/uploads\/sites\/5\/2022\/04\/El-IGSS-busca-la-inclusio\u0301n-de-nin\u0303os-con-discapacidad-4-560x420.jpg 560w, \/wp-content\/uploads\/sites\/5\/2022\/04\/El-IGSS-busca-la-inclusio\u0301n-de-nin\u0303os-con-discapacidad-4-300x225.jpg 300w, \/wp-content\/uploads\/sites\/5\/2022\/04\/El-IGSS-busca-la-inclusio\u0301n-de-nin\u0303os-con-discapacidad-4-768x576.jpg 768w, \/wp-content\/uploads\/sites\/5\/2022\/04\/El-IGSS-busca-la-inclusio\u0301n-de-nin\u0303os-con-discapacidad-4-1024x768.jpg 1024w, \/wp-content\/uploads\/sites\/5\/2022\/04\/El-IGSS-busca-la-inclusio\u0301n-de-nin\u0303os-con-discapacidad-4-1536x1153.jpg 1536w, \/wp-content\/uploads\/sites\/5\/2022\/04\/El-IGSS-busca-la-inclusio\u0301n-de-nin\u0303os-con-discapacidad-4-80x60.jpg 80w, \/wp-content\/uploads\/sites\/5\/2022\/04\/El-IGSS-busca-la-inclusio\u0301n-de-nin\u0303os-con-discapacidad-4-696x522.jpg 696w, \/wp-content\/uploads\/sites\/5\/2022\/04\/El-IGSS-busca-la-inclusio\u0301n-de-nin\u0303os-con-discapacidad-4-1068x802.jpg 1068w, \/wp-content\/uploads\/sites\/5\/2022\/04\/El-IGSS-busca-la-inclusio\u0301n-de-nin\u0303os-con-discapacidad-4-265x198.jpg 265w, \/wp-content\/uploads\/sites\/5\/2022\/04\/El-IGSS-busca-la-inclusio\u0301n-de-nin\u0303os-con-discapacidad-4-534x401.jpg 534w, \/wp-content\/uploads\/sites\/5\/2022\/04\/El-IGSS-busca-la-inclusio\u0301n-de-nin\u0303os-con-discapacidad-4.jpg 1599w\" sizes=\"(max-width: 560px) 100vw, 560px\" alt=\"\">\r\n                            <\/a>\r\n                            \r\n                        <\/figure>\r\n                    <\/div>\r\n                    <div class = \"td-slide-item td-item3\">\r\n                        <figure class=\"td-slide-galery-figure td-slide-popup-gallery\">\r\n                            <a class=\"slide-gallery-image-link\" href=\"\/wp-content\/uploads\/sites\/5\/2022\/04\/El-IGSS-busca-la-inclusio\u0301n-de-nin\u0303os-con-discapacidad-9.jpg\" title=\"El IGSS busca la inclusio\u0301n de nin\u0303os con discapacidad-9\"  data-caption=\"\"  data-description=\"\">\r\n                                <img decoding=\"async\" src=\"\/wp-content\/uploads\/sites\/5\/2022\/04\/El-IGSS-busca-la-inclusio\u0301n-de-nin\u0303os-con-discapacidad-9-560x420.jpg\" srcset=\"\/wp-content\/uploads\/sites\/5\/2022\/04\/El-IGSS-busca-la-inclusio\u0301n-de-nin\u0303os-con-discapacidad-9-560x420.jpg 560w, \/wp-content\/uploads\/sites\/5\/2022\/04\/El-IGSS-busca-la-inclusio\u0301n-de-nin\u0303os-con-discapacidad-9-300x225.jpg 300w, \/wp-content\/uploads\/sites\/5\/2022\/04\/El-IGSS-busca-la-inclusio\u0301n-de-nin\u0303os-con-discapacidad-9-768x576.jpg 768w, \/wp-content\/uploads\/sites\/5\/2022\/04\/El-IGSS-busca-la-inclusio\u0301n-de-nin\u0303os-con-discapacidad-9-1024x768.jpg 1024w, \/wp-content\/uploads\/sites\/5\/2022\/04\/El-IGSS-busca-la-inclusio\u0301n-de-nin\u0303os-con-discapacidad-9-1536x1152.jpg 1536w, \/wp-content\/uploads\/sites\/5\/2022\/04\/El-IGSS-busca-la-inclusio\u0301n-de-nin\u0303os-con-discapacidad-9-80x60.jpg 80w, \/wp-content\/uploads\/sites\/5\/2022\/04\/El-IGSS-busca-la-inclusio\u0301n-de-nin\u0303os-con-discapacidad-9-696x522.jpg 696w, \/wp-content\/uploads\/sites\/5\/2022\/04\/El-IGSS-busca-la-inclusio\u0301n-de-nin\u0303os-con-discapacidad-9-1068x801.jpg 1068w, \/wp-content\/uploads\/sites\/5\/2022\/04\/El-IGSS-busca-la-inclusio\u0301n-de-nin\u0303os-con-discapacidad-9-265x198.jpg 265w, \/wp-content\/uploads\/sites\/5\/2022\/04\/El-IGSS-busca-la-inclusio\u0301n-de-nin\u0303os-con-discapacidad-9-534x401.jpg 534w, \/wp-content\/uploads\/sites\/5\/2022\/04\/El-IGSS-busca-la-inclusio\u0301n-de-nin\u0303os-con-discapacidad-9.jpg 1600w\" sizes=\"(max-width: 560px) 100vw, 560px\" alt=\"\">\r\n                            <\/a>\r\n                            \r\n                        <\/figure>\r\n                    <\/div>\r\n                    <div class = \"td-slide-item td-item4\">\r\n                        <figure class=\"td-slide-galery-figure td-slide-popup-gallery\">\r\n                            <a class=\"slide-gallery-image-link\" href=\"\/wp-content\/uploads\/sites\/5\/2022\/04\/El-IGSS-busca-la-inclusio\u0301n-de-nin\u0303os-con-discapacidad-11.jpg\" title=\"El IGSS busca la inclusio\u0301n de nin\u0303os con discapacidad-11\"  data-caption=\"\"  data-description=\"\">\r\n                                <img decoding=\"async\" src=\"\/wp-content\/uploads\/sites\/5\/2022\/04\/El-IGSS-busca-la-inclusio\u0301n-de-nin\u0303os-con-discapacidad-11-747x420.jpg\" srcset=\"\/wp-content\/uploads\/sites\/5\/2022\/04\/El-IGSS-busca-la-inclusio\u0301n-de-nin\u0303os-con-discapacidad-11-747x420.jpg 747w, \/wp-content\/uploads\/sites\/5\/2022\/04\/El-IGSS-busca-la-inclusio\u0301n-de-nin\u0303os-con-discapacidad-11-300x169.jpg 300w, \/wp-content\/uploads\/sites\/5\/2022\/04\/El-IGSS-busca-la-inclusio\u0301n-de-nin\u0303os-con-discapacidad-11-768x432.jpg 768w, \/wp-content\/uploads\/sites\/5\/2022\/04\/El-IGSS-busca-la-inclusio\u0301n-de-nin\u0303os-con-discapacidad-11-1024x576.jpg 1024w, \/wp-content\/uploads\/sites\/5\/2022\/04\/El-IGSS-busca-la-inclusio\u0301n-de-nin\u0303os-con-discapacidad-11-1536x864.jpg 1536w, \/wp-content\/uploads\/sites\/5\/2022\/04\/El-IGSS-busca-la-inclusio\u0301n-de-nin\u0303os-con-discapacidad-11-696x391.jpg 696w, \/wp-content\/uploads\/sites\/5\/2022\/04\/El-IGSS-busca-la-inclusio\u0301n-de-nin\u0303os-con-discapacidad-11-1068x600.jpg 1068w, \/wp-content\/uploads\/sites\/5\/2022\/04\/El-IGSS-busca-la-inclusio\u0301n-de-nin\u0303os-con-discapacidad-11-534x300.jpg 534w, \/wp-content\/uploads\/sites\/5\/2022\/04\/El-IGSS-busca-la-inclusio\u0301n-de-nin\u0303os-con-discapacidad-11.jpg 1599w\" sizes=\"(max-width: 747px) 100vw, 747px\" alt=\"\">\r\n                            <\/a>\r\n                            \r\n                        <\/figure>\r\n                    <\/div>\r\n                    <div class = \"td-slide-item td-item5\">\r\n                        <figure class=\"td-slide-galery-figure td-slide-popup-gallery\">\r\n                            <a class=\"slide-gallery-image-link\" href=\"\/wp-content\/uploads\/sites\/5\/2022\/04\/El-IGSS-busca-la-inclusio\u0301n-de-nin\u0303os-con-discapacidad-6.jpg\" title=\"El-IGSS-busca-la-inclusio\u0301n-de-nin\u0303os-con-discapacidad-6\"  data-caption=\"\"  data-description=\"\">\r\n                                <img decoding=\"async\" src=\"\/wp-content\/uploads\/sites\/5\/2022\/04\/El-IGSS-busca-la-inclusio\u0301n-de-nin\u0303os-con-discapacidad-6-525x420.jpg\" srcset=\"\/wp-content\/uploads\/sites\/5\/2022\/04\/El-IGSS-busca-la-inclusio\u0301n-de-nin\u0303os-con-discapacidad-6-525x420.jpg 525w, \/wp-content\/uploads\/sites\/5\/2022\/04\/El-IGSS-busca-la-inclusio\u0301n-de-nin\u0303os-con-discapacidad-6-300x240.jpg 300w, \/wp-content\/uploads\/sites\/5\/2022\/04\/El-IGSS-busca-la-inclusio\u0301n-de-nin\u0303os-con-discapacidad-6-768x614.jpg 768w, \/wp-content\/uploads\/sites\/5\/2022\/04\/El-IGSS-busca-la-inclusio\u0301n-de-nin\u0303os-con-discapacidad-6-1024x819.jpg 1024w, \/wp-content\/uploads\/sites\/5\/2022\/04\/El-IGSS-busca-la-inclusio\u0301n-de-nin\u0303os-con-discapacidad-6-696x556.jpg 696w, \/wp-content\/uploads\/sites\/5\/2022\/04\/El-IGSS-busca-la-inclusio\u0301n-de-nin\u0303os-con-discapacidad-6-1068x854.jpg 1068w, \/wp-content\/uploads\/sites\/5\/2022\/04\/El-IGSS-busca-la-inclusio\u0301n-de-nin\u0303os-con-discapacidad-6-534x427.jpg 534w, \/wp-content\/uploads\/sites\/5\/2022\/04\/El-IGSS-busca-la-inclusio\u0301n-de-nin\u0303os-con-discapacidad-6.jpg 1351w\" sizes=\"(max-width: 525px) 100vw, 525px\" alt=\"\">\r\n                            <\/a>\r\n                            \r\n                        <\/figure>\r\n                    <\/div>\r\n                    <div class = \"td-slide-item td-item6\">\r\n                        <figure class=\"td-slide-galery-figure td-slide-popup-gallery\">\r\n                            <a class=\"slide-gallery-image-link\" href=\"\/wp-content\/uploads\/sites\/5\/2022\/04\/El-IGSS-busca-la-inclusio\u0301n-de-nin\u0303os-con-discapacidad-14.jpg\" title=\"El IGSS busca la inclusio\u0301n de nin\u0303os con discapacidad-14\"  data-caption=\"\"  data-description=\"\">\r\n                                <img decoding=\"async\" src=\"\/wp-content\/uploads\/sites\/5\/2022\/04\/El-IGSS-busca-la-inclusio\u0301n-de-nin\u0303os-con-discapacidad-14-560x420.jpg\" srcset=\"\/wp-content\/uploads\/sites\/5\/2022\/04\/El-IGSS-busca-la-inclusio\u0301n-de-nin\u0303os-con-discapacidad-14-560x420.jpg 560w, \/wp-content\/uploads\/sites\/5\/2022\/04\/El-IGSS-busca-la-inclusio\u0301n-de-nin\u0303os-con-discapacidad-14-300x225.jpg 300w, \/wp-content\/uploads\/sites\/5\/2022\/04\/El-IGSS-busca-la-inclusio\u0301n-de-nin\u0303os-con-discapacidad-14-768x576.jpg 768w, \/wp-content\/uploads\/sites\/5\/2022\/04\/El-IGSS-busca-la-inclusio\u0301n-de-nin\u0303os-con-discapacidad-14-1024x768.jpg 1024w, \/wp-content\/uploads\/sites\/5\/2022\/04\/El-IGSS-busca-la-inclusio\u0301n-de-nin\u0303os-con-discapacidad-14-1536x1153.jpg 1536w, \/wp-content\/uploads\/sites\/5\/2022\/04\/El-IGSS-busca-la-inclusio\u0301n-de-nin\u0303os-con-discapacidad-14-80x60.jpg 80w, \/wp-content\/uploads\/sites\/5\/2022\/04\/El-IGSS-busca-la-inclusio\u0301n-de-nin\u0303os-con-discapacidad-14-696x522.jpg 696w, \/wp-content\/uploads\/sites\/5\/2022\/04\/El-IGSS-busca-la-inclusio\u0301n-de-nin\u0303os-con-discapacidad-14-1068x802.jpg 1068w, \/wp-content\/uploads\/sites\/5\/2022\/04\/El-IGSS-busca-la-inclusio\u0301n-de-nin\u0303os-con-discapacidad-14-265x198.jpg 265w, \/wp-content\/uploads\/sites\/5\/2022\/04\/El-IGSS-busca-la-inclusio\u0301n-de-nin\u0303os-con-discapacidad-14-534x401.jpg 534w, \/wp-content\/uploads\/sites\/5\/2022\/04\/El-IGSS-busca-la-inclusio\u0301n-de-nin\u0303os-con-discapacidad-14.jpg 1599w\" sizes=\"(max-width: 560px) 100vw, 560px\" alt=\"\">\r\n                            <\/a>\r\n                            \r\n                        <\/figure>\r\n                    <\/div>\r\n                    <div class = \"td-slide-item td-item7\">\r\n                        <figure class=\"td-slide-galery-figure td-slide-popup-gallery\">\r\n                            <a class=\"slide-gallery-image-link\" href=\"\/wp-content\/uploads\/sites\/5\/2022\/04\/El-IGSS-busca-la-inclusio\u0301n-de-nin\u0303os-con-discapacidad-13.jpg\" title=\"El-IGSS-busca-la-inclusio\u0301n-de-nin\u0303os-con-discapacidad-13\"  data-caption=\"\"  data-description=\"\">\r\n                                <img decoding=\"async\" src=\"\/wp-content\/uploads\/sites\/5\/2022\/04\/El-IGSS-busca-la-inclusio\u0301n-de-nin\u0303os-con-discapacidad-13-747x420.jpg\" srcset=\"\/wp-content\/uploads\/sites\/5\/2022\/04\/El-IGSS-busca-la-inclusio\u0301n-de-nin\u0303os-con-discapacidad-13-747x420.jpg 747w, \/wp-content\/uploads\/sites\/5\/2022\/04\/El-IGSS-busca-la-inclusio\u0301n-de-nin\u0303os-con-discapacidad-13-300x169.jpg 300w, \/wp-content\/uploads\/sites\/5\/2022\/04\/El-IGSS-busca-la-inclusio\u0301n-de-nin\u0303os-con-discapacidad-13-768x432.jpg 768w, \/wp-content\/uploads\/sites\/5\/2022\/04\/El-IGSS-busca-la-inclusio\u0301n-de-nin\u0303os-con-discapacidad-13-1024x576.jpg 1024w, \/wp-content\/uploads\/sites\/5\/2022\/04\/El-IGSS-busca-la-inclusio\u0301n-de-nin\u0303os-con-discapacidad-13-1536x864.jpg 1536w, \/wp-content\/uploads\/sites\/5\/2022\/04\/El-IGSS-busca-la-inclusio\u0301n-de-nin\u0303os-con-discapacidad-13-696x391.jpg 696w, \/wp-content\/uploads\/sites\/5\/2022\/04\/El-IGSS-busca-la-inclusio\u0301n-de-nin\u0303os-con-discapacidad-13-1068x600.jpg 1068w, \/wp-content\/uploads\/sites\/5\/2022\/04\/El-IGSS-busca-la-inclusio\u0301n-de-nin\u0303os-con-discapacidad-13-534x300.jpg 534w, \/wp-content\/uploads\/sites\/5\/2022\/04\/El-IGSS-busca-la-inclusio\u0301n-de-nin\u0303os-con-discapacidad-13.jpg 1599w\" sizes=\"(max-width: 747px) 100vw, 747px\" alt=\"\">\r\n                            <\/a>\r\n                            \r\n                        <\/figure>\r\n                    <\/div>\r\n                    <div class = \"td-slide-item td-item8\">\r\n                        <figure class=\"td-slide-galery-figure td-slide-popup-gallery\">\r\n                            <a class=\"slide-gallery-image-link\" href=\"\/wp-content\/uploads\/sites\/5\/2022\/04\/El-IGSS-busca-la-inclusio\u0301n-de-nin\u0303os-con-discapacidad-10.jpg\" title=\"El-IGSS-busca-la-inclusio\u0301n-de-nin\u0303os-con-discapacidad-10\"  data-caption=\"\"  data-description=\"\">\r\n                                <img decoding=\"async\" src=\"\/wp-content\/uploads\/sites\/5\/2022\/04\/El-IGSS-busca-la-inclusio\u0301n-de-nin\u0303os-con-discapacidad-10-560x420.jpg\" srcset=\"\/wp-content\/uploads\/sites\/5\/2022\/04\/El-IGSS-busca-la-inclusio\u0301n-de-nin\u0303os-con-discapacidad-10-560x420.jpg 560w, \/wp-content\/uploads\/sites\/5\/2022\/04\/El-IGSS-busca-la-inclusio\u0301n-de-nin\u0303os-con-discapacidad-10-300x225.jpg 300w, \/wp-content\/uploads\/sites\/5\/2022\/04\/El-IGSS-busca-la-inclusio\u0301n-de-nin\u0303os-con-discapacidad-10-768x576.jpg 768w, \/wp-content\/uploads\/sites\/5\/2022\/04\/El-IGSS-busca-la-inclusio\u0301n-de-nin\u0303os-con-discapacidad-10-1024x768.jpg 1024w, \/wp-content\/uploads\/sites\/5\/2022\/04\/El-IGSS-busca-la-inclusio\u0301n-de-nin\u0303os-con-discapacidad-10-1536x1153.jpg 1536w, \/wp-content\/uploads\/sites\/5\/2022\/04\/El-IGSS-busca-la-inclusio\u0301n-de-nin\u0303os-con-discapacidad-10-80x60.jpg 80w, \/wp-content\/uploads\/sites\/5\/2022\/04\/El-IGSS-busca-la-inclusio\u0301n-de-nin\u0303os-con-discapacidad-10-696x522.jpg 696w, \/wp-content\/uploads\/sites\/5\/2022\/04\/El-IGSS-busca-la-inclusio\u0301n-de-nin\u0303os-con-discapacidad-10-1068x802.jpg 1068w, \/wp-content\/uploads\/sites\/5\/2022\/04\/El-IGSS-busca-la-inclusio\u0301n-de-nin\u0303os-con-discapacidad-10-265x198.jpg 265w, \/wp-content\/uploads\/sites\/5\/2022\/04\/El-IGSS-busca-la-inclusio\u0301n-de-nin\u0303os-con-discapacidad-10-534x401.jpg 534w, \/wp-content\/uploads\/sites\/5\/2022\/04\/El-IGSS-busca-la-inclusio\u0301n-de-nin\u0303os-con-discapacidad-10.jpg 1599w\" sizes=\"(max-width: 560px) 100vw, 560px\" alt=\"\">\r\n                            <\/a>\r\n                            \r\n                        <\/figure>\r\n                    <\/div>\r\n                    <div class = \"td-slide-item td-item9\">\r\n                        <figure class=\"td-slide-galery-figure td-slide-popup-gallery\">\r\n                            <a class=\"slide-gallery-image-link\" href=\"\/wp-content\/uploads\/sites\/5\/2022\/04\/El-IGSS-busca-la-inclusio\u0301n-de-nin\u0303os-con-discapacidad-7.jpg\" title=\"El-IGSS-busca-la-inclusio\u0301n-de-nin\u0303os-con-discapacidad-7\"  data-caption=\"\"  data-description=\"\">\r\n                                <img decoding=\"async\" src=\"\/wp-content\/uploads\/sites\/5\/2022\/04\/El-IGSS-busca-la-inclusio\u0301n-de-nin\u0303os-con-discapacidad-7-747x420.jpg\" srcset=\"\/wp-content\/uploads\/sites\/5\/2022\/04\/El-IGSS-busca-la-inclusio\u0301n-de-nin\u0303os-con-discapacidad-7-747x420.jpg 747w, \/wp-content\/uploads\/sites\/5\/2022\/04\/El-IGSS-busca-la-inclusio\u0301n-de-nin\u0303os-con-discapacidad-7-300x169.jpg 300w, \/wp-content\/uploads\/sites\/5\/2022\/04\/El-IGSS-busca-la-inclusio\u0301n-de-nin\u0303os-con-discapacidad-7-768x432.jpg 768w, \/wp-content\/uploads\/sites\/5\/2022\/04\/El-IGSS-busca-la-inclusio\u0301n-de-nin\u0303os-con-discapacidad-7-1024x576.jpg 1024w, \/wp-content\/uploads\/sites\/5\/2022\/04\/El-IGSS-busca-la-inclusio\u0301n-de-nin\u0303os-con-discapacidad-7-1536x864.jpg 1536w, \/wp-content\/uploads\/sites\/5\/2022\/04\/El-IGSS-busca-la-inclusio\u0301n-de-nin\u0303os-con-discapacidad-7-696x392.jpg 696w, \/wp-content\/uploads\/sites\/5\/2022\/04\/El-IGSS-busca-la-inclusio\u0301n-de-nin\u0303os-con-discapacidad-7-1068x601.jpg 1068w, \/wp-content\/uploads\/sites\/5\/2022\/04\/El-IGSS-busca-la-inclusio\u0301n-de-nin\u0303os-con-discapacidad-7-534x300.jpg 534w, \/wp-content\/uploads\/sites\/5\/2022\/04\/El-IGSS-busca-la-inclusio\u0301n-de-nin\u0303os-con-discapacidad-7.jpg 1600w\" sizes=\"(max-width: 747px) 100vw, 747px\" alt=\"\">\r\n                            <\/a>\r\n                            \r\n                        <\/figure>\r\n                    <\/div>\r\n                    <div class = \"td-slide-item td-item10\">\r\n                        <figure class=\"td-slide-galery-figure td-slide-popup-gallery\">\r\n                            <a class=\"slide-gallery-image-link\" href=\"\/wp-content\/uploads\/sites\/5\/2022\/04\/El-IGSS-busca-la-inclusio\u0301n-de-nin\u0303os-con-discapacidad-5.jpg\" title=\"El-IGSS-busca-la-inclusio\u0301n-de-nin\u0303os-con-discapacidad-5\"  data-caption=\"\"  data-description=\"\">\r\n                                <img decoding=\"async\" src=\"\/wp-content\/uploads\/sites\/5\/2022\/04\/El-IGSS-busca-la-inclusio\u0301n-de-nin\u0303os-con-discapacidad-5-560x420.jpg\" srcset=\"\/wp-content\/uploads\/sites\/5\/2022\/04\/El-IGSS-busca-la-inclusio\u0301n-de-nin\u0303os-con-discapacidad-5-560x420.jpg 560w, \/wp-content\/uploads\/sites\/5\/2022\/04\/El-IGSS-busca-la-inclusio\u0301n-de-nin\u0303os-con-discapacidad-5-300x225.jpg 300w, \/wp-content\/uploads\/sites\/5\/2022\/04\/El-IGSS-busca-la-inclusio\u0301n-de-nin\u0303os-con-discapacidad-5-768x576.jpg 768w, \/wp-content\/uploads\/sites\/5\/2022\/04\/El-IGSS-busca-la-inclusio\u0301n-de-nin\u0303os-con-discapacidad-5-1024x768.jpg 1024w, \/wp-content\/uploads\/sites\/5\/2022\/04\/El-IGSS-busca-la-inclusio\u0301n-de-nin\u0303os-con-discapacidad-5-1536x1152.jpg 1536w, \/wp-content\/uploads\/sites\/5\/2022\/04\/El-IGSS-busca-la-inclusio\u0301n-de-nin\u0303os-con-discapacidad-5-80x60.jpg 80w, \/wp-content\/uploads\/sites\/5\/2022\/04\/El-IGSS-busca-la-inclusio\u0301n-de-nin\u0303os-con-discapacidad-5-696x522.jpg 696w, \/wp-content\/uploads\/sites\/5\/2022\/04\/El-IGSS-busca-la-inclusio\u0301n-de-nin\u0303os-con-discapacidad-5-1068x801.jpg 1068w, \/wp-content\/uploads\/sites\/5\/2022\/04\/El-IGSS-busca-la-inclusio\u0301n-de-nin\u0303os-con-discapacidad-5-265x198.jpg 265w, \/wp-content\/uploads\/sites\/5\/2022\/04\/El-IGSS-busca-la-inclusio\u0301n-de-nin\u0303os-con-discapacidad-5-534x401.jpg 534w, \/wp-content\/uploads\/sites\/5\/2022\/04\/El-IGSS-busca-la-inclusio\u0301n-de-nin\u0303os-con-discapacidad-5.jpg 1600w\" sizes=\"(max-width: 560px) 100vw, 560px\" alt=\"\">\r\n                            <\/a>\r\n                            \r\n                        <\/figure>\r\n                    <\/div>\r\n                    <div class = \"td-slide-item td-item11\">\r\n                        <figure class=\"td-slide-galery-figure td-slide-popup-gallery\">\r\n                            <a class=\"slide-gallery-image-link\" href=\"\/wp-content\/uploads\/sites\/5\/2022\/04\/El-IGSS-busca-la-inclusio\u0301n-de-nin\u0303os-con-discapacidad-3.jpg\" title=\"El-IGSS-busca-la-inclusio\u0301n-de-nin\u0303os-con-discapacidad-3\"  data-caption=\"\"  data-description=\"\">\r\n                                <img decoding=\"async\" src=\"\/wp-content\/uploads\/sites\/5\/2022\/04\/El-IGSS-busca-la-inclusio\u0301n-de-nin\u0303os-con-discapacidad-3-747x420.jpg\" srcset=\"\/wp-content\/uploads\/sites\/5\/2022\/04\/El-IGSS-busca-la-inclusio\u0301n-de-nin\u0303os-con-discapacidad-3-747x420.jpg 747w, \/wp-content\/uploads\/sites\/5\/2022\/04\/El-IGSS-busca-la-inclusio\u0301n-de-nin\u0303os-con-discapacidad-3-300x169.jpg 300w, \/wp-content\/uploads\/sites\/5\/2022\/04\/El-IGSS-busca-la-inclusio\u0301n-de-nin\u0303os-con-discapacidad-3-768x432.jpg 768w, \/wp-content\/uploads\/sites\/5\/2022\/04\/El-IGSS-busca-la-inclusio\u0301n-de-nin\u0303os-con-discapacidad-3-1024x576.jpg 1024w, \/wp-content\/uploads\/sites\/5\/2022\/04\/El-IGSS-busca-la-inclusio\u0301n-de-nin\u0303os-con-discapacidad-3-1536x864.jpg 1536w, \/wp-content\/uploads\/sites\/5\/2022\/04\/El-IGSS-busca-la-inclusio\u0301n-de-nin\u0303os-con-discapacidad-3-696x391.jpg 696w, \/wp-content\/uploads\/sites\/5\/2022\/04\/El-IGSS-busca-la-inclusio\u0301n-de-nin\u0303os-con-discapacidad-3-1068x600.jpg 1068w, \/wp-content\/uploads\/sites\/5\/2022\/04\/El-IGSS-busca-la-inclusio\u0301n-de-nin\u0303os-con-discapacidad-3-534x300.jpg 534w, \/wp-content\/uploads\/sites\/5\/2022\/04\/El-IGSS-busca-la-inclusio\u0301n-de-nin\u0303os-con-discapacidad-3.jpg 1599w\" sizes=\"(max-width: 747px) 100vw, 747px\" alt=\"\">\r\n                            <\/a>\r\n                            \r\n                        <\/figure>\r\n                    <\/div>\r\n                    <div class = \"td-slide-item td-item12\">\r\n                        <figure class=\"td-slide-galery-figure td-slide-popup-gallery\">\r\n                            <a class=\"slide-gallery-image-link\" href=\"\/wp-content\/uploads\/sites\/5\/2022\/04\/El-IGSS-busca-la-inclusio\u0301n-de-nin\u0303os-con-discapacidad-2.jpg\" title=\"El-IGSS-busca-la-inclusio\u0301n-de-nin\u0303os-con-discapacidad-2\"  data-caption=\"\"  data-description=\"\">\r\n                                <img decoding=\"async\" src=\"\/wp-content\/uploads\/sites\/5\/2022\/04\/El-IGSS-busca-la-inclusio\u0301n-de-nin\u0303os-con-discapacidad-2-560x420.jpg\" srcset=\"\/wp-content\/uploads\/sites\/5\/2022\/04\/El-IGSS-busca-la-inclusio\u0301n-de-nin\u0303os-con-discapacidad-2-560x420.jpg 560w, \/wp-content\/uploads\/sites\/5\/2022\/04\/El-IGSS-busca-la-inclusio\u0301n-de-nin\u0303os-con-discapacidad-2-300x225.jpg 300w, \/wp-content\/uploads\/sites\/5\/2022\/04\/El-IGSS-busca-la-inclusio\u0301n-de-nin\u0303os-con-discapacidad-2-768x576.jpg 768w, \/wp-content\/uploads\/sites\/5\/2022\/04\/El-IGSS-busca-la-inclusio\u0301n-de-nin\u0303os-con-discapacidad-2-1024x768.jpg 1024w, \/wp-content\/uploads\/sites\/5\/2022\/04\/El-IGSS-busca-la-inclusio\u0301n-de-nin\u0303os-con-discapacidad-2-1536x1152.jpg 1536w, \/wp-content\/uploads\/sites\/5\/2022\/04\/El-IGSS-busca-la-inclusio\u0301n-de-nin\u0303os-con-discapacidad-2-80x60.jpg 80w, \/wp-content\/uploads\/sites\/5\/2022\/04\/El-IGSS-busca-la-inclusio\u0301n-de-nin\u0303os-con-discapacidad-2-696x522.jpg 696w, \/wp-content\/uploads\/sites\/5\/2022\/04\/El-IGSS-busca-la-inclusio\u0301n-de-nin\u0303os-con-discapacidad-2-1068x801.jpg 1068w, \/wp-content\/uploads\/sites\/5\/2022\/04\/El-IGSS-busca-la-inclusio\u0301n-de-nin\u0303os-con-discapacidad-2-265x198.jpg 265w, \/wp-content\/uploads\/sites\/5\/2022\/04\/El-IGSS-busca-la-inclusio\u0301n-de-nin\u0303os-con-discapacidad-2-534x401.jpg 534w, \/wp-content\/uploads\/sites\/5\/2022\/04\/El-IGSS-busca-la-inclusio\u0301n-de-nin\u0303os-con-discapacidad-2.jpg 1600w\" sizes=\"(max-width: 560px) 100vw, 560px\" alt=\"\">\r\n                            <\/a>\r\n                            \r\n                        <\/figure>\r\n                    <\/div>\r\n                    <div class = \"td-slide-item td-item13\">\r\n                        <figure class=\"td-slide-galery-figure td-slide-popup-gallery\">\r\n                            <a class=\"slide-gallery-image-link\" href=\"\/wp-content\/uploads\/sites\/5\/2022\/04\/El-IGSS-busca-la-inclusio\u0301n-de-nin\u0303os-con-discapacidad-15.jpg\" title=\"El-IGSS-busca-la-inclusio\u0301n-de-nin\u0303os-con-discapacidad-15\"  data-caption=\"\"  data-description=\"\">\r\n                                <img decoding=\"async\" src=\"\/wp-content\/uploads\/sites\/5\/2022\/04\/El-IGSS-busca-la-inclusio\u0301n-de-nin\u0303os-con-discapacidad-15-747x420.jpg\" srcset=\"\/wp-content\/uploads\/sites\/5\/2022\/04\/El-IGSS-busca-la-inclusio\u0301n-de-nin\u0303os-con-discapacidad-15-747x420.jpg 747w, \/wp-content\/uploads\/sites\/5\/2022\/04\/El-IGSS-busca-la-inclusio\u0301n-de-nin\u0303os-con-discapacidad-15-300x169.jpg 300w, \/wp-content\/uploads\/sites\/5\/2022\/04\/El-IGSS-busca-la-inclusio\u0301n-de-nin\u0303os-con-discapacidad-15-768x432.jpg 768w, \/wp-content\/uploads\/sites\/5\/2022\/04\/El-IGSS-busca-la-inclusio\u0301n-de-nin\u0303os-con-discapacidad-15-1024x576.jpg 1024w, \/wp-content\/uploads\/sites\/5\/2022\/04\/El-IGSS-busca-la-inclusio\u0301n-de-nin\u0303os-con-discapacidad-15-1536x864.jpg 1536w, \/wp-content\/uploads\/sites\/5\/2022\/04\/El-IGSS-busca-la-inclusio\u0301n-de-nin\u0303os-con-discapacidad-15-696x391.jpg 696w, \/wp-content\/uploads\/sites\/5\/2022\/04\/El-IGSS-busca-la-inclusio\u0301n-de-nin\u0303os-con-discapacidad-15-1068x600.jpg 1068w, \/wp-content\/uploads\/sites\/5\/2022\/04\/El-IGSS-busca-la-inclusio\u0301n-de-nin\u0303os-con-discapacidad-15-534x300.jpg 534w, \/wp-content\/uploads\/sites\/5\/2022\/04\/El-IGSS-busca-la-inclusio\u0301n-de-nin\u0303os-con-discapacidad-15.jpg 1599w\" sizes=\"(max-width: 747px) 100vw, 747px\" alt=\"\">\r\n                            <\/a>\r\n                            \r\n                        <\/figure>\r\n                    <\/div>\r\n                            <\/div>\r\n                        <\/div>\r\n\r\n                        <div class = \"td-doubleSlider-2\">\r\n                            <div class = \"td-slider\">\r\n                                \r\n                    <div class = \"td-button td-item1\">\r\n                        <div class = \"td-border\"><\/div>\r\n                    <\/div>\r\n                    <div class = \"td-button td-item2\">\r\n                        <div class = \"td-border\"><\/div>\r\n                    <\/div>\r\n                    <div class = \"td-button td-item3\">\r\n                        <div class = \"td-border\"><\/div>\r\n                    <\/div>\r\n                    <div class = \"td-button td-item4\">\r\n                        <div class = \"td-border\"><\/div>\r\n                    <\/div>\r\n                    <div class = \"td-button td-item5\">\r\n                        <div class = \"td-border\"><\/div>\r\n                    <\/div>\r\n                    <div class = \"td-button td-item6\">\r\n                        <div class = \"td-border\"><\/div>\r\n                    <\/div>\r\n                    <div class = \"td-button td-item7\">\r\n                        <div class = \"td-border\"><\/div>\r\n                    <\/div>\r\n                    <div class = \"td-button td-item8\">\r\n                        <div class = \"td-border\"><\/div>\r\n                    <\/div>\r\n                    <div class = \"td-button td-item9\">\r\n                        <div class = \"td-border\"><\/div>\r\n                    <\/div>\r\n                    <div class = \"td-button td-item10\">\r\n                        <div class = \"td-border\"><\/div>\r\n                    <\/div>\r\n                    <div class = \"td-button td-item11\">\r\n                        <div class = \"td-border\"><\/div>\r\n                    <\/div>\r\n                    <div class = \"td-button td-item12\">\r\n                        <div class = \"td-border\"><\/div>\r\n                    <\/div>\r\n                    <div class = \"td-button td-item13\">\r\n                        <div class = \"td-border\"><\/div>\r\n                    <\/div>\r\n                            <\/div>\r\n                        <\/div>\r\n\r\n                    <\/div>\r\n\r\n                <\/div>\r\n                \n","protected":false},"excerpt":{"rendered":"<p>El Hospital de Rehabilitaci\u00f3n del IGSS, ubicado en Colinas de Pamplona, zona 12 de la capital, realiz\u00f3 el Primer Festival para Ni\u00f1os con Discapacidad para incentivar e incursionar a los peque\u00f1os en las\u00a0diversas actividades deportivas, esto en conmemoraci\u00f3n al D\u00eda Mundial de la Actividad F\u00edsica. La doctora Karina Rodr\u00edguez, directora de dicho hospital, dijo que [&hellip;]<\/p>\n","protected":false},"author":1961,"featured_media":26290,"comment_status":"closed","ping_status":"closed","sticky":false,"template":"","format":"standard","meta":{"footnotes":""},"categories":[3,30],"tags":[1049,478,754],"coauthors":[1448],"class_list":{"0":"post-26287","1":"post","2":"type-post","3":"status-publish","4":"format-standard","5":"has-post-thumbnail","7":"category-actualidad","8":"category-rehabilitacion","9":"tag-discapacidad","10":"tag-hospital-de-rehabilitacion","11":"tag-rehabilitacion"},"_links":{"self":[{"href":"https:\/\/www.igssgt.org\/noticias\/wp-json\/wp\/v2\/posts\/26287","targetHints":{"allow":["GET"]}}],"collection":[{"href":"https:\/\/www.igssgt.org\/noticias\/wp-json\/wp\/v2\/posts"}],"about":[{"href":"https:\/\/www.igssgt.org\/noticias\/wp-json\/wp\/v2\/types\/post"}],"author":[{"embeddable":true,"href":"https:\/\/www.igssgt.org\/noticias\/wp-json\/wp\/v2\/users\/1961"}],"replies":[{"embeddable":true,"href":"https:\/\/www.igssgt.org\/noticias\/wp-json\/wp\/v2\/comments?post=26287"}],"version-history":[{"count":10,"href":"https:\/\/www.igssgt.org\/noticias\/wp-json\/wp\/v2\/posts\/26287\/revisions"}],"predecessor-version":[{"id":26312,"href":"https:\/\/www.igssgt.org\/noticias\/wp-json\/wp\/v2\/posts\/26287\/revisions\/26312"}],"wp:featuredmedia":[{"embeddable":true,"href":"https:\/\/www.igssgt.org\/noticias\/wp-json\/wp\/v2\/media\/26290"}],"wp:attachment":[{"href":"https:\/\/www.igssgt.org\/noticias\/wp-json\/wp\/v2\/media?parent=26287"}],"wp:term":[{"taxonomy":"category","embeddable":true,"href":"https:\/\/www.igssgt.org\/noticias\/wp-json\/wp\/v2\/categories?post=26287"},{"taxonomy":"post_tag","embeddable":true,"href":"https:\/\/www.igssgt.org\/noticias\/wp-json\/wp\/v2\/tags?post=26287"},{"taxonomy":"author","embeddable":true,"href":"https:\/\/www.igssgt.org\/noticias\/wp-json\/wp\/v2\/coauthors?post=26287"}],"curies":[{"name":"wp","href":"https:\/\/api.w.org\/{rel}","templated":true}]}}