{"id":26481,"date":"2022-04-20T17:21:52","date_gmt":"2022-04-20T23:21:52","guid":{"rendered":"https:\/\/www.igssgt.org\/noticias\/?p=26481"},"modified":"2022-04-25T16:39:47","modified_gmt":"2022-04-25T22:39:47","slug":"el-igss-amplia-flotilla-de-ambulancias-para-sus-unidades-medicas","status":"publish","type":"post","link":"https:\/\/www.igssgt.org\/noticias\/2022\/04\/20\/el-igss-amplia-flotilla-de-ambulancias-para-sus-unidades-medicas\/","title":{"rendered":"El IGSS ampl\u00eda flotilla de ambulancias para sus unidades m\u00e9dicas"},"content":{"rendered":"\n<p class=\"has-drop-cap\">Desde este mi\u00e9rcoles 20 de abril el Instituto Guatemalteco de Seguridad Social (IGSS) cuenta con 46 nuevas ambulancias equipadas para el servicio de la poblaci\u00f3n asegurada en estado cr\u00edtico, leve o moderado.<\/p>\n\n\n\n<p>Los veh\u00edculos fueron entregados por las autoridades a los directores m\u00e9dicos de las \u00e1reas metropolitana y departamental en un acto simb\u00f3lico en las Oficinas Centrales, con el fin de ampliar, mejorar la cobertura y optimizar los recursos del IGSS. &nbsp;<\/p>\n\n\n\n<p><iframe loading=\"lazy\" title=\"Entrega de ambulancias a unidades medicas del IGSS 2022\" width=\"696\" height=\"392\" src=\"https:\/\/www.youtube.com\/embed\/QdEfsmFvDWQ?feature=oembed\" frameborder=\"0\" allow=\"accelerometer; autoplay; clipboard-write; encrypted-media; gyroscope; picture-in-picture\" allowfullscreen><\/iframe><\/p>\n<p>La doctora Ana Marilyn Ort\u00edz Ru\u00edz, Gerente del Instituto, resalt\u00f3 la transformaci\u00f3n y fortalecimiento que ha tenido el Instituto que permiti\u00f3 afrontar la pandemia del COVID-19 trabajando con honradez, transparencia y compromiso. \u201cMe siento orgullosa de la entrega de estas ambulancias para dar atenci\u00f3n en las regiones del \u00e1rea central, oriental, occidental, norte y sur\u201d, comparti\u00f3.<\/p>\n<p>El IGSS invirti\u00f3 Q17 millones en esta primera adquisici\u00f3n de la flotilla equipada, que ser\u00e1n distribuidas en 38 unidades m\u00e9dicas a nivel \u00a0nacional, a trav\u00e9s del Programa de Infraestructura, Equipamiento Hospitalario\u00a0 y\u00a0 Modernizaci\u00f3n Tecnol\u00f3gica (INFRAIGSS) de la Oficina de Naciones Unidas de Servicios para Proyectos (UNOPS).<\/p>\n<p>Treinta y dos ambulancias son de trasmisi\u00f3n sencilla 4&#215;2, marca Toyota Hiace, para utilizarse en el \u00e1rea urbana Y 14 son de tracci\u00f3n 4&#215;4, marca Toyota Land Cruiser, ideales para locaciones con caminos de terracer\u00eda o de acceso \u00a0complicado en el \u00e1rea rural. Est\u00e1n dise\u00f1adas y equipadas para el tratamiento b\u00e1sico y evaluaci\u00f3n continua del paciente, es decir, cuentan con capacidad de asistencia m\u00e9dica.<\/p>\n<p><a href=\"\/wp-content\/uploads\/sites\/5\/2022\/04\/Entrega-de-ambulancias-a-unidades-medicas-IGSS-2022-17.jpg\"><img loading=\"lazy\" decoding=\"async\" class=\"aligncenter size-full wp-image-26485\" src=\"\/wp-content\/uploads\/sites\/5\/2022\/04\/Entrega-de-ambulancias-a-unidades-medicas-IGSS-2022-17.jpg\" alt=\"\" width=\"1600\" height=\"1066\" srcset=\"\/wp-content\/uploads\/sites\/5\/2022\/04\/Entrega-de-ambulancias-a-unidades-medicas-IGSS-2022-17.jpg 1600w, \/wp-content\/uploads\/sites\/5\/2022\/04\/Entrega-de-ambulancias-a-unidades-medicas-IGSS-2022-17-300x200.jpg 300w, \/wp-content\/uploads\/sites\/5\/2022\/04\/Entrega-de-ambulancias-a-unidades-medicas-IGSS-2022-17-768x512.jpg 768w, \/wp-content\/uploads\/sites\/5\/2022\/04\/Entrega-de-ambulancias-a-unidades-medicas-IGSS-2022-17-1024x682.jpg 1024w, \/wp-content\/uploads\/sites\/5\/2022\/04\/Entrega-de-ambulancias-a-unidades-medicas-IGSS-2022-17-1536x1023.jpg 1536w, \/wp-content\/uploads\/sites\/5\/2022\/04\/Entrega-de-ambulancias-a-unidades-medicas-IGSS-2022-17-630x420.jpg 630w, \/wp-content\/uploads\/sites\/5\/2022\/04\/Entrega-de-ambulancias-a-unidades-medicas-IGSS-2022-17-696x464.jpg 696w, \/wp-content\/uploads\/sites\/5\/2022\/04\/Entrega-de-ambulancias-a-unidades-medicas-IGSS-2022-17-1068x712.jpg 1068w, \/wp-content\/uploads\/sites\/5\/2022\/04\/Entrega-de-ambulancias-a-unidades-medicas-IGSS-2022-17-534x356.jpg 534w\" sizes=\"auto, (max-width: 1600px) 100vw, 1600px\" \/><\/a><\/p>\n<p>El licenciado Jos\u00e9 Adolfo Flamenco Jau, Presidente de la Junta Directiva del Seguro Social, destac\u00f3: \u201cCon la adquisici\u00f3n de estas ambulancias se est\u00e1n entregando\u00a0 herramientas de trabajo para seguir brindando una atenci\u00f3n digna a los asegurados de los sitios m\u00e1s alejados del pa\u00eds. Estamos comprometidos a sacar adelante al Instituto, no solo en el combate de la pandemia, sino tambi\u00e9n de la debida y diligente atenci\u00f3n a los afiliados, y gracias a la confianza que se ha generado en la atenci\u00f3n\u00a0 humana a los pacientes en el pa\u00eds, hubo un crecimiento el de la poblaci\u00f3n\u00a0 de afiliados del\u00a0 8.6 por ciento\u201d, resalt\u00f3 durante el acto.<\/p>\n<p>Las Subgerencias del IGSS, la de Planificaci\u00f3n y Desarrollo y la de Prestaciones en Salud, el proveedor de la flotilla y la UNOPS, han brindado capacitaci\u00f3n a los equipos multidisciplinarios que tendr\u00e1n a cargo la administraci\u00f3n y operatividad de las ambulancias.<\/p>\n<p>Una de las caracter\u00edsticas de las unidades es que vienen ensambladas de f\u00e1brica, no son veh\u00edculos comunes a los que se les retiran los asientos para la colocaci\u00f3n de la camilla y otros equipos m\u00e9dicos.<\/p>\n<p>El doctor Carlos Sierra, Subgerente Administrativo del IGSS, destac\u00f3 que \u00a0\u201cEstamos comprometidos, la Junta Directiva y la Gerencia han instruido a seguir trabajando conjuntamente con\u00a0 un sistema novedoso en el pa\u00eds\u00a0 que es\u00a0 de compras a\u00a0 trav\u00e9s de la UNOPS para seguir dando resultados como estos al servicio de los derechohabientes\u201d.<\/p>\n<p><a href=\"\/wp-content\/uploads\/sites\/5\/2022\/04\/Entrega-de-ambulancias-a-unidades-medicas-IGSS-2022-23.jpg\"><img loading=\"lazy\" decoding=\"async\" class=\"aligncenter size-full wp-image-26486\" src=\"\/wp-content\/uploads\/sites\/5\/2022\/04\/Entrega-de-ambulancias-a-unidades-medicas-IGSS-2022-23.jpg\" alt=\"\" width=\"1600\" height=\"1066\" srcset=\"\/wp-content\/uploads\/sites\/5\/2022\/04\/Entrega-de-ambulancias-a-unidades-medicas-IGSS-2022-23.jpg 1600w, \/wp-content\/uploads\/sites\/5\/2022\/04\/Entrega-de-ambulancias-a-unidades-medicas-IGSS-2022-23-300x200.jpg 300w, \/wp-content\/uploads\/sites\/5\/2022\/04\/Entrega-de-ambulancias-a-unidades-medicas-IGSS-2022-23-768x512.jpg 768w, \/wp-content\/uploads\/sites\/5\/2022\/04\/Entrega-de-ambulancias-a-unidades-medicas-IGSS-2022-23-1024x682.jpg 1024w, \/wp-content\/uploads\/sites\/5\/2022\/04\/Entrega-de-ambulancias-a-unidades-medicas-IGSS-2022-23-1536x1023.jpg 1536w, \/wp-content\/uploads\/sites\/5\/2022\/04\/Entrega-de-ambulancias-a-unidades-medicas-IGSS-2022-23-630x420.jpg 630w, \/wp-content\/uploads\/sites\/5\/2022\/04\/Entrega-de-ambulancias-a-unidades-medicas-IGSS-2022-23-696x464.jpg 696w, \/wp-content\/uploads\/sites\/5\/2022\/04\/Entrega-de-ambulancias-a-unidades-medicas-IGSS-2022-23-1068x712.jpg 1068w, \/wp-content\/uploads\/sites\/5\/2022\/04\/Entrega-de-ambulancias-a-unidades-medicas-IGSS-2022-23-534x356.jpg 534w\" sizes=\"auto, (max-width: 1600px) 100vw, 1600px\" \/><\/a><\/p>\n<p>Andrea Calvaruso, director de UNOPS Guatemala,\u00a0 felicit\u00f3 a las autoridades del Instituto por este logro que est\u00e1 orientado a mejorar la asistencia m\u00e9dica en emergencias por medio de las unidades de socorro. \u201cHablar de ambulancias significa salvar vidas en momentos fundamentales, donde el tiempo y la distancia\u00a0 son la diferencia entre la vida y la muerte\u201d, se\u00f1al\u00f3.<\/p>\n<p>Para finales de este a\u00f1o, el IGSS recibir\u00e1 otro lote de 68 ambulancias (tipo tres) para el traslado asistido de pacientes en estado cr\u00edtico que requieren asistencia m\u00e9dica. Vendr\u00e1n equipadas con una sala para cuidados especiales de emergencia, donde se prestar\u00e1 tratamiento avanzado y evaluaci\u00f3n contin\u00faa del paciente, explic\u00f3 el licenciado Santiago Urbizo, Subgerente de Planificaci\u00f3n y Desarrollo.<\/p>\n<h3>Distribuci\u00f3n a nivel nacional de las 46 nuevas ambulancias<\/h3>\n<table width=\"583\">\n<tbody>\n<tr>\n<td colspan=\"4\" width=\"583\">\n<p><strong>Ambulancia Toyota Hiace 4&#215;2<\/strong><\/p>\n<p><strong>Cantidad total de ambulancias 4&#215;2: 32<\/strong><\/p>\n<\/td>\n<\/tr>\n<tr>\n<td width=\"241\">\n<p><strong>Unidad M\u00e9dica<\/strong><\/p>\n<\/td>\n<td width=\"57\">\n<p><strong>Cant.<\/strong><\/p>\n<\/td>\n<td width=\"229\">\n<p><strong>Unidad M\u00e9dica<\/strong><\/p>\n<\/td>\n<td width=\"56\">\n<p><strong>Cant.<\/strong><\/p>\n<\/td>\n<\/tr>\n<tr>\n<td width=\"241\">\n<p>Camip 3 Zunil<\/p>\n<\/td>\n<td width=\"57\">\n<p><strong>1<\/strong><\/p>\n<\/td>\n<td width=\"229\">\n<p>Unidad Perif\u00e9rica zona 5<\/p>\n<\/td>\n<td width=\"56\">\n<p><strong>1<\/strong><\/p>\n<\/td>\n<\/tr>\n<tr>\n<td width=\"241\">\n<p>Consultorio Antigua Guatemala<\/p>\n<\/td>\n<td width=\"57\">\n<p><strong>1<\/strong><\/p>\n<\/td>\n<td width=\"229\">\n<p>Consultorio Jutiapa<\/p>\n<\/td>\n<td width=\"56\">\n<p><strong>1<\/strong><\/p>\n<\/td>\n<\/tr>\n<tr>\n<td width=\"241\">\n<p>Consultorio San Jos\u00e9 P\u00ednula<\/p>\n<\/td>\n<td width=\"57\">\n<p><strong>1<\/strong><\/p>\n<\/td>\n<td width=\"229\">\n<p>Hospital Departamental de Puerto Barrios<\/p>\n<\/td>\n<td width=\"56\">\n<p><strong>1<\/strong><\/p>\n<\/td>\n<\/tr>\n<tr>\n<td width=\"241\">\n<p>Consultorio Guastatoya, El Progreso<\/p>\n<\/td>\n<td width=\"57\">\n<p><strong>1<\/strong><\/p>\n<\/td>\n<td width=\"229\">\n<p>Consultorio La Gomera, Escuintla<\/p>\n<\/td>\n<td width=\"56\">\n<p><strong>1<\/strong><\/p>\n<\/td>\n<\/tr>\n<tr>\n<td width=\"241\">\n<p>Consultorio Villa Nueva<\/p>\n<\/td>\n<td width=\"57\">\n<p><strong>1<\/strong><\/p>\n<\/td>\n<td width=\"229\">\n<p>Policl\u00ednica Ciudad de Guatemala<\/p>\n<\/td>\n<td width=\"56\">\n<p><strong>1<\/strong><\/p>\n<\/td>\n<\/tr>\n<tr>\n<td width=\"241\">\n<p>Hospital de Chimaltenango<\/p>\n<\/td>\n<td width=\"57\">\n<p><strong>1<\/strong><\/p>\n<\/td>\n<td width=\"229\">\n<p>Hospital General de Quetzaltenango<\/p>\n<\/td>\n<td width=\"56\">\n<p><strong>2<\/strong><\/p>\n<\/td>\n<\/tr>\n<tr>\n<td width=\"241\">\n<p>Hospital Cob\u00e1n, Alta Verapaz<\/p>\n<\/td>\n<td width=\"57\">\n<p><strong>1<\/strong><\/p>\n<\/td>\n<td width=\"229\">\n<p>Consultorio Salam\u00e1, Baja Verapaz<\/p>\n<\/td>\n<td width=\"56\">\n<p><strong>1<\/strong><\/p>\n<\/td>\n<\/tr>\n<tr>\n<td width=\"241\">\n<p>Hospital General de Accidentes \u00abCEIBAL\u00bb<\/p>\n<\/td>\n<td width=\"57\">\n<p><strong>2<\/strong><\/p>\n<\/td>\n<td width=\"229\">\n<p>Hospital de Accidentes de Malacat\u00e1n, San Marcos<\/p>\n<\/td>\n<td width=\"56\">\n<p><strong>1<\/strong><\/p>\n<\/td>\n<\/tr>\n<tr>\n<td width=\"241\">\n<p>Hospital General de Enfermedades<\/p>\n<\/td>\n<td width=\"57\">\n<p><strong>3<\/strong><\/p>\n<\/td>\n<td width=\"229\">\n<p>Consultorio San Marcos<\/p>\n<\/td>\n<td width=\"56\">\n<p><strong>1<\/strong><\/p>\n<\/td>\n<\/tr>\n<tr>\n<td width=\"241\">\n<p>Hospital General Dr. Juan Jos\u00e9 Ar\u00e9valo Bermejo<\/p>\n<\/td>\n<td width=\"57\">\n<p><strong>1<\/strong><\/p>\n<\/td>\n<td width=\"229\">\n<p>Hospital de Accidentes El Tumbador, San Marcos<\/p>\n<\/td>\n<td width=\"56\">\n<p><strong>1<\/strong><\/p>\n<\/td>\n<\/tr>\n<tr>\n<td width=\"241\">\n<p>Unidad Asistencial de Amatitl\u00e1n<\/p>\n<\/td>\n<td width=\"57\">\n<p><strong>1<\/strong><\/p>\n<\/td>\n<td width=\"229\">\n<p>Hospital Santa Lucia Cotzumalguapa<\/p>\n<\/td>\n<td width=\"56\">\n<p><strong>1<\/strong><\/p>\n<\/td>\n<\/tr>\n<tr>\n<td width=\"241\">\n<p>Unidad de Consulta Externa de Enfermedades (COEX)<\/p>\n<\/td>\n<td width=\"57\">\n<p><strong>1<\/strong><\/p>\n<\/td>\n<td width=\"229\">\n<p>Consultorio Puerto de San Jos\u00e9, Escuintla<\/p>\n<\/td>\n<td width=\"56\">\n<p><strong>1<\/strong><\/p>\n<\/td>\n<\/tr>\n<tr>\n<td width=\"241\">\n<p>Unidad Perif\u00e9rica Zona 11<\/p>\n<\/td>\n<td width=\"57\">\n<p><strong>2<\/strong><\/p>\n<\/td>\n<td width=\"229\">\n<p>Hospital de Huehuetenango<\/p>\n<\/td>\n<td width=\"56\">\n<p><strong>1<\/strong><\/p>\n<\/td>\n<\/tr>\n<tr>\n<td width=\"241\">\n<p>Hospital de Cuilapa, Santa Rosa<\/p>\n<\/td>\n<td width=\"57\">\n<p><strong>1<\/strong><\/p>\n<\/td>\n<td width=\"229\">\n<p>\u00a0<\/p>\n<p>\u00a0<\/p>\n<\/td>\n<td width=\"56\">\n<p><strong>\u00a0<\/strong><\/p>\n<\/td>\n<\/tr>\n<tr>\n<td colspan=\"4\" width=\"583\">\n<p><strong>\u00a0<\/strong><\/p>\n<\/td>\n<\/tr>\n<\/tbody>\n<\/table>\n<p>\u00a0<\/p>\n<table width=\"583\">\n<tbody>\n<tr>\n<td colspan=\"4\" width=\"583\">\n<p><strong>Ambulancia Toyota Land Rover 4&#215;4<\/strong><\/p>\n<p><strong>Cantidad total de ambulancias 4&#215;4: 14<\/strong><\/p>\n<\/td>\n<\/tr>\n<tr>\n<td width=\"241\">\n<p><strong>Unidad M\u00e9dica<\/strong><\/p>\n<\/td>\n<td width=\"57\">\n<p><strong>Cant.<\/strong><\/p>\n<\/td>\n<td width=\"229\">\n<p><strong>Unidad M\u00e9dica<\/strong><\/p>\n<\/td>\n<td width=\"56\">\n<p><strong>Cant.<\/strong><\/p>\n<\/td>\n<\/tr>\n<tr>\n<td width=\"241\">\n<p>Consultorio Santa Cruz del Quich\u00e9<\/p>\n<\/td>\n<td width=\"57\">\n<p><strong>1<\/strong><\/p>\n<\/td>\n<td width=\"229\">\n<p>UIA La Tinta, Alta Verap\u00e1z<\/p>\n<\/td>\n<td width=\"56\">\n<p><strong>1<\/strong><\/p>\n<\/td>\n<\/tr>\n<tr>\n<td width=\"241\">\n<p>Centro de Atenci\u00f3n M\u00e9dica Sayaxch\u00e9, Pet\u00e9n<\/p>\n<\/td>\n<td width=\"57\">\n<p><strong>1<\/strong><\/p>\n<\/td>\n<td width=\"229\">\n<p>UIA Fray Bartolom\u00e9 de las Casas, Alta Verapaz<\/p>\n<\/td>\n<td width=\"56\">\n<p><strong>1<\/strong><\/p>\n<\/td>\n<\/tr>\n<tr>\n<td width=\"241\">\n<p>Hospital de Accidentes El Tumbador, San Marcos<\/p>\n<\/td>\n<td width=\"57\">\n<p><strong>1<\/strong><\/p>\n<\/td>\n<td width=\"229\">\n<p>Hospital Patulul, Suchitep\u00e9quez<\/p>\n<\/td>\n<td width=\"56\">\n<p><strong>1<\/strong><\/p>\n<\/td>\n<\/tr>\n<tr>\n<td width=\"241\">\n<p>Hospital de Cob\u00e1n, Alta Verapaz<\/p>\n<\/td>\n<td width=\"57\">\n<p><strong>1<\/strong><\/p>\n<\/td>\n<td width=\"229\">\n<p>UIA Barillas, Huehuetenango<\/p>\n<\/td>\n<td width=\"56\">\n<p><strong>1<\/strong><\/p>\n<\/td>\n<\/tr>\n<tr>\n<td width=\"241\">\n<p>Hospital Departamental Puerto Barrios<\/p>\n<\/td>\n<td width=\"57\">\n<p><strong>1<\/strong><\/p>\n<\/td>\n<td width=\"229\">\n<p>Consultorio Morales, Izabal<\/p>\n<\/td>\n<td width=\"56\">\n<p><strong>1<\/strong><\/p>\n<\/td>\n<\/tr>\n<tr>\n<td width=\"241\">\n<p>Hospital Coatepeque, Quetzaltenango<\/p>\n<\/td>\n<td width=\"57\">\n<p><strong>1<\/strong><\/p>\n<\/td>\n<td width=\"229\">\n<p>Hospital de Colomba, Quetzaltenango<\/p>\n<\/td>\n<td width=\"56\">\n<p><strong>1<\/strong><\/p>\n<\/td>\n<\/tr>\n<tr>\n<td width=\"241\">\n<p>Consultorio Tec\u00fan Um\u00e1n, San Marcos<\/p>\n<\/td>\n<td width=\"57\">\n<p><strong>1<\/strong><\/p>\n<\/td>\n<td width=\"229\">\n<p>Hospital Mazatenango, Suchitep\u00e9quez<\/p>\n<\/td>\n<td width=\"56\">\n<p><strong>1<\/strong><\/p>\n<\/td>\n<\/tr>\n<tr>\n<td colspan=\"4\" width=\"583\">\n<p><strong>\u00a0<\/strong><\/p>\n<\/td>\n<\/tr>\n<\/tbody>\n<\/table>\n<h3>Equipamiento de las ambulancias:<\/h3>\n<ul>\n<li>Mobiliario m\u00e9dico para almacenamiento<\/li>\n<li>Cilindro de ox\u00edgeno port\u00e1til con regulador<\/li>\n<li>Equipos de monitoreo de signos vitales<\/li>\n<li>Laringoscopios y otros equipos para intubaci\u00f3n<\/li>\n<li>Respirador manual para proporcionar ventilaci\u00f3n con presi\u00f3n<\/li>\n<li>Fluj\u00f3metro y mascarillas<\/li>\n<li>Desfibrilador autom\u00e1tico, el cual se utiliza en pacientes que sufren un paro card\u00edaco<\/li>\n<li>Acabado interno de grado m\u00e9dico<\/li>\n<li>Camilla principal con ruedas<\/li>\n<li>Camilla portable con inmovilizadores<\/li>\n<li>Sistema de ox\u00edgeno centralizado y en bombas para emergencia y uso externo<\/li>\n<li>Unidad de succi\u00f3n (dispositivo usado para absorber fluidos corporales)<\/li>\n<li>Enchufes de potencia el\u00e9ctrica en AC y DC y bater\u00edas<\/li>\n<li>L\u00e1mpara para paciente<\/li>\n<li>Botiqu\u00edn de primeros auxilios y de emergencia<\/li>\n<li>Equipo de infusi\u00f3n y soportes<\/li>\n<\/ul>\n\r\n                <style type=\"text\/css\">\r\n                    \r\n                    #tdi_1  .td-doubleSlider-2 .td-item1 {\r\n                        background: url(\/wp-content\/uploads\/sites\/5\/2022\/04\/Entrega-de-ambulancias-a-unidades-medicas-IGSS-2022-4-80x60.jpg) 0 0 no-repeat;\r\n                    }\r\n                    #tdi_1  .td-doubleSlider-2 .td-item2 {\r\n                        background: url(\/wp-content\/uploads\/sites\/5\/2022\/04\/Entrega-de-ambulancias-a-unidades-medicas-IGSS-2022-10-80x60.jpg) 0 0 no-repeat;\r\n                    }\r\n                    #tdi_1  .td-doubleSlider-2 .td-item3 {\r\n                        background: url(\/wp-content\/uploads\/sites\/5\/2022\/04\/Entrega-de-ambulancias-a-unidades-medicas-IGSS-2022-42-80x60.jpg) 0 0 no-repeat;\r\n                    }\r\n                    #tdi_1  .td-doubleSlider-2 .td-item4 {\r\n                        background: url(\/wp-content\/uploads\/sites\/5\/2022\/04\/Entrega-de-ambulancias-a-unidades-medicas-IGSS-2022-41-80x60.jpg) 0 0 no-repeat;\r\n                    }\r\n                    #tdi_1  .td-doubleSlider-2 .td-item5 {\r\n                        background: url(\/wp-content\/uploads\/sites\/5\/2022\/04\/Entrega-de-ambulancias-a-unidades-medicas-IGSS-2022-18-80x60.jpg) 0 0 no-repeat;\r\n                    }\r\n                    #tdi_1  .td-doubleSlider-2 .td-item6 {\r\n                        background: url(\/wp-content\/uploads\/sites\/5\/2022\/04\/Entrega-de-ambulancias-a-unidades-medicas-IGSS-2022-38-80x60.jpg) 0 0 no-repeat;\r\n                    }\r\n                    #tdi_1  .td-doubleSlider-2 .td-item7 {\r\n                        background: url(\/wp-content\/uploads\/sites\/5\/2022\/04\/Entrega-de-ambulancias-a-unidades-medicas-IGSS-2022-24-80x60.jpg) 0 0 no-repeat;\r\n                    }\r\n                    #tdi_1  .td-doubleSlider-2 .td-item8 {\r\n                        background: url(\/wp-content\/uploads\/sites\/5\/2022\/04\/Entrega-de-ambulancias-a-unidades-medicas-IGSS-2022-29-80x60.jpg) 0 0 no-repeat;\r\n                    }\r\n                    #tdi_1  .td-doubleSlider-2 .td-item9 {\r\n                        background: url(\/wp-content\/uploads\/sites\/5\/2022\/04\/Entrega-de-ambulancias-a-unidades-medicas-IGSS-2022-45-80x60.jpg) 0 0 no-repeat;\r\n                    }\r\n                    #tdi_1  .td-doubleSlider-2 .td-item10 {\r\n                        background: url(\/wp-content\/uploads\/sites\/5\/2022\/04\/Entrega-de-ambulancias-a-unidades-medicas-IGSS-2022-20-80x60.jpg) 0 0 no-repeat;\r\n                    }\r\n                    #tdi_1  .td-doubleSlider-2 .td-item11 {\r\n                        background: url(\/wp-content\/uploads\/sites\/5\/2022\/04\/Entrega-de-ambulancias-a-unidades-medicas-IGSS-2022-21-80x60.jpg) 0 0 no-repeat;\r\n                    }\r\n                    #tdi_1  .td-doubleSlider-2 .td-item12 {\r\n                        background: url(\/wp-content\/uploads\/sites\/5\/2022\/04\/Entrega-de-ambulancias-a-unidades-medicas-IGSS-2022-39-80x60.jpg) 0 0 no-repeat;\r\n                    }\r\n                    #tdi_1  .td-doubleSlider-2 .td-item13 {\r\n                        background: url(\/wp-content\/uploads\/sites\/5\/2022\/04\/Entrega-de-ambulancias-a-unidades-medicas-IGSS-2022-5-80x60.jpg) 0 0 no-repeat;\r\n                    }\r\n                    #tdi_1  .td-doubleSlider-2 .td-item14 {\r\n                        background: url(\/wp-content\/uploads\/sites\/5\/2022\/04\/Entrega-de-ambulancias-a-unidades-medicas-IGSS-2022-8-80x60.jpg) 0 0 no-repeat;\r\n                    }\r\n                    #tdi_1  .td-doubleSlider-2 .td-item15 {\r\n                        background: url(\/wp-content\/uploads\/sites\/5\/2022\/04\/Entrega-de-ambulancias-a-unidades-medicas-IGSS-2022-18f-1-80x60.jpg) 0 0 no-repeat;\r\n                    }\r\n                    #tdi_1  .td-doubleSlider-2 .td-item16 {\r\n                        background: url(\/wp-content\/uploads\/sites\/5\/2022\/04\/Entrega-de-ambulancias-a-unidades-medicas-IGSS-2022-18f-2-80x60.jpg) 0 0 no-repeat;\r\n                    }\r\n                    #tdi_1  .td-doubleSlider-2 .td-item17 {\r\n                        background: url(\/wp-content\/uploads\/sites\/5\/2022\/04\/Entrega-de-ambulancias-a-unidades-medicas-IGSS-2022-18f-3-80x60.jpg) 0 0 no-repeat;\r\n                    }\r\n                    #tdi_1  .td-doubleSlider-2 .td-item18 {\r\n                        background: url(\/wp-content\/uploads\/sites\/5\/2022\/04\/Entrega-de-ambulancias-a-unidades-medicas-IGSS-2022-18f-4-80x60.jpg) 0 0 no-repeat;\r\n                    }\r\n                <\/style>\r\n\r\n                <div id=\"tdi_1\" class=\"td-gallery td-slide-on-2-columns\">\r\n                    <div class=\"post_td_gallery\">\r\n                        <div class=\"td-gallery-slide-top\">\r\n                           <div class=\"td-gallery-title\">Galeria de Im\u00e1genes<\/div>\r\n\r\n                            <div class=\"td-gallery-controls-wrapper\">\r\n                                <div class=\"td-gallery-slide-count\"><span class=\"td-gallery-slide-item-focus\">1<\/span> de 18<\/div>\r\n                                <div class=\"td-gallery-slide-prev-next-but\">\r\n                                    <i class = \"td-icon-left doubleSliderPrevButton\"><\/i>\r\n                                    <i class = \"td-icon-right doubleSliderNextButton\"><\/i>\r\n                                <\/div>\r\n                            <\/div>\r\n                        <\/div>\r\n\r\n                        <div class = \"td-doubleSlider-1 \">\r\n                            <div class = \"td-slider\">\r\n                                \r\n                    <div class = \"td-slide-item td-item1\">\r\n                        <figure class=\"td-slide-galery-figure td-slide-popup-gallery\">\r\n                            <a class=\"slide-gallery-image-link\" href=\"\/wp-content\/uploads\/sites\/5\/2022\/04\/Entrega-de-ambulancias-a-unidades-medicas-IGSS-2022-4.jpg\" title=\"Entrega de ambulancias a unidades medicas IGSS 2022-4\"  data-caption=\"\"  data-description=\"\">\r\n                                <img decoding=\"async\" src=\"\/wp-content\/uploads\/sites\/5\/2022\/04\/Entrega-de-ambulancias-a-unidades-medicas-IGSS-2022-4-662x420.jpg\" srcset=\"\/wp-content\/uploads\/sites\/5\/2022\/04\/Entrega-de-ambulancias-a-unidades-medicas-IGSS-2022-4-662x420.jpg 662w, \/wp-content\/uploads\/sites\/5\/2022\/04\/Entrega-de-ambulancias-a-unidades-medicas-IGSS-2022-4-300x190.jpg 300w, \/wp-content\/uploads\/sites\/5\/2022\/04\/Entrega-de-ambulancias-a-unidades-medicas-IGSS-2022-4-768x487.jpg 768w, \/wp-content\/uploads\/sites\/5\/2022\/04\/Entrega-de-ambulancias-a-unidades-medicas-IGSS-2022-4-1024x650.jpg 1024w, \/wp-content\/uploads\/sites\/5\/2022\/04\/Entrega-de-ambulancias-a-unidades-medicas-IGSS-2022-4-696x442.jpg 696w, \/wp-content\/uploads\/sites\/5\/2022\/04\/Entrega-de-ambulancias-a-unidades-medicas-IGSS-2022-4-1068x678.jpg 1068w, \/wp-content\/uploads\/sites\/5\/2022\/04\/Entrega-de-ambulancias-a-unidades-medicas-IGSS-2022-4-534x339.jpg 534w, \/wp-content\/uploads\/sites\/5\/2022\/04\/Entrega-de-ambulancias-a-unidades-medicas-IGSS-2022-4.jpg 1280w\" sizes=\"(max-width: 662px) 100vw, 662px\" alt=\"\">\r\n                            <\/a>\r\n                            \r\n                        <\/figure>\r\n                    <\/div>\r\n                    <div class = \"td-slide-item td-item2\">\r\n                        <figure class=\"td-slide-galery-figure td-slide-popup-gallery\">\r\n                            <a class=\"slide-gallery-image-link\" href=\"\/wp-content\/uploads\/sites\/5\/2022\/04\/Entrega-de-ambulancias-a-unidades-medicas-IGSS-2022-10.jpg\" title=\"Entrega de ambulancias a unidades medicas IGSS 2022-10\"  data-caption=\"\"  data-description=\"\">\r\n                                <img decoding=\"async\" src=\"\/wp-content\/uploads\/sites\/5\/2022\/04\/Entrega-de-ambulancias-a-unidades-medicas-IGSS-2022-10-630x420.jpg\" srcset=\"\/wp-content\/uploads\/sites\/5\/2022\/04\/Entrega-de-ambulancias-a-unidades-medicas-IGSS-2022-10-630x420.jpg 630w, \/wp-content\/uploads\/sites\/5\/2022\/04\/Entrega-de-ambulancias-a-unidades-medicas-IGSS-2022-10-300x200.jpg 300w, \/wp-content\/uploads\/sites\/5\/2022\/04\/Entrega-de-ambulancias-a-unidades-medicas-IGSS-2022-10-768x512.jpg 768w, \/wp-content\/uploads\/sites\/5\/2022\/04\/Entrega-de-ambulancias-a-unidades-medicas-IGSS-2022-10-1024x682.jpg 1024w, \/wp-content\/uploads\/sites\/5\/2022\/04\/Entrega-de-ambulancias-a-unidades-medicas-IGSS-2022-10-696x464.jpg 696w, \/wp-content\/uploads\/sites\/5\/2022\/04\/Entrega-de-ambulancias-a-unidades-medicas-IGSS-2022-10-1068x712.jpg 1068w, \/wp-content\/uploads\/sites\/5\/2022\/04\/Entrega-de-ambulancias-a-unidades-medicas-IGSS-2022-10-534x356.jpg 534w, \/wp-content\/uploads\/sites\/5\/2022\/04\/Entrega-de-ambulancias-a-unidades-medicas-IGSS-2022-10.jpg 1280w\" sizes=\"(max-width: 630px) 100vw, 630px\" alt=\"\">\r\n                            <\/a>\r\n                            \r\n                        <\/figure>\r\n                    <\/div>\r\n                    <div class = \"td-slide-item td-item3\">\r\n                        <figure class=\"td-slide-galery-figure td-slide-popup-gallery\">\r\n                            <a class=\"slide-gallery-image-link\" href=\"\/wp-content\/uploads\/sites\/5\/2022\/04\/Entrega-de-ambulancias-a-unidades-medicas-IGSS-2022-42.jpg\" title=\"Entrega de ambulancias a unidades medicas IGSS 2022-42\"  data-caption=\"\"  data-description=\"\">\r\n                                <img decoding=\"async\" src=\"\/wp-content\/uploads\/sites\/5\/2022\/04\/Entrega-de-ambulancias-a-unidades-medicas-IGSS-2022-42-630x420.jpg\" srcset=\"\/wp-content\/uploads\/sites\/5\/2022\/04\/Entrega-de-ambulancias-a-unidades-medicas-IGSS-2022-42-630x420.jpg 630w, \/wp-content\/uploads\/sites\/5\/2022\/04\/Entrega-de-ambulancias-a-unidades-medicas-IGSS-2022-42-300x200.jpg 300w, \/wp-content\/uploads\/sites\/5\/2022\/04\/Entrega-de-ambulancias-a-unidades-medicas-IGSS-2022-42-768x512.jpg 768w, \/wp-content\/uploads\/sites\/5\/2022\/04\/Entrega-de-ambulancias-a-unidades-medicas-IGSS-2022-42-1024x682.jpg 1024w, \/wp-content\/uploads\/sites\/5\/2022\/04\/Entrega-de-ambulancias-a-unidades-medicas-IGSS-2022-42-1536x1023.jpg 1536w, \/wp-content\/uploads\/sites\/5\/2022\/04\/Entrega-de-ambulancias-a-unidades-medicas-IGSS-2022-42-696x464.jpg 696w, \/wp-content\/uploads\/sites\/5\/2022\/04\/Entrega-de-ambulancias-a-unidades-medicas-IGSS-2022-42-1068x712.jpg 1068w, \/wp-content\/uploads\/sites\/5\/2022\/04\/Entrega-de-ambulancias-a-unidades-medicas-IGSS-2022-42-534x356.jpg 534w, \/wp-content\/uploads\/sites\/5\/2022\/04\/Entrega-de-ambulancias-a-unidades-medicas-IGSS-2022-42.jpg 1600w\" sizes=\"(max-width: 630px) 100vw, 630px\" alt=\"\">\r\n                            <\/a>\r\n                            \r\n                        <\/figure>\r\n                    <\/div>\r\n                    <div class = \"td-slide-item td-item4\">\r\n                        <figure class=\"td-slide-galery-figure td-slide-popup-gallery\">\r\n                            <a class=\"slide-gallery-image-link\" href=\"\/wp-content\/uploads\/sites\/5\/2022\/04\/Entrega-de-ambulancias-a-unidades-medicas-IGSS-2022-41.jpg\" title=\"Entrega de ambulancias a unidades medicas IGSS 2022-41\"  data-caption=\"\"  data-description=\"\">\r\n                                <img decoding=\"async\" src=\"\/wp-content\/uploads\/sites\/5\/2022\/04\/Entrega-de-ambulancias-a-unidades-medicas-IGSS-2022-41-630x420.jpg\" srcset=\"\/wp-content\/uploads\/sites\/5\/2022\/04\/Entrega-de-ambulancias-a-unidades-medicas-IGSS-2022-41-630x420.jpg 630w, \/wp-content\/uploads\/sites\/5\/2022\/04\/Entrega-de-ambulancias-a-unidades-medicas-IGSS-2022-41-300x200.jpg 300w, \/wp-content\/uploads\/sites\/5\/2022\/04\/Entrega-de-ambulancias-a-unidades-medicas-IGSS-2022-41-768x512.jpg 768w, \/wp-content\/uploads\/sites\/5\/2022\/04\/Entrega-de-ambulancias-a-unidades-medicas-IGSS-2022-41-1024x682.jpg 1024w, \/wp-content\/uploads\/sites\/5\/2022\/04\/Entrega-de-ambulancias-a-unidades-medicas-IGSS-2022-41-1536x1023.jpg 1536w, \/wp-content\/uploads\/sites\/5\/2022\/04\/Entrega-de-ambulancias-a-unidades-medicas-IGSS-2022-41-696x464.jpg 696w, \/wp-content\/uploads\/sites\/5\/2022\/04\/Entrega-de-ambulancias-a-unidades-medicas-IGSS-2022-41-1068x712.jpg 1068w, \/wp-content\/uploads\/sites\/5\/2022\/04\/Entrega-de-ambulancias-a-unidades-medicas-IGSS-2022-41-534x356.jpg 534w, \/wp-content\/uploads\/sites\/5\/2022\/04\/Entrega-de-ambulancias-a-unidades-medicas-IGSS-2022-41.jpg 1600w\" sizes=\"(max-width: 630px) 100vw, 630px\" alt=\"\">\r\n                            <\/a>\r\n                            \r\n                        <\/figure>\r\n                    <\/div>\r\n                    <div class = \"td-slide-item td-item5\">\r\n                        <figure class=\"td-slide-galery-figure td-slide-popup-gallery\">\r\n                            <a class=\"slide-gallery-image-link\" href=\"\/wp-content\/uploads\/sites\/5\/2022\/04\/Entrega-de-ambulancias-a-unidades-medicas-IGSS-2022-18.jpg\" title=\"Entrega de ambulancias a unidades medicas IGSS 2022-18\"  data-caption=\"\"  data-description=\"\">\r\n                                <img decoding=\"async\" src=\"\/wp-content\/uploads\/sites\/5\/2022\/04\/Entrega-de-ambulancias-a-unidades-medicas-IGSS-2022-18-630x420.jpg\" srcset=\"\/wp-content\/uploads\/sites\/5\/2022\/04\/Entrega-de-ambulancias-a-unidades-medicas-IGSS-2022-18-630x420.jpg 630w, \/wp-content\/uploads\/sites\/5\/2022\/04\/Entrega-de-ambulancias-a-unidades-medicas-IGSS-2022-18-300x200.jpg 300w, \/wp-content\/uploads\/sites\/5\/2022\/04\/Entrega-de-ambulancias-a-unidades-medicas-IGSS-2022-18-768x512.jpg 768w, \/wp-content\/uploads\/sites\/5\/2022\/04\/Entrega-de-ambulancias-a-unidades-medicas-IGSS-2022-18-1024x682.jpg 1024w, \/wp-content\/uploads\/sites\/5\/2022\/04\/Entrega-de-ambulancias-a-unidades-medicas-IGSS-2022-18-696x464.jpg 696w, \/wp-content\/uploads\/sites\/5\/2022\/04\/Entrega-de-ambulancias-a-unidades-medicas-IGSS-2022-18-1068x712.jpg 1068w, \/wp-content\/uploads\/sites\/5\/2022\/04\/Entrega-de-ambulancias-a-unidades-medicas-IGSS-2022-18-534x356.jpg 534w, \/wp-content\/uploads\/sites\/5\/2022\/04\/Entrega-de-ambulancias-a-unidades-medicas-IGSS-2022-18.jpg 1280w\" sizes=\"(max-width: 630px) 100vw, 630px\" alt=\"\">\r\n                            <\/a>\r\n                            \r\n                        <\/figure>\r\n                    <\/div>\r\n                    <div class = \"td-slide-item td-item6\">\r\n                        <figure class=\"td-slide-galery-figure td-slide-popup-gallery\">\r\n                            <a class=\"slide-gallery-image-link\" href=\"\/wp-content\/uploads\/sites\/5\/2022\/04\/Entrega-de-ambulancias-a-unidades-medicas-IGSS-2022-38.jpg\" title=\"Entrega de ambulancias a unidades medicas IGSS 2022-38\"  data-caption=\"\"  data-description=\"\">\r\n                                <img decoding=\"async\" src=\"\/wp-content\/uploads\/sites\/5\/2022\/04\/Entrega-de-ambulancias-a-unidades-medicas-IGSS-2022-38-630x420.jpg\" srcset=\"\/wp-content\/uploads\/sites\/5\/2022\/04\/Entrega-de-ambulancias-a-unidades-medicas-IGSS-2022-38-630x420.jpg 630w, \/wp-content\/uploads\/sites\/5\/2022\/04\/Entrega-de-ambulancias-a-unidades-medicas-IGSS-2022-38-300x200.jpg 300w, \/wp-content\/uploads\/sites\/5\/2022\/04\/Entrega-de-ambulancias-a-unidades-medicas-IGSS-2022-38-768x512.jpg 768w, \/wp-content\/uploads\/sites\/5\/2022\/04\/Entrega-de-ambulancias-a-unidades-medicas-IGSS-2022-38-1024x682.jpg 1024w, \/wp-content\/uploads\/sites\/5\/2022\/04\/Entrega-de-ambulancias-a-unidades-medicas-IGSS-2022-38-696x464.jpg 696w, \/wp-content\/uploads\/sites\/5\/2022\/04\/Entrega-de-ambulancias-a-unidades-medicas-IGSS-2022-38-1068x712.jpg 1068w, \/wp-content\/uploads\/sites\/5\/2022\/04\/Entrega-de-ambulancias-a-unidades-medicas-IGSS-2022-38-534x356.jpg 534w, \/wp-content\/uploads\/sites\/5\/2022\/04\/Entrega-de-ambulancias-a-unidades-medicas-IGSS-2022-38.jpg 1280w\" sizes=\"(max-width: 630px) 100vw, 630px\" alt=\"\">\r\n                            <\/a>\r\n                            \r\n                        <\/figure>\r\n                    <\/div>\r\n                    <div class = \"td-slide-item td-item7\">\r\n                        <figure class=\"td-slide-galery-figure td-slide-popup-gallery\">\r\n                            <a class=\"slide-gallery-image-link\" href=\"\/wp-content\/uploads\/sites\/5\/2022\/04\/Entrega-de-ambulancias-a-unidades-medicas-IGSS-2022-24.jpg\" title=\"Entrega de ambulancias a unidades medicas IGSS 2022-24\"  data-caption=\"\"  data-description=\"\">\r\n                                <img decoding=\"async\" src=\"\/wp-content\/uploads\/sites\/5\/2022\/04\/Entrega-de-ambulancias-a-unidades-medicas-IGSS-2022-24-630x420.jpg\" srcset=\"\/wp-content\/uploads\/sites\/5\/2022\/04\/Entrega-de-ambulancias-a-unidades-medicas-IGSS-2022-24-630x420.jpg 630w, \/wp-content\/uploads\/sites\/5\/2022\/04\/Entrega-de-ambulancias-a-unidades-medicas-IGSS-2022-24-300x200.jpg 300w, \/wp-content\/uploads\/sites\/5\/2022\/04\/Entrega-de-ambulancias-a-unidades-medicas-IGSS-2022-24-768x512.jpg 768w, \/wp-content\/uploads\/sites\/5\/2022\/04\/Entrega-de-ambulancias-a-unidades-medicas-IGSS-2022-24-1024x682.jpg 1024w, \/wp-content\/uploads\/sites\/5\/2022\/04\/Entrega-de-ambulancias-a-unidades-medicas-IGSS-2022-24-1536x1023.jpg 1536w, \/wp-content\/uploads\/sites\/5\/2022\/04\/Entrega-de-ambulancias-a-unidades-medicas-IGSS-2022-24-696x464.jpg 696w, \/wp-content\/uploads\/sites\/5\/2022\/04\/Entrega-de-ambulancias-a-unidades-medicas-IGSS-2022-24-1068x712.jpg 1068w, \/wp-content\/uploads\/sites\/5\/2022\/04\/Entrega-de-ambulancias-a-unidades-medicas-IGSS-2022-24-534x356.jpg 534w, \/wp-content\/uploads\/sites\/5\/2022\/04\/Entrega-de-ambulancias-a-unidades-medicas-IGSS-2022-24.jpg 1600w\" sizes=\"(max-width: 630px) 100vw, 630px\" alt=\"\">\r\n                            <\/a>\r\n                            \r\n                        <\/figure>\r\n                    <\/div>\r\n                    <div class = \"td-slide-item td-item8\">\r\n                        <figure class=\"td-slide-galery-figure td-slide-popup-gallery\">\r\n                            <a class=\"slide-gallery-image-link\" href=\"\/wp-content\/uploads\/sites\/5\/2022\/04\/Entrega-de-ambulancias-a-unidades-medicas-IGSS-2022-29.jpg\" title=\"Entrega de ambulancias a unidades medicas IGSS 2022-29\"  data-caption=\"\"  data-description=\"\">\r\n                                <img decoding=\"async\" src=\"\/wp-content\/uploads\/sites\/5\/2022\/04\/Entrega-de-ambulancias-a-unidades-medicas-IGSS-2022-29-630x420.jpg\" srcset=\"\/wp-content\/uploads\/sites\/5\/2022\/04\/Entrega-de-ambulancias-a-unidades-medicas-IGSS-2022-29-630x420.jpg 630w, \/wp-content\/uploads\/sites\/5\/2022\/04\/Entrega-de-ambulancias-a-unidades-medicas-IGSS-2022-29-300x200.jpg 300w, \/wp-content\/uploads\/sites\/5\/2022\/04\/Entrega-de-ambulancias-a-unidades-medicas-IGSS-2022-29-768x512.jpg 768w, \/wp-content\/uploads\/sites\/5\/2022\/04\/Entrega-de-ambulancias-a-unidades-medicas-IGSS-2022-29-1024x682.jpg 1024w, \/wp-content\/uploads\/sites\/5\/2022\/04\/Entrega-de-ambulancias-a-unidades-medicas-IGSS-2022-29-696x464.jpg 696w, \/wp-content\/uploads\/sites\/5\/2022\/04\/Entrega-de-ambulancias-a-unidades-medicas-IGSS-2022-29-1068x712.jpg 1068w, \/wp-content\/uploads\/sites\/5\/2022\/04\/Entrega-de-ambulancias-a-unidades-medicas-IGSS-2022-29-534x356.jpg 534w, \/wp-content\/uploads\/sites\/5\/2022\/04\/Entrega-de-ambulancias-a-unidades-medicas-IGSS-2022-29.jpg 1280w\" sizes=\"(max-width: 630px) 100vw, 630px\" alt=\"\">\r\n                            <\/a>\r\n                            \r\n                        <\/figure>\r\n                    <\/div>\r\n                    <div class = \"td-slide-item td-item9\">\r\n                        <figure class=\"td-slide-galery-figure td-slide-popup-gallery\">\r\n                            <a class=\"slide-gallery-image-link\" href=\"\/wp-content\/uploads\/sites\/5\/2022\/04\/Entrega-de-ambulancias-a-unidades-medicas-IGSS-2022-45.jpg\" title=\"Entrega de ambulancias a unidades medicas IGSS 2022-45\"  data-caption=\"\"  data-description=\"\">\r\n                                <img decoding=\"async\" src=\"\/wp-content\/uploads\/sites\/5\/2022\/04\/Entrega-de-ambulancias-a-unidades-medicas-IGSS-2022-45-630x420.jpg\" srcset=\"\/wp-content\/uploads\/sites\/5\/2022\/04\/Entrega-de-ambulancias-a-unidades-medicas-IGSS-2022-45-630x420.jpg 630w, \/wp-content\/uploads\/sites\/5\/2022\/04\/Entrega-de-ambulancias-a-unidades-medicas-IGSS-2022-45-300x200.jpg 300w, \/wp-content\/uploads\/sites\/5\/2022\/04\/Entrega-de-ambulancias-a-unidades-medicas-IGSS-2022-45-768x512.jpg 768w, \/wp-content\/uploads\/sites\/5\/2022\/04\/Entrega-de-ambulancias-a-unidades-medicas-IGSS-2022-45-1024x682.jpg 1024w, \/wp-content\/uploads\/sites\/5\/2022\/04\/Entrega-de-ambulancias-a-unidades-medicas-IGSS-2022-45-1536x1023.jpg 1536w, \/wp-content\/uploads\/sites\/5\/2022\/04\/Entrega-de-ambulancias-a-unidades-medicas-IGSS-2022-45-696x464.jpg 696w, \/wp-content\/uploads\/sites\/5\/2022\/04\/Entrega-de-ambulancias-a-unidades-medicas-IGSS-2022-45-1068x712.jpg 1068w, \/wp-content\/uploads\/sites\/5\/2022\/04\/Entrega-de-ambulancias-a-unidades-medicas-IGSS-2022-45-534x356.jpg 534w, \/wp-content\/uploads\/sites\/5\/2022\/04\/Entrega-de-ambulancias-a-unidades-medicas-IGSS-2022-45.jpg 1600w\" sizes=\"(max-width: 630px) 100vw, 630px\" alt=\"\">\r\n                            <\/a>\r\n                            \r\n                        <\/figure>\r\n                    <\/div>\r\n                    <div class = \"td-slide-item td-item10\">\r\n                        <figure class=\"td-slide-galery-figure td-slide-popup-gallery\">\r\n                            <a class=\"slide-gallery-image-link\" href=\"\/wp-content\/uploads\/sites\/5\/2022\/04\/Entrega-de-ambulancias-a-unidades-medicas-IGSS-2022-20.jpg\" title=\"Entrega de ambulancias a unidades medicas IGSS 2022-20\"  data-caption=\"\"  data-description=\"\">\r\n                                <img decoding=\"async\" src=\"\/wp-content\/uploads\/sites\/5\/2022\/04\/Entrega-de-ambulancias-a-unidades-medicas-IGSS-2022-20-280x420.jpg\" srcset=\"\/wp-content\/uploads\/sites\/5\/2022\/04\/Entrega-de-ambulancias-a-unidades-medicas-IGSS-2022-20-280x420.jpg 280w, \/wp-content\/uploads\/sites\/5\/2022\/04\/Entrega-de-ambulancias-a-unidades-medicas-IGSS-2022-20-200x300.jpg 200w, \/wp-content\/uploads\/sites\/5\/2022\/04\/Entrega-de-ambulancias-a-unidades-medicas-IGSS-2022-20-768x1152.jpg 768w, \/wp-content\/uploads\/sites\/5\/2022\/04\/Entrega-de-ambulancias-a-unidades-medicas-IGSS-2022-20-682x1024.jpg 682w, \/wp-content\/uploads\/sites\/5\/2022\/04\/Entrega-de-ambulancias-a-unidades-medicas-IGSS-2022-20-696x1044.jpg 696w, \/wp-content\/uploads\/sites\/5\/2022\/04\/Entrega-de-ambulancias-a-unidades-medicas-IGSS-2022-20-308x462.jpg 308w, \/wp-content\/uploads\/sites\/5\/2022\/04\/Entrega-de-ambulancias-a-unidades-medicas-IGSS-2022-20.jpg 853w\" sizes=\"(max-width: 280px) 100vw, 280px\" alt=\"\">\r\n                            <\/a>\r\n                            \r\n                        <\/figure>\r\n                    <\/div>\r\n                    <div class = \"td-slide-item td-item11\">\r\n                        <figure class=\"td-slide-galery-figure td-slide-popup-gallery\">\r\n                            <a class=\"slide-gallery-image-link\" href=\"\/wp-content\/uploads\/sites\/5\/2022\/04\/Entrega-de-ambulancias-a-unidades-medicas-IGSS-2022-21.jpg\" title=\"Entrega de ambulancias a unidades medicas IGSS 2022-21\"  data-caption=\"\"  data-description=\"\">\r\n                                <img decoding=\"async\" src=\"\/wp-content\/uploads\/sites\/5\/2022\/04\/Entrega-de-ambulancias-a-unidades-medicas-IGSS-2022-21-630x420.jpg\" srcset=\"\/wp-content\/uploads\/sites\/5\/2022\/04\/Entrega-de-ambulancias-a-unidades-medicas-IGSS-2022-21-630x420.jpg 630w, \/wp-content\/uploads\/sites\/5\/2022\/04\/Entrega-de-ambulancias-a-unidades-medicas-IGSS-2022-21-300x200.jpg 300w, \/wp-content\/uploads\/sites\/5\/2022\/04\/Entrega-de-ambulancias-a-unidades-medicas-IGSS-2022-21-768x512.jpg 768w, \/wp-content\/uploads\/sites\/5\/2022\/04\/Entrega-de-ambulancias-a-unidades-medicas-IGSS-2022-21-1024x682.jpg 1024w, \/wp-content\/uploads\/sites\/5\/2022\/04\/Entrega-de-ambulancias-a-unidades-medicas-IGSS-2022-21-1536x1023.jpg 1536w, \/wp-content\/uploads\/sites\/5\/2022\/04\/Entrega-de-ambulancias-a-unidades-medicas-IGSS-2022-21-696x464.jpg 696w, \/wp-content\/uploads\/sites\/5\/2022\/04\/Entrega-de-ambulancias-a-unidades-medicas-IGSS-2022-21-1068x712.jpg 1068w, \/wp-content\/uploads\/sites\/5\/2022\/04\/Entrega-de-ambulancias-a-unidades-medicas-IGSS-2022-21-534x356.jpg 534w, \/wp-content\/uploads\/sites\/5\/2022\/04\/Entrega-de-ambulancias-a-unidades-medicas-IGSS-2022-21.jpg 1600w\" sizes=\"(max-width: 630px) 100vw, 630px\" alt=\"\">\r\n                            <\/a>\r\n                            \r\n                        <\/figure>\r\n                    <\/div>\r\n                    <div class = \"td-slide-item td-item12\">\r\n                        <figure class=\"td-slide-galery-figure td-slide-popup-gallery\">\r\n                            <a class=\"slide-gallery-image-link\" href=\"\/wp-content\/uploads\/sites\/5\/2022\/04\/Entrega-de-ambulancias-a-unidades-medicas-IGSS-2022-39.jpg\" title=\"Entrega de ambulancias a unidades medicas IGSS 2022-39\"  data-caption=\"\"  data-description=\"\">\r\n                                <img decoding=\"async\" src=\"\/wp-content\/uploads\/sites\/5\/2022\/04\/Entrega-de-ambulancias-a-unidades-medicas-IGSS-2022-39-630x420.jpg\" srcset=\"\/wp-content\/uploads\/sites\/5\/2022\/04\/Entrega-de-ambulancias-a-unidades-medicas-IGSS-2022-39-630x420.jpg 630w, \/wp-content\/uploads\/sites\/5\/2022\/04\/Entrega-de-ambulancias-a-unidades-medicas-IGSS-2022-39-300x200.jpg 300w, \/wp-content\/uploads\/sites\/5\/2022\/04\/Entrega-de-ambulancias-a-unidades-medicas-IGSS-2022-39-768x512.jpg 768w, \/wp-content\/uploads\/sites\/5\/2022\/04\/Entrega-de-ambulancias-a-unidades-medicas-IGSS-2022-39-1024x682.jpg 1024w, \/wp-content\/uploads\/sites\/5\/2022\/04\/Entrega-de-ambulancias-a-unidades-medicas-IGSS-2022-39-1536x1023.jpg 1536w, \/wp-content\/uploads\/sites\/5\/2022\/04\/Entrega-de-ambulancias-a-unidades-medicas-IGSS-2022-39-696x464.jpg 696w, \/wp-content\/uploads\/sites\/5\/2022\/04\/Entrega-de-ambulancias-a-unidades-medicas-IGSS-2022-39-1068x712.jpg 1068w, \/wp-content\/uploads\/sites\/5\/2022\/04\/Entrega-de-ambulancias-a-unidades-medicas-IGSS-2022-39-534x356.jpg 534w, \/wp-content\/uploads\/sites\/5\/2022\/04\/Entrega-de-ambulancias-a-unidades-medicas-IGSS-2022-39.jpg 1600w\" sizes=\"(max-width: 630px) 100vw, 630px\" alt=\"\">\r\n                            <\/a>\r\n                            \r\n                        <\/figure>\r\n                    <\/div>\r\n                    <div class = \"td-slide-item td-item13\">\r\n                        <figure class=\"td-slide-galery-figure td-slide-popup-gallery\">\r\n                            <a class=\"slide-gallery-image-link\" href=\"\/wp-content\/uploads\/sites\/5\/2022\/04\/Entrega-de-ambulancias-a-unidades-medicas-IGSS-2022-5.jpg\" title=\"Entrega de ambulancias a unidades medicas IGSS 2022-5\"  data-caption=\"\"  data-description=\"\">\r\n                                <img decoding=\"async\" src=\"\/wp-content\/uploads\/sites\/5\/2022\/04\/Entrega-de-ambulancias-a-unidades-medicas-IGSS-2022-5-630x420.jpg\" srcset=\"\/wp-content\/uploads\/sites\/5\/2022\/04\/Entrega-de-ambulancias-a-unidades-medicas-IGSS-2022-5-630x420.jpg 630w, \/wp-content\/uploads\/sites\/5\/2022\/04\/Entrega-de-ambulancias-a-unidades-medicas-IGSS-2022-5-300x200.jpg 300w, \/wp-content\/uploads\/sites\/5\/2022\/04\/Entrega-de-ambulancias-a-unidades-medicas-IGSS-2022-5-768x512.jpg 768w, \/wp-content\/uploads\/sites\/5\/2022\/04\/Entrega-de-ambulancias-a-unidades-medicas-IGSS-2022-5-1024x682.jpg 1024w, \/wp-content\/uploads\/sites\/5\/2022\/04\/Entrega-de-ambulancias-a-unidades-medicas-IGSS-2022-5-1536x1023.jpg 1536w, \/wp-content\/uploads\/sites\/5\/2022\/04\/Entrega-de-ambulancias-a-unidades-medicas-IGSS-2022-5-696x464.jpg 696w, \/wp-content\/uploads\/sites\/5\/2022\/04\/Entrega-de-ambulancias-a-unidades-medicas-IGSS-2022-5-1068x712.jpg 1068w, \/wp-content\/uploads\/sites\/5\/2022\/04\/Entrega-de-ambulancias-a-unidades-medicas-IGSS-2022-5-534x356.jpg 534w, \/wp-content\/uploads\/sites\/5\/2022\/04\/Entrega-de-ambulancias-a-unidades-medicas-IGSS-2022-5.jpg 1600w\" sizes=\"(max-width: 630px) 100vw, 630px\" alt=\"\">\r\n                            <\/a>\r\n                            \r\n                        <\/figure>\r\n                    <\/div>\r\n                    <div class = \"td-slide-item td-item14\">\r\n                        <figure class=\"td-slide-galery-figure td-slide-popup-gallery\">\r\n                            <a class=\"slide-gallery-image-link\" href=\"\/wp-content\/uploads\/sites\/5\/2022\/04\/Entrega-de-ambulancias-a-unidades-medicas-IGSS-2022-8.jpg\" title=\"Entrega de ambulancias a unidades medicas IGSS 2022-8\"  data-caption=\"\"  data-description=\"\">\r\n                                <img decoding=\"async\" src=\"\/wp-content\/uploads\/sites\/5\/2022\/04\/Entrega-de-ambulancias-a-unidades-medicas-IGSS-2022-8-630x420.jpg\" srcset=\"\/wp-content\/uploads\/sites\/5\/2022\/04\/Entrega-de-ambulancias-a-unidades-medicas-IGSS-2022-8-630x420.jpg 630w, \/wp-content\/uploads\/sites\/5\/2022\/04\/Entrega-de-ambulancias-a-unidades-medicas-IGSS-2022-8-300x200.jpg 300w, \/wp-content\/uploads\/sites\/5\/2022\/04\/Entrega-de-ambulancias-a-unidades-medicas-IGSS-2022-8-768x512.jpg 768w, \/wp-content\/uploads\/sites\/5\/2022\/04\/Entrega-de-ambulancias-a-unidades-medicas-IGSS-2022-8-1024x682.jpg 1024w, \/wp-content\/uploads\/sites\/5\/2022\/04\/Entrega-de-ambulancias-a-unidades-medicas-IGSS-2022-8-696x464.jpg 696w, \/wp-content\/uploads\/sites\/5\/2022\/04\/Entrega-de-ambulancias-a-unidades-medicas-IGSS-2022-8-1068x712.jpg 1068w, \/wp-content\/uploads\/sites\/5\/2022\/04\/Entrega-de-ambulancias-a-unidades-medicas-IGSS-2022-8-534x356.jpg 534w, \/wp-content\/uploads\/sites\/5\/2022\/04\/Entrega-de-ambulancias-a-unidades-medicas-IGSS-2022-8.jpg 1280w\" sizes=\"(max-width: 630px) 100vw, 630px\" alt=\"\">\r\n                            <\/a>\r\n                            \r\n                        <\/figure>\r\n                    <\/div>\r\n                    <div class = \"td-slide-item td-item15\">\r\n                        <figure class=\"td-slide-galery-figure td-slide-popup-gallery\">\r\n                            <a class=\"slide-gallery-image-link\" href=\"\/wp-content\/uploads\/sites\/5\/2022\/04\/Entrega-de-ambulancias-a-unidades-medicas-IGSS-2022-18f-1.jpg\" title=\"Entrega de ambulancias a unidades medicas IGSS 2022-18f-1\"  data-caption=\"\"  data-description=\"\">\r\n                                <img decoding=\"async\" src=\"\/wp-content\/uploads\/sites\/5\/2022\/04\/Entrega-de-ambulancias-a-unidades-medicas-IGSS-2022-18f-1-747x420.jpg\" srcset=\"\/wp-content\/uploads\/sites\/5\/2022\/04\/Entrega-de-ambulancias-a-unidades-medicas-IGSS-2022-18f-1-747x420.jpg 747w, \/wp-content\/uploads\/sites\/5\/2022\/04\/Entrega-de-ambulancias-a-unidades-medicas-IGSS-2022-18f-1-300x169.jpg 300w, \/wp-content\/uploads\/sites\/5\/2022\/04\/Entrega-de-ambulancias-a-unidades-medicas-IGSS-2022-18f-1-768x432.jpg 768w, \/wp-content\/uploads\/sites\/5\/2022\/04\/Entrega-de-ambulancias-a-unidades-medicas-IGSS-2022-18f-1-1024x576.jpg 1024w, \/wp-content\/uploads\/sites\/5\/2022\/04\/Entrega-de-ambulancias-a-unidades-medicas-IGSS-2022-18f-1-696x392.jpg 696w, \/wp-content\/uploads\/sites\/5\/2022\/04\/Entrega-de-ambulancias-a-unidades-medicas-IGSS-2022-18f-1-1068x601.jpg 1068w, \/wp-content\/uploads\/sites\/5\/2022\/04\/Entrega-de-ambulancias-a-unidades-medicas-IGSS-2022-18f-1-534x300.jpg 534w, \/wp-content\/uploads\/sites\/5\/2022\/04\/Entrega-de-ambulancias-a-unidades-medicas-IGSS-2022-18f-1.jpg 1280w\" sizes=\"(max-width: 747px) 100vw, 747px\" alt=\"\">\r\n                            <\/a>\r\n                            \r\n                        <\/figure>\r\n                    <\/div>\r\n                    <div class = \"td-slide-item td-item16\">\r\n                        <figure class=\"td-slide-galery-figure td-slide-popup-gallery\">\r\n                            <a class=\"slide-gallery-image-link\" href=\"\/wp-content\/uploads\/sites\/5\/2022\/04\/Entrega-de-ambulancias-a-unidades-medicas-IGSS-2022-18f-2.jpg\" title=\"Entrega de ambulancias a unidades medicas IGSS 2022-18f-2\"  data-caption=\"\"  data-description=\"\">\r\n                                <img decoding=\"async\" src=\"\/wp-content\/uploads\/sites\/5\/2022\/04\/Entrega-de-ambulancias-a-unidades-medicas-IGSS-2022-18f-2-747x420.jpg\" srcset=\"\/wp-content\/uploads\/sites\/5\/2022\/04\/Entrega-de-ambulancias-a-unidades-medicas-IGSS-2022-18f-2-747x420.jpg 747w, \/wp-content\/uploads\/sites\/5\/2022\/04\/Entrega-de-ambulancias-a-unidades-medicas-IGSS-2022-18f-2-300x169.jpg 300w, \/wp-content\/uploads\/sites\/5\/2022\/04\/Entrega-de-ambulancias-a-unidades-medicas-IGSS-2022-18f-2-768x432.jpg 768w, \/wp-content\/uploads\/sites\/5\/2022\/04\/Entrega-de-ambulancias-a-unidades-medicas-IGSS-2022-18f-2-1024x576.jpg 1024w, \/wp-content\/uploads\/sites\/5\/2022\/04\/Entrega-de-ambulancias-a-unidades-medicas-IGSS-2022-18f-2-696x392.jpg 696w, \/wp-content\/uploads\/sites\/5\/2022\/04\/Entrega-de-ambulancias-a-unidades-medicas-IGSS-2022-18f-2-1068x601.jpg 1068w, \/wp-content\/uploads\/sites\/5\/2022\/04\/Entrega-de-ambulancias-a-unidades-medicas-IGSS-2022-18f-2-534x300.jpg 534w, \/wp-content\/uploads\/sites\/5\/2022\/04\/Entrega-de-ambulancias-a-unidades-medicas-IGSS-2022-18f-2.jpg 1280w\" sizes=\"(max-width: 747px) 100vw, 747px\" alt=\"\">\r\n                            <\/a>\r\n                            \r\n                        <\/figure>\r\n                    <\/div>\r\n                    <div class = \"td-slide-item td-item17\">\r\n                        <figure class=\"td-slide-galery-figure td-slide-popup-gallery\">\r\n                            <a class=\"slide-gallery-image-link\" href=\"\/wp-content\/uploads\/sites\/5\/2022\/04\/Entrega-de-ambulancias-a-unidades-medicas-IGSS-2022-18f-3.jpg\" title=\"Entrega de ambulancias a unidades medicas IGSS 2022-18f-3\"  data-caption=\"\"  data-description=\"\">\r\n                                <img decoding=\"async\" src=\"\/wp-content\/uploads\/sites\/5\/2022\/04\/Entrega-de-ambulancias-a-unidades-medicas-IGSS-2022-18f-3-747x420.jpg\" srcset=\"\/wp-content\/uploads\/sites\/5\/2022\/04\/Entrega-de-ambulancias-a-unidades-medicas-IGSS-2022-18f-3-747x420.jpg 747w, \/wp-content\/uploads\/sites\/5\/2022\/04\/Entrega-de-ambulancias-a-unidades-medicas-IGSS-2022-18f-3-300x169.jpg 300w, \/wp-content\/uploads\/sites\/5\/2022\/04\/Entrega-de-ambulancias-a-unidades-medicas-IGSS-2022-18f-3-768x432.jpg 768w, \/wp-content\/uploads\/sites\/5\/2022\/04\/Entrega-de-ambulancias-a-unidades-medicas-IGSS-2022-18f-3-1024x576.jpg 1024w, \/wp-content\/uploads\/sites\/5\/2022\/04\/Entrega-de-ambulancias-a-unidades-medicas-IGSS-2022-18f-3-696x392.jpg 696w, \/wp-content\/uploads\/sites\/5\/2022\/04\/Entrega-de-ambulancias-a-unidades-medicas-IGSS-2022-18f-3-1068x601.jpg 1068w, \/wp-content\/uploads\/sites\/5\/2022\/04\/Entrega-de-ambulancias-a-unidades-medicas-IGSS-2022-18f-3-534x300.jpg 534w, \/wp-content\/uploads\/sites\/5\/2022\/04\/Entrega-de-ambulancias-a-unidades-medicas-IGSS-2022-18f-3.jpg 1280w\" sizes=\"(max-width: 747px) 100vw, 747px\" alt=\"\">\r\n                            <\/a>\r\n                            \r\n                        <\/figure>\r\n                    <\/div>\r\n                    <div class = \"td-slide-item td-item18\">\r\n                        <figure class=\"td-slide-galery-figure td-slide-popup-gallery\">\r\n                            <a class=\"slide-gallery-image-link\" href=\"\/wp-content\/uploads\/sites\/5\/2022\/04\/Entrega-de-ambulancias-a-unidades-medicas-IGSS-2022-18f-4.jpg\" title=\"Entrega de ambulancias a unidades medicas IGSS 2022-18f-4\"  data-caption=\"\"  data-description=\"\">\r\n                                <img decoding=\"async\" src=\"\/wp-content\/uploads\/sites\/5\/2022\/04\/Entrega-de-ambulancias-a-unidades-medicas-IGSS-2022-18f-4-747x420.jpg\" srcset=\"\/wp-content\/uploads\/sites\/5\/2022\/04\/Entrega-de-ambulancias-a-unidades-medicas-IGSS-2022-18f-4-747x420.jpg 747w, \/wp-content\/uploads\/sites\/5\/2022\/04\/Entrega-de-ambulancias-a-unidades-medicas-IGSS-2022-18f-4-300x169.jpg 300w, \/wp-content\/uploads\/sites\/5\/2022\/04\/Entrega-de-ambulancias-a-unidades-medicas-IGSS-2022-18f-4-768x432.jpg 768w, \/wp-content\/uploads\/sites\/5\/2022\/04\/Entrega-de-ambulancias-a-unidades-medicas-IGSS-2022-18f-4-1024x576.jpg 1024w, \/wp-content\/uploads\/sites\/5\/2022\/04\/Entrega-de-ambulancias-a-unidades-medicas-IGSS-2022-18f-4-696x392.jpg 696w, \/wp-content\/uploads\/sites\/5\/2022\/04\/Entrega-de-ambulancias-a-unidades-medicas-IGSS-2022-18f-4-1068x601.jpg 1068w, \/wp-content\/uploads\/sites\/5\/2022\/04\/Entrega-de-ambulancias-a-unidades-medicas-IGSS-2022-18f-4-534x300.jpg 534w, \/wp-content\/uploads\/sites\/5\/2022\/04\/Entrega-de-ambulancias-a-unidades-medicas-IGSS-2022-18f-4.jpg 1280w\" sizes=\"(max-width: 747px) 100vw, 747px\" alt=\"\">\r\n                            <\/a>\r\n                            \r\n                        <\/figure>\r\n                    <\/div>\r\n                            <\/div>\r\n                        <\/div>\r\n\r\n                        <div class = \"td-doubleSlider-2\">\r\n                            <div class = \"td-slider\">\r\n                                \r\n                    <div class = \"td-button td-item1\">\r\n                        <div class = \"td-border\"><\/div>\r\n                    <\/div>\r\n                    <div class = \"td-button td-item2\">\r\n                        <div class = \"td-border\"><\/div>\r\n                    <\/div>\r\n                    <div class = \"td-button td-item3\">\r\n                        <div class = \"td-border\"><\/div>\r\n                    <\/div>\r\n                    <div class = \"td-button td-item4\">\r\n                        <div class = \"td-border\"><\/div>\r\n                    <\/div>\r\n                    <div class = \"td-button td-item5\">\r\n                        <div class = \"td-border\"><\/div>\r\n                    <\/div>\r\n                    <div class = \"td-button td-item6\">\r\n                        <div class = \"td-border\"><\/div>\r\n                    <\/div>\r\n                    <div class = \"td-button td-item7\">\r\n                        <div class = \"td-border\"><\/div>\r\n                    <\/div>\r\n                    <div class = \"td-button td-item8\">\r\n                        <div class = \"td-border\"><\/div>\r\n                    <\/div>\r\n                    <div class = \"td-button td-item9\">\r\n                        <div class = \"td-border\"><\/div>\r\n                    <\/div>\r\n                    <div class = \"td-button td-item10\">\r\n                        <div class = \"td-border\"><\/div>\r\n                    <\/div>\r\n                    <div class = \"td-button td-item11\">\r\n                        <div class = \"td-border\"><\/div>\r\n                    <\/div>\r\n                    <div class = \"td-button td-item12\">\r\n                        <div class = \"td-border\"><\/div>\r\n                    <\/div>\r\n                    <div class = \"td-button td-item13\">\r\n                        <div class = \"td-border\"><\/div>\r\n                    <\/div>\r\n                    <div class = \"td-button td-item14\">\r\n                        <div class = \"td-border\"><\/div>\r\n                    <\/div>\r\n                    <div class = \"td-button td-item15\">\r\n                        <div class = \"td-border\"><\/div>\r\n                    <\/div>\r\n                    <div class = \"td-button td-item16\">\r\n                        <div class = \"td-border\"><\/div>\r\n                    <\/div>\r\n                    <div class = \"td-button td-item17\">\r\n                        <div class = \"td-border\"><\/div>\r\n                    <\/div>\r\n                    <div class = \"td-button td-item18\">\r\n                        <div class = \"td-border\"><\/div>\r\n                    <\/div>\r\n                            <\/div>\r\n                        <\/div>\r\n\r\n                    <\/div>\r\n\r\n                <\/div>\r\n                \n","protected":false},"excerpt":{"rendered":"<p>Desde este mi\u00e9rcoles 20 de abril el Instituto Guatemalteco de Seguridad Social (IGSS) cuenta con 46 nuevas ambulancias equipadas para el servicio de la poblaci\u00f3n asegurada en estado cr\u00edtico, leve o moderado. Los veh\u00edculos fueron entregados por las autoridades a los directores m\u00e9dicos de las \u00e1reas metropolitana y departamental en un acto simb\u00f3lico en las [&hellip;]<\/p>\n","protected":false},"author":4,"featured_media":26482,"comment_status":"closed","ping_status":"closed","sticky":false,"template":"","format":"standard","meta":{"footnotes":""},"categories":[3,15],"tags":[],"coauthors":[881],"class_list":{"0":"post-26481","1":"post","2":"type-post","3":"status-publish","4":"format-standard","5":"has-post-thumbnail","7":"category-actualidad","8":"category-destacado"},"_links":{"self":[{"href":"https:\/\/www.igssgt.org\/noticias\/wp-json\/wp\/v2\/posts\/26481","targetHints":{"allow":["GET"]}}],"collection":[{"href":"https:\/\/www.igssgt.org\/noticias\/wp-json\/wp\/v2\/posts"}],"about":[{"href":"https:\/\/www.igssgt.org\/noticias\/wp-json\/wp\/v2\/types\/post"}],"author":[{"embeddable":true,"href":"https:\/\/www.igssgt.org\/noticias\/wp-json\/wp\/v2\/users\/4"}],"replies":[{"embeddable":true,"href":"https:\/\/www.igssgt.org\/noticias\/wp-json\/wp\/v2\/comments?post=26481"}],"version-history":[{"count":4,"href":"https:\/\/www.igssgt.org\/noticias\/wp-json\/wp\/v2\/posts\/26481\/revisions"}],"predecessor-version":[{"id":26716,"href":"https:\/\/www.igssgt.org\/noticias\/wp-json\/wp\/v2\/posts\/26481\/revisions\/26716"}],"wp:featuredmedia":[{"embeddable":true,"href":"https:\/\/www.igssgt.org\/noticias\/wp-json\/wp\/v2\/media\/26482"}],"wp:attachment":[{"href":"https:\/\/www.igssgt.org\/noticias\/wp-json\/wp\/v2\/media?parent=26481"}],"wp:term":[{"taxonomy":"category","embeddable":true,"href":"https:\/\/www.igssgt.org\/noticias\/wp-json\/wp\/v2\/categories?post=26481"},{"taxonomy":"post_tag","embeddable":true,"href":"https:\/\/www.igssgt.org\/noticias\/wp-json\/wp\/v2\/tags?post=26481"},{"taxonomy":"author","embeddable":true,"href":"https:\/\/www.igssgt.org\/noticias\/wp-json\/wp\/v2\/coauthors?post=26481"}],"curies":[{"name":"wp","href":"https:\/\/api.w.org\/{rel}","templated":true}]}}