{"id":26505,"date":"2022-02-09T09:22:00","date_gmt":"2022-02-09T15:22:00","guid":{"rendered":"https:\/\/www.igssgt.org\/noticias\/?p=26505"},"modified":"2022-04-21T09:26:58","modified_gmt":"2022-04-21T15:26:58","slug":"aviso-la-policlinica-informa","status":"publish","type":"post","link":"https:\/\/www.igssgt.org\/noticias\/2022\/02\/09\/aviso-la-policlinica-informa\/","title":{"rendered":"Aviso. La Policl\u00ednica informa:"},"content":{"rendered":"\n<p class=\"p1\"><span class=\"s1\">Una brigada de la Policl\u00ednica IGSS, zona 1, tendr\u00e1 un puesto de vacunaci\u00f3n contra el COVID-19 en el Paseo La Sexta del Centro Hist\u00f3rico capitalino.<\/span><\/p>\n<ul>\n<li class=\"p1\"><span class=\"s1\">De 7:00 a 14:00 horas<\/span><\/li>\n<li class=\"p1\"><span class=\"s1\">Lunes a viernes<\/span><\/li>\n<li class=\"p1\"><span class=\"s1\">Poblaci\u00f3n en general mayores de 18 a\u00f1os<\/span><\/li>\n<li class=\"p1\"><span class=\"s1\">Lleve DPI<\/span><\/li>\n<\/ul>\n<p><a href=\"https:\/\/www.igssgt.org\/noticias\/2022\/02\/09\/aviso-la-policlinica-informa\/la-policlinica-febrero-2022\/\" target=\"_blank\" rel=\"attachment noopener wp-att-26506\"><img loading=\"lazy\" decoding=\"async\" class=\"alignnone wp-image-26506 size-full\" src=\"\/wp-content\/uploads\/sites\/5\/2022\/04\/La-Policlinica-Febrero-2022.jpg\" alt=\"\" width=\"900\" height=\"900\" srcset=\"\/wp-content\/uploads\/sites\/5\/2022\/04\/La-Policlinica-Febrero-2022.jpg 900w, \/wp-content\/uploads\/sites\/5\/2022\/04\/La-Policlinica-Febrero-2022-150x150.jpg 150w, \/wp-content\/uploads\/sites\/5\/2022\/04\/La-Policlinica-Febrero-2022-300x300.jpg 300w, \/wp-content\/uploads\/sites\/5\/2022\/04\/La-Policlinica-Febrero-2022-768x768.jpg 768w, \/wp-content\/uploads\/sites\/5\/2022\/04\/La-Policlinica-Febrero-2022-420x420.jpg 420w, \/wp-content\/uploads\/sites\/5\/2022\/04\/La-Policlinica-Febrero-2022-696x696.jpg 696w, \/wp-content\/uploads\/sites\/5\/2022\/04\/La-Policlinica-Febrero-2022-462x462.jpg 462w\" sizes=\"auto, (max-width: 900px) 100vw, 900px\" \/><\/a><\/p>\n","protected":false},"excerpt":{"rendered":"<p>Una brigada de la Policl\u00ednica IGSS, zona 1, tendr\u00e1 un puesto de vacunaci\u00f3n contra el COVID-19 en el Paseo La Sexta del Centro Hist\u00f3rico capitalino. De 7:00 a 14:00 horas Lunes a viernes Poblaci\u00f3n en general mayores de 18 a\u00f1os Lleve DPI<\/p>\n","protected":false},"author":1961,"featured_media":26506,"comment_status":"closed","ping_status":"closed","sticky":false,"template":"","format":"standard","meta":{"footnotes":""},"categories":[1423,1424],"tags":[1307,1450],"coauthors":[1448],"class_list":{"0":"post-26505","1":"post","2":"type-post","3":"status-publish","4":"format-standard","5":"has-post-thumbnail","7":"category-avisos-2","8":"category-avisos-vacunas-covid-19-2022","9":"tag-avisos","10":"tag-avisos-vacunas-covid-19-2022"},"_links":{"self":[{"href":"https:\/\/www.igssgt.org\/noticias\/wp-json\/wp\/v2\/posts\/26505","targetHints":{"allow":["GET"]}}],"collection":[{"href":"https:\/\/www.igssgt.org\/noticias\/wp-json\/wp\/v2\/posts"}],"about":[{"href":"https:\/\/www.igssgt.org\/noticias\/wp-json\/wp\/v2\/types\/post"}],"author":[{"embeddable":true,"href":"https:\/\/www.igssgt.org\/noticias\/wp-json\/wp\/v2\/users\/1961"}],"replies":[{"embeddable":true,"href":"https:\/\/www.igssgt.org\/noticias\/wp-json\/wp\/v2\/comments?post=26505"}],"version-history":[{"count":2,"href":"https:\/\/www.igssgt.org\/noticias\/wp-json\/wp\/v2\/posts\/26505\/revisions"}],"predecessor-version":[{"id":26508,"href":"https:\/\/www.igssgt.org\/noticias\/wp-json\/wp\/v2\/posts\/26505\/revisions\/26508"}],"wp:featuredmedia":[{"embeddable":true,"href":"https:\/\/www.igssgt.org\/noticias\/wp-json\/wp\/v2\/media\/26506"}],"wp:attachment":[{"href":"https:\/\/www.igssgt.org\/noticias\/wp-json\/wp\/v2\/media?parent=26505"}],"wp:term":[{"taxonomy":"category","embeddable":true,"href":"https:\/\/www.igssgt.org\/noticias\/wp-json\/wp\/v2\/categories?post=26505"},{"taxonomy":"post_tag","embeddable":true,"href":"https:\/\/www.igssgt.org\/noticias\/wp-json\/wp\/v2\/tags?post=26505"},{"taxonomy":"author","embeddable":true,"href":"https:\/\/www.igssgt.org\/noticias\/wp-json\/wp\/v2\/coauthors?post=26505"}],"curies":[{"name":"wp","href":"https:\/\/api.w.org\/{rel}","templated":true}]}}