{"id":26534,"date":"2022-02-13T10:35:00","date_gmt":"2022-02-13T16:35:00","guid":{"rendered":"https:\/\/www.igssgt.org\/noticias\/?p=26534"},"modified":"2022-04-21T10:37:59","modified_gmt":"2022-04-21T16:37:59","slug":"aviso-acude-a-los-centros-de-vacunacion-3","status":"publish","type":"post","link":"https:\/\/www.igssgt.org\/noticias\/2022\/02\/13\/aviso-acude-a-los-centros-de-vacunacion-3\/","title":{"rendered":"Aviso. Acude a los centros de vacunaci\u00f3n"},"content":{"rendered":"\n<p class=\"p1\"><span class=\"s1\">El Seguro Social pone a disposici\u00f3n los siguientes centros en el \u00e1rea metropolitana para la semana del 14 al 18 de febrero.<\/span><\/p>\n<ul>\n<li class=\"p1\"><span class=\"s1\">7:00 a 15:00 horas<\/span><\/li>\n<li class=\"p1\"><span class=\"s1\">Refuerzo disponible para mayores de 18 a\u00f1os<\/span><\/li>\n<li class=\"p1\"><span class=\"s1\">Atenci\u00f3n a poblaci\u00f3n en general<\/span><\/li>\n<\/ul>\n<p><a href=\"https:\/\/www.igssgt.org\/noticias\/2022\/02\/13\/aviso-acude-a-los-centros-de-vacunacion-3\/acude-a-los-centros-de-vacunacion-febrero-2022\/\" target=\"_blank\" rel=\"attachment noopener wp-att-26535\"><img loading=\"lazy\" decoding=\"async\" class=\"alignnone wp-image-26535 size-full\" src=\"\/wp-content\/uploads\/sites\/5\/2022\/04\/Acude-a-los-centros-de-vacunacion-Febrero-2022.jpg\" alt=\"\" width=\"657\" height=\"900\" srcset=\"\/wp-content\/uploads\/sites\/5\/2022\/04\/Acude-a-los-centros-de-vacunacion-Febrero-2022.jpg 657w, \/wp-content\/uploads\/sites\/5\/2022\/04\/Acude-a-los-centros-de-vacunacion-Febrero-2022-219x300.jpg 219w, \/wp-content\/uploads\/sites\/5\/2022\/04\/Acude-a-los-centros-de-vacunacion-Febrero-2022-307x420.jpg 307w, \/wp-content\/uploads\/sites\/5\/2022\/04\/Acude-a-los-centros-de-vacunacion-Febrero-2022-337x462.jpg 337w\" sizes=\"auto, (max-width: 657px) 100vw, 657px\" \/><\/a><\/p>\n","protected":false},"excerpt":{"rendered":"<p>El Seguro Social pone a disposici\u00f3n los siguientes centros en el \u00e1rea metropolitana para la semana del 14 al 18 de febrero. 7:00 a 15:00 horas Refuerzo disponible para mayores de 18 a\u00f1os Atenci\u00f3n a poblaci\u00f3n en general<\/p>\n","protected":false},"author":1961,"featured_media":26535,"comment_status":"closed","ping_status":"closed","sticky":false,"template":"","format":"standard","meta":{"footnotes":""},"categories":[1423,1424],"tags":[1307,1450],"coauthors":[1448],"class_list":{"0":"post-26534","1":"post","2":"type-post","3":"status-publish","4":"format-standard","5":"has-post-thumbnail","7":"category-avisos-2","8":"category-avisos-vacunas-covid-19-2022","9":"tag-avisos","10":"tag-avisos-vacunas-covid-19-2022"},"_links":{"self":[{"href":"https:\/\/www.igssgt.org\/noticias\/wp-json\/wp\/v2\/posts\/26534","targetHints":{"allow":["GET"]}}],"collection":[{"href":"https:\/\/www.igssgt.org\/noticias\/wp-json\/wp\/v2\/posts"}],"about":[{"href":"https:\/\/www.igssgt.org\/noticias\/wp-json\/wp\/v2\/types\/post"}],"author":[{"embeddable":true,"href":"https:\/\/www.igssgt.org\/noticias\/wp-json\/wp\/v2\/users\/1961"}],"replies":[{"embeddable":true,"href":"https:\/\/www.igssgt.org\/noticias\/wp-json\/wp\/v2\/comments?post=26534"}],"version-history":[{"count":2,"href":"https:\/\/www.igssgt.org\/noticias\/wp-json\/wp\/v2\/posts\/26534\/revisions"}],"predecessor-version":[{"id":26537,"href":"https:\/\/www.igssgt.org\/noticias\/wp-json\/wp\/v2\/posts\/26534\/revisions\/26537"}],"wp:featuredmedia":[{"embeddable":true,"href":"https:\/\/www.igssgt.org\/noticias\/wp-json\/wp\/v2\/media\/26535"}],"wp:attachment":[{"href":"https:\/\/www.igssgt.org\/noticias\/wp-json\/wp\/v2\/media?parent=26534"}],"wp:term":[{"taxonomy":"category","embeddable":true,"href":"https:\/\/www.igssgt.org\/noticias\/wp-json\/wp\/v2\/categories?post=26534"},{"taxonomy":"post_tag","embeddable":true,"href":"https:\/\/www.igssgt.org\/noticias\/wp-json\/wp\/v2\/tags?post=26534"},{"taxonomy":"author","embeddable":true,"href":"https:\/\/www.igssgt.org\/noticias\/wp-json\/wp\/v2\/coauthors?post=26534"}],"curies":[{"name":"wp","href":"https:\/\/api.w.org\/{rel}","templated":true}]}}