{"id":26564,"date":"2022-02-18T11:24:00","date_gmt":"2022-02-18T17:24:00","guid":{"rendered":"https:\/\/www.igssgt.org\/noticias\/?p=26564"},"modified":"2022-04-21T11:26:35","modified_gmt":"2022-04-21T17:26:35","slug":"aviso-centros-de-vacunacion-a-nivel-departamental-4","status":"publish","type":"post","link":"https:\/\/www.igssgt.org\/noticias\/2022\/02\/18\/aviso-centros-de-vacunacion-a-nivel-departamental-4\/","title":{"rendered":"Aviso. Centros de vacunaci\u00f3n a nivel departamental\u00a0"},"content":{"rendered":"\n<p class=\"p1\"><span class=\"s1\">Conozca los centros de vacunaci\u00f3n que el IGSS habilitar\u00e1 ma\u00f1ana en el \u00c1REA DEPARTAMENTAL.<\/span><\/p>\n<ul>\n<li class=\"p1\"><span class=\"s1\">Lleve DPI o indique el CUI del menor<\/span><\/li>\n<li class=\"p1\"><span class=\"s1\">Constancia de vacunaci\u00f3n<\/span><\/li>\n<li class=\"p1\"><span class=\"s1\">Se atender\u00e1 a la poblaci\u00f3n en general<\/span><\/li>\n<li class=\"p1\"><span class=\"s1\">De 8:00 a 13:00 horas<\/span><\/li>\n<\/ul>\n<p><a href=\"https:\/\/www.igssgt.org\/noticias\/2022\/02\/18\/aviso-centros-de-vacunacion-a-nivel-departamental-4\/centros-de-vacunacion-a-nivel-departamental-febrero-2022\/\" target=\"_blank\" rel=\"attachment noopener wp-att-26565\"><img loading=\"lazy\" decoding=\"async\" class=\"alignnone wp-image-26565 size-full\" src=\"\/wp-content\/uploads\/sites\/5\/2022\/04\/Centros-de-vacunacio\u0301n-a-nivel-departamental-Febrero-2022.jpg\" alt=\"\" width=\"737\" height=\"1200\" srcset=\"\/wp-content\/uploads\/sites\/5\/2022\/04\/Centros-de-vacunacio\u0301n-a-nivel-departamental-Febrero-2022.jpg 737w, \/wp-content\/uploads\/sites\/5\/2022\/04\/Centros-de-vacunacio\u0301n-a-nivel-departamental-Febrero-2022-184x300.jpg 184w, \/wp-content\/uploads\/sites\/5\/2022\/04\/Centros-de-vacunacio\u0301n-a-nivel-departamental-Febrero-2022-629x1024.jpg 629w, \/wp-content\/uploads\/sites\/5\/2022\/04\/Centros-de-vacunacio\u0301n-a-nivel-departamental-Febrero-2022-258x420.jpg 258w, \/wp-content\/uploads\/sites\/5\/2022\/04\/Centros-de-vacunacio\u0301n-a-nivel-departamental-Febrero-2022-696x1133.jpg 696w, \/wp-content\/uploads\/sites\/5\/2022\/04\/Centros-de-vacunacio\u0301n-a-nivel-departamental-Febrero-2022-284x462.jpg 284w\" sizes=\"auto, (max-width: 737px) 100vw, 737px\" \/><\/a><\/p>\n","protected":false},"excerpt":{"rendered":"<p>Conozca los centros de vacunaci\u00f3n que el IGSS habilitar\u00e1 ma\u00f1ana en el \u00c1REA DEPARTAMENTAL. Lleve DPI o indique el CUI del menor Constancia de vacunaci\u00f3n Se atender\u00e1 a la poblaci\u00f3n en general De 8:00 a 13:00 horas<\/p>\n","protected":false},"author":1961,"featured_media":26565,"comment_status":"closed","ping_status":"closed","sticky":false,"template":"","format":"standard","meta":{"footnotes":""},"categories":[1423,1424],"tags":[1307,1450],"coauthors":[1448],"class_list":{"0":"post-26564","1":"post","2":"type-post","3":"status-publish","4":"format-standard","5":"has-post-thumbnail","7":"category-avisos-2","8":"category-avisos-vacunas-covid-19-2022","9":"tag-avisos","10":"tag-avisos-vacunas-covid-19-2022"},"_links":{"self":[{"href":"https:\/\/www.igssgt.org\/noticias\/wp-json\/wp\/v2\/posts\/26564","targetHints":{"allow":["GET"]}}],"collection":[{"href":"https:\/\/www.igssgt.org\/noticias\/wp-json\/wp\/v2\/posts"}],"about":[{"href":"https:\/\/www.igssgt.org\/noticias\/wp-json\/wp\/v2\/types\/post"}],"author":[{"embeddable":true,"href":"https:\/\/www.igssgt.org\/noticias\/wp-json\/wp\/v2\/users\/1961"}],"replies":[{"embeddable":true,"href":"https:\/\/www.igssgt.org\/noticias\/wp-json\/wp\/v2\/comments?post=26564"}],"version-history":[{"count":2,"href":"https:\/\/www.igssgt.org\/noticias\/wp-json\/wp\/v2\/posts\/26564\/revisions"}],"predecessor-version":[{"id":26567,"href":"https:\/\/www.igssgt.org\/noticias\/wp-json\/wp\/v2\/posts\/26564\/revisions\/26567"}],"wp:featuredmedia":[{"embeddable":true,"href":"https:\/\/www.igssgt.org\/noticias\/wp-json\/wp\/v2\/media\/26565"}],"wp:attachment":[{"href":"https:\/\/www.igssgt.org\/noticias\/wp-json\/wp\/v2\/media?parent=26564"}],"wp:term":[{"taxonomy":"category","embeddable":true,"href":"https:\/\/www.igssgt.org\/noticias\/wp-json\/wp\/v2\/categories?post=26564"},{"taxonomy":"post_tag","embeddable":true,"href":"https:\/\/www.igssgt.org\/noticias\/wp-json\/wp\/v2\/tags?post=26564"},{"taxonomy":"author","embeddable":true,"href":"https:\/\/www.igssgt.org\/noticias\/wp-json\/wp\/v2\/coauthors?post=26564"}],"curies":[{"name":"wp","href":"https:\/\/api.w.org\/{rel}","templated":true}]}}