{"id":26607,"date":"2022-04-15T08:00:00","date_gmt":"2022-04-15T14:00:00","guid":{"rendered":"https:\/\/www.igssgt.org\/noticias\/?p=26607"},"modified":"2022-06-21T13:09:35","modified_gmt":"2022-06-21T19:09:35","slug":"v-encuentro-de-la-salud-y-la-seguridad-ocupacional","status":"publish","type":"post","link":"https:\/\/www.igssgt.org\/noticias\/2022\/04\/15\/v-encuentro-de-la-salud-y-la-seguridad-ocupacional\/","title":{"rendered":"V Encuentro de la Salud y la Seguridad Ocupacional"},"content":{"rendered":"\n<p>El Instituto Guatemalteco de Seguridad Social invita al Quinto Encuentro de la Salud y Seguridad Ocupacional.<\/p>\n<p>\u00abActuar juntos para construir una cultura de seguridad y salud positiva\u00bb.<\/p>\n<ul>\n<li>Fecha: Viernes 6 de mayo de 2022<\/li>\n<li>Horario: 8:00 a 17:00 horas<\/li>\n<li>Evento v\u00eda ZOOM<\/li>\n<li>Inscripci\u00f3n: <strong><a href=\"http:\/\/ow.ly\/o9g250IUMmB\">http:\/\/ow.ly\/o9g250IUMmB<\/a><\/strong><\/li>\n<li>Se entregar\u00e1 constancia de participaci\u00f3n<\/li>\n<\/ul>\n<p>M\u00e1s informaci\u00f3n: doris.avalos@igssgt.org y jose0911313@gmail.com<\/p>\n<h3>INVITACI\u00d3N<\/h3>\n<p><a href=\"\/wp-content\/uploads\/sites\/5\/2022\/04\/Invitacion-V-Encuentro-de-la-Salud-y-Seguridad-Ocupacional-IGSS-2022.jpg\"><img loading=\"lazy\" decoding=\"async\" class=\"aligncenter size-full wp-image-27067\" src=\"\/wp-content\/uploads\/sites\/5\/2022\/04\/Invitacion-V-Encuentro-de-la-Salud-y-Seguridad-Ocupacional-IGSS-2022.jpg\" alt=\"\" width=\"1280\" height=\"960\" srcset=\"\/wp-content\/uploads\/sites\/5\/2022\/04\/Invitacion-V-Encuentro-de-la-Salud-y-Seguridad-Ocupacional-IGSS-2022.jpg 1280w, \/wp-content\/uploads\/sites\/5\/2022\/04\/Invitacion-V-Encuentro-de-la-Salud-y-Seguridad-Ocupacional-IGSS-2022-300x225.jpg 300w, \/wp-content\/uploads\/sites\/5\/2022\/04\/Invitacion-V-Encuentro-de-la-Salud-y-Seguridad-Ocupacional-IGSS-2022-768x576.jpg 768w, \/wp-content\/uploads\/sites\/5\/2022\/04\/Invitacion-V-Encuentro-de-la-Salud-y-Seguridad-Ocupacional-IGSS-2022-1024x768.jpg 1024w, \/wp-content\/uploads\/sites\/5\/2022\/04\/Invitacion-V-Encuentro-de-la-Salud-y-Seguridad-Ocupacional-IGSS-2022-560x420.jpg 560w, \/wp-content\/uploads\/sites\/5\/2022\/04\/Invitacion-V-Encuentro-de-la-Salud-y-Seguridad-Ocupacional-IGSS-2022-80x60.jpg 80w, \/wp-content\/uploads\/sites\/5\/2022\/04\/Invitacion-V-Encuentro-de-la-Salud-y-Seguridad-Ocupacional-IGSS-2022-696x522.jpg 696w, \/wp-content\/uploads\/sites\/5\/2022\/04\/Invitacion-V-Encuentro-de-la-Salud-y-Seguridad-Ocupacional-IGSS-2022-1068x801.jpg 1068w, \/wp-content\/uploads\/sites\/5\/2022\/04\/Invitacion-V-Encuentro-de-la-Salud-y-Seguridad-Ocupacional-IGSS-2022-265x198.jpg 265w, \/wp-content\/uploads\/sites\/5\/2022\/04\/Invitacion-V-Encuentro-de-la-Salud-y-Seguridad-Ocupacional-IGSS-2022-534x401.jpg 534w\" sizes=\"auto, (max-width: 1280px) 100vw, 1280px\" \/><\/a><\/p>\n<h3>PROGRAMA DEL EVENTO<\/h3>\n<p><a href=\"\/wp-content\/uploads\/sites\/5\/2022\/04\/Programa-V-Encuentro-de-la-Salud-y-Seguridad-Ocupacional-IGSS-2022.jpg\"><img loading=\"lazy\" decoding=\"async\" class=\"aligncenter size-full wp-image-27069\" src=\"\/wp-content\/uploads\/sites\/5\/2022\/04\/Programa-V-Encuentro-de-la-Salud-y-Seguridad-Ocupacional-IGSS-2022.jpg\" alt=\"\" width=\"989\" height=\"1280\" srcset=\"\/wp-content\/uploads\/sites\/5\/2022\/04\/Programa-V-Encuentro-de-la-Salud-y-Seguridad-Ocupacional-IGSS-2022.jpg 989w, \/wp-content\/uploads\/sites\/5\/2022\/04\/Programa-V-Encuentro-de-la-Salud-y-Seguridad-Ocupacional-IGSS-2022-232x300.jpg 232w, \/wp-content\/uploads\/sites\/5\/2022\/04\/Programa-V-Encuentro-de-la-Salud-y-Seguridad-Ocupacional-IGSS-2022-768x994.jpg 768w, \/wp-content\/uploads\/sites\/5\/2022\/04\/Programa-V-Encuentro-de-la-Salud-y-Seguridad-Ocupacional-IGSS-2022-791x1024.jpg 791w, \/wp-content\/uploads\/sites\/5\/2022\/04\/Programa-V-Encuentro-de-la-Salud-y-Seguridad-Ocupacional-IGSS-2022-325x420.jpg 325w, \/wp-content\/uploads\/sites\/5\/2022\/04\/Programa-V-Encuentro-de-la-Salud-y-Seguridad-Ocupacional-IGSS-2022-696x901.jpg 696w, \/wp-content\/uploads\/sites\/5\/2022\/04\/Programa-V-Encuentro-de-la-Salud-y-Seguridad-Ocupacional-IGSS-2022-357x462.jpg 357w\" sizes=\"auto, (max-width: 989px) 100vw, 989px\" \/><\/a><\/p>\n<h3>NORMATIVA LEGAL<\/h3>\n<h3><a href=\"\/wp-content\/uploads\/2022\/04\/Acuerdo-Gubernativo-229-2014-y-Reformas-Acuerdo-Gubernativo-33-2016-Reglamento-de-Salud-y-Seguridad-Ocupacional.pdf\" target=\"_blank\" rel=\"noopener\"><img loading=\"lazy\" decoding=\"async\" class=\"alignright wp-image-26663\" src=\"\/wp-content\/uploads\/sites\/5\/2022\/04\/Portada-Reglamento-de-Salud-y-Seguridad-Ocupacional-IGSS.png\" alt=\"\" width=\"308\" height=\"400\" srcset=\"\/wp-content\/uploads\/sites\/5\/2022\/04\/Portada-Reglamento-de-Salud-y-Seguridad-Ocupacional-IGSS.png 550w, \/wp-content\/uploads\/sites\/5\/2022\/04\/Portada-Reglamento-de-Salud-y-Seguridad-Ocupacional-IGSS-231x300.png 231w, \/wp-content\/uploads\/sites\/5\/2022\/04\/Portada-Reglamento-de-Salud-y-Seguridad-Ocupacional-IGSS-324x420.png 324w, \/wp-content\/uploads\/sites\/5\/2022\/04\/Portada-Reglamento-de-Salud-y-Seguridad-Ocupacional-IGSS-356x462.png 356w\" sizes=\"auto, (max-width: 308px) 100vw, 308px\" \/><\/a><\/h3>\n<p>\u25ba <strong>Acuerdo No. 1002 de Junta Directiva del IGSS.<\/strong> Reglamento sobre Protecci\u00f3n Relativa a Accidentes. <a href=\"https:\/\/www.igssgt.org\/wp-content\/uploads\/2021\/05\/Acuerdo-1002-Junta-Directiva-IGSS-1994-rev-2018.pdf\" target=\"_blank\" rel=\"noopener\"><strong>Descargar PDF.<\/strong><\/a><\/p>\n<p>\u25ba <strong>Acuerdo Ministerial No. 191-2010.<\/strong> Obligatoriedad de los empleadores de tener registros y notificar los accidentes laborales y enfermedades profesionales. <strong><a href=\"\/wp-content\/uploads\/sites\/5\/2022\/05\/Acuerdo-Ministerial-No-191-2010.pdf\" target=\"_blank\" rel=\"noopener\">Descargar PDF.<\/a><\/strong><\/p>\n<p>\u25ba <strong>Acuerdo Gubernativo No. 229-2014 y sus Reformas en Acuerdo Gubernativo No. 33-2016.<\/strong> Reglamento de Salud y Seguridad Ocupacional. <strong><a href=\"\/wp-content\/uploads\/2022\/04\/Acuerdo-Gubernativo-229-2014-y-Reformas-Acuerdo-Gubernativo-33-2016.pdf\" target=\"_blank\" rel=\"noopener\">Descargar PDF.<\/a><\/strong><\/p>\n<p>\u25ba <strong>Acuerdo Ministerial No. 23-2017.<\/strong> Manual de Constituci\u00f3n, Organizaci\u00f3n y Funcionamiento de los Comit\u00e9s Bipartitos de Salud y Seguridad Ocupacional. <strong><a href=\"\/wp-content\/uploads\/2022\/04\/Acuerdo-Ministerial-23-2017.pdf\" target=\"_blank\" rel=\"noopener\">Descargar PDF.<\/a><\/strong><\/p>\n<p>\u25ba Acuerdo Gubernativo No. 79-2020. Normas Complementarias al Reglamento de Salud y Seguridad Ocupacional, para la Prevenci\u00f3n y Control de Brotes de SARS COV-2 en los Centros de Trabajo. <strong><a href=\"\/wp-content\/uploads\/2022\/04\/Acuerdo-Gubernativo-79-2020.pdf\" target=\"_blank\" rel=\"noopener\">Descargar PDF.<\/a><\/strong><\/p>\n<p>\u25ba Acuerdo Gubernativo No. 57-2022. Reformas al Acuerdo Gubernativo 229-2014, Reglamento de Salud y Seguridad Ocupacional. <strong><a href=\"\/wp-content\/uploads\/2022\/04\/Acuerdo-Gubernativo-57-2022.pdf\" target=\"_blank\" rel=\"noopener\">Descargar PDF.<\/a><\/strong><\/p>\n<p>\u00a0<\/p>\n","protected":false},"excerpt":{"rendered":"<p>El Instituto Guatemalteco de Seguridad Social invita al Quinto Encuentro de la Salud y Seguridad Ocupacional.<\/p>\n<p>\u00abActuar juntos para construir una cultura de seguridad y salud positiva\u00bb.<\/p>\n<p>Fecha: Viernes 6 de mayo de 2022<br \/>\nHorario: 8:00 a 17:00 horas<br \/>\nEvento v\u00eda ZOOM<\/p>\n","protected":false},"author":4,"featured_media":27066,"comment_status":"closed","ping_status":"closed","sticky":false,"template":"","format":"standard","meta":{"footnotes":""},"categories":[3,15,17,1],"tags":[160,769,1458],"coauthors":[881],"class_list":{"0":"post-26607","1":"post","2":"type-post","3":"status-publish","4":"format-standard","5":"has-post-thumbnail","7":"category-actualidad","8":"category-destacado","9":"category-formacion-y-desarrollo","10":"category-sin-categoria","11":"tag-capacitacion","12":"tag-salud-y-seguridad-ocupacional","13":"tag-v-encuentro-de-la-salud-y-la-seguridad-ocupacional"},"_links":{"self":[{"href":"https:\/\/www.igssgt.org\/noticias\/wp-json\/wp\/v2\/posts\/26607","targetHints":{"allow":["GET"]}}],"collection":[{"href":"https:\/\/www.igssgt.org\/noticias\/wp-json\/wp\/v2\/posts"}],"about":[{"href":"https:\/\/www.igssgt.org\/noticias\/wp-json\/wp\/v2\/types\/post"}],"author":[{"embeddable":true,"href":"https:\/\/www.igssgt.org\/noticias\/wp-json\/wp\/v2\/users\/4"}],"replies":[{"embeddable":true,"href":"https:\/\/www.igssgt.org\/noticias\/wp-json\/wp\/v2\/comments?post=26607"}],"version-history":[{"count":18,"href":"https:\/\/www.igssgt.org\/noticias\/wp-json\/wp\/v2\/posts\/26607\/revisions"}],"predecessor-version":[{"id":28452,"href":"https:\/\/www.igssgt.org\/noticias\/wp-json\/wp\/v2\/posts\/26607\/revisions\/28452"}],"wp:featuredmedia":[{"embeddable":true,"href":"https:\/\/www.igssgt.org\/noticias\/wp-json\/wp\/v2\/media\/27066"}],"wp:attachment":[{"href":"https:\/\/www.igssgt.org\/noticias\/wp-json\/wp\/v2\/media?parent=26607"}],"wp:term":[{"taxonomy":"category","embeddable":true,"href":"https:\/\/www.igssgt.org\/noticias\/wp-json\/wp\/v2\/categories?post=26607"},{"taxonomy":"post_tag","embeddable":true,"href":"https:\/\/www.igssgt.org\/noticias\/wp-json\/wp\/v2\/tags?post=26607"},{"taxonomy":"author","embeddable":true,"href":"https:\/\/www.igssgt.org\/noticias\/wp-json\/wp\/v2\/coauthors?post=26607"}],"curies":[{"name":"wp","href":"https:\/\/api.w.org\/{rel}","templated":true}]}}