{"id":26792,"date":"2022-04-28T06:30:00","date_gmt":"2022-04-28T12:30:00","guid":{"rendered":"https:\/\/www.igssgt.org\/noticias\/?p=26792"},"modified":"2022-04-28T10:00:09","modified_gmt":"2022-04-28T16:00:09","slug":"el-igss-invita-a-participar-en-la-convocatoria-para-la-plaza-jefe-de-farmacia-y-bodega-2","status":"publish","type":"post","link":"https:\/\/www.igssgt.org\/noticias\/2022\/04\/28\/el-igss-invita-a-participar-en-la-convocatoria-para-la-plaza-jefe-de-farmacia-y-bodega-2\/","title":{"rendered":"El IGSS invita a participar en la convocatoria para la plaza: Jefe de Farmacia y Bodega"},"content":{"rendered":"\n<h3>Para el Hospital IGSS en Chicacao, Suchitep\u00e9quez<\/h3>\n<h4>Fecha l\u00edmite de recepci\u00f3n de solicitudes: 6 de mayo de 2022<\/h4>\n<p><a href=\"\/wp-content\/uploads\/sites\/5\/2022\/04\/Convocatoria-plaza-igss-jefe-de-farmacia-chicacao-suchitepequez-2022.jpg\"><img loading=\"lazy\" decoding=\"async\" class=\"aligncenter size-full wp-image-26793\" src=\"\/wp-content\/uploads\/sites\/5\/2022\/04\/Convocatoria-plaza-igss-jefe-de-farmacia-chicacao-suchitepequez-2022.jpg\" alt=\"\" width=\"1048\" height=\"1280\" srcset=\"\/wp-content\/uploads\/sites\/5\/2022\/04\/Convocatoria-plaza-igss-jefe-de-farmacia-chicacao-suchitepequez-2022.jpg 1048w, \/wp-content\/uploads\/sites\/5\/2022\/04\/Convocatoria-plaza-igss-jefe-de-farmacia-chicacao-suchitepequez-2022-246x300.jpg 246w, \/wp-content\/uploads\/sites\/5\/2022\/04\/Convocatoria-plaza-igss-jefe-de-farmacia-chicacao-suchitepequez-2022-768x938.jpg 768w, \/wp-content\/uploads\/sites\/5\/2022\/04\/Convocatoria-plaza-igss-jefe-de-farmacia-chicacao-suchitepequez-2022-838x1024.jpg 838w, \/wp-content\/uploads\/sites\/5\/2022\/04\/Convocatoria-plaza-igss-jefe-de-farmacia-chicacao-suchitepequez-2022-344x420.jpg 344w, \/wp-content\/uploads\/sites\/5\/2022\/04\/Convocatoria-plaza-igss-jefe-de-farmacia-chicacao-suchitepequez-2022-696x850.jpg 696w, \/wp-content\/uploads\/sites\/5\/2022\/04\/Convocatoria-plaza-igss-jefe-de-farmacia-chicacao-suchitepequez-2022-378x462.jpg 378w\" sizes=\"auto, (max-width: 1048px) 100vw, 1048px\" \/><\/a><\/p>\n","protected":false},"excerpt":{"rendered":"<p>Para el Hospital IGSS en Chicacao, Suchitep\u00e9quez Fecha l\u00edmite de recepci\u00f3n de solicitudes: 6 de mayo de 2022<\/p>\n","protected":false},"author":4,"featured_media":26793,"comment_status":"closed","ping_status":"closed","sticky":false,"template":"","format":"standard","meta":{"footnotes":""},"categories":[1299],"tags":[213,1300],"coauthors":[881],"class_list":{"0":"post-26792","1":"post","2":"type-post","3":"status-publish","4":"format-standard","5":"has-post-thumbnail","7":"category-plazas-vacantes","8":"tag-convocatoria-plazas-igss","9":"tag-empleos-igss"},"_links":{"self":[{"href":"https:\/\/www.igssgt.org\/noticias\/wp-json\/wp\/v2\/posts\/26792","targetHints":{"allow":["GET"]}}],"collection":[{"href":"https:\/\/www.igssgt.org\/noticias\/wp-json\/wp\/v2\/posts"}],"about":[{"href":"https:\/\/www.igssgt.org\/noticias\/wp-json\/wp\/v2\/types\/post"}],"author":[{"embeddable":true,"href":"https:\/\/www.igssgt.org\/noticias\/wp-json\/wp\/v2\/users\/4"}],"replies":[{"embeddable":true,"href":"https:\/\/www.igssgt.org\/noticias\/wp-json\/wp\/v2\/comments?post=26792"}],"version-history":[{"count":1,"href":"https:\/\/www.igssgt.org\/noticias\/wp-json\/wp\/v2\/posts\/26792\/revisions"}],"predecessor-version":[{"id":26794,"href":"https:\/\/www.igssgt.org\/noticias\/wp-json\/wp\/v2\/posts\/26792\/revisions\/26794"}],"wp:featuredmedia":[{"embeddable":true,"href":"https:\/\/www.igssgt.org\/noticias\/wp-json\/wp\/v2\/media\/26793"}],"wp:attachment":[{"href":"https:\/\/www.igssgt.org\/noticias\/wp-json\/wp\/v2\/media?parent=26792"}],"wp:term":[{"taxonomy":"category","embeddable":true,"href":"https:\/\/www.igssgt.org\/noticias\/wp-json\/wp\/v2\/categories?post=26792"},{"taxonomy":"post_tag","embeddable":true,"href":"https:\/\/www.igssgt.org\/noticias\/wp-json\/wp\/v2\/tags?post=26792"},{"taxonomy":"author","embeddable":true,"href":"https:\/\/www.igssgt.org\/noticias\/wp-json\/wp\/v2\/coauthors?post=26792"}],"curies":[{"name":"wp","href":"https:\/\/api.w.org\/{rel}","templated":true}]}}