{"id":27072,"date":"2022-05-07T09:00:00","date_gmt":"2022-05-07T15:00:00","guid":{"rendered":"https:\/\/www.igssgt.org\/noticias\/?p=27072"},"modified":"2022-05-24T17:14:21","modified_gmt":"2022-05-24T23:14:21","slug":"el-igss-promueve-el-registro-de-empresas-y-la-afiliacion-de-trabajadores-en-coban%ef%bf%bc","status":"publish","type":"post","link":"https:\/\/www.igssgt.org\/noticias\/2022\/05\/07\/el-igss-promueve-el-registro-de-empresas-y-la-afiliacion-de-trabajadores-en-coban%ef%bf%bc\/","title":{"rendered":"El IGSS promueve registro de empresas y afiliaci\u00f3n en Cob\u00e1n"},"content":{"rendered":"\n<p class=\"has-drop-cap\">El Instituto Guatemalteco de Seguridad de Seguridad (IGSS) <strong>contin\u00faa participando en las ferias de formalizaci\u00f3n laboral a nivel nacional<\/strong>, el 6 y 7 de mayo \u00faltimo se celebr\u00f3 una en el parque central de Cob\u00e1n, Alta Verapaz.<\/p>\n\n\n\n<p>Esta Feria de Formalizaci\u00f3n y Sello Blanco fue organizada por el Ministerio de Econom\u00eda y el Ministerio de Trabajo y Previsi\u00f3n Social, tambi\u00e9n participan otras entidades p\u00fablicas y en esta ocasi\u00f3n hubo exhibici\u00f3n de los productos de unos 50 emprendedores de la Micro, Peque\u00f1a y Mediana Empresa (Mipyme), a quienes <strong>se les asesor\u00f3 para que sus negocios se formalicen y tengan acceso a ventajas como el Seguro Social para sus trabajadores.<\/strong><\/p>\n\n\n\n<p>Una delegaci\u00f3n del IGSS del Departamento de Registro de Patronos y Trabajadores, y de la Unidad de Planilla Electr\u00f3nica, estuvo en un stand de la feria, en la cual <strong>orientaron a los empresarios sobre <a href=\"https:\/\/www.igssgt.org\/noticias\/2021\/07\/05\/conozca-la-nueva-modalidad-de-inscripcion-patronal-en-el-igss\/\" target=\"_blank\" rel=\"noreferrer noopener\">c\u00f3mo inscribir a sus empresas<\/a><\/strong> y los m\u00faltiples beneficios de inscribir a sus trabajadores al R\u00e9gimen de Seguridad Social.<\/p>\n\n\n\n<p><strong><em><a href=\"https:\/\/www.igssgt.org\/noticias\/2022\/01\/24\/afiliados-del-igss-ahora-pueden-inscribir-a-sus-beneficiarios-en-linea\/\" target=\"_blank\" rel=\"noreferrer noopener\">Vea tambi\u00e9n: Los afiliados del IGSS pueden inscribir en l\u00ednea a sus beneficiarios<\/a><\/em><\/strong><\/p>\n\n\n\n<figure class=\"wp-block-video\"><video height=\"360\" style=\"aspect-ratio: 640 \/ 360;\" width=\"640\" controls src=\"\/wp-content\/uploads\/sites\/5\/2022\/05\/1-coban-emprendimiento.mp4\"><\/video><\/figure>\n\n\n\n<blockquote class=\"wp-block-quote is-layout-flow wp-block-quote-is-layout-flow\"><p>\u201cDamos a conocer los requisitos que conlleva tener una relaci\u00f3n formal ante el Instituto; asimismo, les informamos de todos los derechos y obligaciones que adquieren los patronos y sus trabajadores y los beneficiarios (hijos y esposa del trabajador) tanto en prestaciones en dinero como en prestaciones en salud\u201d. <\/p><cite>Marco Tulio Paredes, del Departamento de Registro de Patronos y Trabajadores del IGSS<\/cite><\/blockquote>\n\n\n\n<p>Los emprendedores manifestaron su intenci\u00f3n de adherirse a la Seguridad Social y <strong>que sus trabajadores reciban los beneficios que otorga, como la cobertura en salud y las prestaciones en dinero<\/strong>, ya sea en el R\u00e9gimen normal o mediante <strong><em><a href=\"https:\/\/www.igssgt.org\/noticias\/2021\/10\/04\/seguros-facultativos-la-opcion-del-igss-para-las-mipyme-y-sus-miles-de-trabajadores\/\" target=\"_blank\" rel=\"noreferrer noopener\">los seguros facultativos<\/a><\/em><\/strong>, los cuales permiten inscribir a uno o dos trabajadores que ganen el salario m\u00ednimo o m\u00e1s.<\/p>\n\n\n\n<figure class=\"wp-block-image size-large\"><img loading=\"lazy\" decoding=\"async\" width=\"1024\" height=\"682\" src=\"\/wp-content\/uploads\/sites\/5\/2022\/05\/1-Feria-Coban-1-1024x682.jpeg\" alt=\"\" class=\"wp-image-27119\" srcset=\"\/wp-content\/uploads\/sites\/5\/2022\/05\/1-Feria-Coban-1-1024x682.jpeg 1024w, \/wp-content\/uploads\/sites\/5\/2022\/05\/1-Feria-Coban-1-300x200.jpeg 300w, \/wp-content\/uploads\/sites\/5\/2022\/05\/1-Feria-Coban-1-768x512.jpeg 768w, \/wp-content\/uploads\/sites\/5\/2022\/05\/1-Feria-Coban-1-630x420.jpeg 630w, \/wp-content\/uploads\/sites\/5\/2022\/05\/1-Feria-Coban-1-696x464.jpeg 696w, \/wp-content\/uploads\/sites\/5\/2022\/05\/1-Feria-Coban-1-1068x712.jpeg 1068w, \/wp-content\/uploads\/sites\/5\/2022\/05\/1-Feria-Coban-1-534x356.jpeg 534w, \/wp-content\/uploads\/sites\/5\/2022\/05\/1-Feria-Coban-1.jpeg 1280w\" sizes=\"auto, (max-width: 1024px) 100vw, 1024px\" \/><\/figure>\n\n\n\n<p>Marcela Valiente, una de las emprendedoras que particip\u00f3 en la feria ofreciendo plantas ornamentales,  se mostr\u00f3 interesada en conocer m\u00e1s sobre el portafolio de servicios que ofrece el Seguro Social. <\/p>\n\n\n\n<pre class=\"wp-block-verse\">\u201cLe damos gracias al IGSS por brindarnos informaci\u00f3n de los procesos que debemos realizar para inscribirnos como patronos, ya que estamos participando en una feria de emprendedores y nuestro objetivo es llegar a ser, el d\u00eda de ma\u00f1ana, unos empresarios\u201d, dijo Valiente. <\/pre>\n\n\n\n<p>El IGSS tambi\u00e9n entreg\u00f3 material informativo, entre este, el portafolio de servicios que explica todos los beneficios de la Seguridad Social mediante sus programas de Invalidez, Vejez y Sobrevivencia (IVS) y el de Enfermedad, Maternidad y Accidentes (EMA); adem\u00e1s, se entregaron ejemplares de <strong><em><a href=\"https:\/\/www.igssgt.org\/noticias\/2022\/04\/25\/periodico-noticias-igss-no-23-abril-2022\/\" target=\"_blank\" rel=\"noreferrer noopener\">la \u00faltima edici\u00f3n del peri\u00f3dico Noticias IGSS.<\/a><\/em><\/strong><\/p>\n\n\n\n<figure class=\"wp-block-gallery has-nested-images columns-default is-cropped wp-block-gallery-1 is-layout-flex wp-block-gallery-is-layout-flex\">\n<figure class=\"wp-block-image size-large\"><img loading=\"lazy\" decoding=\"async\" width=\"1024\" height=\"683\" data-id=\"27120\" src=\"\/wp-content\/uploads\/sites\/5\/2022\/05\/1-Feria-Coban-5-1024x683.jpeg\" alt=\"\" class=\"wp-image-27120\" srcset=\"\/wp-content\/uploads\/sites\/5\/2022\/05\/1-Feria-Coban-5-1024x683.jpeg 1024w, \/wp-content\/uploads\/sites\/5\/2022\/05\/1-Feria-Coban-5-300x200.jpeg 300w, \/wp-content\/uploads\/sites\/5\/2022\/05\/1-Feria-Coban-5-768x512.jpeg 768w, \/wp-content\/uploads\/sites\/5\/2022\/05\/1-Feria-Coban-5-1536x1024.jpeg 1536w, \/wp-content\/uploads\/sites\/5\/2022\/05\/1-Feria-Coban-5-630x420.jpeg 630w, \/wp-content\/uploads\/sites\/5\/2022\/05\/1-Feria-Coban-5-696x464.jpeg 696w, \/wp-content\/uploads\/sites\/5\/2022\/05\/1-Feria-Coban-5-1068x712.jpeg 1068w, \/wp-content\/uploads\/sites\/5\/2022\/05\/1-Feria-Coban-5-534x356.jpeg 534w, \/wp-content\/uploads\/sites\/5\/2022\/05\/1-Feria-Coban-5.jpeg 1599w\" sizes=\"auto, (max-width: 1024px) 100vw, 1024px\" \/><\/figure>\n<\/figure>\n\n\n\n<figure class=\"wp-block-gallery has-nested-images columns-default is-cropped wp-block-gallery-2 is-layout-flex wp-block-gallery-is-layout-flex\">\n<figure class=\"wp-block-image size-large\"><img loading=\"lazy\" decoding=\"async\" width=\"1024\" height=\"683\" data-id=\"27121\" src=\"\/wp-content\/uploads\/sites\/5\/2022\/05\/1-Feria-Cobar-2-1024x683.jpeg\" alt=\"\" class=\"wp-image-27121\" srcset=\"\/wp-content\/uploads\/sites\/5\/2022\/05\/1-Feria-Cobar-2-1024x683.jpeg 1024w, \/wp-content\/uploads\/sites\/5\/2022\/05\/1-Feria-Cobar-2-300x200.jpeg 300w, \/wp-content\/uploads\/sites\/5\/2022\/05\/1-Feria-Cobar-2-768x512.jpeg 768w, \/wp-content\/uploads\/sites\/5\/2022\/05\/1-Feria-Cobar-2-1536x1024.jpeg 1536w, \/wp-content\/uploads\/sites\/5\/2022\/05\/1-Feria-Cobar-2-630x420.jpeg 630w, \/wp-content\/uploads\/sites\/5\/2022\/05\/1-Feria-Cobar-2-696x464.jpeg 696w, \/wp-content\/uploads\/sites\/5\/2022\/05\/1-Feria-Cobar-2-1068x712.jpeg 1068w, \/wp-content\/uploads\/sites\/5\/2022\/05\/1-Feria-Cobar-2-534x356.jpeg 534w, \/wp-content\/uploads\/sites\/5\/2022\/05\/1-Feria-Cobar-2.jpeg 1599w\" sizes=\"auto, (max-width: 1024px) 100vw, 1024px\" \/><\/figure>\n\n\n\n<figure class=\"wp-block-image size-large\"><img loading=\"lazy\" decoding=\"async\" width=\"1024\" height=\"683\" data-id=\"27122\" src=\"\/wp-content\/uploads\/sites\/5\/2022\/05\/1-Feria-Cobar-3-1024x683.jpeg\" alt=\"\" class=\"wp-image-27122\" srcset=\"\/wp-content\/uploads\/sites\/5\/2022\/05\/1-Feria-Cobar-3-1024x683.jpeg 1024w, \/wp-content\/uploads\/sites\/5\/2022\/05\/1-Feria-Cobar-3-300x200.jpeg 300w, \/wp-content\/uploads\/sites\/5\/2022\/05\/1-Feria-Cobar-3-768x512.jpeg 768w, \/wp-content\/uploads\/sites\/5\/2022\/05\/1-Feria-Cobar-3-1536x1024.jpeg 1536w, \/wp-content\/uploads\/sites\/5\/2022\/05\/1-Feria-Cobar-3-630x420.jpeg 630w, \/wp-content\/uploads\/sites\/5\/2022\/05\/1-Feria-Cobar-3-696x464.jpeg 696w, \/wp-content\/uploads\/sites\/5\/2022\/05\/1-Feria-Cobar-3-1068x712.jpeg 1068w, \/wp-content\/uploads\/sites\/5\/2022\/05\/1-Feria-Cobar-3-534x356.jpeg 534w, \/wp-content\/uploads\/sites\/5\/2022\/05\/1-Feria-Cobar-3.jpeg 1599w\" sizes=\"auto, (max-width: 1024px) 100vw, 1024px\" \/><\/figure>\n\n\n\n<figure class=\"wp-block-image size-large\"><img loading=\"lazy\" decoding=\"async\" width=\"1024\" height=\"683\" data-id=\"27123\" src=\"\/wp-content\/uploads\/sites\/5\/2022\/05\/1-Feria-Coban-4-1024x683.jpeg\" alt=\"\" class=\"wp-image-27123\" srcset=\"\/wp-content\/uploads\/sites\/5\/2022\/05\/1-Feria-Coban-4-1024x683.jpeg 1024w, \/wp-content\/uploads\/sites\/5\/2022\/05\/1-Feria-Coban-4-300x200.jpeg 300w, \/wp-content\/uploads\/sites\/5\/2022\/05\/1-Feria-Coban-4-768x512.jpeg 768w, \/wp-content\/uploads\/sites\/5\/2022\/05\/1-Feria-Coban-4-1536x1024.jpeg 1536w, \/wp-content\/uploads\/sites\/5\/2022\/05\/1-Feria-Coban-4-630x420.jpeg 630w, \/wp-content\/uploads\/sites\/5\/2022\/05\/1-Feria-Coban-4-696x464.jpeg 696w, \/wp-content\/uploads\/sites\/5\/2022\/05\/1-Feria-Coban-4-1068x712.jpeg 1068w, \/wp-content\/uploads\/sites\/5\/2022\/05\/1-Feria-Coban-4-534x356.jpeg 534w, \/wp-content\/uploads\/sites\/5\/2022\/05\/1-Feria-Coban-4.jpeg 1599w\" sizes=\"auto, (max-width: 1024px) 100vw, 1024px\" \/><\/figure>\n\n\n\n<figure class=\"wp-block-image size-large\"><img loading=\"lazy\" decoding=\"async\" width=\"1024\" height=\"683\" data-id=\"27126\" src=\"\/wp-content\/uploads\/sites\/5\/2022\/05\/1-Feria-Coban-6-1024x683.jpeg\" alt=\"\" class=\"wp-image-27126\" srcset=\"\/wp-content\/uploads\/sites\/5\/2022\/05\/1-Feria-Coban-6-1024x683.jpeg 1024w, \/wp-content\/uploads\/sites\/5\/2022\/05\/1-Feria-Coban-6-300x200.jpeg 300w, \/wp-content\/uploads\/sites\/5\/2022\/05\/1-Feria-Coban-6-768x512.jpeg 768w, \/wp-content\/uploads\/sites\/5\/2022\/05\/1-Feria-Coban-6-1536x1024.jpeg 1536w, \/wp-content\/uploads\/sites\/5\/2022\/05\/1-Feria-Coban-6-630x420.jpeg 630w, \/wp-content\/uploads\/sites\/5\/2022\/05\/1-Feria-Coban-6-696x464.jpeg 696w, \/wp-content\/uploads\/sites\/5\/2022\/05\/1-Feria-Coban-6-1068x712.jpeg 1068w, \/wp-content\/uploads\/sites\/5\/2022\/05\/1-Feria-Coban-6-534x356.jpeg 534w, \/wp-content\/uploads\/sites\/5\/2022\/05\/1-Feria-Coban-6.jpeg 1599w\" sizes=\"auto, (max-width: 1024px) 100vw, 1024px\" \/><\/figure>\n\n\n\n<figure class=\"wp-block-image size-large\"><img loading=\"lazy\" decoding=\"async\" width=\"1024\" height=\"683\" data-id=\"27128\" src=\"\/wp-content\/uploads\/sites\/5\/2022\/05\/Feria-Coba\u0301n-7-1024x683.jpeg\" alt=\"\" class=\"wp-image-27128\" srcset=\"\/wp-content\/uploads\/sites\/5\/2022\/05\/Feria-Coba\u0301n-7-1024x683.jpeg 1024w, \/wp-content\/uploads\/sites\/5\/2022\/05\/Feria-Coba\u0301n-7-300x200.jpeg 300w, \/wp-content\/uploads\/sites\/5\/2022\/05\/Feria-Coba\u0301n-7-768x512.jpeg 768w, \/wp-content\/uploads\/sites\/5\/2022\/05\/Feria-Coba\u0301n-7-1536x1024.jpeg 1536w, \/wp-content\/uploads\/sites\/5\/2022\/05\/Feria-Coba\u0301n-7-630x420.jpeg 630w, \/wp-content\/uploads\/sites\/5\/2022\/05\/Feria-Coba\u0301n-7-696x464.jpeg 696w, \/wp-content\/uploads\/sites\/5\/2022\/05\/Feria-Coba\u0301n-7-1068x712.jpeg 1068w, \/wp-content\/uploads\/sites\/5\/2022\/05\/Feria-Coba\u0301n-7-534x356.jpeg 534w, \/wp-content\/uploads\/sites\/5\/2022\/05\/Feria-Coba\u0301n-7.jpeg 1599w\" sizes=\"auto, (max-width: 1024px) 100vw, 1024px\" \/><\/figure>\n<\/figure>\n","protected":false},"excerpt":{"rendered":"<p>El Instituto Guatemalteco de Seguridad de Seguridad (IGSS) contin\u00faa participando en las ferias de formalizaci\u00f3n laboral a nivel nacional, el 6 y 7 de mayo \u00faltimo se celebr\u00f3 una en el parque central de Cob\u00e1n, Alta Verapaz. Esta Feria de Formalizaci\u00f3n y Sello Blanco fue organizada por el Ministerio de Econom\u00eda y el Ministerio de [&hellip;]<\/p>\n","protected":false},"author":601,"featured_media":27112,"comment_status":"closed","ping_status":"closed","sticky":false,"template":"","format":"standard","meta":{"footnotes":""},"categories":[1408,3,4,15,23,908],"tags":[1053,458,490,695],"coauthors":[1263],"class_list":{"0":"post-27072","1":"post","2":"type-post","3":"status-publish","4":"format-standard","5":"has-post-thumbnail","7":"category-1408","8":"category-actualidad","9":"category-afiliados","10":"category-destacado","11":"category-patronos","12":"category-recaudacion","13":"tag-coban","14":"tag-guatemala","15":"tag-igss","16":"tag-patronos"},"_links":{"self":[{"href":"https:\/\/www.igssgt.org\/noticias\/wp-json\/wp\/v2\/posts\/27072","targetHints":{"allow":["GET"]}}],"collection":[{"href":"https:\/\/www.igssgt.org\/noticias\/wp-json\/wp\/v2\/posts"}],"about":[{"href":"https:\/\/www.igssgt.org\/noticias\/wp-json\/wp\/v2\/types\/post"}],"author":[{"embeddable":true,"href":"https:\/\/www.igssgt.org\/noticias\/wp-json\/wp\/v2\/users\/601"}],"replies":[{"embeddable":true,"href":"https:\/\/www.igssgt.org\/noticias\/wp-json\/wp\/v2\/comments?post=27072"}],"version-history":[{"count":4,"href":"https:\/\/www.igssgt.org\/noticias\/wp-json\/wp\/v2\/posts\/27072\/revisions"}],"predecessor-version":[{"id":27129,"href":"https:\/\/www.igssgt.org\/noticias\/wp-json\/wp\/v2\/posts\/27072\/revisions\/27129"}],"wp:featuredmedia":[{"embeddable":true,"href":"https:\/\/www.igssgt.org\/noticias\/wp-json\/wp\/v2\/media\/27112"}],"wp:attachment":[{"href":"https:\/\/www.igssgt.org\/noticias\/wp-json\/wp\/v2\/media?parent=27072"}],"wp:term":[{"taxonomy":"category","embeddable":true,"href":"https:\/\/www.igssgt.org\/noticias\/wp-json\/wp\/v2\/categories?post=27072"},{"taxonomy":"post_tag","embeddable":true,"href":"https:\/\/www.igssgt.org\/noticias\/wp-json\/wp\/v2\/tags?post=27072"},{"taxonomy":"author","embeddable":true,"href":"https:\/\/www.igssgt.org\/noticias\/wp-json\/wp\/v2\/coauthors?post=27072"}],"curies":[{"name":"wp","href":"https:\/\/api.w.org\/{rel}","templated":true}]}}