{"id":27307,"date":"2020-03-12T14:37:00","date_gmt":"2020-03-12T20:37:00","guid":{"rendered":"https:\/\/www.igssgt.org\/noticias\/?p=27307"},"modified":"2022-05-11T15:11:38","modified_gmt":"2022-05-11T21:11:38","slug":"entrevista-a-angela-arguello-y-roger-gil","status":"publish","type":"post","link":"https:\/\/www.igssgt.org\/noticias\/2020\/03\/12\/entrevista-a-angela-arguello-y-roger-gil\/","title":{"rendered":"Entrevista a A\u0301ngela Arguello y Roger Gil"},"content":{"rendered":"\n<p>ENT\u00c9RESE HOY EN Telediario \u00bfQu\u00e9 es y c\u00f3mo se previene el coronavirus COVID-19? Entrevista a los m\u00e9dicos \u00c1ngela Arguello y Roger Gil, infect\u00f3logos del IGSS.<\/p>\n<p>Sintonice Canal 3 a las 19:00 horas.<\/p>\n<p><a href=\"https:\/\/www.igssgt.org\/noticias\/2020\/03\/12\/entrevista-a-angela-arguello-y-roger-gil\/entrevista-a-angela-arguello-y-roger-gil-marzo-2020\/\" target=\"_blank\" rel=\"attachment noopener wp-att-27308\"><img loading=\"lazy\" decoding=\"async\" class=\"alignnone wp-image-27308 size-full\" src=\"\/wp-content\/uploads\/sites\/5\/2022\/05\/Entrevista-a-A\u0301ngela-Arguello-y-Roger-Gil-Marzo-2020.jpg\" alt=\"\" width=\"900\" height=\"900\" srcset=\"\/wp-content\/uploads\/sites\/5\/2022\/05\/Entrevista-a-A\u0301ngela-Arguello-y-Roger-Gil-Marzo-2020.jpg 900w, \/wp-content\/uploads\/sites\/5\/2022\/05\/Entrevista-a-A\u0301ngela-Arguello-y-Roger-Gil-Marzo-2020-150x150.jpg 150w, \/wp-content\/uploads\/sites\/5\/2022\/05\/Entrevista-a-A\u0301ngela-Arguello-y-Roger-Gil-Marzo-2020-300x300.jpg 300w, \/wp-content\/uploads\/sites\/5\/2022\/05\/Entrevista-a-A\u0301ngela-Arguello-y-Roger-Gil-Marzo-2020-768x768.jpg 768w, \/wp-content\/uploads\/sites\/5\/2022\/05\/Entrevista-a-A\u0301ngela-Arguello-y-Roger-Gil-Marzo-2020-420x420.jpg 420w, \/wp-content\/uploads\/sites\/5\/2022\/05\/Entrevista-a-A\u0301ngela-Arguello-y-Roger-Gil-Marzo-2020-696x696.jpg 696w, \/wp-content\/uploads\/sites\/5\/2022\/05\/Entrevista-a-A\u0301ngela-Arguello-y-Roger-Gil-Marzo-2020-462x462.jpg 462w\" sizes=\"auto, (max-width: 900px) 100vw, 900px\" \/><\/a><\/p>\n","protected":false},"excerpt":{"rendered":"<p>ENT\u00c9RESE HOY EN Telediario \u00bfQu\u00e9 es y c\u00f3mo se previene el coronavirus COVID-19? Entrevista a los m\u00e9dicos \u00c1ngela Arguello y Roger Gil, infect\u00f3logos del IGSS. Sintonice Canal 3 a las 19:00 horas.<\/p>\n","protected":false},"author":1961,"featured_media":27308,"comment_status":"closed","ping_status":"closed","sticky":false,"template":"","format":"standard","meta":{"footnotes":""},"categories":[1416,41],"tags":[1307,1320,150,813],"coauthors":[1448],"class_list":{"0":"post-27307","1":"post","2":"type-post","3":"status-publish","4":"format-standard","5":"has-post-thumbnail","7":"category-avisos-2020","8":"category-igss-en-los-medios","9":"tag-avisos","10":"tag-avisos-covid-19","11":"tag-canal-3","12":"tag-telediario"},"_links":{"self":[{"href":"https:\/\/www.igssgt.org\/noticias\/wp-json\/wp\/v2\/posts\/27307","targetHints":{"allow":["GET"]}}],"collection":[{"href":"https:\/\/www.igssgt.org\/noticias\/wp-json\/wp\/v2\/posts"}],"about":[{"href":"https:\/\/www.igssgt.org\/noticias\/wp-json\/wp\/v2\/types\/post"}],"author":[{"embeddable":true,"href":"https:\/\/www.igssgt.org\/noticias\/wp-json\/wp\/v2\/users\/1961"}],"replies":[{"embeddable":true,"href":"https:\/\/www.igssgt.org\/noticias\/wp-json\/wp\/v2\/comments?post=27307"}],"version-history":[{"count":3,"href":"https:\/\/www.igssgt.org\/noticias\/wp-json\/wp\/v2\/posts\/27307\/revisions"}],"predecessor-version":[{"id":27311,"href":"https:\/\/www.igssgt.org\/noticias\/wp-json\/wp\/v2\/posts\/27307\/revisions\/27311"}],"wp:featuredmedia":[{"embeddable":true,"href":"https:\/\/www.igssgt.org\/noticias\/wp-json\/wp\/v2\/media\/27308"}],"wp:attachment":[{"href":"https:\/\/www.igssgt.org\/noticias\/wp-json\/wp\/v2\/media?parent=27307"}],"wp:term":[{"taxonomy":"category","embeddable":true,"href":"https:\/\/www.igssgt.org\/noticias\/wp-json\/wp\/v2\/categories?post=27307"},{"taxonomy":"post_tag","embeddable":true,"href":"https:\/\/www.igssgt.org\/noticias\/wp-json\/wp\/v2\/tags?post=27307"},{"taxonomy":"author","embeddable":true,"href":"https:\/\/www.igssgt.org\/noticias\/wp-json\/wp\/v2\/coauthors?post=27307"}],"curies":[{"name":"wp","href":"https:\/\/api.w.org\/{rel}","templated":true}]}}