{"id":27328,"date":"2020-03-13T15:18:00","date_gmt":"2020-03-13T21:18:00","guid":{"rendered":"https:\/\/www.igssgt.org\/noticias\/?p=27328"},"modified":"2022-05-11T15:22:24","modified_gmt":"2022-05-11T21:22:24","slug":"entrevista-a-la-doctora-angela-arguello","status":"publish","type":"post","link":"https:\/\/www.igssgt.org\/noticias\/2020\/03\/13\/entrevista-a-la-doctora-angela-arguello\/","title":{"rendered":"Entrevista a la doctora \u00c1ngela Arguello"},"content":{"rendered":"\n<p>No se pierda: la entrevista en Canal Antigua con la doctora \u00c1ngela Arg\u00fcello, infect\u00f3loga del IGSS, a partir de las 21:30 horas.<\/p>\n<p><a href=\"https:\/\/www.igssgt.org\/noticias\/2020\/03\/13\/entrevista-a-la-doctora-angela-arguello\/entrevista-a-la-doctora-angela-arguello-marzo-2020\/\" target=\"_blank\" rel=\"attachment noopener wp-att-27329\"><img loading=\"lazy\" decoding=\"async\" class=\"alignnone wp-image-27329 size-full\" src=\"\/wp-content\/uploads\/sites\/5\/2022\/05\/Entrevista-a-la-doctora-A\u0301ngela-Arguello-Marzo-2020.jpg\" alt=\"\" width=\"899\" height=\"900\" srcset=\"\/wp-content\/uploads\/sites\/5\/2022\/05\/Entrevista-a-la-doctora-A\u0301ngela-Arguello-Marzo-2020.jpg 899w, \/wp-content\/uploads\/sites\/5\/2022\/05\/Entrevista-a-la-doctora-A\u0301ngela-Arguello-Marzo-2020-150x150.jpg 150w, \/wp-content\/uploads\/sites\/5\/2022\/05\/Entrevista-a-la-doctora-A\u0301ngela-Arguello-Marzo-2020-300x300.jpg 300w, \/wp-content\/uploads\/sites\/5\/2022\/05\/Entrevista-a-la-doctora-A\u0301ngela-Arguello-Marzo-2020-768x769.jpg 768w, \/wp-content\/uploads\/sites\/5\/2022\/05\/Entrevista-a-la-doctora-A\u0301ngela-Arguello-Marzo-2020-420x420.jpg 420w, \/wp-content\/uploads\/sites\/5\/2022\/05\/Entrevista-a-la-doctora-A\u0301ngela-Arguello-Marzo-2020-696x697.jpg 696w, \/wp-content\/uploads\/sites\/5\/2022\/05\/Entrevista-a-la-doctora-A\u0301ngela-Arguello-Marzo-2020-461x462.jpg 461w\" sizes=\"auto, (max-width: 899px) 100vw, 899px\" \/><\/a><\/p>\n","protected":false},"excerpt":{"rendered":"<p>No se pierda: la entrevista en Canal Antigua con la doctora \u00c1ngela Arg\u00fcello, infect\u00f3loga del IGSS, a partir de las 21:30 horas.<\/p>\n","protected":false},"author":1961,"featured_media":27329,"comment_status":"closed","ping_status":"closed","sticky":false,"template":"","format":"standard","meta":{"footnotes":""},"categories":[1416,41],"tags":[1307,1320,151],"coauthors":[1448],"class_list":{"0":"post-27328","1":"post","2":"type-post","3":"status-publish","4":"format-standard","5":"has-post-thumbnail","7":"category-avisos-2020","8":"category-igss-en-los-medios","9":"tag-avisos","10":"tag-avisos-covid-19","11":"tag-canal-antigua"},"_links":{"self":[{"href":"https:\/\/www.igssgt.org\/noticias\/wp-json\/wp\/v2\/posts\/27328","targetHints":{"allow":["GET"]}}],"collection":[{"href":"https:\/\/www.igssgt.org\/noticias\/wp-json\/wp\/v2\/posts"}],"about":[{"href":"https:\/\/www.igssgt.org\/noticias\/wp-json\/wp\/v2\/types\/post"}],"author":[{"embeddable":true,"href":"https:\/\/www.igssgt.org\/noticias\/wp-json\/wp\/v2\/users\/1961"}],"replies":[{"embeddable":true,"href":"https:\/\/www.igssgt.org\/noticias\/wp-json\/wp\/v2\/comments?post=27328"}],"version-history":[{"count":2,"href":"https:\/\/www.igssgt.org\/noticias\/wp-json\/wp\/v2\/posts\/27328\/revisions"}],"predecessor-version":[{"id":27331,"href":"https:\/\/www.igssgt.org\/noticias\/wp-json\/wp\/v2\/posts\/27328\/revisions\/27331"}],"wp:featuredmedia":[{"embeddable":true,"href":"https:\/\/www.igssgt.org\/noticias\/wp-json\/wp\/v2\/media\/27329"}],"wp:attachment":[{"href":"https:\/\/www.igssgt.org\/noticias\/wp-json\/wp\/v2\/media?parent=27328"}],"wp:term":[{"taxonomy":"category","embeddable":true,"href":"https:\/\/www.igssgt.org\/noticias\/wp-json\/wp\/v2\/categories?post=27328"},{"taxonomy":"post_tag","embeddable":true,"href":"https:\/\/www.igssgt.org\/noticias\/wp-json\/wp\/v2\/tags?post=27328"},{"taxonomy":"author","embeddable":true,"href":"https:\/\/www.igssgt.org\/noticias\/wp-json\/wp\/v2\/coauthors?post=27328"}],"curies":[{"name":"wp","href":"https:\/\/api.w.org\/{rel}","templated":true}]}}