{"id":27426,"date":"2022-05-17T09:01:44","date_gmt":"2022-05-17T15:01:44","guid":{"rendered":"https:\/\/www.igssgt.org\/noticias\/?p=27426"},"modified":"2022-05-17T09:01:46","modified_gmt":"2022-05-17T15:01:46","slug":"el-igss-invita-a-participar-en-la-convocatoria-para-la-plaza-medico-especialista-a-y-medico-general","status":"publish","type":"post","link":"https:\/\/www.igssgt.org\/noticias\/2022\/05\/17\/el-igss-invita-a-participar-en-la-convocatoria-para-la-plaza-medico-especialista-a-y-medico-general\/","title":{"rendered":"El IGSS invita a participar en la convocatoria para la plaza: M\u00e9dico Especialista \u201cA\u201d y M\u00e9dico General"},"content":{"rendered":"\n<h3 class=\"p1\">Para el Hospital del IGSS en Mazatenango, Suchitep\u00e9quez<\/h3>\n<h4 class=\"p1\">Fecha l\u00edmite de recepci\u00f3n de solicitudes: lunes 23 de mayo de 2022<\/h4>\n<p><a href=\"https:\/\/www.igssgt.org\/noticias\/2022\/05\/17\/el-igss-invita-a-participar-en-la-convocatoria-para-la-plaza-medico-especialista-a-y-medico-general\/convocatoria-plaza-igss-medico-especialista-a-y-medico-general-suchitepequez-2022\/\" target=\"_blank\" rel=\"attachment noopener wp-att-27427\"><img loading=\"lazy\" decoding=\"async\" class=\"alignnone wp-image-27427 size-full\" src=\"\/wp-content\/uploads\/sites\/5\/2022\/05\/Convocatoria-plaza-IGSS-medico-especialista-A-y-medico-general-Suchitepe\u0301quez-2022.jpg\" alt=\"\" width=\"1048\" height=\"1280\" srcset=\"\/wp-content\/uploads\/sites\/5\/2022\/05\/Convocatoria-plaza-IGSS-medico-especialista-A-y-medico-general-Suchitepe\u0301quez-2022.jpg 1048w, \/wp-content\/uploads\/sites\/5\/2022\/05\/Convocatoria-plaza-IGSS-medico-especialista-A-y-medico-general-Suchitepe\u0301quez-2022-246x300.jpg 246w, \/wp-content\/uploads\/sites\/5\/2022\/05\/Convocatoria-plaza-IGSS-medico-especialista-A-y-medico-general-Suchitepe\u0301quez-2022-768x938.jpg 768w, \/wp-content\/uploads\/sites\/5\/2022\/05\/Convocatoria-plaza-IGSS-medico-especialista-A-y-medico-general-Suchitepe\u0301quez-2022-838x1024.jpg 838w, \/wp-content\/uploads\/sites\/5\/2022\/05\/Convocatoria-plaza-IGSS-medico-especialista-A-y-medico-general-Suchitepe\u0301quez-2022-344x420.jpg 344w, \/wp-content\/uploads\/sites\/5\/2022\/05\/Convocatoria-plaza-IGSS-medico-especialista-A-y-medico-general-Suchitepe\u0301quez-2022-696x850.jpg 696w, \/wp-content\/uploads\/sites\/5\/2022\/05\/Convocatoria-plaza-IGSS-medico-especialista-A-y-medico-general-Suchitepe\u0301quez-2022-378x462.jpg 378w\" sizes=\"auto, (max-width: 1048px) 100vw, 1048px\" \/><\/a><\/p>\n","protected":false},"excerpt":{"rendered":"<p>Para el Hospital del IGSS en Mazatenango, Suchitep\u00e9quez Fecha l\u00edmite de recepci\u00f3n de solicitudes: lunes 23 de mayo de 2022<\/p>\n","protected":false},"author":1961,"featured_media":27427,"comment_status":"closed","ping_status":"closed","sticky":false,"template":"","format":"standard","meta":{"footnotes":""},"categories":[1299,29],"tags":[213,1300],"coauthors":[1448],"class_list":{"0":"post-27426","1":"post","2":"type-post","3":"status-publish","4":"format-standard","5":"has-post-thumbnail","7":"category-plazas-vacantes","8":"category-publicaciones","9":"tag-convocatoria-plazas-igss","10":"tag-empleos-igss"},"_links":{"self":[{"href":"https:\/\/www.igssgt.org\/noticias\/wp-json\/wp\/v2\/posts\/27426","targetHints":{"allow":["GET"]}}],"collection":[{"href":"https:\/\/www.igssgt.org\/noticias\/wp-json\/wp\/v2\/posts"}],"about":[{"href":"https:\/\/www.igssgt.org\/noticias\/wp-json\/wp\/v2\/types\/post"}],"author":[{"embeddable":true,"href":"https:\/\/www.igssgt.org\/noticias\/wp-json\/wp\/v2\/users\/1961"}],"replies":[{"embeddable":true,"href":"https:\/\/www.igssgt.org\/noticias\/wp-json\/wp\/v2\/comments?post=27426"}],"version-history":[{"count":6,"href":"https:\/\/www.igssgt.org\/noticias\/wp-json\/wp\/v2\/posts\/27426\/revisions"}],"predecessor-version":[{"id":27433,"href":"https:\/\/www.igssgt.org\/noticias\/wp-json\/wp\/v2\/posts\/27426\/revisions\/27433"}],"wp:featuredmedia":[{"embeddable":true,"href":"https:\/\/www.igssgt.org\/noticias\/wp-json\/wp\/v2\/media\/27427"}],"wp:attachment":[{"href":"https:\/\/www.igssgt.org\/noticias\/wp-json\/wp\/v2\/media?parent=27426"}],"wp:term":[{"taxonomy":"category","embeddable":true,"href":"https:\/\/www.igssgt.org\/noticias\/wp-json\/wp\/v2\/categories?post=27426"},{"taxonomy":"post_tag","embeddable":true,"href":"https:\/\/www.igssgt.org\/noticias\/wp-json\/wp\/v2\/tags?post=27426"},{"taxonomy":"author","embeddable":true,"href":"https:\/\/www.igssgt.org\/noticias\/wp-json\/wp\/v2\/coauthors?post=27426"}],"curies":[{"name":"wp","href":"https:\/\/api.w.org\/{rel}","templated":true}]}}