{"id":27459,"date":"2022-05-18T15:57:10","date_gmt":"2022-05-18T21:57:10","guid":{"rendered":"https:\/\/www.igssgt.org\/noticias\/?p=27459"},"modified":"2022-05-18T16:30:12","modified_gmt":"2022-05-18T22:30:12","slug":"conozca-los-sintomas-de-la-hepatitis-aguda-que-afecta-a-la-ninez","status":"publish","type":"post","link":"https:\/\/www.igssgt.org\/noticias\/2022\/05\/18\/conozca-los-sintomas-de-la-hepatitis-aguda-que-afecta-a-la-ninez\/","title":{"rendered":"Conozca los s\u00edntomas de la hepatitis aguda que afecta a la ni\u00f1ez"},"content":{"rendered":"\n<p class=\"has-drop-cap\">Aunque las autoridades del Ministerio de Salud P\u00fablica y Asistencia Social (MSPAS) informaron el 13 de mayo que en el pa\u00eds no se registra un caso de hepatitis aguda grave en ni\u00f1os, el IGSS, atendiendo a su Pol\u00edtica Preventiva, hizo el llamado a la poblaci\u00f3n beneficiaria para estar atenta con respecto a los s\u00edntomas de la enfermedad detectada hasta el momento en 12 pa\u00edses del mundo.<\/p>\n\n\n\n<p>En principio, se desconoce el agente etiol\u00f3gico que causa esta hepatitis aguda que afecta a menores desde los primeros meses de vida hasta los adolescentes de 16 a\u00f1os, seg\u00fan un informe divulgado el martes 10 de mayo por la Organizaci\u00f3n Mundial de la Salud (OMS).<\/p>\n<p><a href=\"https:\/\/www.igssgt.org\/noticias\/2022\/05\/18\/conozca-los-sintomas-de-la-hepatitis-aguda-que-afecta-a-la-ninez\/conozca-los-sintomas-de-la-hepatitis-aguda-que-afecta-a-la-nin%cc%83ez-mayo-2022-3\/\" target=\"_blank\" rel=\"attachment noopener wp-att-27469\"><img loading=\"lazy\" decoding=\"async\" class=\"alignnone wp-image-27469 size-full\" src=\"\/wp-content\/uploads\/sites\/5\/2022\/05\/Conozca-los-si\u0301ntomas-de-la-hepatitis-aguda-que-afecta-a-la-nin\u0303ez-Mayo-2022-3.jpg\" alt=\"\" width=\"1244\" height=\"824\" srcset=\"\/wp-content\/uploads\/sites\/5\/2022\/05\/Conozca-los-si\u0301ntomas-de-la-hepatitis-aguda-que-afecta-a-la-nin\u0303ez-Mayo-2022-3.jpg 1244w, \/wp-content\/uploads\/sites\/5\/2022\/05\/Conozca-los-si\u0301ntomas-de-la-hepatitis-aguda-que-afecta-a-la-nin\u0303ez-Mayo-2022-3-300x199.jpg 300w, \/wp-content\/uploads\/sites\/5\/2022\/05\/Conozca-los-si\u0301ntomas-de-la-hepatitis-aguda-que-afecta-a-la-nin\u0303ez-Mayo-2022-3-768x509.jpg 768w, \/wp-content\/uploads\/sites\/5\/2022\/05\/Conozca-los-si\u0301ntomas-de-la-hepatitis-aguda-que-afecta-a-la-nin\u0303ez-Mayo-2022-3-1024x678.jpg 1024w, \/wp-content\/uploads\/sites\/5\/2022\/05\/Conozca-los-si\u0301ntomas-de-la-hepatitis-aguda-que-afecta-a-la-nin\u0303ez-Mayo-2022-3-634x420.jpg 634w, \/wp-content\/uploads\/sites\/5\/2022\/05\/Conozca-los-si\u0301ntomas-de-la-hepatitis-aguda-que-afecta-a-la-nin\u0303ez-Mayo-2022-3-696x461.jpg 696w, \/wp-content\/uploads\/sites\/5\/2022\/05\/Conozca-los-si\u0301ntomas-de-la-hepatitis-aguda-que-afecta-a-la-nin\u0303ez-Mayo-2022-3-1068x707.jpg 1068w, \/wp-content\/uploads\/sites\/5\/2022\/05\/Conozca-los-si\u0301ntomas-de-la-hepatitis-aguda-que-afecta-a-la-nin\u0303ez-Mayo-2022-3-534x354.jpg 534w\" sizes=\"auto, (max-width: 1244px) 100vw, 1244px\" \/><\/a><\/p>\n<p>La doctora Jessica Rivera, gastroenter\u00f3loga pediatra de la Unidad Perif\u00e9rica Zona 5, indic\u00f3 cu\u00e1les son los s\u00edntomas que se pueden presentar: malestar general, cansancio, fiebre, p\u00e9rdida del apetito, dolor muscular, diarrea, v\u00f3mitos, dolor abdominal y principalmente la coloraci\u00f3n amarilla de la piel y ojos, orina oscura (como refresco de cola) y heces blanquecinas o p\u00e1lidas.<\/p>\n<p>Las hepatitis son un grupo de enfermedades caracterizadas por inflamar el h\u00edgado. \u201cCuando su aparecimiento es reciente es una hepatitis aguda\u201d, indic\u00f3 la especialista y agreg\u00f3 que las hepatitis B, C y D pueden evolucionar durante m\u00e1s tiempo torn\u00e1ndose en cr\u00f3nicas.<\/p>\n<blockquote>\n<p>Las hepatitis son un grupo de enfermedades caracterizadas por inflamar el h\u00edgado.<\/p>\n<\/blockquote>\n<p>Las causas de hepatitis pueden ser varias, pero las virales (A, B, C, D, E y G) son las principales. Sin embargo, tambi\u00e9n hay otros virus que pueden ocasionarla, entre ellas \u201cel citomegalovirus, que pertenece a la familia del herpes, as\u00ed como el Epstein-Barr virus, incluso el virus de la varicela puede causar hepatitis como complicaci\u00f3n\u201d, inform\u00f3 la doctora Rivera.<\/p>\n<p>El Instituto est\u00e1 bajo una alerta epidemiol\u00f3gica por el aumento mundial de casos, ya que los afectados han presentado infecci\u00f3n por adenovirus, especialmente el 41. \u201cLos adenovirus son virus que tambi\u00e9n pueden causar enfermedades respiratorias y diarreas, es la hepatitis grave que se registra en Inglaterra y en algunos estados de EE. UU\u201d, agreg\u00f3.<\/p>\n<p>No hay una asociaci\u00f3n entre las vacunas anticovid con estos casos, pues muchos de estos ni\u00f1os no han recibido un esquema de vacunaci\u00f3n contra el coronavirus, dijo la profesional.<\/p>\n<p><a href=\"https:\/\/www.igssgt.org\/noticias\/2022\/05\/18\/conozca-los-sintomas-de-la-hepatitis-aguda-que-afecta-a-la-ninez\/conozca-los-sintomas-de-la-hepatitis-aguda-que-afecta-a-la-nin%cc%83ez-mayo-2022-7\/\" target=\"_blank\" rel=\"attachment noopener wp-att-27472\"><img loading=\"lazy\" decoding=\"async\" class=\"alignnone wp-image-27472 size-full\" src=\"\/wp-content\/uploads\/sites\/5\/2022\/05\/Conozca-los-si\u0301ntomas-de-la-hepatitis-aguda-que-afecta-a-la-nin\u0303ez-Mayo-2022-7.jpg\" alt=\"\" width=\"1280\" height=\"853\" srcset=\"\/wp-content\/uploads\/sites\/5\/2022\/05\/Conozca-los-si\u0301ntomas-de-la-hepatitis-aguda-que-afecta-a-la-nin\u0303ez-Mayo-2022-7.jpg 1280w, \/wp-content\/uploads\/sites\/5\/2022\/05\/Conozca-los-si\u0301ntomas-de-la-hepatitis-aguda-que-afecta-a-la-nin\u0303ez-Mayo-2022-7-300x200.jpg 300w, \/wp-content\/uploads\/sites\/5\/2022\/05\/Conozca-los-si\u0301ntomas-de-la-hepatitis-aguda-que-afecta-a-la-nin\u0303ez-Mayo-2022-7-768x512.jpg 768w, \/wp-content\/uploads\/sites\/5\/2022\/05\/Conozca-los-si\u0301ntomas-de-la-hepatitis-aguda-que-afecta-a-la-nin\u0303ez-Mayo-2022-7-1024x682.jpg 1024w, \/wp-content\/uploads\/sites\/5\/2022\/05\/Conozca-los-si\u0301ntomas-de-la-hepatitis-aguda-que-afecta-a-la-nin\u0303ez-Mayo-2022-7-630x420.jpg 630w, \/wp-content\/uploads\/sites\/5\/2022\/05\/Conozca-los-si\u0301ntomas-de-la-hepatitis-aguda-que-afecta-a-la-nin\u0303ez-Mayo-2022-7-696x464.jpg 696w, \/wp-content\/uploads\/sites\/5\/2022\/05\/Conozca-los-si\u0301ntomas-de-la-hepatitis-aguda-que-afecta-a-la-nin\u0303ez-Mayo-2022-7-1068x712.jpg 1068w, \/wp-content\/uploads\/sites\/5\/2022\/05\/Conozca-los-si\u0301ntomas-de-la-hepatitis-aguda-que-afecta-a-la-nin\u0303ez-Mayo-2022-7-534x356.jpg 534w\" sizes=\"auto, (max-width: 1280px) 100vw, 1280px\" \/><\/a><\/p>\n<h3><strong>Recomendaciones<\/strong><\/h3>\n<p>Los padres deben estar alertas y acudir con el m\u00e9dico inmediatamente para recibir atenci\u00f3n para un diagn\u00f3stico oportuno y un tratamiento adecuado.<\/p>\n<p>El IGSS cuenta con prevenci\u00f3n para algunos tipos de hepatitis, generalmente est\u00e1 la vacunaci\u00f3n de los reci\u00e9n nacidos durante las primeras 24 horas, hijos de madres portadores de hepatitis B.<\/p>\n<p><iframe loading=\"lazy\" title=\"Qu\u00e9 sabemos del brote de Hepatitis Aguda Infantil, IGSS TV 224\" width=\"696\" height=\"392\" src=\"https:\/\/www.youtube.com\/embed\/Nhjpce8-Zpo?feature=oembed\" frameborder=\"0\" allow=\"accelerometer; autoplay; clipboard-write; encrypted-media; gyroscope; picture-in-picture\" allowfullscreen><\/iframe><\/p>\n<p>Dentro de la inmunizaci\u00f3n pedi\u00e1trica est\u00e1 la pentavalente la cual protege contra cinco enfermedades, entre ellas la hepatitis B, por lo que es importante vacunar a los infantes a los 2, 4 y 6 meses, resalt\u00f3 la doctora Rivera. Adem\u00e1s, el Seguro Social proporciona la vacuna contra la hepatitis A, indicada para ni\u00f1os mayores de 1 a\u00f1o.<\/p>\n<p>La OMS junto con los pa\u00edses afectados recolecta datos para los estudios respectivos y prev\u00e9 que en las pr\u00f3ximas semanas tendr\u00e1 evidencia para emitir las recomendaciones de prevenci\u00f3n, tratamiento y control, se\u00f1al\u00f3 el ente, al tiempo que las autoridades de Salud de M\u00e9xico confirmaron los primeros cuatro casos de hepatitis aguda grave en menores.<\/p>\n<h3><strong><img loading=\"lazy\" decoding=\"async\" class=\"alignleft wp-image-27485\" src=\"\/wp-content\/uploads\/sites\/5\/2022\/05\/169.png\" alt=\"\" width=\"153\" height=\"173\" srcset=\"\/wp-content\/uploads\/sites\/5\/2022\/05\/169.png 576w, \/wp-content\/uploads\/sites\/5\/2022\/05\/169-265x300.png 265w, \/wp-content\/uploads\/sites\/5\/2022\/05\/169-370x420.png 370w, \/wp-content\/uploads\/sites\/5\/2022\/05\/169-408x462.png 408w\" sizes=\"auto, (max-width: 153px) 100vw, 153px\" \/>Casos y pa\u00edses<\/strong><\/h3>\n<p>La alerta epidemiol\u00f3gica emitida por la OMS se dio el 29 de abril pasado al registrar 169 casos de hepatitis aguda grave de causa desconocida en B\u00e9lgica, Dinamarca, Francia, Irlanda, Israel, Italia, Pa\u00edses Bajos (Holanda), Noruega, Rumania, Espa\u00f1a, Reino Unido y Estados Unidos.<\/p>\n<h3><strong>Higiene y cuidados<\/strong><\/h3>\n<ul>\n<li>Lavado adecuado y permanente de manos.<\/li>\n<li>Manejo adecuado de los desechos.<\/li>\n<li>Consumo de agua purificada o hervida (libre de pat\u00f3genos).<\/li>\n<li>Evitar comer alimentos de dudoso procesamiento.<\/li>\n<li>Asegurar la adecuada preparaci\u00f3n, manipulaci\u00f3n y conservaci\u00f3n de los alimentos.<\/li>\n<li>Limpieza y desinfecci\u00f3n de superficies, sobre todo en los ambientes donde asisten ni\u00f1os peque\u00f1os.<\/li>\n<\/ul>\n\n\n\n\r\n                <style type=\"text\/css\">\r\n                    \r\n                    #tdi_1  .td-doubleSlider-2 .td-item1 {\r\n                        background: url(\/wp-content\/uploads\/sites\/5\/2022\/05\/Conozca-los-si\u0301ntomas-de-la-hepatitis-aguda-que-afecta-a-la-nin\u0303ez-Mayo-2022-1-80x60.jpg) 0 0 no-repeat;\r\n                    }\r\n                    #tdi_1  .td-doubleSlider-2 .td-item2 {\r\n                        background: url(\/wp-content\/uploads\/sites\/5\/2022\/05\/Conozca-los-si\u0301ntomas-de-la-hepatitis-aguda-que-afecta-a-la-nin\u0303ez-Mayo-2022-6-80x60.jpg) 0 0 no-repeat;\r\n                    }\r\n                    #tdi_1  .td-doubleSlider-2 .td-item3 {\r\n                        background: url(\/wp-content\/uploads\/sites\/5\/2022\/05\/Conozca-los-si\u0301ntomas-de-la-hepatitis-aguda-que-afecta-a-la-nin\u0303ez-Mayo-2022-5-80x60.jpg) 0 0 no-repeat;\r\n                    }\r\n                    #tdi_1  .td-doubleSlider-2 .td-item4 {\r\n                        background: url(\/wp-content\/uploads\/sites\/5\/2022\/05\/Conozca-los-si\u0301ntomas-de-la-hepatitis-aguda-que-afecta-a-la-nin\u0303ez-Mayo-2022-9-80x60.jpg) 0 0 no-repeat;\r\n                    }\r\n                    #tdi_1  .td-doubleSlider-2 .td-item5 {\r\n                        background: url(\/wp-content\/uploads\/sites\/5\/2022\/05\/Conozca-los-si\u0301ntomas-de-la-hepatitis-aguda-que-afecta-a-la-nin\u0303ez-Mayo-2022-4-80x60.jpg) 0 0 no-repeat;\r\n                    }\r\n                    #tdi_1  .td-doubleSlider-2 .td-item6 {\r\n                        background: url(\/wp-content\/uploads\/sites\/5\/2022\/05\/Conozca-los-si\u0301ntomas-de-la-hepatitis-aguda-que-afecta-a-la-nin\u0303ez-Mayo-2022-8-80x60.jpg) 0 0 no-repeat;\r\n                    }\r\n                <\/style>\r\n\r\n                <div id=\"tdi_1\" class=\"td-gallery td-slide-on-2-columns\">\r\n                    <div class=\"post_td_gallery\">\r\n                        <div class=\"td-gallery-slide-top\">\r\n                           <div class=\"td-gallery-title\"><\/div>\r\n\r\n                            <div class=\"td-gallery-controls-wrapper\">\r\n                                <div class=\"td-gallery-slide-count\"><span class=\"td-gallery-slide-item-focus\">1<\/span> de 6<\/div>\r\n                                <div class=\"td-gallery-slide-prev-next-but\">\r\n                                    <i class = \"td-icon-left doubleSliderPrevButton\"><\/i>\r\n                                    <i class = \"td-icon-right doubleSliderNextButton\"><\/i>\r\n                                <\/div>\r\n                            <\/div>\r\n                        <\/div>\r\n\r\n                        <div class = \"td-doubleSlider-1 \">\r\n                            <div class = \"td-slider\">\r\n                                \r\n                    <div class = \"td-slide-item td-item1\">\r\n                        <figure class=\"td-slide-galery-figure td-slide-popup-gallery\">\r\n                            <a class=\"slide-gallery-image-link\" href=\"\/wp-content\/uploads\/sites\/5\/2022\/05\/Conozca-los-si\u0301ntomas-de-la-hepatitis-aguda-que-afecta-a-la-nin\u0303ez-Mayo-2022-1.jpg\" title=\"Conozca los si\u0301ntomas de la hepatitis aguda que afecta a la nin\u0303ez Mayo 2022-1\"  data-caption=\"\"  data-description=\"\">\r\n                                <img decoding=\"async\" src=\"\/wp-content\/uploads\/sites\/5\/2022\/05\/Conozca-los-si\u0301ntomas-de-la-hepatitis-aguda-que-afecta-a-la-nin\u0303ez-Mayo-2022-1-630x420.jpg\" srcset=\"\/wp-content\/uploads\/sites\/5\/2022\/05\/Conozca-los-si\u0301ntomas-de-la-hepatitis-aguda-que-afecta-a-la-nin\u0303ez-Mayo-2022-1-630x420.jpg 630w, \/wp-content\/uploads\/sites\/5\/2022\/05\/Conozca-los-si\u0301ntomas-de-la-hepatitis-aguda-que-afecta-a-la-nin\u0303ez-Mayo-2022-1-300x200.jpg 300w, \/wp-content\/uploads\/sites\/5\/2022\/05\/Conozca-los-si\u0301ntomas-de-la-hepatitis-aguda-que-afecta-a-la-nin\u0303ez-Mayo-2022-1-768x512.jpg 768w, \/wp-content\/uploads\/sites\/5\/2022\/05\/Conozca-los-si\u0301ntomas-de-la-hepatitis-aguda-que-afecta-a-la-nin\u0303ez-Mayo-2022-1-1024x682.jpg 1024w, \/wp-content\/uploads\/sites\/5\/2022\/05\/Conozca-los-si\u0301ntomas-de-la-hepatitis-aguda-que-afecta-a-la-nin\u0303ez-Mayo-2022-1-696x464.jpg 696w, \/wp-content\/uploads\/sites\/5\/2022\/05\/Conozca-los-si\u0301ntomas-de-la-hepatitis-aguda-que-afecta-a-la-nin\u0303ez-Mayo-2022-1-1068x712.jpg 1068w, \/wp-content\/uploads\/sites\/5\/2022\/05\/Conozca-los-si\u0301ntomas-de-la-hepatitis-aguda-que-afecta-a-la-nin\u0303ez-Mayo-2022-1-534x356.jpg 534w, \/wp-content\/uploads\/sites\/5\/2022\/05\/Conozca-los-si\u0301ntomas-de-la-hepatitis-aguda-que-afecta-a-la-nin\u0303ez-Mayo-2022-1.jpg 1280w\" sizes=\"(max-width: 630px) 100vw, 630px\" alt=\"\">\r\n                            <\/a>\r\n                            \r\n                        <\/figure>\r\n                    <\/div>\r\n                    <div class = \"td-slide-item td-item2\">\r\n                        <figure class=\"td-slide-galery-figure td-slide-popup-gallery\">\r\n                            <a class=\"slide-gallery-image-link\" href=\"\/wp-content\/uploads\/sites\/5\/2022\/05\/Conozca-los-si\u0301ntomas-de-la-hepatitis-aguda-que-afecta-a-la-nin\u0303ez-Mayo-2022-6.jpg\" title=\"Conozca los si\u0301ntomas de la hepatitis aguda que afecta a la nin\u0303ez Mayo 2022-6\"  data-caption=\"\"  data-description=\"\">\r\n                                <img decoding=\"async\" src=\"\/wp-content\/uploads\/sites\/5\/2022\/05\/Conozca-los-si\u0301ntomas-de-la-hepatitis-aguda-que-afecta-a-la-nin\u0303ez-Mayo-2022-6-481x420.jpg\" srcset=\"\/wp-content\/uploads\/sites\/5\/2022\/05\/Conozca-los-si\u0301ntomas-de-la-hepatitis-aguda-que-afecta-a-la-nin\u0303ez-Mayo-2022-6-481x420.jpg 481w, \/wp-content\/uploads\/sites\/5\/2022\/05\/Conozca-los-si\u0301ntomas-de-la-hepatitis-aguda-que-afecta-a-la-nin\u0303ez-Mayo-2022-6-300x262.jpg 300w, \/wp-content\/uploads\/sites\/5\/2022\/05\/Conozca-los-si\u0301ntomas-de-la-hepatitis-aguda-que-afecta-a-la-nin\u0303ez-Mayo-2022-6-768x671.jpg 768w, \/wp-content\/uploads\/sites\/5\/2022\/05\/Conozca-los-si\u0301ntomas-de-la-hepatitis-aguda-que-afecta-a-la-nin\u0303ez-Mayo-2022-6-696x608.jpg 696w, \/wp-content\/uploads\/sites\/5\/2022\/05\/Conozca-los-si\u0301ntomas-de-la-hepatitis-aguda-que-afecta-a-la-nin\u0303ez-Mayo-2022-6-529x462.jpg 529w, \/wp-content\/uploads\/sites\/5\/2022\/05\/Conozca-los-si\u0301ntomas-de-la-hepatitis-aguda-que-afecta-a-la-nin\u0303ez-Mayo-2022-6.jpg 953w\" sizes=\"(max-width: 481px) 100vw, 481px\" alt=\"\">\r\n                            <\/a>\r\n                            \r\n                        <\/figure>\r\n                    <\/div>\r\n                    <div class = \"td-slide-item td-item3\">\r\n                        <figure class=\"td-slide-galery-figure td-slide-popup-gallery\">\r\n                            <a class=\"slide-gallery-image-link\" href=\"\/wp-content\/uploads\/sites\/5\/2022\/05\/Conozca-los-si\u0301ntomas-de-la-hepatitis-aguda-que-afecta-a-la-nin\u0303ez-Mayo-2022-5.jpg\" title=\"Conozca los si\u0301ntomas de la hepatitis aguda que afecta a la nin\u0303ez Mayo 2022-5\"  data-caption=\"\"  data-description=\"\">\r\n                                <img decoding=\"async\" src=\"\/wp-content\/uploads\/sites\/5\/2022\/05\/Conozca-los-si\u0301ntomas-de-la-hepatitis-aguda-que-afecta-a-la-nin\u0303ez-Mayo-2022-5-630x420.jpg\" srcset=\"\/wp-content\/uploads\/sites\/5\/2022\/05\/Conozca-los-si\u0301ntomas-de-la-hepatitis-aguda-que-afecta-a-la-nin\u0303ez-Mayo-2022-5-630x420.jpg 630w, \/wp-content\/uploads\/sites\/5\/2022\/05\/Conozca-los-si\u0301ntomas-de-la-hepatitis-aguda-que-afecta-a-la-nin\u0303ez-Mayo-2022-5-300x200.jpg 300w, \/wp-content\/uploads\/sites\/5\/2022\/05\/Conozca-los-si\u0301ntomas-de-la-hepatitis-aguda-que-afecta-a-la-nin\u0303ez-Mayo-2022-5-768x512.jpg 768w, \/wp-content\/uploads\/sites\/5\/2022\/05\/Conozca-los-si\u0301ntomas-de-la-hepatitis-aguda-que-afecta-a-la-nin\u0303ez-Mayo-2022-5-1024x682.jpg 1024w, \/wp-content\/uploads\/sites\/5\/2022\/05\/Conozca-los-si\u0301ntomas-de-la-hepatitis-aguda-que-afecta-a-la-nin\u0303ez-Mayo-2022-5-696x464.jpg 696w, \/wp-content\/uploads\/sites\/5\/2022\/05\/Conozca-los-si\u0301ntomas-de-la-hepatitis-aguda-que-afecta-a-la-nin\u0303ez-Mayo-2022-5-1068x712.jpg 1068w, \/wp-content\/uploads\/sites\/5\/2022\/05\/Conozca-los-si\u0301ntomas-de-la-hepatitis-aguda-que-afecta-a-la-nin\u0303ez-Mayo-2022-5-534x356.jpg 534w, \/wp-content\/uploads\/sites\/5\/2022\/05\/Conozca-los-si\u0301ntomas-de-la-hepatitis-aguda-que-afecta-a-la-nin\u0303ez-Mayo-2022-5.jpg 1280w\" sizes=\"(max-width: 630px) 100vw, 630px\" alt=\"\">\r\n                            <\/a>\r\n                            \r\n                        <\/figure>\r\n                    <\/div>\r\n                    <div class = \"td-slide-item td-item4\">\r\n                        <figure class=\"td-slide-galery-figure td-slide-popup-gallery\">\r\n                            <a class=\"slide-gallery-image-link\" href=\"\/wp-content\/uploads\/sites\/5\/2022\/05\/Conozca-los-si\u0301ntomas-de-la-hepatitis-aguda-que-afecta-a-la-nin\u0303ez-Mayo-2022-9.jpg\" title=\"Conozca los si\u0301ntomas de la hepatitis aguda que afecta a la nin\u0303ez Mayo 2022-9\"  data-caption=\"\"  data-description=\"\">\r\n                                <img decoding=\"async\" src=\"\/wp-content\/uploads\/sites\/5\/2022\/05\/Conozca-los-si\u0301ntomas-de-la-hepatitis-aguda-que-afecta-a-la-nin\u0303ez-Mayo-2022-9-533x420.jpg\" srcset=\"\/wp-content\/uploads\/sites\/5\/2022\/05\/Conozca-los-si\u0301ntomas-de-la-hepatitis-aguda-que-afecta-a-la-nin\u0303ez-Mayo-2022-9-533x420.jpg 533w, \/wp-content\/uploads\/sites\/5\/2022\/05\/Conozca-los-si\u0301ntomas-de-la-hepatitis-aguda-que-afecta-a-la-nin\u0303ez-Mayo-2022-9-300x237.jpg 300w, \/wp-content\/uploads\/sites\/5\/2022\/05\/Conozca-los-si\u0301ntomas-de-la-hepatitis-aguda-que-afecta-a-la-nin\u0303ez-Mayo-2022-9-768x606.jpg 768w, \/wp-content\/uploads\/sites\/5\/2022\/05\/Conozca-los-si\u0301ntomas-de-la-hepatitis-aguda-que-afecta-a-la-nin\u0303ez-Mayo-2022-9-696x549.jpg 696w, \/wp-content\/uploads\/sites\/5\/2022\/05\/Conozca-los-si\u0301ntomas-de-la-hepatitis-aguda-que-afecta-a-la-nin\u0303ez-Mayo-2022-9-534x421.jpg 534w, \/wp-content\/uploads\/sites\/5\/2022\/05\/Conozca-los-si\u0301ntomas-de-la-hepatitis-aguda-que-afecta-a-la-nin\u0303ez-Mayo-2022-9.jpg 1008w\" sizes=\"(max-width: 533px) 100vw, 533px\" alt=\"\">\r\n                            <\/a>\r\n                            \r\n                        <\/figure>\r\n                    <\/div>\r\n                    <div class = \"td-slide-item td-item5\">\r\n                        <figure class=\"td-slide-galery-figure td-slide-popup-gallery\">\r\n                            <a class=\"slide-gallery-image-link\" href=\"\/wp-content\/uploads\/sites\/5\/2022\/05\/Conozca-los-si\u0301ntomas-de-la-hepatitis-aguda-que-afecta-a-la-nin\u0303ez-Mayo-2022-4.jpg\" title=\"Conozca los si\u0301ntomas de la hepatitis aguda que afecta a la nin\u0303ez Mayo 2022-4\"  data-caption=\"\"  data-description=\"\">\r\n                                <img decoding=\"async\" src=\"\/wp-content\/uploads\/sites\/5\/2022\/05\/Conozca-los-si\u0301ntomas-de-la-hepatitis-aguda-que-afecta-a-la-nin\u0303ez-Mayo-2022-4-630x420.jpg\" srcset=\"\/wp-content\/uploads\/sites\/5\/2022\/05\/Conozca-los-si\u0301ntomas-de-la-hepatitis-aguda-que-afecta-a-la-nin\u0303ez-Mayo-2022-4-630x420.jpg 630w, \/wp-content\/uploads\/sites\/5\/2022\/05\/Conozca-los-si\u0301ntomas-de-la-hepatitis-aguda-que-afecta-a-la-nin\u0303ez-Mayo-2022-4-300x200.jpg 300w, \/wp-content\/uploads\/sites\/5\/2022\/05\/Conozca-los-si\u0301ntomas-de-la-hepatitis-aguda-que-afecta-a-la-nin\u0303ez-Mayo-2022-4-768x512.jpg 768w, \/wp-content\/uploads\/sites\/5\/2022\/05\/Conozca-los-si\u0301ntomas-de-la-hepatitis-aguda-que-afecta-a-la-nin\u0303ez-Mayo-2022-4-1024x682.jpg 1024w, \/wp-content\/uploads\/sites\/5\/2022\/05\/Conozca-los-si\u0301ntomas-de-la-hepatitis-aguda-que-afecta-a-la-nin\u0303ez-Mayo-2022-4-696x464.jpg 696w, \/wp-content\/uploads\/sites\/5\/2022\/05\/Conozca-los-si\u0301ntomas-de-la-hepatitis-aguda-que-afecta-a-la-nin\u0303ez-Mayo-2022-4-1068x712.jpg 1068w, \/wp-content\/uploads\/sites\/5\/2022\/05\/Conozca-los-si\u0301ntomas-de-la-hepatitis-aguda-que-afecta-a-la-nin\u0303ez-Mayo-2022-4-534x356.jpg 534w, \/wp-content\/uploads\/sites\/5\/2022\/05\/Conozca-los-si\u0301ntomas-de-la-hepatitis-aguda-que-afecta-a-la-nin\u0303ez-Mayo-2022-4.jpg 1280w\" sizes=\"(max-width: 630px) 100vw, 630px\" alt=\"\">\r\n                            <\/a>\r\n                            \r\n                        <\/figure>\r\n                    <\/div>\r\n                    <div class = \"td-slide-item td-item6\">\r\n                        <figure class=\"td-slide-galery-figure td-slide-popup-gallery\">\r\n                            <a class=\"slide-gallery-image-link\" href=\"\/wp-content\/uploads\/sites\/5\/2022\/05\/Conozca-los-si\u0301ntomas-de-la-hepatitis-aguda-que-afecta-a-la-nin\u0303ez-Mayo-2022-8.jpg\" title=\"Conozca los si\u0301ntomas de la hepatitis aguda que afecta a la nin\u0303ez Mayo 2022-8\"  data-caption=\"\"  data-description=\"\">\r\n                                <img decoding=\"async\" src=\"\/wp-content\/uploads\/sites\/5\/2022\/05\/Conozca-los-si\u0301ntomas-de-la-hepatitis-aguda-que-afecta-a-la-nin\u0303ez-Mayo-2022-8-395x420.jpg\" srcset=\"\/wp-content\/uploads\/sites\/5\/2022\/05\/Conozca-los-si\u0301ntomas-de-la-hepatitis-aguda-que-afecta-a-la-nin\u0303ez-Mayo-2022-8-395x420.jpg 395w, \/wp-content\/uploads\/sites\/5\/2022\/05\/Conozca-los-si\u0301ntomas-de-la-hepatitis-aguda-que-afecta-a-la-nin\u0303ez-Mayo-2022-8-282x300.jpg 282w, \/wp-content\/uploads\/sites\/5\/2022\/05\/Conozca-los-si\u0301ntomas-de-la-hepatitis-aguda-que-afecta-a-la-nin\u0303ez-Mayo-2022-8-768x817.jpg 768w, \/wp-content\/uploads\/sites\/5\/2022\/05\/Conozca-los-si\u0301ntomas-de-la-hepatitis-aguda-que-afecta-a-la-nin\u0303ez-Mayo-2022-8-962x1024.jpg 962w, \/wp-content\/uploads\/sites\/5\/2022\/05\/Conozca-los-si\u0301ntomas-de-la-hepatitis-aguda-que-afecta-a-la-nin\u0303ez-Mayo-2022-8-696x741.jpg 696w, \/wp-content\/uploads\/sites\/5\/2022\/05\/Conozca-los-si\u0301ntomas-de-la-hepatitis-aguda-que-afecta-a-la-nin\u0303ez-Mayo-2022-8-1068x1136.jpg 1068w, \/wp-content\/uploads\/sites\/5\/2022\/05\/Conozca-los-si\u0301ntomas-de-la-hepatitis-aguda-que-afecta-a-la-nin\u0303ez-Mayo-2022-8-434x462.jpg 434w, \/wp-content\/uploads\/sites\/5\/2022\/05\/Conozca-los-si\u0301ntomas-de-la-hepatitis-aguda-que-afecta-a-la-nin\u0303ez-Mayo-2022-8.jpg 1203w\" sizes=\"(max-width: 395px) 100vw, 395px\" alt=\"\">\r\n                            <\/a>\r\n                            \r\n                        <\/figure>\r\n                    <\/div>\r\n                            <\/div>\r\n                        <\/div>\r\n\r\n                        <div class = \"td-doubleSlider-2\">\r\n                            <div class = \"td-slider\">\r\n                                \r\n                    <div class = \"td-button td-item1\">\r\n                        <div class = \"td-border\"><\/div>\r\n                    <\/div>\r\n                    <div class = \"td-button td-item2\">\r\n                        <div class = \"td-border\"><\/div>\r\n                    <\/div>\r\n                    <div class = \"td-button td-item3\">\r\n                        <div class = \"td-border\"><\/div>\r\n                    <\/div>\r\n                    <div class = \"td-button td-item4\">\r\n                        <div class = \"td-border\"><\/div>\r\n                    <\/div>\r\n                    <div class = \"td-button td-item5\">\r\n                        <div class = \"td-border\"><\/div>\r\n                    <\/div>\r\n                    <div class = \"td-button td-item6\">\r\n                        <div class = \"td-border\"><\/div>\r\n                    <\/div>\r\n                            <\/div>\r\n                        <\/div>\r\n\r\n                    <\/div>\r\n\r\n                <\/div>\r\n                \n","protected":false},"excerpt":{"rendered":"<p>Aunque las autoridades del Ministerio de Salud P\u00fablica y Asistencia Social (MSPAS) informaron el 13 de mayo que en el pa\u00eds no se registra un caso de hepatitis aguda grave en ni\u00f1os, el IGSS, atendiendo a su Pol\u00edtica Preventiva, hizo el llamado a la poblaci\u00f3n beneficiaria para estar atenta con respecto a los s\u00edntomas de [&hellip;]<\/p>\n","protected":false},"author":1961,"featured_media":27468,"comment_status":"closed","ping_status":"closed","sticky":false,"template":"","format":"standard","meta":{"footnotes":""},"categories":[3],"tags":[470,837],"coauthors":[1448],"class_list":{"0":"post-27459","1":"post","2":"type-post","3":"status-publish","4":"format-standard","5":"has-post-thumbnail","7":"category-actualidad","8":"tag-hepatitis","9":"tag-unidad-periferica-zona-5"},"_links":{"self":[{"href":"https:\/\/www.igssgt.org\/noticias\/wp-json\/wp\/v2\/posts\/27459","targetHints":{"allow":["GET"]}}],"collection":[{"href":"https:\/\/www.igssgt.org\/noticias\/wp-json\/wp\/v2\/posts"}],"about":[{"href":"https:\/\/www.igssgt.org\/noticias\/wp-json\/wp\/v2\/types\/post"}],"author":[{"embeddable":true,"href":"https:\/\/www.igssgt.org\/noticias\/wp-json\/wp\/v2\/users\/1961"}],"replies":[{"embeddable":true,"href":"https:\/\/www.igssgt.org\/noticias\/wp-json\/wp\/v2\/comments?post=27459"}],"version-history":[{"count":26,"href":"https:\/\/www.igssgt.org\/noticias\/wp-json\/wp\/v2\/posts\/27459\/revisions"}],"predecessor-version":[{"id":27503,"href":"https:\/\/www.igssgt.org\/noticias\/wp-json\/wp\/v2\/posts\/27459\/revisions\/27503"}],"wp:featuredmedia":[{"embeddable":true,"href":"https:\/\/www.igssgt.org\/noticias\/wp-json\/wp\/v2\/media\/27468"}],"wp:attachment":[{"href":"https:\/\/www.igssgt.org\/noticias\/wp-json\/wp\/v2\/media?parent=27459"}],"wp:term":[{"taxonomy":"category","embeddable":true,"href":"https:\/\/www.igssgt.org\/noticias\/wp-json\/wp\/v2\/categories?post=27459"},{"taxonomy":"post_tag","embeddable":true,"href":"https:\/\/www.igssgt.org\/noticias\/wp-json\/wp\/v2\/tags?post=27459"},{"taxonomy":"author","embeddable":true,"href":"https:\/\/www.igssgt.org\/noticias\/wp-json\/wp\/v2\/coauthors?post=27459"}],"curies":[{"name":"wp","href":"https:\/\/api.w.org\/{rel}","templated":true}]}}