{"id":27504,"date":"2022-05-19T14:08:03","date_gmt":"2022-05-19T20:08:03","guid":{"rendered":"https:\/\/www.igssgt.org\/noticias\/?p=27504"},"modified":"2022-05-19T14:42:49","modified_gmt":"2022-05-19T20:42:49","slug":"brigadas-de-vacunacion-aplican-mas-17-mil-dosis","status":"publish","type":"post","link":"https:\/\/www.igssgt.org\/noticias\/2022\/05\/19\/brigadas-de-vacunacion-aplican-mas-17-mil-dosis\/","title":{"rendered":"CAMIP 2 Barranquilla aplica m\u00e1s de 17 mil dosis en brigadas de vacunaci\u00f3n contra el COVID-19"},"content":{"rendered":"\n<p class=\"has-drop-cap\">El proceso de inmunizaci\u00f3n contra el COVID-19 contin\u00faa avanzando, las brigadas de vacunaci\u00f3n de CAMIP 2 Barranquilla aplican los biol\u00f3gicos con esquema primario, refuerzo y cuarta dosis de AstraZeneca, Moderna y Pfizer.<\/p>\n\n\n\n<p>El encargado el despacho de la Direcci\u00f3n M\u00e9dica IGSS-CAMIP2 Barranquilla, doctor Milton Tunay, detall\u00f3 que en el primer trimestre del a\u00f1o se han aplicado 17 mil 880 dosis a afiliados y no afiliados al Seguro Social que solicitaron su esquema primario y refuerzo.<\/p>\n<p><a href=\"https:\/\/www.igssgt.org\/noticias\/2022\/05\/19\/brigadas-de-vacunacion-aplican-mas-17-mil-dosis\/brigadas-de-vacunacion-mayo-2022-21\/\" rel=\"attachment wp-att-27526\"><img loading=\"lazy\" decoding=\"async\" class=\"alignnone size-full wp-image-27526\" src=\"\/wp-content\/uploads\/sites\/5\/2022\/05\/Brigadas-de-vacunacion-Mayo-2022-21.jpg\" alt=\"\" width=\"1600\" height=\"1200\" srcset=\"\/wp-content\/uploads\/sites\/5\/2022\/05\/Brigadas-de-vacunacion-Mayo-2022-21.jpg 1600w, \/wp-content\/uploads\/sites\/5\/2022\/05\/Brigadas-de-vacunacion-Mayo-2022-21-300x225.jpg 300w, \/wp-content\/uploads\/sites\/5\/2022\/05\/Brigadas-de-vacunacion-Mayo-2022-21-768x576.jpg 768w, \/wp-content\/uploads\/sites\/5\/2022\/05\/Brigadas-de-vacunacion-Mayo-2022-21-1024x768.jpg 1024w, \/wp-content\/uploads\/sites\/5\/2022\/05\/Brigadas-de-vacunacion-Mayo-2022-21-1536x1152.jpg 1536w, \/wp-content\/uploads\/sites\/5\/2022\/05\/Brigadas-de-vacunacion-Mayo-2022-21-560x420.jpg 560w, \/wp-content\/uploads\/sites\/5\/2022\/05\/Brigadas-de-vacunacion-Mayo-2022-21-80x60.jpg 80w, \/wp-content\/uploads\/sites\/5\/2022\/05\/Brigadas-de-vacunacion-Mayo-2022-21-696x522.jpg 696w, \/wp-content\/uploads\/sites\/5\/2022\/05\/Brigadas-de-vacunacion-Mayo-2022-21-1068x801.jpg 1068w, \/wp-content\/uploads\/sites\/5\/2022\/05\/Brigadas-de-vacunacion-Mayo-2022-21-265x198.jpg 265w, \/wp-content\/uploads\/sites\/5\/2022\/05\/Brigadas-de-vacunacion-Mayo-2022-21-534x401.jpg 534w\" sizes=\"auto, (max-width: 1600px) 100vw, 1600px\" \/><\/a><\/p>\n<p>El galeno inform\u00f3&nbsp; que en este per\u00edodo se han administrado 11 mil 130 dosis de AstraZeneca, 3 mil 59 dosis de Moderna y 3 mil 691 vacunas de Pfizer, utilizadas para reforzar el sistema inmunol\u00f3gico de adolescentes y trabajadores, quienes est\u00e1n siendo vacunados en sus centros laborales.<\/p>\n<blockquote>\n<p>Agradecemos a los colaborares del Instituto Guatemalteco de Seguridad Social que hicieron esta visita a nuestros centros de trabajo.<\/p>\n<\/blockquote>\n<p>\u201cM\u00e1s de 100 empresas e industria, 15 colonias y residenciales, 35 mercados cantonales, distritales y satelitales est\u00e1n siendo visitados como parte de la estrategia para cercar la pandemia de SARS-CoV-2\u201d, dijo el doctor Tunay.<\/p>\n<p><a href=\"https:\/\/www.igssgt.org\/noticias\/?attachment_id=27528\" rel=\"attachment wp-att-27516\"><img loading=\"lazy\" decoding=\"async\" class=\"alignnone wp-image-27528 size-full\" src=\"\/wp-content\/uploads\/sites\/5\/2022\/05\/Brigadas-de-vacunacion-Mayo-2022-23.jpg\" alt=\"\" width=\"1600\" height=\"1200\" srcset=\"\/wp-content\/uploads\/sites\/5\/2022\/05\/Brigadas-de-vacunacion-Mayo-2022-23.jpg 1600w, \/wp-content\/uploads\/sites\/5\/2022\/05\/Brigadas-de-vacunacion-Mayo-2022-23-300x225.jpg 300w, \/wp-content\/uploads\/sites\/5\/2022\/05\/Brigadas-de-vacunacion-Mayo-2022-23-768x576.jpg 768w, \/wp-content\/uploads\/sites\/5\/2022\/05\/Brigadas-de-vacunacion-Mayo-2022-23-1024x768.jpg 1024w, \/wp-content\/uploads\/sites\/5\/2022\/05\/Brigadas-de-vacunacion-Mayo-2022-23-1536x1152.jpg 1536w, \/wp-content\/uploads\/sites\/5\/2022\/05\/Brigadas-de-vacunacion-Mayo-2022-23-560x420.jpg 560w, \/wp-content\/uploads\/sites\/5\/2022\/05\/Brigadas-de-vacunacion-Mayo-2022-23-80x60.jpg 80w, \/wp-content\/uploads\/sites\/5\/2022\/05\/Brigadas-de-vacunacion-Mayo-2022-23-696x522.jpg 696w, \/wp-content\/uploads\/sites\/5\/2022\/05\/Brigadas-de-vacunacion-Mayo-2022-23-1068x801.jpg 1068w, \/wp-content\/uploads\/sites\/5\/2022\/05\/Brigadas-de-vacunacion-Mayo-2022-23-265x198.jpg 265w, \/wp-content\/uploads\/sites\/5\/2022\/05\/Brigadas-de-vacunacion-Mayo-2022-23-534x401.jpg 534w\" sizes=\"auto, (max-width: 1600px) 100vw, 1600px\" \/><\/a><\/p>\n<p>Las empresas que a\u00fan tengan colaboradores no vacunados o que no se hayan aplicado la dosis de refuerzo pueden escribir al correo brigadas.vacunas@igssgt.org o comunicarse a trav\u00e9s del WhatsApp 5221-4477.<\/p>\n<h3><strong>Agradecidos<\/strong><\/h3>\n<p>\u201cAgradecemos a los colaborares del Instituto Guatemalteco de Seguridad Social que hicieron esta visita a nuestros centros de trabajo para administrarnos las vacunas que ten\u00edamos pendientes de recibir\u201d, manifest\u00f3 Carlos Hern\u00e1ndez, empleado una ferreter\u00eda ubicada en La Terminal de la zona 4.<\/p>\n<p>Clemencia P\u00e9rez, vendedora informal del mercado de la zona 1 de Villa Nueva, agradeci\u00f3 que le hayan aplicado la dosis de refuerzo vacunadores del&nbsp; CAMIP2, quienes recorrieron el \u00e1rea.<\/p>\n\n\n\n\r\n                <style type=\"text\/css\">\r\n                    \r\n                    #tdi_1  .td-doubleSlider-2 .td-item1 {\r\n                        background: url(\/wp-content\/uploads\/sites\/5\/2022\/05\/Brigadas-de-vacunacion-Mayo-2022-16-80x60.jpg) 0 0 no-repeat;\r\n                    }\r\n                    #tdi_1  .td-doubleSlider-2 .td-item2 {\r\n                        background: url(\/wp-content\/uploads\/sites\/5\/2022\/05\/Brigadas-de-vacunacion-Mayo-2022-20-80x60.jpg) 0 0 no-repeat;\r\n                    }\r\n                    #tdi_1  .td-doubleSlider-2 .td-item3 {\r\n                        background: url(\/wp-content\/uploads\/sites\/5\/2022\/05\/Brigadas-de-vacunacion-Mayo-2022-15-80x60.jpg) 0 0 no-repeat;\r\n                    }\r\n                    #tdi_1  .td-doubleSlider-2 .td-item4 {\r\n                        background: url(\/wp-content\/uploads\/sites\/5\/2022\/05\/Brigadas-de-vacunacion-Mayo-2022-18-80x60.jpg) 0 0 no-repeat;\r\n                    }\r\n                    #tdi_1  .td-doubleSlider-2 .td-item5 {\r\n                        background: url(\/wp-content\/uploads\/sites\/5\/2022\/05\/Brigadas-de-vacunacion-Mayo-2022-12-80x60.jpg) 0 0 no-repeat;\r\n                    }\r\n                    #tdi_1  .td-doubleSlider-2 .td-item6 {\r\n                        background: url(\/wp-content\/uploads\/sites\/5\/2022\/05\/Brigadas-de-vacunacion-Mayo-2022-24-80x60.jpg) 0 0 no-repeat;\r\n                    }\r\n                    #tdi_1  .td-doubleSlider-2 .td-item7 {\r\n                        background: url(\/wp-content\/uploads\/sites\/5\/2022\/05\/Brigadas-de-vacunacion-Mayo-2022-19-80x60.jpg) 0 0 no-repeat;\r\n                    }\r\n                    #tdi_1  .td-doubleSlider-2 .td-item8 {\r\n                        background: url(\/wp-content\/uploads\/sites\/5\/2022\/05\/Brigadas-de-vacunacion-Mayo-2022-17-80x60.jpg) 0 0 no-repeat;\r\n                    }\r\n                    #tdi_1  .td-doubleSlider-2 .td-item9 {\r\n                        background: url(\/wp-content\/uploads\/sites\/5\/2022\/05\/Brigadas-de-vacunacion-Mayo-2022-14-80x60.jpg) 0 0 no-repeat;\r\n                    }\r\n                    #tdi_1  .td-doubleSlider-2 .td-item10 {\r\n                        background: url(\/wp-content\/uploads\/sites\/5\/2022\/05\/Brigadas-de-vacunacion-Mayo-2022-22-80x60.jpg) 0 0 no-repeat;\r\n                    }\r\n                    #tdi_1  .td-doubleSlider-2 .td-item11 {\r\n                        background: url(\/wp-content\/uploads\/sites\/5\/2022\/05\/Brigadas-de-vacunacion-Mayo-2022-11-80x60.jpg) 0 0 no-repeat;\r\n                    }\r\n                    #tdi_1  .td-doubleSlider-2 .td-item12 {\r\n                        background: url(\/wp-content\/uploads\/sites\/5\/2022\/05\/Brigadas-de-vacunacion-Mayo-2022-10-80x60.jpg) 0 0 no-repeat;\r\n                    }\r\n                    #tdi_1  .td-doubleSlider-2 .td-item13 {\r\n                        background: url(\/wp-content\/uploads\/sites\/5\/2022\/05\/Brigadas-de-vacunacion-Mayo-2022-9-80x60.jpg) 0 0 no-repeat;\r\n                    }\r\n                    #tdi_1  .td-doubleSlider-2 .td-item14 {\r\n                        background: url(\/wp-content\/uploads\/sites\/5\/2022\/05\/Brigadas-de-vacunacion-Mayo-2022-8-80x60.jpg) 0 0 no-repeat;\r\n                    }\r\n                    #tdi_1  .td-doubleSlider-2 .td-item15 {\r\n                        background: url(\/wp-content\/uploads\/sites\/5\/2022\/05\/Brigadas-de-vacunacion-Mayo-2022-7-80x60.jpg) 0 0 no-repeat;\r\n                    }\r\n                    #tdi_1  .td-doubleSlider-2 .td-item16 {\r\n                        background: url(\/wp-content\/uploads\/sites\/5\/2022\/05\/Brigadas-de-vacunacion-Mayo-2022-6-80x60.jpg) 0 0 no-repeat;\r\n                    }\r\n                    #tdi_1  .td-doubleSlider-2 .td-item17 {\r\n                        background: url(\/wp-content\/uploads\/sites\/5\/2022\/05\/Brigadas-de-vacunacion-Mayo-2022-4-80x60.jpg) 0 0 no-repeat;\r\n                    }\r\n                    #tdi_1  .td-doubleSlider-2 .td-item18 {\r\n                        background: url(\/wp-content\/uploads\/sites\/5\/2022\/05\/Brigadas-de-vacunacion-Mayo-2022-5-80x60.jpg) 0 0 no-repeat;\r\n                    }\r\n                    #tdi_1  .td-doubleSlider-2 .td-item19 {\r\n                        background: url(\/wp-content\/uploads\/sites\/5\/2022\/05\/Brigadas-de-vacunacion-Mayo-2022-3-80x60.jpg) 0 0 no-repeat;\r\n                    }\r\n                    #tdi_1  .td-doubleSlider-2 .td-item20 {\r\n                        background: url(\/wp-content\/uploads\/sites\/5\/2022\/05\/Brigadas-de-vacunacion-Mayo-2022-2-80x60.jpg) 0 0 no-repeat;\r\n                    }\r\n                    #tdi_1  .td-doubleSlider-2 .td-item21 {\r\n                        background: url(\/wp-content\/uploads\/sites\/5\/2022\/05\/Brigadas-de-vacunacion-Mayo-2022-1-80x60.jpg) 0 0 no-repeat;\r\n                    }\r\n                <\/style>\r\n\r\n                <div id=\"tdi_1\" class=\"td-gallery td-slide-on-2-columns\">\r\n                    <div class=\"post_td_gallery\">\r\n                        <div class=\"td-gallery-slide-top\">\r\n                           <div class=\"td-gallery-title\"><\/div>\r\n\r\n                            <div class=\"td-gallery-controls-wrapper\">\r\n                                <div class=\"td-gallery-slide-count\"><span class=\"td-gallery-slide-item-focus\">1<\/span> de 21<\/div>\r\n                                <div class=\"td-gallery-slide-prev-next-but\">\r\n                                    <i class = \"td-icon-left doubleSliderPrevButton\"><\/i>\r\n                                    <i class = \"td-icon-right doubleSliderNextButton\"><\/i>\r\n                                <\/div>\r\n                            <\/div>\r\n                        <\/div>\r\n\r\n                        <div class = \"td-doubleSlider-1 \">\r\n                            <div class = \"td-slider\">\r\n                                \r\n                    <div class = \"td-slide-item td-item1\">\r\n                        <figure class=\"td-slide-galery-figure td-slide-popup-gallery\">\r\n                            <a class=\"slide-gallery-image-link\" href=\"\/wp-content\/uploads\/sites\/5\/2022\/05\/Brigadas-de-vacunacion-Mayo-2022-16.jpg\" title=\"Brigadas de vacunacion Mayo 2022-16\"  data-caption=\"\"  data-description=\"\">\r\n                                <img decoding=\"async\" src=\"\/wp-content\/uploads\/sites\/5\/2022\/05\/Brigadas-de-vacunacion-Mayo-2022-16-659x420.jpg\" srcset=\"\/wp-content\/uploads\/sites\/5\/2022\/05\/Brigadas-de-vacunacion-Mayo-2022-16-659x420.jpg 659w, \/wp-content\/uploads\/sites\/5\/2022\/05\/Brigadas-de-vacunacion-Mayo-2022-16-300x191.jpg 300w, \/wp-content\/uploads\/sites\/5\/2022\/05\/Brigadas-de-vacunacion-Mayo-2022-16-768x489.jpg 768w, \/wp-content\/uploads\/sites\/5\/2022\/05\/Brigadas-de-vacunacion-Mayo-2022-16-696x443.jpg 696w, \/wp-content\/uploads\/sites\/5\/2022\/05\/Brigadas-de-vacunacion-Mayo-2022-16-534x340.jpg 534w, \/wp-content\/uploads\/sites\/5\/2022\/05\/Brigadas-de-vacunacion-Mayo-2022-16.jpg 821w\" sizes=\"(max-width: 659px) 100vw, 659px\" alt=\"\">\r\n                            <\/a>\r\n                            \r\n                        <\/figure>\r\n                    <\/div>\r\n                    <div class = \"td-slide-item td-item2\">\r\n                        <figure class=\"td-slide-galery-figure td-slide-popup-gallery\">\r\n                            <a class=\"slide-gallery-image-link\" href=\"\/wp-content\/uploads\/sites\/5\/2022\/05\/Brigadas-de-vacunacion-Mayo-2022-20.jpg\" title=\"Brigadas de vacunacion Mayo 2022-20\"  data-caption=\"\"  data-description=\"\">\r\n                                <img decoding=\"async\" src=\"\/wp-content\/uploads\/sites\/5\/2022\/05\/Brigadas-de-vacunacion-Mayo-2022-20-560x420.jpg\" srcset=\"\/wp-content\/uploads\/sites\/5\/2022\/05\/Brigadas-de-vacunacion-Mayo-2022-20-560x420.jpg 560w, \/wp-content\/uploads\/sites\/5\/2022\/05\/Brigadas-de-vacunacion-Mayo-2022-20-300x225.jpg 300w, \/wp-content\/uploads\/sites\/5\/2022\/05\/Brigadas-de-vacunacion-Mayo-2022-20-768x576.jpg 768w, \/wp-content\/uploads\/sites\/5\/2022\/05\/Brigadas-de-vacunacion-Mayo-2022-20-1024x768.jpg 1024w, \/wp-content\/uploads\/sites\/5\/2022\/05\/Brigadas-de-vacunacion-Mayo-2022-20-1536x1152.jpg 1536w, \/wp-content\/uploads\/sites\/5\/2022\/05\/Brigadas-de-vacunacion-Mayo-2022-20-80x60.jpg 80w, \/wp-content\/uploads\/sites\/5\/2022\/05\/Brigadas-de-vacunacion-Mayo-2022-20-696x522.jpg 696w, \/wp-content\/uploads\/sites\/5\/2022\/05\/Brigadas-de-vacunacion-Mayo-2022-20-1068x801.jpg 1068w, \/wp-content\/uploads\/sites\/5\/2022\/05\/Brigadas-de-vacunacion-Mayo-2022-20-265x198.jpg 265w, \/wp-content\/uploads\/sites\/5\/2022\/05\/Brigadas-de-vacunacion-Mayo-2022-20-534x401.jpg 534w, \/wp-content\/uploads\/sites\/5\/2022\/05\/Brigadas-de-vacunacion-Mayo-2022-20.jpg 1600w\" sizes=\"(max-width: 560px) 100vw, 560px\" alt=\"\">\r\n                            <\/a>\r\n                            \r\n                        <\/figure>\r\n                    <\/div>\r\n                    <div class = \"td-slide-item td-item3\">\r\n                        <figure class=\"td-slide-galery-figure td-slide-popup-gallery\">\r\n                            <a class=\"slide-gallery-image-link\" href=\"\/wp-content\/uploads\/sites\/5\/2022\/05\/Brigadas-de-vacunacion-Mayo-2022-15.jpg\" title=\"Brigadas de vacunacion Mayo 2022-15\"  data-caption=\"\"  data-description=\"\">\r\n                                <img decoding=\"async\" src=\"\/wp-content\/uploads\/sites\/5\/2022\/05\/Brigadas-de-vacunacion-Mayo-2022-15-560x420.jpg\" srcset=\"\/wp-content\/uploads\/sites\/5\/2022\/05\/Brigadas-de-vacunacion-Mayo-2022-15-560x420.jpg 560w, \/wp-content\/uploads\/sites\/5\/2022\/05\/Brigadas-de-vacunacion-Mayo-2022-15-300x225.jpg 300w, \/wp-content\/uploads\/sites\/5\/2022\/05\/Brigadas-de-vacunacion-Mayo-2022-15-768x576.jpg 768w, \/wp-content\/uploads\/sites\/5\/2022\/05\/Brigadas-de-vacunacion-Mayo-2022-15-1024x768.jpg 1024w, \/wp-content\/uploads\/sites\/5\/2022\/05\/Brigadas-de-vacunacion-Mayo-2022-15-80x60.jpg 80w, \/wp-content\/uploads\/sites\/5\/2022\/05\/Brigadas-de-vacunacion-Mayo-2022-15-696x522.jpg 696w, \/wp-content\/uploads\/sites\/5\/2022\/05\/Brigadas-de-vacunacion-Mayo-2022-15-1068x801.jpg 1068w, \/wp-content\/uploads\/sites\/5\/2022\/05\/Brigadas-de-vacunacion-Mayo-2022-15-265x198.jpg 265w, \/wp-content\/uploads\/sites\/5\/2022\/05\/Brigadas-de-vacunacion-Mayo-2022-15-534x401.jpg 534w, \/wp-content\/uploads\/sites\/5\/2022\/05\/Brigadas-de-vacunacion-Mayo-2022-15.jpg 1280w\" sizes=\"(max-width: 560px) 100vw, 560px\" alt=\"\">\r\n                            <\/a>\r\n                            \r\n                        <\/figure>\r\n                    <\/div>\r\n                    <div class = \"td-slide-item td-item4\">\r\n                        <figure class=\"td-slide-galery-figure td-slide-popup-gallery\">\r\n                            <a class=\"slide-gallery-image-link\" href=\"\/wp-content\/uploads\/sites\/5\/2022\/05\/Brigadas-de-vacunacion-Mayo-2022-18.jpg\" title=\"Brigadas de vacunacion Mayo 2022-18\"  data-caption=\"\"  data-description=\"\">\r\n                                <img decoding=\"async\" src=\"\/wp-content\/uploads\/sites\/5\/2022\/05\/Brigadas-de-vacunacion-Mayo-2022-18-560x420.jpg\" srcset=\"\/wp-content\/uploads\/sites\/5\/2022\/05\/Brigadas-de-vacunacion-Mayo-2022-18-560x420.jpg 560w, \/wp-content\/uploads\/sites\/5\/2022\/05\/Brigadas-de-vacunacion-Mayo-2022-18-300x225.jpg 300w, \/wp-content\/uploads\/sites\/5\/2022\/05\/Brigadas-de-vacunacion-Mayo-2022-18-768x576.jpg 768w, \/wp-content\/uploads\/sites\/5\/2022\/05\/Brigadas-de-vacunacion-Mayo-2022-18-80x60.jpg 80w, \/wp-content\/uploads\/sites\/5\/2022\/05\/Brigadas-de-vacunacion-Mayo-2022-18-696x522.jpg 696w, \/wp-content\/uploads\/sites\/5\/2022\/05\/Brigadas-de-vacunacion-Mayo-2022-18-265x198.jpg 265w, \/wp-content\/uploads\/sites\/5\/2022\/05\/Brigadas-de-vacunacion-Mayo-2022-18-534x401.jpg 534w, \/wp-content\/uploads\/sites\/5\/2022\/05\/Brigadas-de-vacunacion-Mayo-2022-18.jpg 1024w\" sizes=\"(max-width: 560px) 100vw, 560px\" alt=\"\">\r\n                            <\/a>\r\n                            \r\n                        <\/figure>\r\n                    <\/div>\r\n                    <div class = \"td-slide-item td-item5\">\r\n                        <figure class=\"td-slide-galery-figure td-slide-popup-gallery\">\r\n                            <a class=\"slide-gallery-image-link\" href=\"\/wp-content\/uploads\/sites\/5\/2022\/05\/Brigadas-de-vacunacion-Mayo-2022-12.jpg\" title=\"Brigadas de vacunacion Mayo 2022-12\"  data-caption=\"\"  data-description=\"\">\r\n                                <img decoding=\"async\" src=\"\/wp-content\/uploads\/sites\/5\/2022\/05\/Brigadas-de-vacunacion-Mayo-2022-12-560x420.jpg\" srcset=\"\/wp-content\/uploads\/sites\/5\/2022\/05\/Brigadas-de-vacunacion-Mayo-2022-12-560x420.jpg 560w, \/wp-content\/uploads\/sites\/5\/2022\/05\/Brigadas-de-vacunacion-Mayo-2022-12-300x225.jpg 300w, \/wp-content\/uploads\/sites\/5\/2022\/05\/Brigadas-de-vacunacion-Mayo-2022-12-768x576.jpg 768w, \/wp-content\/uploads\/sites\/5\/2022\/05\/Brigadas-de-vacunacion-Mayo-2022-12-1024x768.jpg 1024w, \/wp-content\/uploads\/sites\/5\/2022\/05\/Brigadas-de-vacunacion-Mayo-2022-12-1536x1152.jpg 1536w, \/wp-content\/uploads\/sites\/5\/2022\/05\/Brigadas-de-vacunacion-Mayo-2022-12-80x60.jpg 80w, \/wp-content\/uploads\/sites\/5\/2022\/05\/Brigadas-de-vacunacion-Mayo-2022-12-696x522.jpg 696w, \/wp-content\/uploads\/sites\/5\/2022\/05\/Brigadas-de-vacunacion-Mayo-2022-12-1068x801.jpg 1068w, \/wp-content\/uploads\/sites\/5\/2022\/05\/Brigadas-de-vacunacion-Mayo-2022-12-265x198.jpg 265w, \/wp-content\/uploads\/sites\/5\/2022\/05\/Brigadas-de-vacunacion-Mayo-2022-12-534x401.jpg 534w, \/wp-content\/uploads\/sites\/5\/2022\/05\/Brigadas-de-vacunacion-Mayo-2022-12.jpg 1600w\" sizes=\"(max-width: 560px) 100vw, 560px\" alt=\"\">\r\n                            <\/a>\r\n                            \r\n                        <\/figure>\r\n                    <\/div>\r\n                    <div class = \"td-slide-item td-item6\">\r\n                        <figure class=\"td-slide-galery-figure td-slide-popup-gallery\">\r\n                            <a class=\"slide-gallery-image-link\" href=\"\/wp-content\/uploads\/sites\/5\/2022\/05\/Brigadas-de-vacunacion-Mayo-2022-24.jpg\" title=\"Brigadas de vacunacion Mayo 2022-24\"  data-caption=\"\"  data-description=\"\">\r\n                                <img decoding=\"async\" src=\"\/wp-content\/uploads\/sites\/5\/2022\/05\/Brigadas-de-vacunacion-Mayo-2022-24-560x420.jpg\" srcset=\"\/wp-content\/uploads\/sites\/5\/2022\/05\/Brigadas-de-vacunacion-Mayo-2022-24-560x420.jpg 560w, \/wp-content\/uploads\/sites\/5\/2022\/05\/Brigadas-de-vacunacion-Mayo-2022-24-300x225.jpg 300w, \/wp-content\/uploads\/sites\/5\/2022\/05\/Brigadas-de-vacunacion-Mayo-2022-24-768x576.jpg 768w, \/wp-content\/uploads\/sites\/5\/2022\/05\/Brigadas-de-vacunacion-Mayo-2022-24-1024x768.jpg 1024w, \/wp-content\/uploads\/sites\/5\/2022\/05\/Brigadas-de-vacunacion-Mayo-2022-24-80x60.jpg 80w, \/wp-content\/uploads\/sites\/5\/2022\/05\/Brigadas-de-vacunacion-Mayo-2022-24-696x522.jpg 696w, \/wp-content\/uploads\/sites\/5\/2022\/05\/Brigadas-de-vacunacion-Mayo-2022-24-1068x801.jpg 1068w, \/wp-content\/uploads\/sites\/5\/2022\/05\/Brigadas-de-vacunacion-Mayo-2022-24-265x198.jpg 265w, \/wp-content\/uploads\/sites\/5\/2022\/05\/Brigadas-de-vacunacion-Mayo-2022-24-534x401.jpg 534w, \/wp-content\/uploads\/sites\/5\/2022\/05\/Brigadas-de-vacunacion-Mayo-2022-24.jpg 1280w\" sizes=\"(max-width: 560px) 100vw, 560px\" alt=\"\">\r\n                            <\/a>\r\n                            \r\n                        <\/figure>\r\n                    <\/div>\r\n                    <div class = \"td-slide-item td-item7\">\r\n                        <figure class=\"td-slide-galery-figure td-slide-popup-gallery\">\r\n                            <a class=\"slide-gallery-image-link\" href=\"\/wp-content\/uploads\/sites\/5\/2022\/05\/Brigadas-de-vacunacion-Mayo-2022-19.jpg\" title=\"Brigadas de vacunacion Mayo 2022-19\"  data-caption=\"\"  data-description=\"\">\r\n                                <img decoding=\"async\" src=\"\/wp-content\/uploads\/sites\/5\/2022\/05\/Brigadas-de-vacunacion-Mayo-2022-19-560x420.jpg\" srcset=\"\/wp-content\/uploads\/sites\/5\/2022\/05\/Brigadas-de-vacunacion-Mayo-2022-19-560x420.jpg 560w, \/wp-content\/uploads\/sites\/5\/2022\/05\/Brigadas-de-vacunacion-Mayo-2022-19-300x225.jpg 300w, \/wp-content\/uploads\/sites\/5\/2022\/05\/Brigadas-de-vacunacion-Mayo-2022-19-768x576.jpg 768w, \/wp-content\/uploads\/sites\/5\/2022\/05\/Brigadas-de-vacunacion-Mayo-2022-19-1024x768.jpg 1024w, \/wp-content\/uploads\/sites\/5\/2022\/05\/Brigadas-de-vacunacion-Mayo-2022-19-1536x1152.jpg 1536w, \/wp-content\/uploads\/sites\/5\/2022\/05\/Brigadas-de-vacunacion-Mayo-2022-19-80x60.jpg 80w, \/wp-content\/uploads\/sites\/5\/2022\/05\/Brigadas-de-vacunacion-Mayo-2022-19-696x522.jpg 696w, \/wp-content\/uploads\/sites\/5\/2022\/05\/Brigadas-de-vacunacion-Mayo-2022-19-1068x801.jpg 1068w, \/wp-content\/uploads\/sites\/5\/2022\/05\/Brigadas-de-vacunacion-Mayo-2022-19-265x198.jpg 265w, \/wp-content\/uploads\/sites\/5\/2022\/05\/Brigadas-de-vacunacion-Mayo-2022-19-534x401.jpg 534w, \/wp-content\/uploads\/sites\/5\/2022\/05\/Brigadas-de-vacunacion-Mayo-2022-19.jpg 1600w\" sizes=\"(max-width: 560px) 100vw, 560px\" alt=\"\">\r\n                            <\/a>\r\n                            \r\n                        <\/figure>\r\n                    <\/div>\r\n                    <div class = \"td-slide-item td-item8\">\r\n                        <figure class=\"td-slide-galery-figure td-slide-popup-gallery\">\r\n                            <a class=\"slide-gallery-image-link\" href=\"\/wp-content\/uploads\/sites\/5\/2022\/05\/Brigadas-de-vacunacion-Mayo-2022-17.jpg\" title=\"Brigadas de vacunacion Mayo 2022-17\"  data-caption=\"\"  data-description=\"\">\r\n                                <img decoding=\"async\" src=\"\/wp-content\/uploads\/sites\/5\/2022\/05\/Brigadas-de-vacunacion-Mayo-2022-17-560x420.jpg\" srcset=\"\/wp-content\/uploads\/sites\/5\/2022\/05\/Brigadas-de-vacunacion-Mayo-2022-17-560x420.jpg 560w, \/wp-content\/uploads\/sites\/5\/2022\/05\/Brigadas-de-vacunacion-Mayo-2022-17-300x225.jpg 300w, \/wp-content\/uploads\/sites\/5\/2022\/05\/Brigadas-de-vacunacion-Mayo-2022-17-768x576.jpg 768w, \/wp-content\/uploads\/sites\/5\/2022\/05\/Brigadas-de-vacunacion-Mayo-2022-17-80x60.jpg 80w, \/wp-content\/uploads\/sites\/5\/2022\/05\/Brigadas-de-vacunacion-Mayo-2022-17-696x522.jpg 696w, \/wp-content\/uploads\/sites\/5\/2022\/05\/Brigadas-de-vacunacion-Mayo-2022-17-265x198.jpg 265w, \/wp-content\/uploads\/sites\/5\/2022\/05\/Brigadas-de-vacunacion-Mayo-2022-17-534x401.jpg 534w, \/wp-content\/uploads\/sites\/5\/2022\/05\/Brigadas-de-vacunacion-Mayo-2022-17.jpg 1024w\" sizes=\"(max-width: 560px) 100vw, 560px\" alt=\"\">\r\n                            <\/a>\r\n                            \r\n                        <\/figure>\r\n                    <\/div>\r\n                    <div class = \"td-slide-item td-item9\">\r\n                        <figure class=\"td-slide-galery-figure td-slide-popup-gallery\">\r\n                            <a class=\"slide-gallery-image-link\" href=\"\/wp-content\/uploads\/sites\/5\/2022\/05\/Brigadas-de-vacunacion-Mayo-2022-14.jpg\" title=\"Brigadas de vacunacion Mayo 2022-14\"  data-caption=\"\"  data-description=\"\">\r\n                                <img decoding=\"async\" src=\"\/wp-content\/uploads\/sites\/5\/2022\/05\/Brigadas-de-vacunacion-Mayo-2022-14-560x420.jpg\" srcset=\"\/wp-content\/uploads\/sites\/5\/2022\/05\/Brigadas-de-vacunacion-Mayo-2022-14-560x420.jpg 560w, \/wp-content\/uploads\/sites\/5\/2022\/05\/Brigadas-de-vacunacion-Mayo-2022-14-300x225.jpg 300w, \/wp-content\/uploads\/sites\/5\/2022\/05\/Brigadas-de-vacunacion-Mayo-2022-14-768x576.jpg 768w, \/wp-content\/uploads\/sites\/5\/2022\/05\/Brigadas-de-vacunacion-Mayo-2022-14-80x60.jpg 80w, \/wp-content\/uploads\/sites\/5\/2022\/05\/Brigadas-de-vacunacion-Mayo-2022-14-696x522.jpg 696w, \/wp-content\/uploads\/sites\/5\/2022\/05\/Brigadas-de-vacunacion-Mayo-2022-14-265x198.jpg 265w, \/wp-content\/uploads\/sites\/5\/2022\/05\/Brigadas-de-vacunacion-Mayo-2022-14-534x401.jpg 534w, \/wp-content\/uploads\/sites\/5\/2022\/05\/Brigadas-de-vacunacion-Mayo-2022-14.jpg 1024w\" sizes=\"(max-width: 560px) 100vw, 560px\" alt=\"\">\r\n                            <\/a>\r\n                            \r\n                        <\/figure>\r\n                    <\/div>\r\n                    <div class = \"td-slide-item td-item10\">\r\n                        <figure class=\"td-slide-galery-figure td-slide-popup-gallery\">\r\n                            <a class=\"slide-gallery-image-link\" href=\"\/wp-content\/uploads\/sites\/5\/2022\/05\/Brigadas-de-vacunacion-Mayo-2022-22.jpg\" title=\"Brigadas de vacunacion Mayo 2022-22\"  data-caption=\"\"  data-description=\"\">\r\n                                <img decoding=\"async\" src=\"\/wp-content\/uploads\/sites\/5\/2022\/05\/Brigadas-de-vacunacion-Mayo-2022-22-560x420.jpg\" srcset=\"\/wp-content\/uploads\/sites\/5\/2022\/05\/Brigadas-de-vacunacion-Mayo-2022-22-560x420.jpg 560w, \/wp-content\/uploads\/sites\/5\/2022\/05\/Brigadas-de-vacunacion-Mayo-2022-22-300x225.jpg 300w, \/wp-content\/uploads\/sites\/5\/2022\/05\/Brigadas-de-vacunacion-Mayo-2022-22-768x576.jpg 768w, \/wp-content\/uploads\/sites\/5\/2022\/05\/Brigadas-de-vacunacion-Mayo-2022-22-80x60.jpg 80w, \/wp-content\/uploads\/sites\/5\/2022\/05\/Brigadas-de-vacunacion-Mayo-2022-22-696x522.jpg 696w, \/wp-content\/uploads\/sites\/5\/2022\/05\/Brigadas-de-vacunacion-Mayo-2022-22-265x198.jpg 265w, \/wp-content\/uploads\/sites\/5\/2022\/05\/Brigadas-de-vacunacion-Mayo-2022-22-534x401.jpg 534w, \/wp-content\/uploads\/sites\/5\/2022\/05\/Brigadas-de-vacunacion-Mayo-2022-22.jpg 1024w\" sizes=\"(max-width: 560px) 100vw, 560px\" alt=\"\">\r\n                            <\/a>\r\n                            \r\n                        <\/figure>\r\n                    <\/div>\r\n                    <div class = \"td-slide-item td-item11\">\r\n                        <figure class=\"td-slide-galery-figure td-slide-popup-gallery\">\r\n                            <a class=\"slide-gallery-image-link\" href=\"\/wp-content\/uploads\/sites\/5\/2022\/05\/Brigadas-de-vacunacion-Mayo-2022-11.jpg\" title=\"Brigadas de vacunacion Mayo 2022-11\"  data-caption=\"\"  data-description=\"\">\r\n                                <img decoding=\"async\" src=\"\/wp-content\/uploads\/sites\/5\/2022\/05\/Brigadas-de-vacunacion-Mayo-2022-11-747x420.jpg\" srcset=\"\/wp-content\/uploads\/sites\/5\/2022\/05\/Brigadas-de-vacunacion-Mayo-2022-11-747x420.jpg 747w, \/wp-content\/uploads\/sites\/5\/2022\/05\/Brigadas-de-vacunacion-Mayo-2022-11-300x169.jpg 300w, \/wp-content\/uploads\/sites\/5\/2022\/05\/Brigadas-de-vacunacion-Mayo-2022-11-768x432.jpg 768w, \/wp-content\/uploads\/sites\/5\/2022\/05\/Brigadas-de-vacunacion-Mayo-2022-11-1024x576.jpg 1024w, \/wp-content\/uploads\/sites\/5\/2022\/05\/Brigadas-de-vacunacion-Mayo-2022-11-1536x864.jpg 1536w, \/wp-content\/uploads\/sites\/5\/2022\/05\/Brigadas-de-vacunacion-Mayo-2022-11-696x391.jpg 696w, \/wp-content\/uploads\/sites\/5\/2022\/05\/Brigadas-de-vacunacion-Mayo-2022-11-1068x600.jpg 1068w, \/wp-content\/uploads\/sites\/5\/2022\/05\/Brigadas-de-vacunacion-Mayo-2022-11-534x300.jpg 534w, \/wp-content\/uploads\/sites\/5\/2022\/05\/Brigadas-de-vacunacion-Mayo-2022-11.jpg 1599w\" sizes=\"(max-width: 747px) 100vw, 747px\" alt=\"\">\r\n                            <\/a>\r\n                            \r\n                        <\/figure>\r\n                    <\/div>\r\n                    <div class = \"td-slide-item td-item12\">\r\n                        <figure class=\"td-slide-galery-figure td-slide-popup-gallery\">\r\n                            <a class=\"slide-gallery-image-link\" href=\"\/wp-content\/uploads\/sites\/5\/2022\/05\/Brigadas-de-vacunacion-Mayo-2022-10.jpg\" title=\"Brigadas de vacunacion Mayo 2022-10\"  data-caption=\"\"  data-description=\"\">\r\n                                <img decoding=\"async\" src=\"\/wp-content\/uploads\/sites\/5\/2022\/05\/Brigadas-de-vacunacion-Mayo-2022-10-560x420.jpg\" srcset=\"\/wp-content\/uploads\/sites\/5\/2022\/05\/Brigadas-de-vacunacion-Mayo-2022-10-560x420.jpg 560w, \/wp-content\/uploads\/sites\/5\/2022\/05\/Brigadas-de-vacunacion-Mayo-2022-10-300x225.jpg 300w, \/wp-content\/uploads\/sites\/5\/2022\/05\/Brigadas-de-vacunacion-Mayo-2022-10-768x576.jpg 768w, \/wp-content\/uploads\/sites\/5\/2022\/05\/Brigadas-de-vacunacion-Mayo-2022-10-80x60.jpg 80w, \/wp-content\/uploads\/sites\/5\/2022\/05\/Brigadas-de-vacunacion-Mayo-2022-10-696x522.jpg 696w, \/wp-content\/uploads\/sites\/5\/2022\/05\/Brigadas-de-vacunacion-Mayo-2022-10-265x198.jpg 265w, \/wp-content\/uploads\/sites\/5\/2022\/05\/Brigadas-de-vacunacion-Mayo-2022-10-534x401.jpg 534w, \/wp-content\/uploads\/sites\/5\/2022\/05\/Brigadas-de-vacunacion-Mayo-2022-10.jpg 1024w\" sizes=\"(max-width: 560px) 100vw, 560px\" alt=\"\">\r\n                            <\/a>\r\n                            \r\n                        <\/figure>\r\n                    <\/div>\r\n                    <div class = \"td-slide-item td-item13\">\r\n                        <figure class=\"td-slide-galery-figure td-slide-popup-gallery\">\r\n                            <a class=\"slide-gallery-image-link\" href=\"\/wp-content\/uploads\/sites\/5\/2022\/05\/Brigadas-de-vacunacion-Mayo-2022-9.jpg\" title=\"Brigadas de vacunacion Mayo 2022-9\"  data-caption=\"\"  data-description=\"\">\r\n                                <img decoding=\"async\" src=\"\/wp-content\/uploads\/sites\/5\/2022\/05\/Brigadas-de-vacunacion-Mayo-2022-9-560x420.jpg\" srcset=\"\/wp-content\/uploads\/sites\/5\/2022\/05\/Brigadas-de-vacunacion-Mayo-2022-9-560x420.jpg 560w, \/wp-content\/uploads\/sites\/5\/2022\/05\/Brigadas-de-vacunacion-Mayo-2022-9-300x225.jpg 300w, \/wp-content\/uploads\/sites\/5\/2022\/05\/Brigadas-de-vacunacion-Mayo-2022-9-768x576.jpg 768w, \/wp-content\/uploads\/sites\/5\/2022\/05\/Brigadas-de-vacunacion-Mayo-2022-9-80x60.jpg 80w, \/wp-content\/uploads\/sites\/5\/2022\/05\/Brigadas-de-vacunacion-Mayo-2022-9-696x522.jpg 696w, \/wp-content\/uploads\/sites\/5\/2022\/05\/Brigadas-de-vacunacion-Mayo-2022-9-265x198.jpg 265w, \/wp-content\/uploads\/sites\/5\/2022\/05\/Brigadas-de-vacunacion-Mayo-2022-9-534x401.jpg 534w, \/wp-content\/uploads\/sites\/5\/2022\/05\/Brigadas-de-vacunacion-Mayo-2022-9.jpg 1024w\" sizes=\"(max-width: 560px) 100vw, 560px\" alt=\"\">\r\n                            <\/a>\r\n                            \r\n                        <\/figure>\r\n                    <\/div>\r\n                    <div class = \"td-slide-item td-item14\">\r\n                        <figure class=\"td-slide-galery-figure td-slide-popup-gallery\">\r\n                            <a class=\"slide-gallery-image-link\" href=\"\/wp-content\/uploads\/sites\/5\/2022\/05\/Brigadas-de-vacunacion-Mayo-2022-8.jpg\" title=\"Brigadas de vacunacion Mayo 2022-8\"  data-caption=\"\"  data-description=\"\">\r\n                                <img decoding=\"async\" src=\"\/wp-content\/uploads\/sites\/5\/2022\/05\/Brigadas-de-vacunacion-Mayo-2022-8-560x420.jpg\" srcset=\"\/wp-content\/uploads\/sites\/5\/2022\/05\/Brigadas-de-vacunacion-Mayo-2022-8-560x420.jpg 560w, \/wp-content\/uploads\/sites\/5\/2022\/05\/Brigadas-de-vacunacion-Mayo-2022-8-300x225.jpg 300w, \/wp-content\/uploads\/sites\/5\/2022\/05\/Brigadas-de-vacunacion-Mayo-2022-8-768x576.jpg 768w, \/wp-content\/uploads\/sites\/5\/2022\/05\/Brigadas-de-vacunacion-Mayo-2022-8-1024x768.jpg 1024w, \/wp-content\/uploads\/sites\/5\/2022\/05\/Brigadas-de-vacunacion-Mayo-2022-8-80x60.jpg 80w, \/wp-content\/uploads\/sites\/5\/2022\/05\/Brigadas-de-vacunacion-Mayo-2022-8-696x522.jpg 696w, \/wp-content\/uploads\/sites\/5\/2022\/05\/Brigadas-de-vacunacion-Mayo-2022-8-1068x801.jpg 1068w, \/wp-content\/uploads\/sites\/5\/2022\/05\/Brigadas-de-vacunacion-Mayo-2022-8-265x198.jpg 265w, \/wp-content\/uploads\/sites\/5\/2022\/05\/Brigadas-de-vacunacion-Mayo-2022-8-534x401.jpg 534w, \/wp-content\/uploads\/sites\/5\/2022\/05\/Brigadas-de-vacunacion-Mayo-2022-8.jpg 1280w\" sizes=\"(max-width: 560px) 100vw, 560px\" alt=\"\">\r\n                            <\/a>\r\n                            \r\n                        <\/figure>\r\n                    <\/div>\r\n                    <div class = \"td-slide-item td-item15\">\r\n                        <figure class=\"td-slide-galery-figure td-slide-popup-gallery\">\r\n                            <a class=\"slide-gallery-image-link\" href=\"\/wp-content\/uploads\/sites\/5\/2022\/05\/Brigadas-de-vacunacion-Mayo-2022-7.jpg\" title=\"Brigadas de vacunacion Mayo 2022-7\"  data-caption=\"\"  data-description=\"\">\r\n                                <img decoding=\"async\" src=\"\/wp-content\/uploads\/sites\/5\/2022\/05\/Brigadas-de-vacunacion-Mayo-2022-7-747x420.jpg\" srcset=\"\/wp-content\/uploads\/sites\/5\/2022\/05\/Brigadas-de-vacunacion-Mayo-2022-7-747x420.jpg 747w, \/wp-content\/uploads\/sites\/5\/2022\/05\/Brigadas-de-vacunacion-Mayo-2022-7-300x169.jpg 300w, \/wp-content\/uploads\/sites\/5\/2022\/05\/Brigadas-de-vacunacion-Mayo-2022-7-768x432.jpg 768w, \/wp-content\/uploads\/sites\/5\/2022\/05\/Brigadas-de-vacunacion-Mayo-2022-7-1024x576.jpg 1024w, \/wp-content\/uploads\/sites\/5\/2022\/05\/Brigadas-de-vacunacion-Mayo-2022-7-1536x864.jpg 1536w, \/wp-content\/uploads\/sites\/5\/2022\/05\/Brigadas-de-vacunacion-Mayo-2022-7-696x391.jpg 696w, \/wp-content\/uploads\/sites\/5\/2022\/05\/Brigadas-de-vacunacion-Mayo-2022-7-1068x600.jpg 1068w, \/wp-content\/uploads\/sites\/5\/2022\/05\/Brigadas-de-vacunacion-Mayo-2022-7-534x300.jpg 534w, \/wp-content\/uploads\/sites\/5\/2022\/05\/Brigadas-de-vacunacion-Mayo-2022-7.jpg 1599w\" sizes=\"(max-width: 747px) 100vw, 747px\" alt=\"\">\r\n                            <\/a>\r\n                            \r\n                        <\/figure>\r\n                    <\/div>\r\n                    <div class = \"td-slide-item td-item16\">\r\n                        <figure class=\"td-slide-galery-figure td-slide-popup-gallery\">\r\n                            <a class=\"slide-gallery-image-link\" href=\"\/wp-content\/uploads\/sites\/5\/2022\/05\/Brigadas-de-vacunacion-Mayo-2022-6.jpg\" title=\"Brigadas de vacunacion Mayo 2022-6\"  data-caption=\"\"  data-description=\"\">\r\n                                <img decoding=\"async\" src=\"\/wp-content\/uploads\/sites\/5\/2022\/05\/Brigadas-de-vacunacion-Mayo-2022-6-888x420.jpg\" srcset=\"\/wp-content\/uploads\/sites\/5\/2022\/05\/Brigadas-de-vacunacion-Mayo-2022-6-888x420.jpg 888w, \/wp-content\/uploads\/sites\/5\/2022\/05\/Brigadas-de-vacunacion-Mayo-2022-6-300x142.jpg 300w, \/wp-content\/uploads\/sites\/5\/2022\/05\/Brigadas-de-vacunacion-Mayo-2022-6-768x363.jpg 768w, \/wp-content\/uploads\/sites\/5\/2022\/05\/Brigadas-de-vacunacion-Mayo-2022-6-1024x484.jpg 1024w, \/wp-content\/uploads\/sites\/5\/2022\/05\/Brigadas-de-vacunacion-Mayo-2022-6-696x329.jpg 696w, \/wp-content\/uploads\/sites\/5\/2022\/05\/Brigadas-de-vacunacion-Mayo-2022-6-534x253.jpg 534w, \/wp-content\/uploads\/sites\/5\/2022\/05\/Brigadas-de-vacunacion-Mayo-2022-6.jpg 1040w\" sizes=\"(max-width: 888px) 100vw, 888px\" alt=\"\">\r\n                            <\/a>\r\n                            \r\n                        <\/figure>\r\n                    <\/div>\r\n                    <div class = \"td-slide-item td-item17\">\r\n                        <figure class=\"td-slide-galery-figure td-slide-popup-gallery\">\r\n                            <a class=\"slide-gallery-image-link\" href=\"\/wp-content\/uploads\/sites\/5\/2022\/05\/Brigadas-de-vacunacion-Mayo-2022-4.jpg\" title=\"Brigadas de vacunacion Mayo 2022-4\"  data-caption=\"\"  data-description=\"\">\r\n                                <img decoding=\"async\" src=\"\/wp-content\/uploads\/sites\/5\/2022\/05\/Brigadas-de-vacunacion-Mayo-2022-4-560x420.jpg\" srcset=\"\/wp-content\/uploads\/sites\/5\/2022\/05\/Brigadas-de-vacunacion-Mayo-2022-4-560x420.jpg 560w, \/wp-content\/uploads\/sites\/5\/2022\/05\/Brigadas-de-vacunacion-Mayo-2022-4-300x225.jpg 300w, \/wp-content\/uploads\/sites\/5\/2022\/05\/Brigadas-de-vacunacion-Mayo-2022-4-768x576.jpg 768w, \/wp-content\/uploads\/sites\/5\/2022\/05\/Brigadas-de-vacunacion-Mayo-2022-4-1024x768.jpg 1024w, \/wp-content\/uploads\/sites\/5\/2022\/05\/Brigadas-de-vacunacion-Mayo-2022-4-1536x1152.jpg 1536w, \/wp-content\/uploads\/sites\/5\/2022\/05\/Brigadas-de-vacunacion-Mayo-2022-4-80x60.jpg 80w, \/wp-content\/uploads\/sites\/5\/2022\/05\/Brigadas-de-vacunacion-Mayo-2022-4-696x522.jpg 696w, \/wp-content\/uploads\/sites\/5\/2022\/05\/Brigadas-de-vacunacion-Mayo-2022-4-1068x801.jpg 1068w, \/wp-content\/uploads\/sites\/5\/2022\/05\/Brigadas-de-vacunacion-Mayo-2022-4-265x198.jpg 265w, \/wp-content\/uploads\/sites\/5\/2022\/05\/Brigadas-de-vacunacion-Mayo-2022-4-534x401.jpg 534w, \/wp-content\/uploads\/sites\/5\/2022\/05\/Brigadas-de-vacunacion-Mayo-2022-4.jpg 1600w\" sizes=\"(max-width: 560px) 100vw, 560px\" alt=\"\">\r\n                            <\/a>\r\n                            \r\n                        <\/figure>\r\n                    <\/div>\r\n                    <div class = \"td-slide-item td-item18\">\r\n                        <figure class=\"td-slide-galery-figure td-slide-popup-gallery\">\r\n                            <a class=\"slide-gallery-image-link\" href=\"\/wp-content\/uploads\/sites\/5\/2022\/05\/Brigadas-de-vacunacion-Mayo-2022-5.jpg\" title=\"Brigadas de vacunacion Mayo 2022-5\"  data-caption=\"\"  data-description=\"\">\r\n                                <img decoding=\"async\" src=\"\/wp-content\/uploads\/sites\/5\/2022\/05\/Brigadas-de-vacunacion-Mayo-2022-5-560x420.jpg\" srcset=\"\/wp-content\/uploads\/sites\/5\/2022\/05\/Brigadas-de-vacunacion-Mayo-2022-5-560x420.jpg 560w, \/wp-content\/uploads\/sites\/5\/2022\/05\/Brigadas-de-vacunacion-Mayo-2022-5-300x225.jpg 300w, \/wp-content\/uploads\/sites\/5\/2022\/05\/Brigadas-de-vacunacion-Mayo-2022-5-768x576.jpg 768w, \/wp-content\/uploads\/sites\/5\/2022\/05\/Brigadas-de-vacunacion-Mayo-2022-5-80x60.jpg 80w, \/wp-content\/uploads\/sites\/5\/2022\/05\/Brigadas-de-vacunacion-Mayo-2022-5-696x522.jpg 696w, \/wp-content\/uploads\/sites\/5\/2022\/05\/Brigadas-de-vacunacion-Mayo-2022-5-265x198.jpg 265w, \/wp-content\/uploads\/sites\/5\/2022\/05\/Brigadas-de-vacunacion-Mayo-2022-5-534x401.jpg 534w, \/wp-content\/uploads\/sites\/5\/2022\/05\/Brigadas-de-vacunacion-Mayo-2022-5.jpg 1024w\" sizes=\"(max-width: 560px) 100vw, 560px\" alt=\"\">\r\n                            <\/a>\r\n                            \r\n                        <\/figure>\r\n                    <\/div>\r\n                    <div class = \"td-slide-item td-item19\">\r\n                        <figure class=\"td-slide-galery-figure td-slide-popup-gallery\">\r\n                            <a class=\"slide-gallery-image-link\" href=\"\/wp-content\/uploads\/sites\/5\/2022\/05\/Brigadas-de-vacunacion-Mayo-2022-3.jpg\" title=\"Brigadas de vacunacion Mayo 2022-3\"  data-caption=\"\"  data-description=\"\">\r\n                                <img decoding=\"async\" src=\"\/wp-content\/uploads\/sites\/5\/2022\/05\/Brigadas-de-vacunacion-Mayo-2022-3-560x420.jpg\" srcset=\"\/wp-content\/uploads\/sites\/5\/2022\/05\/Brigadas-de-vacunacion-Mayo-2022-3-560x420.jpg 560w, \/wp-content\/uploads\/sites\/5\/2022\/05\/Brigadas-de-vacunacion-Mayo-2022-3-300x225.jpg 300w, \/wp-content\/uploads\/sites\/5\/2022\/05\/Brigadas-de-vacunacion-Mayo-2022-3-768x576.jpg 768w, \/wp-content\/uploads\/sites\/5\/2022\/05\/Brigadas-de-vacunacion-Mayo-2022-3-80x60.jpg 80w, \/wp-content\/uploads\/sites\/5\/2022\/05\/Brigadas-de-vacunacion-Mayo-2022-3-696x522.jpg 696w, \/wp-content\/uploads\/sites\/5\/2022\/05\/Brigadas-de-vacunacion-Mayo-2022-3-265x198.jpg 265w, \/wp-content\/uploads\/sites\/5\/2022\/05\/Brigadas-de-vacunacion-Mayo-2022-3-534x401.jpg 534w, \/wp-content\/uploads\/sites\/5\/2022\/05\/Brigadas-de-vacunacion-Mayo-2022-3.jpg 1024w\" sizes=\"(max-width: 560px) 100vw, 560px\" alt=\"\">\r\n                            <\/a>\r\n                            \r\n                        <\/figure>\r\n                    <\/div>\r\n                    <div class = \"td-slide-item td-item20\">\r\n                        <figure class=\"td-slide-galery-figure td-slide-popup-gallery\">\r\n                            <a class=\"slide-gallery-image-link\" href=\"\/wp-content\/uploads\/sites\/5\/2022\/05\/Brigadas-de-vacunacion-Mayo-2022-2.jpg\" title=\"Brigadas de vacunacion Mayo 2022-2\"  data-caption=\"\"  data-description=\"\">\r\n                                <img decoding=\"async\" src=\"\/wp-content\/uploads\/sites\/5\/2022\/05\/Brigadas-de-vacunacion-Mayo-2022-2-560x420.jpg\" srcset=\"\/wp-content\/uploads\/sites\/5\/2022\/05\/Brigadas-de-vacunacion-Mayo-2022-2-560x420.jpg 560w, \/wp-content\/uploads\/sites\/5\/2022\/05\/Brigadas-de-vacunacion-Mayo-2022-2-300x225.jpg 300w, \/wp-content\/uploads\/sites\/5\/2022\/05\/Brigadas-de-vacunacion-Mayo-2022-2-768x576.jpg 768w, \/wp-content\/uploads\/sites\/5\/2022\/05\/Brigadas-de-vacunacion-Mayo-2022-2-80x60.jpg 80w, \/wp-content\/uploads\/sites\/5\/2022\/05\/Brigadas-de-vacunacion-Mayo-2022-2-696x522.jpg 696w, \/wp-content\/uploads\/sites\/5\/2022\/05\/Brigadas-de-vacunacion-Mayo-2022-2-265x198.jpg 265w, \/wp-content\/uploads\/sites\/5\/2022\/05\/Brigadas-de-vacunacion-Mayo-2022-2-534x401.jpg 534w, \/wp-content\/uploads\/sites\/5\/2022\/05\/Brigadas-de-vacunacion-Mayo-2022-2.jpg 1024w\" sizes=\"(max-width: 560px) 100vw, 560px\" alt=\"\">\r\n                            <\/a>\r\n                            \r\n                        <\/figure>\r\n                    <\/div>\r\n                    <div class = \"td-slide-item td-item21\">\r\n                        <figure class=\"td-slide-galery-figure td-slide-popup-gallery\">\r\n                            <a class=\"slide-gallery-image-link\" href=\"\/wp-content\/uploads\/sites\/5\/2022\/05\/Brigadas-de-vacunacion-Mayo-2022-1.jpg\" title=\"Brigadas de vacunacion Mayo 2022-1\"  data-caption=\"\"  data-description=\"\">\r\n                                <img decoding=\"async\" src=\"\/wp-content\/uploads\/sites\/5\/2022\/05\/Brigadas-de-vacunacion-Mayo-2022-1-193x420.jpg\" srcset=\"\/wp-content\/uploads\/sites\/5\/2022\/05\/Brigadas-de-vacunacion-Mayo-2022-1-193x420.jpg 193w, \/wp-content\/uploads\/sites\/5\/2022\/05\/Brigadas-de-vacunacion-Mayo-2022-1-138x300.jpg 138w, \/wp-content\/uploads\/sites\/5\/2022\/05\/Brigadas-de-vacunacion-Mayo-2022-1-472x1024.jpg 472w, \/wp-content\/uploads\/sites\/5\/2022\/05\/Brigadas-de-vacunacion-Mayo-2022-1-708x1536.jpg 708w, \/wp-content\/uploads\/sites\/5\/2022\/05\/Brigadas-de-vacunacion-Mayo-2022-1-696x1511.jpg 696w, \/wp-content\/uploads\/sites\/5\/2022\/05\/Brigadas-de-vacunacion-Mayo-2022-1-213x462.jpg 213w, \/wp-content\/uploads\/sites\/5\/2022\/05\/Brigadas-de-vacunacion-Mayo-2022-1.jpg 737w\" sizes=\"(max-width: 193px) 100vw, 193px\" alt=\"\">\r\n                            <\/a>\r\n                            \r\n                        <\/figure>\r\n                    <\/div>\r\n                            <\/div>\r\n                        <\/div>\r\n\r\n                        <div class = \"td-doubleSlider-2\">\r\n                            <div class = \"td-slider\">\r\n                                \r\n                    <div class = \"td-button td-item1\">\r\n                        <div class = \"td-border\"><\/div>\r\n                    <\/div>\r\n                    <div class = \"td-button td-item2\">\r\n                        <div class = \"td-border\"><\/div>\r\n                    <\/div>\r\n                    <div class = \"td-button td-item3\">\r\n                        <div class = \"td-border\"><\/div>\r\n                    <\/div>\r\n                    <div class = \"td-button td-item4\">\r\n                        <div class = \"td-border\"><\/div>\r\n                    <\/div>\r\n                    <div class = \"td-button td-item5\">\r\n                        <div class = \"td-border\"><\/div>\r\n                    <\/div>\r\n                    <div class = \"td-button td-item6\">\r\n                        <div class = \"td-border\"><\/div>\r\n                    <\/div>\r\n                    <div class = \"td-button td-item7\">\r\n                        <div class = \"td-border\"><\/div>\r\n                    <\/div>\r\n                    <div class = \"td-button td-item8\">\r\n                        <div class = \"td-border\"><\/div>\r\n                    <\/div>\r\n                    <div class = \"td-button td-item9\">\r\n                        <div class = \"td-border\"><\/div>\r\n                    <\/div>\r\n                    <div class = \"td-button td-item10\">\r\n                        <div class = \"td-border\"><\/div>\r\n                    <\/div>\r\n                    <div class = \"td-button td-item11\">\r\n                        <div class = \"td-border\"><\/div>\r\n                    <\/div>\r\n                    <div class = \"td-button td-item12\">\r\n                        <div class = \"td-border\"><\/div>\r\n                    <\/div>\r\n                    <div class = \"td-button td-item13\">\r\n                        <div class = \"td-border\"><\/div>\r\n                    <\/div>\r\n                    <div class = \"td-button td-item14\">\r\n                        <div class = \"td-border\"><\/div>\r\n                    <\/div>\r\n                    <div class = \"td-button td-item15\">\r\n                        <div class = \"td-border\"><\/div>\r\n                    <\/div>\r\n                    <div class = \"td-button td-item16\">\r\n                        <div class = \"td-border\"><\/div>\r\n                    <\/div>\r\n                    <div class = \"td-button td-item17\">\r\n                        <div class = \"td-border\"><\/div>\r\n                    <\/div>\r\n                    <div class = \"td-button td-item18\">\r\n                        <div class = \"td-border\"><\/div>\r\n                    <\/div>\r\n                    <div class = \"td-button td-item19\">\r\n                        <div class = \"td-border\"><\/div>\r\n                    <\/div>\r\n                    <div class = \"td-button td-item20\">\r\n                        <div class = \"td-border\"><\/div>\r\n                    <\/div>\r\n                    <div class = \"td-button td-item21\">\r\n                        <div class = \"td-border\"><\/div>\r\n                    <\/div>\r\n                            <\/div>\r\n                        <\/div>\r\n\r\n                    <\/div>\r\n\r\n                <\/div>\r\n                \n","protected":false},"excerpt":{"rendered":"<p>El proceso de inmunizaci\u00f3n contra el COVID-19 contin\u00faa avanzando, las brigadas de vacunaci\u00f3n de CAMIP 2 Barranquilla aplican los biol\u00f3gicos con esquema primario, refuerzo y cuarta dosis de AstraZeneca, Moderna y Pfizer. El encargado el despacho de la Direcci\u00f3n M\u00e9dica IGSS-CAMIP2 Barranquilla, doctor Milton Tunay, detall\u00f3 que en el primer trimestre del a\u00f1o se han [&hellip;]<\/p>\n","protected":false},"author":1961,"featured_media":27518,"comment_status":"closed","ping_status":"closed","sticky":false,"template":"","format":"standard","meta":{"footnotes":""},"categories":[3],"tags":[1444,1157,1155],"coauthors":[1448],"class_list":{"0":"post-27504","1":"post","2":"type-post","3":"status-publish","4":"format-standard","5":"has-post-thumbnail","7":"category-actualidad","8":"tag-brigadas-de-vacunacion","9":"tag-camip-2-barranquilla","10":"tag-covid-19"},"_links":{"self":[{"href":"https:\/\/www.igssgt.org\/noticias\/wp-json\/wp\/v2\/posts\/27504","targetHints":{"allow":["GET"]}}],"collection":[{"href":"https:\/\/www.igssgt.org\/noticias\/wp-json\/wp\/v2\/posts"}],"about":[{"href":"https:\/\/www.igssgt.org\/noticias\/wp-json\/wp\/v2\/types\/post"}],"author":[{"embeddable":true,"href":"https:\/\/www.igssgt.org\/noticias\/wp-json\/wp\/v2\/users\/1961"}],"replies":[{"embeddable":true,"href":"https:\/\/www.igssgt.org\/noticias\/wp-json\/wp\/v2\/comments?post=27504"}],"version-history":[{"count":12,"href":"https:\/\/www.igssgt.org\/noticias\/wp-json\/wp\/v2\/posts\/27504\/revisions"}],"predecessor-version":[{"id":27540,"href":"https:\/\/www.igssgt.org\/noticias\/wp-json\/wp\/v2\/posts\/27504\/revisions\/27540"}],"wp:featuredmedia":[{"embeddable":true,"href":"https:\/\/www.igssgt.org\/noticias\/wp-json\/wp\/v2\/media\/27518"}],"wp:attachment":[{"href":"https:\/\/www.igssgt.org\/noticias\/wp-json\/wp\/v2\/media?parent=27504"}],"wp:term":[{"taxonomy":"category","embeddable":true,"href":"https:\/\/www.igssgt.org\/noticias\/wp-json\/wp\/v2\/categories?post=27504"},{"taxonomy":"post_tag","embeddable":true,"href":"https:\/\/www.igssgt.org\/noticias\/wp-json\/wp\/v2\/tags?post=27504"},{"taxonomy":"author","embeddable":true,"href":"https:\/\/www.igssgt.org\/noticias\/wp-json\/wp\/v2\/coauthors?post=27504"}],"curies":[{"name":"wp","href":"https:\/\/api.w.org\/{rel}","templated":true}]}}