{"id":27764,"date":"2020-03-13T15:07:00","date_gmt":"2020-03-13T21:07:00","guid":{"rendered":"https:\/\/www.igssgt.org\/noticias\/?p=27764"},"modified":"2022-05-26T15:12:49","modified_gmt":"2022-05-26T21:12:49","slug":"entrevista-al-dr-oscar-donis-epidemiologo-del-igss-por-tn23-para-hablar-sobre-el-covid-19","status":"publish","type":"post","link":"https:\/\/www.igssgt.org\/noticias\/2020\/03\/13\/entrevista-al-dr-oscar-donis-epidemiologo-del-igss-por-tn23-para-hablar-sobre-el-covid-19\/","title":{"rendered":"Entrevista al Dr. Oscar Donis, epidemi\u00f3logo del IGSS, por TN23 para hablar sobre el COVID-19"},"content":{"rendered":"\n<p>Tener un primer caso no significa que toda la poblaci\u00f3n est\u00e9 en riesgo. Lo importante es informarnos. \u00bfTengo o no contacto con alguien que tiene coronavirus? Es la pregunta qu\u00e9 se debe hacer.<\/p>\n<p>No tenemos un cuadro espec\u00edfico sobre el COVID-19, puede presentar fiebre entre 38 y 39 grados, dolor muscular y tos. El Laboratorio Nacional es quien realiza la prueba. Un equipo especializado hace la prueba de hisopado.<\/p>\n<p>En China, por ejemplo, las personas no llegaban con coronavirus pero se infectaban cuando ingresaban al hospital por presentar s\u00edntomas que tal vez eran solo una gripe, vaya si comienza a presentar alg\u00fan problema grave, coment\u00f3 el Dr. Oscar Donis.<\/p>\n\r\n                <style type=\"text\/css\">\r\n                    \r\n                    #tdi_1  .td-doubleSlider-2 .td-item1 {\r\n                        background: url(\/wp-content\/uploads\/sites\/5\/2022\/05\/Entrevista-al-Dr.-Oscar-Donis-epidemio\u0301logo-del-IGSS-por-TN23-para-hablar-sobre-el-COVID-19-Marzo-2020-4-80x60.jpg) 0 0 no-repeat;\r\n                    }\r\n                    #tdi_1  .td-doubleSlider-2 .td-item2 {\r\n                        background: url(\/wp-content\/uploads\/sites\/5\/2022\/05\/Entrevista-al-Dr.-Oscar-Donis-epidemio\u0301logo-del-IGSS-por-TN23-para-hablar-sobre-el-COVID-19-Marzo-2020-1-80x60.jpg) 0 0 no-repeat;\r\n                    }\r\n                    #tdi_1  .td-doubleSlider-2 .td-item3 {\r\n                        background: url(\/wp-content\/uploads\/sites\/5\/2022\/05\/Entrevista-al-Dr.-Oscar-Donis-epidemio\u0301logo-del-IGSS-por-TN23-para-hablar-sobre-el-COVID-19-Marzo-2020-2-80x60.jpg) 0 0 no-repeat;\r\n                    }\r\n                    #tdi_1  .td-doubleSlider-2 .td-item4 {\r\n                        background: url(\/wp-content\/uploads\/sites\/5\/2022\/05\/Entrevista-al-Dr.-Oscar-Donis-epidemio\u0301logo-del-IGSS-por-TN23-para-hablar-sobre-el-COVID-19-Marzo-2020-3-80x60.jpg) 0 0 no-repeat;\r\n                    }\r\n                <\/style>\r\n\r\n                <div id=\"tdi_1\" class=\"td-gallery td-slide-on-2-columns\">\r\n                    <div class=\"post_td_gallery\">\r\n                        <div class=\"td-gallery-slide-top\">\r\n                           <div class=\"td-gallery-title\"><\/div>\r\n\r\n                            <div class=\"td-gallery-controls-wrapper\">\r\n                                <div class=\"td-gallery-slide-count\"><span class=\"td-gallery-slide-item-focus\">1<\/span> de 4<\/div>\r\n                                <div class=\"td-gallery-slide-prev-next-but\">\r\n                                    <i class = \"td-icon-left doubleSliderPrevButton\"><\/i>\r\n                                    <i class = \"td-icon-right doubleSliderNextButton\"><\/i>\r\n                                <\/div>\r\n                            <\/div>\r\n                        <\/div>\r\n\r\n                        <div class = \"td-doubleSlider-1 \">\r\n                            <div class = \"td-slider\">\r\n                                \r\n                    <div class = \"td-slide-item td-item1\">\r\n                        <figure class=\"td-slide-galery-figure td-slide-popup-gallery\">\r\n                            <a class=\"slide-gallery-image-link\" href=\"\/wp-content\/uploads\/sites\/5\/2022\/05\/Entrevista-al-Dr.-Oscar-Donis-epidemio\u0301logo-del-IGSS-por-TN23-para-hablar-sobre-el-COVID-19-Marzo-2020-4.jpg\" title=\"Entrevista al Dr. Oscar Donis, epidemio\u0301logo del IGSS, por TN23 para hablar sobre el COVID-19 Marzo 2020-4\"  data-caption=\"\"  data-description=\"\">\r\n                                <img decoding=\"async\" src=\"\/wp-content\/uploads\/sites\/5\/2022\/05\/Entrevista-al-Dr.-Oscar-Donis-epidemio\u0301logo-del-IGSS-por-TN23-para-hablar-sobre-el-COVID-19-Marzo-2020-4-560x420.jpg\" srcset=\"\/wp-content\/uploads\/sites\/5\/2022\/05\/Entrevista-al-Dr.-Oscar-Donis-epidemio\u0301logo-del-IGSS-por-TN23-para-hablar-sobre-el-COVID-19-Marzo-2020-4-560x420.jpg 560w, \/wp-content\/uploads\/sites\/5\/2022\/05\/Entrevista-al-Dr.-Oscar-Donis-epidemio\u0301logo-del-IGSS-por-TN23-para-hablar-sobre-el-COVID-19-Marzo-2020-4-300x225.jpg 300w, \/wp-content\/uploads\/sites\/5\/2022\/05\/Entrevista-al-Dr.-Oscar-Donis-epidemio\u0301logo-del-IGSS-por-TN23-para-hablar-sobre-el-COVID-19-Marzo-2020-4-768x576.jpg 768w, \/wp-content\/uploads\/sites\/5\/2022\/05\/Entrevista-al-Dr.-Oscar-Donis-epidemio\u0301logo-del-IGSS-por-TN23-para-hablar-sobre-el-COVID-19-Marzo-2020-4-1024x768.jpg 1024w, \/wp-content\/uploads\/sites\/5\/2022\/05\/Entrevista-al-Dr.-Oscar-Donis-epidemio\u0301logo-del-IGSS-por-TN23-para-hablar-sobre-el-COVID-19-Marzo-2020-4-80x60.jpg 80w, \/wp-content\/uploads\/sites\/5\/2022\/05\/Entrevista-al-Dr.-Oscar-Donis-epidemio\u0301logo-del-IGSS-por-TN23-para-hablar-sobre-el-COVID-19-Marzo-2020-4-696x522.jpg 696w, \/wp-content\/uploads\/sites\/5\/2022\/05\/Entrevista-al-Dr.-Oscar-Donis-epidemio\u0301logo-del-IGSS-por-TN23-para-hablar-sobre-el-COVID-19-Marzo-2020-4-265x198.jpg 265w, \/wp-content\/uploads\/sites\/5\/2022\/05\/Entrevista-al-Dr.-Oscar-Donis-epidemio\u0301logo-del-IGSS-por-TN23-para-hablar-sobre-el-COVID-19-Marzo-2020-4-534x401.jpg 534w, \/wp-content\/uploads\/sites\/5\/2022\/05\/Entrevista-al-Dr.-Oscar-Donis-epidemio\u0301logo-del-IGSS-por-TN23-para-hablar-sobre-el-COVID-19-Marzo-2020-4.jpg 1040w\" sizes=\"(max-width: 560px) 100vw, 560px\" alt=\"\">\r\n                            <\/a>\r\n                            \r\n                        <\/figure>\r\n                    <\/div>\r\n                    <div class = \"td-slide-item td-item2\">\r\n                        <figure class=\"td-slide-galery-figure td-slide-popup-gallery\">\r\n                            <a class=\"slide-gallery-image-link\" href=\"\/wp-content\/uploads\/sites\/5\/2022\/05\/Entrevista-al-Dr.-Oscar-Donis-epidemio\u0301logo-del-IGSS-por-TN23-para-hablar-sobre-el-COVID-19-Marzo-2020-1.jpg\" title=\"Entrevista al Dr. Oscar Donis, epidemio\u0301logo del IGSS, por TN23 para hablar sobre el COVID-19 Marzo 2020-1\"  data-caption=\"\"  data-description=\"\">\r\n                                <img decoding=\"async\" src=\"\/wp-content\/uploads\/sites\/5\/2022\/05\/Entrevista-al-Dr.-Oscar-Donis-epidemio\u0301logo-del-IGSS-por-TN23-para-hablar-sobre-el-COVID-19-Marzo-2020-1-560x420.jpg\" srcset=\"\/wp-content\/uploads\/sites\/5\/2022\/05\/Entrevista-al-Dr.-Oscar-Donis-epidemio\u0301logo-del-IGSS-por-TN23-para-hablar-sobre-el-COVID-19-Marzo-2020-1-560x420.jpg 560w, \/wp-content\/uploads\/sites\/5\/2022\/05\/Entrevista-al-Dr.-Oscar-Donis-epidemio\u0301logo-del-IGSS-por-TN23-para-hablar-sobre-el-COVID-19-Marzo-2020-1-300x225.jpg 300w, \/wp-content\/uploads\/sites\/5\/2022\/05\/Entrevista-al-Dr.-Oscar-Donis-epidemio\u0301logo-del-IGSS-por-TN23-para-hablar-sobre-el-COVID-19-Marzo-2020-1-768x576.jpg 768w, \/wp-content\/uploads\/sites\/5\/2022\/05\/Entrevista-al-Dr.-Oscar-Donis-epidemio\u0301logo-del-IGSS-por-TN23-para-hablar-sobre-el-COVID-19-Marzo-2020-1-1024x768.jpg 1024w, \/wp-content\/uploads\/sites\/5\/2022\/05\/Entrevista-al-Dr.-Oscar-Donis-epidemio\u0301logo-del-IGSS-por-TN23-para-hablar-sobre-el-COVID-19-Marzo-2020-1-80x60.jpg 80w, \/wp-content\/uploads\/sites\/5\/2022\/05\/Entrevista-al-Dr.-Oscar-Donis-epidemio\u0301logo-del-IGSS-por-TN23-para-hablar-sobre-el-COVID-19-Marzo-2020-1-696x522.jpg 696w, \/wp-content\/uploads\/sites\/5\/2022\/05\/Entrevista-al-Dr.-Oscar-Donis-epidemio\u0301logo-del-IGSS-por-TN23-para-hablar-sobre-el-COVID-19-Marzo-2020-1-265x198.jpg 265w, \/wp-content\/uploads\/sites\/5\/2022\/05\/Entrevista-al-Dr.-Oscar-Donis-epidemio\u0301logo-del-IGSS-por-TN23-para-hablar-sobre-el-COVID-19-Marzo-2020-1-534x401.jpg 534w, \/wp-content\/uploads\/sites\/5\/2022\/05\/Entrevista-al-Dr.-Oscar-Donis-epidemio\u0301logo-del-IGSS-por-TN23-para-hablar-sobre-el-COVID-19-Marzo-2020-1.jpg 1040w\" sizes=\"(max-width: 560px) 100vw, 560px\" alt=\"\">\r\n                            <\/a>\r\n                            \r\n                        <\/figure>\r\n                    <\/div>\r\n                    <div class = \"td-slide-item td-item3\">\r\n                        <figure class=\"td-slide-galery-figure td-slide-popup-gallery\">\r\n                            <a class=\"slide-gallery-image-link\" href=\"\/wp-content\/uploads\/sites\/5\/2022\/05\/Entrevista-al-Dr.-Oscar-Donis-epidemio\u0301logo-del-IGSS-por-TN23-para-hablar-sobre-el-COVID-19-Marzo-2020-2.jpg\" title=\"Entrevista al Dr. Oscar Donis, epidemio\u0301logo del IGSS, por TN23 para hablar sobre el COVID-19 Marzo 2020-2\"  data-caption=\"\"  data-description=\"\">\r\n                                <img decoding=\"async\" src=\"\/wp-content\/uploads\/sites\/5\/2022\/05\/Entrevista-al-Dr.-Oscar-Donis-epidemio\u0301logo-del-IGSS-por-TN23-para-hablar-sobre-el-COVID-19-Marzo-2020-2-560x420.jpg\" srcset=\"\/wp-content\/uploads\/sites\/5\/2022\/05\/Entrevista-al-Dr.-Oscar-Donis-epidemio\u0301logo-del-IGSS-por-TN23-para-hablar-sobre-el-COVID-19-Marzo-2020-2-560x420.jpg 560w, \/wp-content\/uploads\/sites\/5\/2022\/05\/Entrevista-al-Dr.-Oscar-Donis-epidemio\u0301logo-del-IGSS-por-TN23-para-hablar-sobre-el-COVID-19-Marzo-2020-2-300x225.jpg 300w, \/wp-content\/uploads\/sites\/5\/2022\/05\/Entrevista-al-Dr.-Oscar-Donis-epidemio\u0301logo-del-IGSS-por-TN23-para-hablar-sobre-el-COVID-19-Marzo-2020-2-768x576.jpg 768w, \/wp-content\/uploads\/sites\/5\/2022\/05\/Entrevista-al-Dr.-Oscar-Donis-epidemio\u0301logo-del-IGSS-por-TN23-para-hablar-sobre-el-COVID-19-Marzo-2020-2-1024x768.jpg 1024w, \/wp-content\/uploads\/sites\/5\/2022\/05\/Entrevista-al-Dr.-Oscar-Donis-epidemio\u0301logo-del-IGSS-por-TN23-para-hablar-sobre-el-COVID-19-Marzo-2020-2-80x60.jpg 80w, \/wp-content\/uploads\/sites\/5\/2022\/05\/Entrevista-al-Dr.-Oscar-Donis-epidemio\u0301logo-del-IGSS-por-TN23-para-hablar-sobre-el-COVID-19-Marzo-2020-2-696x522.jpg 696w, \/wp-content\/uploads\/sites\/5\/2022\/05\/Entrevista-al-Dr.-Oscar-Donis-epidemio\u0301logo-del-IGSS-por-TN23-para-hablar-sobre-el-COVID-19-Marzo-2020-2-265x198.jpg 265w, \/wp-content\/uploads\/sites\/5\/2022\/05\/Entrevista-al-Dr.-Oscar-Donis-epidemio\u0301logo-del-IGSS-por-TN23-para-hablar-sobre-el-COVID-19-Marzo-2020-2-534x401.jpg 534w, \/wp-content\/uploads\/sites\/5\/2022\/05\/Entrevista-al-Dr.-Oscar-Donis-epidemio\u0301logo-del-IGSS-por-TN23-para-hablar-sobre-el-COVID-19-Marzo-2020-2.jpg 1040w\" sizes=\"(max-width: 560px) 100vw, 560px\" alt=\"\">\r\n                            <\/a>\r\n                            \r\n                        <\/figure>\r\n                    <\/div>\r\n                    <div class = \"td-slide-item td-item4\">\r\n                        <figure class=\"td-slide-galery-figure td-slide-popup-gallery\">\r\n                            <a class=\"slide-gallery-image-link\" href=\"\/wp-content\/uploads\/sites\/5\/2022\/05\/Entrevista-al-Dr.-Oscar-Donis-epidemio\u0301logo-del-IGSS-por-TN23-para-hablar-sobre-el-COVID-19-Marzo-2020-3.jpg\" title=\"Entrevista al Dr. Oscar Donis, epidemio\u0301logo del IGSS, por TN23 para hablar sobre el COVID-19 Marzo 2020-3\"  data-caption=\"\"  data-description=\"\">\r\n                                <img decoding=\"async\" src=\"\/wp-content\/uploads\/sites\/5\/2022\/05\/Entrevista-al-Dr.-Oscar-Donis-epidemio\u0301logo-del-IGSS-por-TN23-para-hablar-sobre-el-COVID-19-Marzo-2020-3-560x420.jpg\" srcset=\"\/wp-content\/uploads\/sites\/5\/2022\/05\/Entrevista-al-Dr.-Oscar-Donis-epidemio\u0301logo-del-IGSS-por-TN23-para-hablar-sobre-el-COVID-19-Marzo-2020-3-560x420.jpg 560w, \/wp-content\/uploads\/sites\/5\/2022\/05\/Entrevista-al-Dr.-Oscar-Donis-epidemio\u0301logo-del-IGSS-por-TN23-para-hablar-sobre-el-COVID-19-Marzo-2020-3-300x225.jpg 300w, \/wp-content\/uploads\/sites\/5\/2022\/05\/Entrevista-al-Dr.-Oscar-Donis-epidemio\u0301logo-del-IGSS-por-TN23-para-hablar-sobre-el-COVID-19-Marzo-2020-3-768x576.jpg 768w, \/wp-content\/uploads\/sites\/5\/2022\/05\/Entrevista-al-Dr.-Oscar-Donis-epidemio\u0301logo-del-IGSS-por-TN23-para-hablar-sobre-el-COVID-19-Marzo-2020-3-1024x768.jpg 1024w, \/wp-content\/uploads\/sites\/5\/2022\/05\/Entrevista-al-Dr.-Oscar-Donis-epidemio\u0301logo-del-IGSS-por-TN23-para-hablar-sobre-el-COVID-19-Marzo-2020-3-80x60.jpg 80w, \/wp-content\/uploads\/sites\/5\/2022\/05\/Entrevista-al-Dr.-Oscar-Donis-epidemio\u0301logo-del-IGSS-por-TN23-para-hablar-sobre-el-COVID-19-Marzo-2020-3-696x522.jpg 696w, \/wp-content\/uploads\/sites\/5\/2022\/05\/Entrevista-al-Dr.-Oscar-Donis-epidemio\u0301logo-del-IGSS-por-TN23-para-hablar-sobre-el-COVID-19-Marzo-2020-3-265x198.jpg 265w, \/wp-content\/uploads\/sites\/5\/2022\/05\/Entrevista-al-Dr.-Oscar-Donis-epidemio\u0301logo-del-IGSS-por-TN23-para-hablar-sobre-el-COVID-19-Marzo-2020-3-534x401.jpg 534w, \/wp-content\/uploads\/sites\/5\/2022\/05\/Entrevista-al-Dr.-Oscar-Donis-epidemio\u0301logo-del-IGSS-por-TN23-para-hablar-sobre-el-COVID-19-Marzo-2020-3.jpg 1040w\" sizes=\"(max-width: 560px) 100vw, 560px\" alt=\"\">\r\n                            <\/a>\r\n                            \r\n                        <\/figure>\r\n                    <\/div>\r\n                            <\/div>\r\n                        <\/div>\r\n\r\n                        <div class = \"td-doubleSlider-2\">\r\n                            <div class = \"td-slider\">\r\n                                \r\n                    <div class = \"td-button td-item1\">\r\n                        <div class = \"td-border\"><\/div>\r\n                    <\/div>\r\n                    <div class = \"td-button td-item2\">\r\n                        <div class = \"td-border\"><\/div>\r\n                    <\/div>\r\n                    <div class = \"td-button td-item3\">\r\n                        <div class = \"td-border\"><\/div>\r\n                    <\/div>\r\n                    <div class = \"td-button td-item4\">\r\n                        <div class = \"td-border\"><\/div>\r\n                    <\/div>\r\n                            <\/div>\r\n                        <\/div>\r\n\r\n                    <\/div>\r\n\r\n                <\/div>\r\n                \n","protected":false},"excerpt":{"rendered":"<p>Tener un primer caso no significa que toda la poblaci\u00f3n est\u00e9 en riesgo. Lo importante es informarnos. \u00bfTengo o no contacto con alguien que tiene coronavirus? Es la pregunta qu\u00e9 se debe hacer. No tenemos un cuadro espec\u00edfico sobre el COVID-19, puede presentar fiebre entre 38 y 39 grados, dolor muscular y tos. El Laboratorio [&hellip;]<\/p>\n","protected":false},"author":1961,"featured_media":27765,"comment_status":"closed","ping_status":"closed","sticky":false,"template":"","format":"standard","meta":{"footnotes":""},"categories":[3,41,29],"tags":[1152,1155,817],"coauthors":[1448],"class_list":{"0":"post-27764","1":"post","2":"type-post","3":"status-publish","4":"format-standard","5":"has-post-thumbnail","7":"category-actualidad","8":"category-igss-en-los-medios","9":"category-publicaciones","10":"tag-coronavirus","11":"tag-covid-19","12":"tag-tn23"},"_links":{"self":[{"href":"https:\/\/www.igssgt.org\/noticias\/wp-json\/wp\/v2\/posts\/27764","targetHints":{"allow":["GET"]}}],"collection":[{"href":"https:\/\/www.igssgt.org\/noticias\/wp-json\/wp\/v2\/posts"}],"about":[{"href":"https:\/\/www.igssgt.org\/noticias\/wp-json\/wp\/v2\/types\/post"}],"author":[{"embeddable":true,"href":"https:\/\/www.igssgt.org\/noticias\/wp-json\/wp\/v2\/users\/1961"}],"replies":[{"embeddable":true,"href":"https:\/\/www.igssgt.org\/noticias\/wp-json\/wp\/v2\/comments?post=27764"}],"version-history":[{"count":3,"href":"https:\/\/www.igssgt.org\/noticias\/wp-json\/wp\/v2\/posts\/27764\/revisions"}],"predecessor-version":[{"id":27771,"href":"https:\/\/www.igssgt.org\/noticias\/wp-json\/wp\/v2\/posts\/27764\/revisions\/27771"}],"wp:featuredmedia":[{"embeddable":true,"href":"https:\/\/www.igssgt.org\/noticias\/wp-json\/wp\/v2\/media\/27765"}],"wp:attachment":[{"href":"https:\/\/www.igssgt.org\/noticias\/wp-json\/wp\/v2\/media?parent=27764"}],"wp:term":[{"taxonomy":"category","embeddable":true,"href":"https:\/\/www.igssgt.org\/noticias\/wp-json\/wp\/v2\/categories?post=27764"},{"taxonomy":"post_tag","embeddable":true,"href":"https:\/\/www.igssgt.org\/noticias\/wp-json\/wp\/v2\/tags?post=27764"},{"taxonomy":"author","embeddable":true,"href":"https:\/\/www.igssgt.org\/noticias\/wp-json\/wp\/v2\/coauthors?post=27764"}],"curies":[{"name":"wp","href":"https:\/\/api.w.org\/{rel}","templated":true}]}}