{"id":27772,"date":"2020-03-18T15:23:00","date_gmt":"2020-03-18T21:23:00","guid":{"rendered":"https:\/\/www.igssgt.org\/noticias\/?p=27772"},"modified":"2022-05-26T15:32:12","modified_gmt":"2022-05-26T21:32:12","slug":"la-dra-angela-arguello-especialista-en-infectologia-del-igss-habla-sobre-medidas-para-prevenir-el-covid-19-por-radio-nuevo-mundo-96-1-fm","status":"publish","type":"post","link":"https:\/\/www.igssgt.org\/noticias\/2020\/03\/18\/la-dra-angela-arguello-especialista-en-infectologia-del-igss-habla-sobre-medidas-para-prevenir-el-covid-19-por-radio-nuevo-mundo-96-1-fm\/","title":{"rendered":"La Dra. \u00c1ngela Arg\u00fcello, especialista en Infectolog\u00eda del IGSS habla sobre medidas para prevenir el COVID-19 por Radio Nuevo Mundo 96.1 FM."},"content":{"rendered":"\n<p>\u201cIniciamos con una peque\u00f1a instrucci\u00f3n, \u00bfqu\u00e9 es el coronavirus (Covid-19)?, es una nueva cepa que surgi\u00f3 en China de transmisi\u00f3n mam\u00edfero a ser humano, muy parecido al SARS que su primer brote fue en el 2002.<\/p>\n<p>El lavado de manos con agua y jab\u00f3n es esencial para la prevenci\u00f3n del coronavirus, tambi\u00e9n alcohol en gel al 60% de concentraci\u00f3n es efectivo, comenta la Dra. Arg\u00fcello.<\/p>\n\n\n\n\r\n                <style type=\"text\/css\">\r\n                    \r\n                    #tdi_1  .td-doubleSlider-2 .td-item1 {\r\n                        background: url(\/wp-content\/uploads\/sites\/5\/2022\/05\/La-Dra.-A\u0301ngela-Argu\u0308ello-especialista-en-Infectologi\u0301a-del-IGSS-habla-sobre-medidas-para-prevenir-el-COVID-19-Marzo-2020-1-80x60.jpg) 0 0 no-repeat;\r\n                    }\r\n                    #tdi_1  .td-doubleSlider-2 .td-item2 {\r\n                        background: url(\/wp-content\/uploads\/sites\/5\/2022\/05\/La-Dra.-A\u0301ngela-Argu\u0308ello-especialista-en-Infectologi\u0301a-del-IGSS-habla-sobre-medidas-para-prevenir-el-COVID-19-Marzo-2020-3-80x60.jpg) 0 0 no-repeat;\r\n                    }\r\n                    #tdi_1  .td-doubleSlider-2 .td-item3 {\r\n                        background: url(\/wp-content\/uploads\/sites\/5\/2022\/05\/La-Dra.-A\u0301ngela-Argu\u0308ello-especialista-en-Infectologi\u0301a-del-IGSS-habla-sobre-medidas-para-prevenir-el-COVID-19-Marzo-2020-2-80x60.jpg) 0 0 no-repeat;\r\n                    }\r\n                    #tdi_1  .td-doubleSlider-2 .td-item4 {\r\n                        background: url(\/wp-content\/uploads\/sites\/5\/2022\/05\/La-Dra.-A\u0301ngela-Argu\u0308ello-especialista-en-Infectologi\u0301a-del-IGSS-habla-sobre-medidas-para-prevenir-el-COVID-19-Marzo-2020-4-80x60.jpg) 0 0 no-repeat;\r\n                    }\r\n                    #tdi_1  .td-doubleSlider-2 .td-item5 {\r\n                        background: url(\/wp-content\/uploads\/sites\/5\/2022\/05\/La-Dra.-A\u0301ngela-Argu\u0308ello-especialista-en-Infectologi\u0301a-del-IGSS-habla-sobre-medidas-para-prevenir-el-COVID-19-Marzo-2020-5-80x60.jpg) 0 0 no-repeat;\r\n                    }\r\n                <\/style>\r\n\r\n                <div id=\"tdi_1\" class=\"td-gallery td-slide-on-2-columns\">\r\n                    <div class=\"post_td_gallery\">\r\n                        <div class=\"td-gallery-slide-top\">\r\n                           <div class=\"td-gallery-title\"><\/div>\r\n\r\n                            <div class=\"td-gallery-controls-wrapper\">\r\n                                <div class=\"td-gallery-slide-count\"><span class=\"td-gallery-slide-item-focus\">1<\/span> de 5<\/div>\r\n                                <div class=\"td-gallery-slide-prev-next-but\">\r\n                                    <i class = \"td-icon-left doubleSliderPrevButton\"><\/i>\r\n                                    <i class = \"td-icon-right doubleSliderNextButton\"><\/i>\r\n                                <\/div>\r\n                            <\/div>\r\n                        <\/div>\r\n\r\n                        <div class = \"td-doubleSlider-1 \">\r\n                            <div class = \"td-slider\">\r\n                                \r\n                    <div class = \"td-slide-item td-item1\">\r\n                        <figure class=\"td-slide-galery-figure td-slide-popup-gallery\">\r\n                            <a class=\"slide-gallery-image-link\" href=\"\/wp-content\/uploads\/sites\/5\/2022\/05\/La-Dra.-A\u0301ngela-Argu\u0308ello-especialista-en-Infectologi\u0301a-del-IGSS-habla-sobre-medidas-para-prevenir-el-COVID-19-Marzo-2020-1.jpg\" title=\"La Dra. A\u0301ngela Argu\u0308ello, especialista en Infectologi\u0301a del IGSS habla sobre medidas para prevenir el COVID-19 Marzo 2020-1\"  data-caption=\"\"  data-description=\"\">\r\n                                <img decoding=\"async\" src=\"\/wp-content\/uploads\/sites\/5\/2022\/05\/La-Dra.-A\u0301ngela-Argu\u0308ello-especialista-en-Infectologi\u0301a-del-IGSS-habla-sobre-medidas-para-prevenir-el-COVID-19-Marzo-2020-1-560x420.jpg\" srcset=\"\/wp-content\/uploads\/sites\/5\/2022\/05\/La-Dra.-A\u0301ngela-Argu\u0308ello-especialista-en-Infectologi\u0301a-del-IGSS-habla-sobre-medidas-para-prevenir-el-COVID-19-Marzo-2020-1-560x420.jpg 560w, \/wp-content\/uploads\/sites\/5\/2022\/05\/La-Dra.-A\u0301ngela-Argu\u0308ello-especialista-en-Infectologi\u0301a-del-IGSS-habla-sobre-medidas-para-prevenir-el-COVID-19-Marzo-2020-1-300x225.jpg 300w, \/wp-content\/uploads\/sites\/5\/2022\/05\/La-Dra.-A\u0301ngela-Argu\u0308ello-especialista-en-Infectologi\u0301a-del-IGSS-habla-sobre-medidas-para-prevenir-el-COVID-19-Marzo-2020-1-768x576.jpg 768w, \/wp-content\/uploads\/sites\/5\/2022\/05\/La-Dra.-A\u0301ngela-Argu\u0308ello-especialista-en-Infectologi\u0301a-del-IGSS-habla-sobre-medidas-para-prevenir-el-COVID-19-Marzo-2020-1-1024x768.jpg 1024w, \/wp-content\/uploads\/sites\/5\/2022\/05\/La-Dra.-A\u0301ngela-Argu\u0308ello-especialista-en-Infectologi\u0301a-del-IGSS-habla-sobre-medidas-para-prevenir-el-COVID-19-Marzo-2020-1-80x60.jpg 80w, \/wp-content\/uploads\/sites\/5\/2022\/05\/La-Dra.-A\u0301ngela-Argu\u0308ello-especialista-en-Infectologi\u0301a-del-IGSS-habla-sobre-medidas-para-prevenir-el-COVID-19-Marzo-2020-1-696x522.jpg 696w, \/wp-content\/uploads\/sites\/5\/2022\/05\/La-Dra.-A\u0301ngela-Argu\u0308ello-especialista-en-Infectologi\u0301a-del-IGSS-habla-sobre-medidas-para-prevenir-el-COVID-19-Marzo-2020-1-1068x801.jpg 1068w, \/wp-content\/uploads\/sites\/5\/2022\/05\/La-Dra.-A\u0301ngela-Argu\u0308ello-especialista-en-Infectologi\u0301a-del-IGSS-habla-sobre-medidas-para-prevenir-el-COVID-19-Marzo-2020-1-265x198.jpg 265w, \/wp-content\/uploads\/sites\/5\/2022\/05\/La-Dra.-A\u0301ngela-Argu\u0308ello-especialista-en-Infectologi\u0301a-del-IGSS-habla-sobre-medidas-para-prevenir-el-COVID-19-Marzo-2020-1-534x401.jpg 534w, \/wp-content\/uploads\/sites\/5\/2022\/05\/La-Dra.-A\u0301ngela-Argu\u0308ello-especialista-en-Infectologi\u0301a-del-IGSS-habla-sobre-medidas-para-prevenir-el-COVID-19-Marzo-2020-1.jpg 1152w\" sizes=\"(max-width: 560px) 100vw, 560px\" alt=\"\">\r\n                            <\/a>\r\n                            \r\n                        <\/figure>\r\n                    <\/div>\r\n                    <div class = \"td-slide-item td-item2\">\r\n                        <figure class=\"td-slide-galery-figure td-slide-popup-gallery\">\r\n                            <a class=\"slide-gallery-image-link\" href=\"\/wp-content\/uploads\/sites\/5\/2022\/05\/La-Dra.-A\u0301ngela-Argu\u0308ello-especialista-en-Infectologi\u0301a-del-IGSS-habla-sobre-medidas-para-prevenir-el-COVID-19-Marzo-2020-3.jpg\" title=\"La Dra. A\u0301ngela Argu\u0308ello, especialista en Infectologi\u0301a del IGSS habla sobre medidas para prevenir el COVID-19 Marzo 2020-3\"  data-caption=\"\"  data-description=\"\">\r\n                                <img decoding=\"async\" src=\"\/wp-content\/uploads\/sites\/5\/2022\/05\/La-Dra.-A\u0301ngela-Argu\u0308ello-especialista-en-Infectologi\u0301a-del-IGSS-habla-sobre-medidas-para-prevenir-el-COVID-19-Marzo-2020-3-560x420.jpg\" srcset=\"\/wp-content\/uploads\/sites\/5\/2022\/05\/La-Dra.-A\u0301ngela-Argu\u0308ello-especialista-en-Infectologi\u0301a-del-IGSS-habla-sobre-medidas-para-prevenir-el-COVID-19-Marzo-2020-3-560x420.jpg 560w, \/wp-content\/uploads\/sites\/5\/2022\/05\/La-Dra.-A\u0301ngela-Argu\u0308ello-especialista-en-Infectologi\u0301a-del-IGSS-habla-sobre-medidas-para-prevenir-el-COVID-19-Marzo-2020-3-300x225.jpg 300w, \/wp-content\/uploads\/sites\/5\/2022\/05\/La-Dra.-A\u0301ngela-Argu\u0308ello-especialista-en-Infectologi\u0301a-del-IGSS-habla-sobre-medidas-para-prevenir-el-COVID-19-Marzo-2020-3-768x576.jpg 768w, \/wp-content\/uploads\/sites\/5\/2022\/05\/La-Dra.-A\u0301ngela-Argu\u0308ello-especialista-en-Infectologi\u0301a-del-IGSS-habla-sobre-medidas-para-prevenir-el-COVID-19-Marzo-2020-3-1024x768.jpg 1024w, \/wp-content\/uploads\/sites\/5\/2022\/05\/La-Dra.-A\u0301ngela-Argu\u0308ello-especialista-en-Infectologi\u0301a-del-IGSS-habla-sobre-medidas-para-prevenir-el-COVID-19-Marzo-2020-3-80x60.jpg 80w, \/wp-content\/uploads\/sites\/5\/2022\/05\/La-Dra.-A\u0301ngela-Argu\u0308ello-especialista-en-Infectologi\u0301a-del-IGSS-habla-sobre-medidas-para-prevenir-el-COVID-19-Marzo-2020-3-696x522.jpg 696w, \/wp-content\/uploads\/sites\/5\/2022\/05\/La-Dra.-A\u0301ngela-Argu\u0308ello-especialista-en-Infectologi\u0301a-del-IGSS-habla-sobre-medidas-para-prevenir-el-COVID-19-Marzo-2020-3-1068x801.jpg 1068w, \/wp-content\/uploads\/sites\/5\/2022\/05\/La-Dra.-A\u0301ngela-Argu\u0308ello-especialista-en-Infectologi\u0301a-del-IGSS-habla-sobre-medidas-para-prevenir-el-COVID-19-Marzo-2020-3-265x198.jpg 265w, \/wp-content\/uploads\/sites\/5\/2022\/05\/La-Dra.-A\u0301ngela-Argu\u0308ello-especialista-en-Infectologi\u0301a-del-IGSS-habla-sobre-medidas-para-prevenir-el-COVID-19-Marzo-2020-3-534x401.jpg 534w, \/wp-content\/uploads\/sites\/5\/2022\/05\/La-Dra.-A\u0301ngela-Argu\u0308ello-especialista-en-Infectologi\u0301a-del-IGSS-habla-sobre-medidas-para-prevenir-el-COVID-19-Marzo-2020-3.jpg 1152w\" sizes=\"(max-width: 560px) 100vw, 560px\" alt=\"\">\r\n                            <\/a>\r\n                            \r\n                        <\/figure>\r\n                    <\/div>\r\n                    <div class = \"td-slide-item td-item3\">\r\n                        <figure class=\"td-slide-galery-figure td-slide-popup-gallery\">\r\n                            <a class=\"slide-gallery-image-link\" href=\"\/wp-content\/uploads\/sites\/5\/2022\/05\/La-Dra.-A\u0301ngela-Argu\u0308ello-especialista-en-Infectologi\u0301a-del-IGSS-habla-sobre-medidas-para-prevenir-el-COVID-19-Marzo-2020-2.jpg\" title=\"La Dra. A\u0301ngela Argu\u0308ello, especialista en Infectologi\u0301a del IGSS habla sobre medidas para prevenir el COVID-19 Marzo 2020-2\"  data-caption=\"\"  data-description=\"\">\r\n                                <img decoding=\"async\" src=\"\/wp-content\/uploads\/sites\/5\/2022\/05\/La-Dra.-A\u0301ngela-Argu\u0308ello-especialista-en-Infectologi\u0301a-del-IGSS-habla-sobre-medidas-para-prevenir-el-COVID-19-Marzo-2020-2-560x420.jpg\" srcset=\"\/wp-content\/uploads\/sites\/5\/2022\/05\/La-Dra.-A\u0301ngela-Argu\u0308ello-especialista-en-Infectologi\u0301a-del-IGSS-habla-sobre-medidas-para-prevenir-el-COVID-19-Marzo-2020-2-560x420.jpg 560w, \/wp-content\/uploads\/sites\/5\/2022\/05\/La-Dra.-A\u0301ngela-Argu\u0308ello-especialista-en-Infectologi\u0301a-del-IGSS-habla-sobre-medidas-para-prevenir-el-COVID-19-Marzo-2020-2-300x225.jpg 300w, \/wp-content\/uploads\/sites\/5\/2022\/05\/La-Dra.-A\u0301ngela-Argu\u0308ello-especialista-en-Infectologi\u0301a-del-IGSS-habla-sobre-medidas-para-prevenir-el-COVID-19-Marzo-2020-2-768x576.jpg 768w, \/wp-content\/uploads\/sites\/5\/2022\/05\/La-Dra.-A\u0301ngela-Argu\u0308ello-especialista-en-Infectologi\u0301a-del-IGSS-habla-sobre-medidas-para-prevenir-el-COVID-19-Marzo-2020-2-1024x768.jpg 1024w, \/wp-content\/uploads\/sites\/5\/2022\/05\/La-Dra.-A\u0301ngela-Argu\u0308ello-especialista-en-Infectologi\u0301a-del-IGSS-habla-sobre-medidas-para-prevenir-el-COVID-19-Marzo-2020-2-80x60.jpg 80w, \/wp-content\/uploads\/sites\/5\/2022\/05\/La-Dra.-A\u0301ngela-Argu\u0308ello-especialista-en-Infectologi\u0301a-del-IGSS-habla-sobre-medidas-para-prevenir-el-COVID-19-Marzo-2020-2-696x522.jpg 696w, \/wp-content\/uploads\/sites\/5\/2022\/05\/La-Dra.-A\u0301ngela-Argu\u0308ello-especialista-en-Infectologi\u0301a-del-IGSS-habla-sobre-medidas-para-prevenir-el-COVID-19-Marzo-2020-2-1068x801.jpg 1068w, \/wp-content\/uploads\/sites\/5\/2022\/05\/La-Dra.-A\u0301ngela-Argu\u0308ello-especialista-en-Infectologi\u0301a-del-IGSS-habla-sobre-medidas-para-prevenir-el-COVID-19-Marzo-2020-2-265x198.jpg 265w, \/wp-content\/uploads\/sites\/5\/2022\/05\/La-Dra.-A\u0301ngela-Argu\u0308ello-especialista-en-Infectologi\u0301a-del-IGSS-habla-sobre-medidas-para-prevenir-el-COVID-19-Marzo-2020-2-534x401.jpg 534w, \/wp-content\/uploads\/sites\/5\/2022\/05\/La-Dra.-A\u0301ngela-Argu\u0308ello-especialista-en-Infectologi\u0301a-del-IGSS-habla-sobre-medidas-para-prevenir-el-COVID-19-Marzo-2020-2.jpg 1152w\" sizes=\"(max-width: 560px) 100vw, 560px\" alt=\"\">\r\n                            <\/a>\r\n                            \r\n                        <\/figure>\r\n                    <\/div>\r\n                    <div class = \"td-slide-item td-item4\">\r\n                        <figure class=\"td-slide-galery-figure td-slide-popup-gallery\">\r\n                            <a class=\"slide-gallery-image-link\" href=\"\/wp-content\/uploads\/sites\/5\/2022\/05\/La-Dra.-A\u0301ngela-Argu\u0308ello-especialista-en-Infectologi\u0301a-del-IGSS-habla-sobre-medidas-para-prevenir-el-COVID-19-Marzo-2020-4.jpg\" title=\"La Dra. A\u0301ngela Argu\u0308ello, especialista en Infectologi\u0301a del IGSS habla sobre medidas para prevenir el COVID-19 Marzo 2020-4\"  data-caption=\"\"  data-description=\"\">\r\n                                <img decoding=\"async\" src=\"\/wp-content\/uploads\/sites\/5\/2022\/05\/La-Dra.-A\u0301ngela-Argu\u0308ello-especialista-en-Infectologi\u0301a-del-IGSS-habla-sobre-medidas-para-prevenir-el-COVID-19-Marzo-2020-4-560x420.jpg\" srcset=\"\/wp-content\/uploads\/sites\/5\/2022\/05\/La-Dra.-A\u0301ngela-Argu\u0308ello-especialista-en-Infectologi\u0301a-del-IGSS-habla-sobre-medidas-para-prevenir-el-COVID-19-Marzo-2020-4-560x420.jpg 560w, \/wp-content\/uploads\/sites\/5\/2022\/05\/La-Dra.-A\u0301ngela-Argu\u0308ello-especialista-en-Infectologi\u0301a-del-IGSS-habla-sobre-medidas-para-prevenir-el-COVID-19-Marzo-2020-4-300x225.jpg 300w, \/wp-content\/uploads\/sites\/5\/2022\/05\/La-Dra.-A\u0301ngela-Argu\u0308ello-especialista-en-Infectologi\u0301a-del-IGSS-habla-sobre-medidas-para-prevenir-el-COVID-19-Marzo-2020-4-768x576.jpg 768w, \/wp-content\/uploads\/sites\/5\/2022\/05\/La-Dra.-A\u0301ngela-Argu\u0308ello-especialista-en-Infectologi\u0301a-del-IGSS-habla-sobre-medidas-para-prevenir-el-COVID-19-Marzo-2020-4-80x60.jpg 80w, \/wp-content\/uploads\/sites\/5\/2022\/05\/La-Dra.-A\u0301ngela-Argu\u0308ello-especialista-en-Infectologi\u0301a-del-IGSS-habla-sobre-medidas-para-prevenir-el-COVID-19-Marzo-2020-4-696x522.jpg 696w, \/wp-content\/uploads\/sites\/5\/2022\/05\/La-Dra.-A\u0301ngela-Argu\u0308ello-especialista-en-Infectologi\u0301a-del-IGSS-habla-sobre-medidas-para-prevenir-el-COVID-19-Marzo-2020-4-265x198.jpg 265w, \/wp-content\/uploads\/sites\/5\/2022\/05\/La-Dra.-A\u0301ngela-Argu\u0308ello-especialista-en-Infectologi\u0301a-del-IGSS-habla-sobre-medidas-para-prevenir-el-COVID-19-Marzo-2020-4-534x401.jpg 534w, \/wp-content\/uploads\/sites\/5\/2022\/05\/La-Dra.-A\u0301ngela-Argu\u0308ello-especialista-en-Infectologi\u0301a-del-IGSS-habla-sobre-medidas-para-prevenir-el-COVID-19-Marzo-2020-4.jpg 900w\" sizes=\"(max-width: 560px) 100vw, 560px\" alt=\"\">\r\n                            <\/a>\r\n                            \r\n                        <\/figure>\r\n                    <\/div>\r\n                    <div class = \"td-slide-item td-item5\">\r\n                        <figure class=\"td-slide-galery-figure td-slide-popup-gallery\">\r\n                            <a class=\"slide-gallery-image-link\" href=\"\/wp-content\/uploads\/sites\/5\/2022\/05\/La-Dra.-A\u0301ngela-Argu\u0308ello-especialista-en-Infectologi\u0301a-del-IGSS-habla-sobre-medidas-para-prevenir-el-COVID-19-Marzo-2020-5.jpg\" title=\"La Dra. A\u0301ngela Argu\u0308ello, especialista en Infectologi\u0301a del IGSS habla sobre medidas para prevenir el COVID-19 Marzo 2020-5\"  data-caption=\"\"  data-description=\"\">\r\n                                <img decoding=\"async\" src=\"\/wp-content\/uploads\/sites\/5\/2022\/05\/La-Dra.-A\u0301ngela-Argu\u0308ello-especialista-en-Infectologi\u0301a-del-IGSS-habla-sobre-medidas-para-prevenir-el-COVID-19-Marzo-2020-5-560x420.jpg\" srcset=\"\/wp-content\/uploads\/sites\/5\/2022\/05\/La-Dra.-A\u0301ngela-Argu\u0308ello-especialista-en-Infectologi\u0301a-del-IGSS-habla-sobre-medidas-para-prevenir-el-COVID-19-Marzo-2020-5-560x420.jpg 560w, \/wp-content\/uploads\/sites\/5\/2022\/05\/La-Dra.-A\u0301ngela-Argu\u0308ello-especialista-en-Infectologi\u0301a-del-IGSS-habla-sobre-medidas-para-prevenir-el-COVID-19-Marzo-2020-5-300x225.jpg 300w, \/wp-content\/uploads\/sites\/5\/2022\/05\/La-Dra.-A\u0301ngela-Argu\u0308ello-especialista-en-Infectologi\u0301a-del-IGSS-habla-sobre-medidas-para-prevenir-el-COVID-19-Marzo-2020-5-768x576.jpg 768w, \/wp-content\/uploads\/sites\/5\/2022\/05\/La-Dra.-A\u0301ngela-Argu\u0308ello-especialista-en-Infectologi\u0301a-del-IGSS-habla-sobre-medidas-para-prevenir-el-COVID-19-Marzo-2020-5-80x60.jpg 80w, \/wp-content\/uploads\/sites\/5\/2022\/05\/La-Dra.-A\u0301ngela-Argu\u0308ello-especialista-en-Infectologi\u0301a-del-IGSS-habla-sobre-medidas-para-prevenir-el-COVID-19-Marzo-2020-5-696x522.jpg 696w, \/wp-content\/uploads\/sites\/5\/2022\/05\/La-Dra.-A\u0301ngela-Argu\u0308ello-especialista-en-Infectologi\u0301a-del-IGSS-habla-sobre-medidas-para-prevenir-el-COVID-19-Marzo-2020-5-265x198.jpg 265w, \/wp-content\/uploads\/sites\/5\/2022\/05\/La-Dra.-A\u0301ngela-Argu\u0308ello-especialista-en-Infectologi\u0301a-del-IGSS-habla-sobre-medidas-para-prevenir-el-COVID-19-Marzo-2020-5-534x401.jpg 534w, \/wp-content\/uploads\/sites\/5\/2022\/05\/La-Dra.-A\u0301ngela-Argu\u0308ello-especialista-en-Infectologi\u0301a-del-IGSS-habla-sobre-medidas-para-prevenir-el-COVID-19-Marzo-2020-5.jpg 900w\" sizes=\"(max-width: 560px) 100vw, 560px\" alt=\"\">\r\n                            <\/a>\r\n                            \r\n                        <\/figure>\r\n                    <\/div>\r\n                            <\/div>\r\n                        <\/div>\r\n\r\n                        <div class = \"td-doubleSlider-2\">\r\n                            <div class = \"td-slider\">\r\n                                \r\n                    <div class = \"td-button td-item1\">\r\n                        <div class = \"td-border\"><\/div>\r\n                    <\/div>\r\n                    <div class = \"td-button td-item2\">\r\n                        <div class = \"td-border\"><\/div>\r\n                    <\/div>\r\n                    <div class = \"td-button td-item3\">\r\n                        <div class = \"td-border\"><\/div>\r\n                    <\/div>\r\n                    <div class = \"td-button td-item4\">\r\n                        <div class = \"td-border\"><\/div>\r\n                    <\/div>\r\n                    <div class = \"td-button td-item5\">\r\n                        <div class = \"td-border\"><\/div>\r\n                    <\/div>\r\n                            <\/div>\r\n                        <\/div>\r\n\r\n                    <\/div>\r\n\r\n                <\/div>\r\n                \n","protected":false},"excerpt":{"rendered":"<p>\u201cIniciamos con una peque\u00f1a instrucci\u00f3n, \u00bfqu\u00e9 es el coronavirus (Covid-19)?, es una nueva cepa que surgi\u00f3 en China de transmisi\u00f3n mam\u00edfero a ser humano, muy parecido al SARS que su primer brote fue en el 2002. El lavado de manos con agua y jab\u00f3n es esencial para la prevenci\u00f3n del coronavirus, tambi\u00e9n alcohol en gel [&hellip;]<\/p>\n","protected":false},"author":1961,"featured_media":27774,"comment_status":"closed","ping_status":"closed","sticky":false,"template":"","format":"standard","meta":{"footnotes":""},"categories":[3,41,29],"tags":[1152,1155,954,745],"coauthors":[1448],"class_list":{"0":"post-27772","1":"post","2":"type-post","3":"status-publish","4":"format-standard","5":"has-post-thumbnail","7":"category-actualidad","8":"category-igss-en-los-medios","9":"category-publicaciones","10":"tag-coronavirus","11":"tag-covid-19","12":"tag-igss-en-los-medios","13":"tag-radio-nuevo-mundo"},"_links":{"self":[{"href":"https:\/\/www.igssgt.org\/noticias\/wp-json\/wp\/v2\/posts\/27772","targetHints":{"allow":["GET"]}}],"collection":[{"href":"https:\/\/www.igssgt.org\/noticias\/wp-json\/wp\/v2\/posts"}],"about":[{"href":"https:\/\/www.igssgt.org\/noticias\/wp-json\/wp\/v2\/types\/post"}],"author":[{"embeddable":true,"href":"https:\/\/www.igssgt.org\/noticias\/wp-json\/wp\/v2\/users\/1961"}],"replies":[{"embeddable":true,"href":"https:\/\/www.igssgt.org\/noticias\/wp-json\/wp\/v2\/comments?post=27772"}],"version-history":[{"count":1,"href":"https:\/\/www.igssgt.org\/noticias\/wp-json\/wp\/v2\/posts\/27772\/revisions"}],"predecessor-version":[{"id":27778,"href":"https:\/\/www.igssgt.org\/noticias\/wp-json\/wp\/v2\/posts\/27772\/revisions\/27778"}],"wp:featuredmedia":[{"embeddable":true,"href":"https:\/\/www.igssgt.org\/noticias\/wp-json\/wp\/v2\/media\/27774"}],"wp:attachment":[{"href":"https:\/\/www.igssgt.org\/noticias\/wp-json\/wp\/v2\/media?parent=27772"}],"wp:term":[{"taxonomy":"category","embeddable":true,"href":"https:\/\/www.igssgt.org\/noticias\/wp-json\/wp\/v2\/categories?post=27772"},{"taxonomy":"post_tag","embeddable":true,"href":"https:\/\/www.igssgt.org\/noticias\/wp-json\/wp\/v2\/tags?post=27772"},{"taxonomy":"author","embeddable":true,"href":"https:\/\/www.igssgt.org\/noticias\/wp-json\/wp\/v2\/coauthors?post=27772"}],"curies":[{"name":"wp","href":"https:\/\/api.w.org\/{rel}","templated":true}]}}