{"id":27842,"date":"2022-05-27T16:55:48","date_gmt":"2022-05-27T22:55:48","guid":{"rendered":"https:\/\/www.igssgt.org\/noticias\/?p=27842"},"modified":"2022-05-30T12:46:41","modified_gmt":"2022-05-30T18:46:41","slug":"el-igss-premia-la-excelencia-de-trabajadores","status":"publish","type":"post","link":"https:\/\/www.igssgt.org\/noticias\/2022\/05\/27\/el-igss-premia-la-excelencia-de-trabajadores\/","title":{"rendered":"El IGSS premia la Excelencia de trabajadores"},"content":{"rendered":"\n<p class=\"has-drop-cap\">Las autoridades del Instituto Guatemalteco de Seguridad Social (IGSS) durante un acto especial entregaron este 27 de mayo el Galard\u00f3n a la Excelencia a los cinco trabajadores que m\u00e1s se han destacado por la entrega, dedicaci\u00f3n y cumplimiento de sus atribuciones en la prestaci\u00f3n del servicio en dependencias del Instituto. Este premio consiste en un diploma de reconocimiento y una medalla conmemorativa.<\/p>\n\n\n\n<p>La M.Sc. Z\u00e1mara Yohana Vel\u00e1squez Ramos de Herrera, subgerente de Recursos Humanos, destac\u00f3 que los galardonados son un gran ejemplo de vida y los inst\u00f3 a continuar con su compromiso en el trabajo, comportamiento \u00e9tico, eficiencia y dem\u00e1s valores que son fundamentales para hacerse acreedores de este reconocimiento.<\/p>\n<p>\u201cEl trabajo que han realizado cada uno de los galardonados los ha caracterizado en sus unidades ejecutoras, ustedes son ejemplo para 22 mil trabajadores del Instituto y elegidos por sus propios&nbsp; compa\u00f1eros desde el puesto m\u00e1s peque\u00f1o hasta el m\u00e1s alto, eso demuestra el liderazgo que han proyectado en sus unidades ejecutoras\u201d, dijo el&nbsp; M.Sc. Edson Javier Rivera M\u00e9ndez, gerente del Seguro Social.<\/p>\n<blockquote>\n<p>Los invito a que porten ese galard\u00f3n con orgullo, que irradien con su luz de responsabilidad en todo lugar.<\/p>\n<\/blockquote>\n<p>En su intervenci\u00f3n, el presidente de la Junta Directiva del IGSS, licenciado Jos\u00e9 Adolfo Flamenco Jau, resalt\u00f3 que no solo es un galard\u00f3n sino el reconocimiento del liderazgo que cada uno desempe\u00f1a en sus puestos de trabajo. \u201cLos invito a que porten ese galard\u00f3n con orgullo, que irradien con su luz de responsabilidad en todo lugar por donde pasen en el Instituto y que sean los primeros en dar una atenci\u00f3n de calidad y calidez a los afiliados y compa\u00f1eros\u201d, expres\u00f3. &nbsp;&nbsp;<\/p>\n<p>Los cinco galardonados manifestaron su agradecimiento a las altas autoridades y dijeron sentirse felices y motivados para seguir dando lo mejor en sus actividades laborales. La licenciada Norma Maril\u00fa V\u00e1squez Monz\u00f3n, jefe de Divisi\u00f3n del Departamento de Gesti\u00f3n y Planeaci\u00f3n de Recursos Humanos, coment\u00f3 estar orgullosa por este galard\u00f3n, pues&nbsp; su trabajo lo ha realizado con pasi\u00f3n durante muchos a\u00f1os.<\/p>\n<p>\u201cEstoy agradecida con Dios por el reconocimiento y comprometida a seguir trabajado como lo he realizado desde mi primer d\u00eda de labores\u201d, dijo Roxana Jeaneth Qui\u00f1\u00f3nez de Samayoa, secretaria estad\u00edstica B de la Direcci\u00f3n Departamental de Escuintla, al momento de recibir el reconocimiento.<\/p>\n<h3><strong>Ocho a\u00f1os de premiar la labor <\/strong><\/h3>\n<p>El premio del Galard\u00f3n a la Excelencia naci\u00f3 el a\u00f1o 2014, se entrega cada a\u00f1o con el prop\u00f3sito de premiar o reconocer proyectos en dependencias m\u00e9dico hospitalarias que impactaran positivamente en el servicio que se brinda a los asegurados. Inicialmente la actividad era coordinada &nbsp;por el Departamento de Comunicaci\u00f3n Social y Relaciones P\u00fablicas del IGSS, actualmente es organizada por la Subgerencia de Recursos Humanos y se premia a cinco trabajadores destacados.<\/p>\n<p>En el a\u00f1o 2020, por la pandemia, el Galard\u00f3n a la Excelencia no pudo ser entregado, pero a partir del a\u00f1o pasado se convoc\u00f3 a las dependencias del Instituto a participar con cinco candidatos, en esa oportunidad fueron premiados trabajadores que desempe\u00f1aban sus labores en la primera l\u00ednea de combate al COVID-19. &nbsp;<\/p>\n<p>La historia de vida de cada uno de los galardonados qued\u00f3 plasmada en el libro de oro y forma parte del ejemplo de excelencia laboral para las &nbsp;futuras generaciones.<\/p>\n<h3><strong>Los galardonados:<\/strong><\/h3>\n<p><a href=\"https:\/\/www.igssgt.org\/noticias\/2022\/05\/27\/el-igss-premia-la-excelencia-de-trabajadores\/el-igss-premia-la-excelencia-de-trabajadores-mayo-2022-2\/\" rel=\"attachment wp-att-27843\"><img loading=\"lazy\" decoding=\"async\" class=\"alignnone wp-image-27843 size-full\" src=\"\/wp-content\/uploads\/sites\/5\/2022\/05\/El-IGSS-premia-la-Excelencia-de-trabajadores-Mayo-2022-2.jpg\" alt=\"\" width=\"947\" height=\"636\" srcset=\"\/wp-content\/uploads\/sites\/5\/2022\/05\/El-IGSS-premia-la-Excelencia-de-trabajadores-Mayo-2022-2.jpg 947w, \/wp-content\/uploads\/sites\/5\/2022\/05\/El-IGSS-premia-la-Excelencia-de-trabajadores-Mayo-2022-2-300x201.jpg 300w, \/wp-content\/uploads\/sites\/5\/2022\/05\/El-IGSS-premia-la-Excelencia-de-trabajadores-Mayo-2022-2-768x516.jpg 768w, \/wp-content\/uploads\/sites\/5\/2022\/05\/El-IGSS-premia-la-Excelencia-de-trabajadores-Mayo-2022-2-625x420.jpg 625w, \/wp-content\/uploads\/sites\/5\/2022\/05\/El-IGSS-premia-la-Excelencia-de-trabajadores-Mayo-2022-2-696x467.jpg 696w, \/wp-content\/uploads\/sites\/5\/2022\/05\/El-IGSS-premia-la-Excelencia-de-trabajadores-Mayo-2022-2-534x359.jpg 534w\" sizes=\"auto, (max-width: 947px) 100vw, 947px\" \/><\/a>Mar\u00eda Amparo Garc\u00eda Guzm\u00e1n de Salazar, trabajadora social del Consultorio de Salam\u00e1, Baja Verapaz.<\/p>\n<hr>\n<p>&nbsp;<\/p>\n<p><a href=\"https:\/\/www.igssgt.org\/noticias\/2022\/05\/27\/el-igss-premia-la-excelencia-de-trabajadores\/el-igss-premia-la-excelencia-de-trabajadores-mayo-2022-4\/\" target=\"_blank\" rel=\"attachment noopener wp-att-27844\"><img loading=\"lazy\" decoding=\"async\" class=\"alignnone wp-image-27844 size-full\" src=\"\/wp-content\/uploads\/sites\/5\/2022\/05\/El-IGSS-premia-la-Excelencia-de-trabajadores-Mayo-2022-4.jpg\" alt=\"\" width=\"1296\" height=\"864\" srcset=\"\/wp-content\/uploads\/sites\/5\/2022\/05\/El-IGSS-premia-la-Excelencia-de-trabajadores-Mayo-2022-4.jpg 1296w, \/wp-content\/uploads\/sites\/5\/2022\/05\/El-IGSS-premia-la-Excelencia-de-trabajadores-Mayo-2022-4-300x200.jpg 300w, \/wp-content\/uploads\/sites\/5\/2022\/05\/El-IGSS-premia-la-Excelencia-de-trabajadores-Mayo-2022-4-768x512.jpg 768w, \/wp-content\/uploads\/sites\/5\/2022\/05\/El-IGSS-premia-la-Excelencia-de-trabajadores-Mayo-2022-4-1024x683.jpg 1024w, \/wp-content\/uploads\/sites\/5\/2022\/05\/El-IGSS-premia-la-Excelencia-de-trabajadores-Mayo-2022-4-630x420.jpg 630w, \/wp-content\/uploads\/sites\/5\/2022\/05\/El-IGSS-premia-la-Excelencia-de-trabajadores-Mayo-2022-4-696x464.jpg 696w, \/wp-content\/uploads\/sites\/5\/2022\/05\/El-IGSS-premia-la-Excelencia-de-trabajadores-Mayo-2022-4-1068x712.jpg 1068w, \/wp-content\/uploads\/sites\/5\/2022\/05\/El-IGSS-premia-la-Excelencia-de-trabajadores-Mayo-2022-4-534x356.jpg 534w\" sizes=\"auto, (max-width: 1296px) 100vw, 1296px\" \/><\/a>Glenda Marina Escalante Paz, jefe de Secci\u00f3n del Departamento M\u00e9dico de Servicios T\u00e9cnicos de la Subgerencia de Prestaciones en Salud.<\/p>\n<hr>\n<p>&nbsp;<\/p>\n<p><a href=\"https:\/\/www.igssgt.org\/noticias\/2022\/05\/27\/el-igss-premia-la-excelencia-de-trabajadores\/el-igss-premia-la-excelencia-de-trabajadores-mayo-2022-11\/\" rel=\"attachment wp-att-27845\"><img loading=\"lazy\" decoding=\"async\" class=\"alignnone wp-image-27845 size-full\" src=\"\/wp-content\/uploads\/sites\/5\/2022\/05\/El-IGSS-premia-la-Excelencia-de-trabajadores-Mayo-2022-11.jpg\" alt=\"\" width=\"1296\" height=\"864\" srcset=\"\/wp-content\/uploads\/sites\/5\/2022\/05\/El-IGSS-premia-la-Excelencia-de-trabajadores-Mayo-2022-11.jpg 1296w, \/wp-content\/uploads\/sites\/5\/2022\/05\/El-IGSS-premia-la-Excelencia-de-trabajadores-Mayo-2022-11-300x200.jpg 300w, \/wp-content\/uploads\/sites\/5\/2022\/05\/El-IGSS-premia-la-Excelencia-de-trabajadores-Mayo-2022-11-768x512.jpg 768w, \/wp-content\/uploads\/sites\/5\/2022\/05\/El-IGSS-premia-la-Excelencia-de-trabajadores-Mayo-2022-11-1024x683.jpg 1024w, \/wp-content\/uploads\/sites\/5\/2022\/05\/El-IGSS-premia-la-Excelencia-de-trabajadores-Mayo-2022-11-630x420.jpg 630w, \/wp-content\/uploads\/sites\/5\/2022\/05\/El-IGSS-premia-la-Excelencia-de-trabajadores-Mayo-2022-11-696x464.jpg 696w, \/wp-content\/uploads\/sites\/5\/2022\/05\/El-IGSS-premia-la-Excelencia-de-trabajadores-Mayo-2022-11-1068x712.jpg 1068w, \/wp-content\/uploads\/sites\/5\/2022\/05\/El-IGSS-premia-la-Excelencia-de-trabajadores-Mayo-2022-11-534x356.jpg 534w\" sizes=\"auto, (max-width: 1296px) 100vw, 1296px\" \/><\/a>Roxana Jeaneth Qui\u00f1\u00f3nez Duarte de Samayoa, estad\u00edstica B de la Direcci\u00f3n Departamental de Escuintla.<\/p>\n<hr>\n<p>&nbsp;<\/p>\n<p><a href=\"https:\/\/www.igssgt.org\/noticias\/2022\/05\/27\/el-igss-premia-la-excelencia-de-trabajadores\/el-igss-premia-la-excelencia-de-trabajadores-mayo-2022-9\/\" rel=\"attachment wp-att-27846\"><img loading=\"lazy\" decoding=\"async\" class=\"alignnone wp-image-27846 size-full\" src=\"\/wp-content\/uploads\/sites\/5\/2022\/05\/El-IGSS-premia-la-Excelencia-de-trabajadores-Mayo-2022-9.jpg\" alt=\"\" width=\"1073\" height=\"821\" srcset=\"\/wp-content\/uploads\/sites\/5\/2022\/05\/El-IGSS-premia-la-Excelencia-de-trabajadores-Mayo-2022-9.jpg 1073w, \/wp-content\/uploads\/sites\/5\/2022\/05\/El-IGSS-premia-la-Excelencia-de-trabajadores-Mayo-2022-9-300x230.jpg 300w, \/wp-content\/uploads\/sites\/5\/2022\/05\/El-IGSS-premia-la-Excelencia-de-trabajadores-Mayo-2022-9-768x588.jpg 768w, \/wp-content\/uploads\/sites\/5\/2022\/05\/El-IGSS-premia-la-Excelencia-de-trabajadores-Mayo-2022-9-1024x784.jpg 1024w, \/wp-content\/uploads\/sites\/5\/2022\/05\/El-IGSS-premia-la-Excelencia-de-trabajadores-Mayo-2022-9-549x420.jpg 549w, \/wp-content\/uploads\/sites\/5\/2022\/05\/El-IGSS-premia-la-Excelencia-de-trabajadores-Mayo-2022-9-80x60.jpg 80w, \/wp-content\/uploads\/sites\/5\/2022\/05\/El-IGSS-premia-la-Excelencia-de-trabajadores-Mayo-2022-9-696x533.jpg 696w, \/wp-content\/uploads\/sites\/5\/2022\/05\/El-IGSS-premia-la-Excelencia-de-trabajadores-Mayo-2022-9-1068x817.jpg 1068w, \/wp-content\/uploads\/sites\/5\/2022\/05\/El-IGSS-premia-la-Excelencia-de-trabajadores-Mayo-2022-9-534x409.jpg 534w\" sizes=\"auto, (max-width: 1073px) 100vw, 1073px\" \/><\/a>Jos\u00e9 Miguel Cruz S\u00e1nchez, encargado de Bodega A de la Unidad Perif\u00e9rica Zona 5.<\/p>\n<hr>\n<p>&nbsp;<\/p>\n<p><a href=\"https:\/\/www.igssgt.org\/noticias\/2022\/05\/27\/el-igss-premia-la-excelencia-de-trabajadores\/el-igss-premia-la-excelencia-de-trabajadores-mayo-2022-5\/\" rel=\"attachment wp-att-27847\"><img loading=\"lazy\" decoding=\"async\" class=\"alignnone size-full wp-image-27847\" src=\"\/wp-content\/uploads\/sites\/5\/2022\/05\/El-IGSS-premia-la-Excelencia-de-trabajadores-Mayo-2022-5.jpg\" alt=\"\" width=\"1296\" height=\"864\" srcset=\"\/wp-content\/uploads\/sites\/5\/2022\/05\/El-IGSS-premia-la-Excelencia-de-trabajadores-Mayo-2022-5.jpg 1296w, \/wp-content\/uploads\/sites\/5\/2022\/05\/El-IGSS-premia-la-Excelencia-de-trabajadores-Mayo-2022-5-300x200.jpg 300w, \/wp-content\/uploads\/sites\/5\/2022\/05\/El-IGSS-premia-la-Excelencia-de-trabajadores-Mayo-2022-5-768x512.jpg 768w, \/wp-content\/uploads\/sites\/5\/2022\/05\/El-IGSS-premia-la-Excelencia-de-trabajadores-Mayo-2022-5-1024x683.jpg 1024w, \/wp-content\/uploads\/sites\/5\/2022\/05\/El-IGSS-premia-la-Excelencia-de-trabajadores-Mayo-2022-5-630x420.jpg 630w, \/wp-content\/uploads\/sites\/5\/2022\/05\/El-IGSS-premia-la-Excelencia-de-trabajadores-Mayo-2022-5-696x464.jpg 696w, \/wp-content\/uploads\/sites\/5\/2022\/05\/El-IGSS-premia-la-Excelencia-de-trabajadores-Mayo-2022-5-1068x712.jpg 1068w, \/wp-content\/uploads\/sites\/5\/2022\/05\/El-IGSS-premia-la-Excelencia-de-trabajadores-Mayo-2022-5-534x356.jpg 534w\" sizes=\"auto, (max-width: 1296px) 100vw, 1296px\" \/><\/a>Norma Maril\u00fa V\u00e1squez Monz\u00f3n, jefe de la Divisi\u00f3n del Departamento de Gesti\u00f3n y Planeaci\u00f3n del Recurso Humano, de la Subgerencia de Recursos Humanos.<\/p>\n<hr>\n<p>&nbsp;<\/p>\n\n\n\n\r\n                <style type=\"text\/css\">\r\n                    \r\n                    #tdi_1  .td-doubleSlider-2 .td-item1 {\r\n                        background: url(\/wp-content\/uploads\/sites\/5\/2022\/05\/El-IGSS-premia-la-Excelencia-de-trabajadores-Mayo-2022-6-80x60.jpg) 0 0 no-repeat;\r\n                    }\r\n                    #tdi_1  .td-doubleSlider-2 .td-item2 {\r\n                        background: url(\/wp-content\/uploads\/sites\/5\/2022\/05\/El-IGSS-premia-la-Excelencia-de-trabajadores-Mayo-2022-8-80x60.jpg) 0 0 no-repeat;\r\n                    }\r\n                    #tdi_1  .td-doubleSlider-2 .td-item3 {\r\n                        background: url(\/wp-content\/uploads\/sites\/5\/2022\/05\/El-IGSS-premia-la-Excelencia-de-trabajadores-Mayo-2022-10-80x60.jpg) 0 0 no-repeat;\r\n                    }\r\n                    #tdi_1  .td-doubleSlider-2 .td-item4 {\r\n                        background: url(\/wp-content\/uploads\/sites\/5\/2022\/05\/El-IGSS-premia-la-Excelencia-de-trabajadores-Mayo-2022-14-80x60.jpg) 0 0 no-repeat;\r\n                    }\r\n                    #tdi_1  .td-doubleSlider-2 .td-item5 {\r\n                        background: url(\/wp-content\/uploads\/sites\/5\/2022\/05\/El-IGSS-premia-la-Excelencia-de-trabajadores-Mayo-2022-13-80x60.jpg) 0 0 no-repeat;\r\n                    }\r\n                    #tdi_1  .td-doubleSlider-2 .td-item6 {\r\n                        background: url(\/wp-content\/uploads\/sites\/5\/2022\/05\/El-IGSS-premia-la-Excelencia-de-trabajadores-Mayo-2022-1-80x60.jpg) 0 0 no-repeat;\r\n                    }\r\n                    #tdi_1  .td-doubleSlider-2 .td-item7 {\r\n                        background: url(\/wp-content\/uploads\/sites\/5\/2022\/05\/El-IGSS-premia-la-Excelencia-de-trabajadores-Mayo-2022-3-80x60.jpg) 0 0 no-repeat;\r\n                    }\r\n                    #tdi_1  .td-doubleSlider-2 .td-item8 {\r\n                        background: url(\/wp-content\/uploads\/sites\/5\/2022\/05\/El-IGSS-premia-la-Excelencia-de-trabajadores-Mayo-2022-7-80x60.jpg) 0 0 no-repeat;\r\n                    }\r\n                <\/style>\r\n\r\n                <div id=\"tdi_1\" class=\"td-gallery td-slide-on-2-columns\">\r\n                    <div class=\"post_td_gallery\">\r\n                        <div class=\"td-gallery-slide-top\">\r\n                           <div class=\"td-gallery-title\"><\/div>\r\n\r\n                            <div class=\"td-gallery-controls-wrapper\">\r\n                                <div class=\"td-gallery-slide-count\"><span class=\"td-gallery-slide-item-focus\">1<\/span> de 8<\/div>\r\n                                <div class=\"td-gallery-slide-prev-next-but\">\r\n                                    <i class = \"td-icon-left doubleSliderPrevButton\"><\/i>\r\n                                    <i class = \"td-icon-right doubleSliderNextButton\"><\/i>\r\n                                <\/div>\r\n                            <\/div>\r\n                        <\/div>\r\n\r\n                        <div class = \"td-doubleSlider-1 \">\r\n                            <div class = \"td-slider\">\r\n                                \r\n                    <div class = \"td-slide-item td-item1\">\r\n                        <figure class=\"td-slide-galery-figure td-slide-popup-gallery\">\r\n                            <a class=\"slide-gallery-image-link\" href=\"\/wp-content\/uploads\/sites\/5\/2022\/05\/El-IGSS-premia-la-Excelencia-de-trabajadores-Mayo-2022-6.jpg\" title=\"El IGSS premia la Excelencia de trabajadores Mayo 2022-6\"  data-caption=\"\"  data-description=\"\">\r\n                                <img decoding=\"async\" src=\"\/wp-content\/uploads\/sites\/5\/2022\/05\/El-IGSS-premia-la-Excelencia-de-trabajadores-Mayo-2022-6-630x420.jpg\" srcset=\"\/wp-content\/uploads\/sites\/5\/2022\/05\/El-IGSS-premia-la-Excelencia-de-trabajadores-Mayo-2022-6-630x420.jpg 630w, \/wp-content\/uploads\/sites\/5\/2022\/05\/El-IGSS-premia-la-Excelencia-de-trabajadores-Mayo-2022-6-300x200.jpg 300w, \/wp-content\/uploads\/sites\/5\/2022\/05\/El-IGSS-premia-la-Excelencia-de-trabajadores-Mayo-2022-6-768x512.jpg 768w, \/wp-content\/uploads\/sites\/5\/2022\/05\/El-IGSS-premia-la-Excelencia-de-trabajadores-Mayo-2022-6-1024x683.jpg 1024w, \/wp-content\/uploads\/sites\/5\/2022\/05\/El-IGSS-premia-la-Excelencia-de-trabajadores-Mayo-2022-6-696x464.jpg 696w, \/wp-content\/uploads\/sites\/5\/2022\/05\/El-IGSS-premia-la-Excelencia-de-trabajadores-Mayo-2022-6-1068x712.jpg 1068w, \/wp-content\/uploads\/sites\/5\/2022\/05\/El-IGSS-premia-la-Excelencia-de-trabajadores-Mayo-2022-6-534x356.jpg 534w, \/wp-content\/uploads\/sites\/5\/2022\/05\/El-IGSS-premia-la-Excelencia-de-trabajadores-Mayo-2022-6.jpg 1296w\" sizes=\"(max-width: 630px) 100vw, 630px\" alt=\"\">\r\n                            <\/a>\r\n                            \r\n                        <\/figure>\r\n                    <\/div>\r\n                    <div class = \"td-slide-item td-item2\">\r\n                        <figure class=\"td-slide-galery-figure td-slide-popup-gallery\">\r\n                            <a class=\"slide-gallery-image-link\" href=\"\/wp-content\/uploads\/sites\/5\/2022\/05\/El-IGSS-premia-la-Excelencia-de-trabajadores-Mayo-2022-8.jpg\" title=\"El IGSS premia la Excelencia de trabajadores Mayo 2022-8\"  data-caption=\"\"  data-description=\"\">\r\n                                <img decoding=\"async\" src=\"\/wp-content\/uploads\/sites\/5\/2022\/05\/El-IGSS-premia-la-Excelencia-de-trabajadores-Mayo-2022-8-630x420.jpg\" srcset=\"\/wp-content\/uploads\/sites\/5\/2022\/05\/El-IGSS-premia-la-Excelencia-de-trabajadores-Mayo-2022-8-630x420.jpg 630w, \/wp-content\/uploads\/sites\/5\/2022\/05\/El-IGSS-premia-la-Excelencia-de-trabajadores-Mayo-2022-8-300x200.jpg 300w, \/wp-content\/uploads\/sites\/5\/2022\/05\/El-IGSS-premia-la-Excelencia-de-trabajadores-Mayo-2022-8-768x512.jpg 768w, \/wp-content\/uploads\/sites\/5\/2022\/05\/El-IGSS-premia-la-Excelencia-de-trabajadores-Mayo-2022-8-1024x683.jpg 1024w, \/wp-content\/uploads\/sites\/5\/2022\/05\/El-IGSS-premia-la-Excelencia-de-trabajadores-Mayo-2022-8-696x464.jpg 696w, \/wp-content\/uploads\/sites\/5\/2022\/05\/El-IGSS-premia-la-Excelencia-de-trabajadores-Mayo-2022-8-1068x712.jpg 1068w, \/wp-content\/uploads\/sites\/5\/2022\/05\/El-IGSS-premia-la-Excelencia-de-trabajadores-Mayo-2022-8-534x356.jpg 534w, \/wp-content\/uploads\/sites\/5\/2022\/05\/El-IGSS-premia-la-Excelencia-de-trabajadores-Mayo-2022-8.jpg 1296w\" sizes=\"(max-width: 630px) 100vw, 630px\" alt=\"\">\r\n                            <\/a>\r\n                            \r\n                        <\/figure>\r\n                    <\/div>\r\n                    <div class = \"td-slide-item td-item3\">\r\n                        <figure class=\"td-slide-galery-figure td-slide-popup-gallery\">\r\n                            <a class=\"slide-gallery-image-link\" href=\"\/wp-content\/uploads\/sites\/5\/2022\/05\/El-IGSS-premia-la-Excelencia-de-trabajadores-Mayo-2022-10.jpg\" title=\"El IGSS premia la Excelencia de trabajadores Mayo 2022-10\"  data-caption=\"\"  data-description=\"\">\r\n                                <img decoding=\"async\" src=\"\/wp-content\/uploads\/sites\/5\/2022\/05\/El-IGSS-premia-la-Excelencia-de-trabajadores-Mayo-2022-10-630x420.jpg\" srcset=\"\/wp-content\/uploads\/sites\/5\/2022\/05\/El-IGSS-premia-la-Excelencia-de-trabajadores-Mayo-2022-10-630x420.jpg 630w, \/wp-content\/uploads\/sites\/5\/2022\/05\/El-IGSS-premia-la-Excelencia-de-trabajadores-Mayo-2022-10-300x200.jpg 300w, \/wp-content\/uploads\/sites\/5\/2022\/05\/El-IGSS-premia-la-Excelencia-de-trabajadores-Mayo-2022-10-768x512.jpg 768w, \/wp-content\/uploads\/sites\/5\/2022\/05\/El-IGSS-premia-la-Excelencia-de-trabajadores-Mayo-2022-10-1024x683.jpg 1024w, \/wp-content\/uploads\/sites\/5\/2022\/05\/El-IGSS-premia-la-Excelencia-de-trabajadores-Mayo-2022-10-696x464.jpg 696w, \/wp-content\/uploads\/sites\/5\/2022\/05\/El-IGSS-premia-la-Excelencia-de-trabajadores-Mayo-2022-10-1068x712.jpg 1068w, \/wp-content\/uploads\/sites\/5\/2022\/05\/El-IGSS-premia-la-Excelencia-de-trabajadores-Mayo-2022-10-534x356.jpg 534w, \/wp-content\/uploads\/sites\/5\/2022\/05\/El-IGSS-premia-la-Excelencia-de-trabajadores-Mayo-2022-10.jpg 1296w\" sizes=\"(max-width: 630px) 100vw, 630px\" alt=\"\">\r\n                            <\/a>\r\n                            \r\n                        <\/figure>\r\n                    <\/div>\r\n                    <div class = \"td-slide-item td-item4\">\r\n                        <figure class=\"td-slide-galery-figure td-slide-popup-gallery\">\r\n                            <a class=\"slide-gallery-image-link\" href=\"\/wp-content\/uploads\/sites\/5\/2022\/05\/El-IGSS-premia-la-Excelencia-de-trabajadores-Mayo-2022-14.jpg\" title=\"El IGSS premia la Excelencia de trabajadores Mayo 2022-14\"  data-caption=\"\"  data-description=\"\">\r\n                                <img decoding=\"async\" src=\"\/wp-content\/uploads\/sites\/5\/2022\/05\/El-IGSS-premia-la-Excelencia-de-trabajadores-Mayo-2022-14-630x420.jpg\" srcset=\"\/wp-content\/uploads\/sites\/5\/2022\/05\/El-IGSS-premia-la-Excelencia-de-trabajadores-Mayo-2022-14-630x420.jpg 630w, \/wp-content\/uploads\/sites\/5\/2022\/05\/El-IGSS-premia-la-Excelencia-de-trabajadores-Mayo-2022-14-300x200.jpg 300w, \/wp-content\/uploads\/sites\/5\/2022\/05\/El-IGSS-premia-la-Excelencia-de-trabajadores-Mayo-2022-14-768x512.jpg 768w, \/wp-content\/uploads\/sites\/5\/2022\/05\/El-IGSS-premia-la-Excelencia-de-trabajadores-Mayo-2022-14-1024x683.jpg 1024w, \/wp-content\/uploads\/sites\/5\/2022\/05\/El-IGSS-premia-la-Excelencia-de-trabajadores-Mayo-2022-14-696x464.jpg 696w, \/wp-content\/uploads\/sites\/5\/2022\/05\/El-IGSS-premia-la-Excelencia-de-trabajadores-Mayo-2022-14-1068x712.jpg 1068w, \/wp-content\/uploads\/sites\/5\/2022\/05\/El-IGSS-premia-la-Excelencia-de-trabajadores-Mayo-2022-14-534x356.jpg 534w, \/wp-content\/uploads\/sites\/5\/2022\/05\/El-IGSS-premia-la-Excelencia-de-trabajadores-Mayo-2022-14.jpg 1296w\" sizes=\"(max-width: 630px) 100vw, 630px\" alt=\"\">\r\n                            <\/a>\r\n                            \r\n                        <\/figure>\r\n                    <\/div>\r\n                    <div class = \"td-slide-item td-item5\">\r\n                        <figure class=\"td-slide-galery-figure td-slide-popup-gallery\">\r\n                            <a class=\"slide-gallery-image-link\" href=\"\/wp-content\/uploads\/sites\/5\/2022\/05\/El-IGSS-premia-la-Excelencia-de-trabajadores-Mayo-2022-13.jpg\" title=\"El IGSS premia la Excelencia de trabajadores Mayo 2022-13\"  data-caption=\"\"  data-description=\"\">\r\n                                <img decoding=\"async\" src=\"\/wp-content\/uploads\/sites\/5\/2022\/05\/El-IGSS-premia-la-Excelencia-de-trabajadores-Mayo-2022-13-630x420.jpg\" srcset=\"\/wp-content\/uploads\/sites\/5\/2022\/05\/El-IGSS-premia-la-Excelencia-de-trabajadores-Mayo-2022-13-630x420.jpg 630w, \/wp-content\/uploads\/sites\/5\/2022\/05\/El-IGSS-premia-la-Excelencia-de-trabajadores-Mayo-2022-13-300x200.jpg 300w, \/wp-content\/uploads\/sites\/5\/2022\/05\/El-IGSS-premia-la-Excelencia-de-trabajadores-Mayo-2022-13-768x512.jpg 768w, \/wp-content\/uploads\/sites\/5\/2022\/05\/El-IGSS-premia-la-Excelencia-de-trabajadores-Mayo-2022-13-1024x683.jpg 1024w, \/wp-content\/uploads\/sites\/5\/2022\/05\/El-IGSS-premia-la-Excelencia-de-trabajadores-Mayo-2022-13-696x464.jpg 696w, \/wp-content\/uploads\/sites\/5\/2022\/05\/El-IGSS-premia-la-Excelencia-de-trabajadores-Mayo-2022-13-1068x712.jpg 1068w, \/wp-content\/uploads\/sites\/5\/2022\/05\/El-IGSS-premia-la-Excelencia-de-trabajadores-Mayo-2022-13-534x356.jpg 534w, \/wp-content\/uploads\/sites\/5\/2022\/05\/El-IGSS-premia-la-Excelencia-de-trabajadores-Mayo-2022-13.jpg 1296w\" sizes=\"(max-width: 630px) 100vw, 630px\" alt=\"\">\r\n                            <\/a>\r\n                            \r\n                        <\/figure>\r\n                    <\/div>\r\n                    <div class = \"td-slide-item td-item6\">\r\n                        <figure class=\"td-slide-galery-figure td-slide-popup-gallery\">\r\n                            <a class=\"slide-gallery-image-link\" href=\"\/wp-content\/uploads\/sites\/5\/2022\/05\/El-IGSS-premia-la-Excelencia-de-trabajadores-Mayo-2022-1.jpg\" title=\"El IGSS premia la Excelencia de trabajadores Mayo 2022-1\"  data-caption=\"\"  data-description=\"\">\r\n                                <img decoding=\"async\" src=\"\/wp-content\/uploads\/sites\/5\/2022\/05\/El-IGSS-premia-la-Excelencia-de-trabajadores-Mayo-2022-1-630x420.jpg\" srcset=\"\/wp-content\/uploads\/sites\/5\/2022\/05\/El-IGSS-premia-la-Excelencia-de-trabajadores-Mayo-2022-1-630x420.jpg 630w, \/wp-content\/uploads\/sites\/5\/2022\/05\/El-IGSS-premia-la-Excelencia-de-trabajadores-Mayo-2022-1-300x200.jpg 300w, \/wp-content\/uploads\/sites\/5\/2022\/05\/El-IGSS-premia-la-Excelencia-de-trabajadores-Mayo-2022-1-768x512.jpg 768w, \/wp-content\/uploads\/sites\/5\/2022\/05\/El-IGSS-premia-la-Excelencia-de-trabajadores-Mayo-2022-1-1024x683.jpg 1024w, \/wp-content\/uploads\/sites\/5\/2022\/05\/El-IGSS-premia-la-Excelencia-de-trabajadores-Mayo-2022-1-696x464.jpg 696w, \/wp-content\/uploads\/sites\/5\/2022\/05\/El-IGSS-premia-la-Excelencia-de-trabajadores-Mayo-2022-1-1068x712.jpg 1068w, \/wp-content\/uploads\/sites\/5\/2022\/05\/El-IGSS-premia-la-Excelencia-de-trabajadores-Mayo-2022-1-534x356.jpg 534w, \/wp-content\/uploads\/sites\/5\/2022\/05\/El-IGSS-premia-la-Excelencia-de-trabajadores-Mayo-2022-1.jpg 1296w\" sizes=\"(max-width: 630px) 100vw, 630px\" alt=\"\">\r\n                            <\/a>\r\n                            \r\n                        <\/figure>\r\n                    <\/div>\r\n                    <div class = \"td-slide-item td-item7\">\r\n                        <figure class=\"td-slide-galery-figure td-slide-popup-gallery\">\r\n                            <a class=\"slide-gallery-image-link\" href=\"\/wp-content\/uploads\/sites\/5\/2022\/05\/El-IGSS-premia-la-Excelencia-de-trabajadores-Mayo-2022-3.jpg\" title=\"El IGSS premia la Excelencia de trabajadores Mayo 2022-3\"  data-caption=\"\"  data-description=\"\">\r\n                                <img decoding=\"async\" src=\"\/wp-content\/uploads\/sites\/5\/2022\/05\/El-IGSS-premia-la-Excelencia-de-trabajadores-Mayo-2022-3-630x420.jpg\" srcset=\"\/wp-content\/uploads\/sites\/5\/2022\/05\/El-IGSS-premia-la-Excelencia-de-trabajadores-Mayo-2022-3-630x420.jpg 630w, \/wp-content\/uploads\/sites\/5\/2022\/05\/El-IGSS-premia-la-Excelencia-de-trabajadores-Mayo-2022-3-300x200.jpg 300w, \/wp-content\/uploads\/sites\/5\/2022\/05\/El-IGSS-premia-la-Excelencia-de-trabajadores-Mayo-2022-3-768x512.jpg 768w, \/wp-content\/uploads\/sites\/5\/2022\/05\/El-IGSS-premia-la-Excelencia-de-trabajadores-Mayo-2022-3-1024x683.jpg 1024w, \/wp-content\/uploads\/sites\/5\/2022\/05\/El-IGSS-premia-la-Excelencia-de-trabajadores-Mayo-2022-3-696x464.jpg 696w, \/wp-content\/uploads\/sites\/5\/2022\/05\/El-IGSS-premia-la-Excelencia-de-trabajadores-Mayo-2022-3-1068x712.jpg 1068w, \/wp-content\/uploads\/sites\/5\/2022\/05\/El-IGSS-premia-la-Excelencia-de-trabajadores-Mayo-2022-3-534x356.jpg 534w, \/wp-content\/uploads\/sites\/5\/2022\/05\/El-IGSS-premia-la-Excelencia-de-trabajadores-Mayo-2022-3.jpg 1296w\" sizes=\"(max-width: 630px) 100vw, 630px\" alt=\"\">\r\n                            <\/a>\r\n                            \r\n                        <\/figure>\r\n                    <\/div>\r\n                    <div class = \"td-slide-item td-item8\">\r\n                        <figure class=\"td-slide-galery-figure td-slide-popup-gallery\">\r\n                            <a class=\"slide-gallery-image-link\" href=\"\/wp-content\/uploads\/sites\/5\/2022\/05\/El-IGSS-premia-la-Excelencia-de-trabajadores-Mayo-2022-7.jpg\" title=\"El IGSS premia la Excelencia de trabajadores Mayo 2022-7\"  data-caption=\"\"  data-description=\"\">\r\n                                <img decoding=\"async\" src=\"\/wp-content\/uploads\/sites\/5\/2022\/05\/El-IGSS-premia-la-Excelencia-de-trabajadores-Mayo-2022-7-630x420.jpg\" srcset=\"\/wp-content\/uploads\/sites\/5\/2022\/05\/El-IGSS-premia-la-Excelencia-de-trabajadores-Mayo-2022-7-630x420.jpg 630w, \/wp-content\/uploads\/sites\/5\/2022\/05\/El-IGSS-premia-la-Excelencia-de-trabajadores-Mayo-2022-7-300x200.jpg 300w, \/wp-content\/uploads\/sites\/5\/2022\/05\/El-IGSS-premia-la-Excelencia-de-trabajadores-Mayo-2022-7-768x512.jpg 768w, \/wp-content\/uploads\/sites\/5\/2022\/05\/El-IGSS-premia-la-Excelencia-de-trabajadores-Mayo-2022-7-1024x683.jpg 1024w, \/wp-content\/uploads\/sites\/5\/2022\/05\/El-IGSS-premia-la-Excelencia-de-trabajadores-Mayo-2022-7-696x464.jpg 696w, \/wp-content\/uploads\/sites\/5\/2022\/05\/El-IGSS-premia-la-Excelencia-de-trabajadores-Mayo-2022-7-1068x712.jpg 1068w, \/wp-content\/uploads\/sites\/5\/2022\/05\/El-IGSS-premia-la-Excelencia-de-trabajadores-Mayo-2022-7-534x356.jpg 534w, \/wp-content\/uploads\/sites\/5\/2022\/05\/El-IGSS-premia-la-Excelencia-de-trabajadores-Mayo-2022-7.jpg 1296w\" sizes=\"(max-width: 630px) 100vw, 630px\" alt=\"\">\r\n                            <\/a>\r\n                            \r\n                        <\/figure>\r\n                    <\/div>\r\n                            <\/div>\r\n                        <\/div>\r\n\r\n                        <div class = \"td-doubleSlider-2\">\r\n                            <div class = \"td-slider\">\r\n                                \r\n                    <div class = \"td-button td-item1\">\r\n                        <div class = \"td-border\"><\/div>\r\n                    <\/div>\r\n                    <div class = \"td-button td-item2\">\r\n                        <div class = \"td-border\"><\/div>\r\n                    <\/div>\r\n                    <div class = \"td-button td-item3\">\r\n                        <div class = \"td-border\"><\/div>\r\n                    <\/div>\r\n                    <div class = \"td-button td-item4\">\r\n                        <div class = \"td-border\"><\/div>\r\n                    <\/div>\r\n                    <div class = \"td-button td-item5\">\r\n                        <div class = \"td-border\"><\/div>\r\n                    <\/div>\r\n                    <div class = \"td-button td-item6\">\r\n                        <div class = \"td-border\"><\/div>\r\n                    <\/div>\r\n                    <div class = \"td-button td-item7\">\r\n                        <div class = \"td-border\"><\/div>\r\n                    <\/div>\r\n                    <div class = \"td-button td-item8\">\r\n                        <div class = \"td-border\"><\/div>\r\n                    <\/div>\r\n                            <\/div>\r\n                        <\/div>\r\n\r\n                    <\/div>\r\n\r\n                <\/div>\r\n                \n","protected":false},"excerpt":{"rendered":"<p>Las autoridades del Instituto Guatemalteco de Seguridad Social (IGSS) durante un acto especial entregaron el Galard\u00f3n a la Excelencia a los cinco trabajadores que m\u00e1s se han destacado por la entrega, dedicaci\u00f3n y cumplimiento de sus atribuciones en la prestaci\u00f3n del servicio en dependencias del Instituto.<\/p>\n","protected":false},"author":1961,"featured_media":27858,"comment_status":"closed","ping_status":"closed","sticky":false,"template":"","format":"standard","meta":{"footnotes":""},"categories":[3,15],"tags":[1011,490,750],"coauthors":[1448],"class_list":{"0":"post-27842","1":"post","2":"type-post","3":"status-publish","4":"format-standard","5":"has-post-thumbnail","7":"category-actualidad","8":"category-destacado","9":"tag-galardon-a-la-excelencia","10":"tag-igss","11":"tag-reconocimiento"},"_links":{"self":[{"href":"https:\/\/www.igssgt.org\/noticias\/wp-json\/wp\/v2\/posts\/27842","targetHints":{"allow":["GET"]}}],"collection":[{"href":"https:\/\/www.igssgt.org\/noticias\/wp-json\/wp\/v2\/posts"}],"about":[{"href":"https:\/\/www.igssgt.org\/noticias\/wp-json\/wp\/v2\/types\/post"}],"author":[{"embeddable":true,"href":"https:\/\/www.igssgt.org\/noticias\/wp-json\/wp\/v2\/users\/1961"}],"replies":[{"embeddable":true,"href":"https:\/\/www.igssgt.org\/noticias\/wp-json\/wp\/v2\/comments?post=27842"}],"version-history":[{"count":24,"href":"https:\/\/www.igssgt.org\/noticias\/wp-json\/wp\/v2\/posts\/27842\/revisions"}],"predecessor-version":[{"id":27885,"href":"https:\/\/www.igssgt.org\/noticias\/wp-json\/wp\/v2\/posts\/27842\/revisions\/27885"}],"wp:featuredmedia":[{"embeddable":true,"href":"https:\/\/www.igssgt.org\/noticias\/wp-json\/wp\/v2\/media\/27858"}],"wp:attachment":[{"href":"https:\/\/www.igssgt.org\/noticias\/wp-json\/wp\/v2\/media?parent=27842"}],"wp:term":[{"taxonomy":"category","embeddable":true,"href":"https:\/\/www.igssgt.org\/noticias\/wp-json\/wp\/v2\/categories?post=27842"},{"taxonomy":"post_tag","embeddable":true,"href":"https:\/\/www.igssgt.org\/noticias\/wp-json\/wp\/v2\/tags?post=27842"},{"taxonomy":"author","embeddable":true,"href":"https:\/\/www.igssgt.org\/noticias\/wp-json\/wp\/v2\/coauthors?post=27842"}],"curies":[{"name":"wp","href":"https:\/\/api.w.org\/{rel}","templated":true}]}}