{"id":27922,"date":"2022-06-06T10:36:10","date_gmt":"2022-06-06T16:36:10","guid":{"rendered":"https:\/\/www.igssgt.org\/noticias\/?p=27922"},"modified":"2022-06-06T10:36:12","modified_gmt":"2022-06-06T16:36:12","slug":"el-igss-recomienda-proteger-al-adulto-mayor-en-la-epoca-de-lluvia","status":"publish","type":"post","link":"https:\/\/www.igssgt.org\/noticias\/2022\/06\/06\/el-igss-recomienda-proteger-al-adulto-mayor-en-la-epoca-de-lluvia\/","title":{"rendered":"El IGSS recomienda proteger al adulto mayor en la \u00e9poca de lluvia"},"content":{"rendered":"\n<p class=\"has-drop-cap\">El Instituto Guatemalteco de Seguridad Social (IGSS) hace un llamado a la poblaci\u00f3n para que proteja al adulto mayor de los virus, los cuales aumentan con la llegada de las lluvias constantes que pueden traer complicaciones para la salud por la humedad en el ambiente.<\/p>\n\n\n\n<p>La m\u00e9dica geriatra Ana del Carmen Marroqu\u00edn, del Centro Integral de Atenci\u00f3n del Adulto Mayor CAMIP Barranquilla 2, destac\u00f3 que las enfermedades que m\u00e1s afectan a los pacientes en esta temporada son las gripes, rinitis al\u00e9rgica, los procesos de neumon\u00eda y si padecen de una enfermedad cr\u00f3nica pulmonar podr\u00eda complicarse.<\/p>\n<p><a href=\"https:\/\/www.igssgt.org\/noticias\/2022\/06\/02\/el-igss-recomienda-proteger-al-adulto-mayor-en-la-epoca-de-lluvia\/el-igss-recomienda-proteger-al-adulto-mayor-en-la-epoca-de-lluvia-junio-2022-4\/\" target=\"_blank\" rel=\"attachment noopener wp-att-27926\"><img loading=\"lazy\" decoding=\"async\" class=\"alignnone wp-image-27926 size-full\" src=\"\/wp-content\/uploads\/sites\/5\/2022\/06\/El-IGSS-recomienda-proteger-al-adulto-mayor-en-la-e\u0301poca-de-lluvia-Junio-2022-4.jpg\" alt=\"\" width=\"1280\" height=\"853\" srcset=\"\/wp-content\/uploads\/sites\/5\/2022\/06\/El-IGSS-recomienda-proteger-al-adulto-mayor-en-la-e\u0301poca-de-lluvia-Junio-2022-4.jpg 1280w, \/wp-content\/uploads\/sites\/5\/2022\/06\/El-IGSS-recomienda-proteger-al-adulto-mayor-en-la-e\u0301poca-de-lluvia-Junio-2022-4-300x200.jpg 300w, \/wp-content\/uploads\/sites\/5\/2022\/06\/El-IGSS-recomienda-proteger-al-adulto-mayor-en-la-e\u0301poca-de-lluvia-Junio-2022-4-768x512.jpg 768w, \/wp-content\/uploads\/sites\/5\/2022\/06\/El-IGSS-recomienda-proteger-al-adulto-mayor-en-la-e\u0301poca-de-lluvia-Junio-2022-4-1024x682.jpg 1024w, \/wp-content\/uploads\/sites\/5\/2022\/06\/El-IGSS-recomienda-proteger-al-adulto-mayor-en-la-e\u0301poca-de-lluvia-Junio-2022-4-630x420.jpg 630w, \/wp-content\/uploads\/sites\/5\/2022\/06\/El-IGSS-recomienda-proteger-al-adulto-mayor-en-la-e\u0301poca-de-lluvia-Junio-2022-4-696x464.jpg 696w, \/wp-content\/uploads\/sites\/5\/2022\/06\/El-IGSS-recomienda-proteger-al-adulto-mayor-en-la-e\u0301poca-de-lluvia-Junio-2022-4-1068x712.jpg 1068w, \/wp-content\/uploads\/sites\/5\/2022\/06\/El-IGSS-recomienda-proteger-al-adulto-mayor-en-la-e\u0301poca-de-lluvia-Junio-2022-4-534x356.jpg 534w\" sizes=\"auto, (max-width: 1280px) 100vw, 1280px\" \/><\/a><\/p>\n<p>La humedad hace que las enfermedades empeoren a los pacientes con artritis al afectarles las articulaciones por el clima fr\u00edo, adem\u00e1s el adulto mayor por la edad y por el sistema de inmunodeficiencia est\u00e1 propenso a contagiarse de m\u00e1s enfermedades infecciosas, como virales o bacterianas.<\/p>\n<p>La geriatra recomend\u00f3 proteger a los adultos mayores y enfermos cr\u00f3nicos por ser m\u00e1s vulnerables al cambio clim\u00e1tico &nbsp;y aconsej\u00f3 que se administren la vacuna contra la&nbsp; influenza y neumococo, esto para prevenir las gripes y la neumon\u00eda. Adem\u00e1s, resalt\u00f3 la importancia de aplicarse la cuarta dosis de la vacuna contra el COVID-19.<\/p>\n<p><iframe loading=\"lazy\" title=\"El IGSS recomienda proteger al adulto mayor en la e\u0301poca de lluvia\" width=\"696\" height=\"392\" src=\"https:\/\/www.youtube.com\/embed\/f9ynw3Q_8KY?feature=oembed\" frameborder=\"0\" allow=\"accelerometer; autoplay; clipboard-write; encrypted-media; gyroscope; picture-in-picture\" allowfullscreen><\/iframe><\/p>\n<h3><strong>Recomendaciones <\/strong><\/h3>\n<p>Para proteger su salud es importante que si est\u00e1 lloviendo utilice paraguas, evite exponerse a las corrientes de aire y si se moja no quedarse con la ropa h\u00fameda para evitar resfriados y problemas pulmonares. Tambi\u00e9n es importante consumir vitamina C y al salir a la calle abrigarse bien, pues un peque\u00f1o aire puede afectar los pulmones. Si se est\u00e1 bajo tratamiento por alguna enfermedad, cumplir con las horas establecidas en la administraci\u00f3n de los medicamentos y mantenerse bien hidratado.<\/p>\n<p>Recuerde que las enfermedades respiratorias se contagian cuando la persona tose, esto genera part\u00edculas que quedan suspendidas en el aire y las gotitas flotan durante horas en los lugares cerrados.<\/p>\n\n\n\n\r\n                <style type=\"text\/css\">\r\n                    \r\n                    #tdi_1  .td-doubleSlider-2 .td-item1 {\r\n                        background: url(\/wp-content\/uploads\/sites\/5\/2022\/06\/El-IGSS-recomienda-proteger-al-adulto-mayor-en-la-e\u0301poca-de-lluvia-Junio-2022-2-80x60.jpg) 0 0 no-repeat;\r\n                    }\r\n                    #tdi_1  .td-doubleSlider-2 .td-item2 {\r\n                        background: url(\/wp-content\/uploads\/sites\/5\/2022\/06\/El-IGSS-recomienda-proteger-al-adulto-mayor-en-la-e\u0301poca-de-lluvia-Junio-2022-5-80x60.jpg) 0 0 no-repeat;\r\n                    }\r\n                    #tdi_1  .td-doubleSlider-2 .td-item3 {\r\n                        background: url(\/wp-content\/uploads\/sites\/5\/2022\/06\/El-IGSS-recomienda-proteger-al-adulto-mayor-en-la-e\u0301poca-de-lluvia-Junio-2022-6-80x60.jpg) 0 0 no-repeat;\r\n                    }\r\n                    #tdi_1  .td-doubleSlider-2 .td-item4 {\r\n                        background: url(\/wp-content\/uploads\/sites\/5\/2022\/06\/El-IGSS-recomienda-proteger-al-adulto-mayor-en-la-e\u0301poca-de-lluvia-Junio-2022-3-80x60.jpg) 0 0 no-repeat;\r\n                    }\r\n                <\/style>\r\n\r\n                <div id=\"tdi_1\" class=\"td-gallery td-slide-on-2-columns\">\r\n                    <div class=\"post_td_gallery\">\r\n                        <div class=\"td-gallery-slide-top\">\r\n                           <div class=\"td-gallery-title\"><\/div>\r\n\r\n                            <div class=\"td-gallery-controls-wrapper\">\r\n                                <div class=\"td-gallery-slide-count\"><span class=\"td-gallery-slide-item-focus\">1<\/span> de 4<\/div>\r\n                                <div class=\"td-gallery-slide-prev-next-but\">\r\n                                    <i class = \"td-icon-left doubleSliderPrevButton\"><\/i>\r\n                                    <i class = \"td-icon-right doubleSliderNextButton\"><\/i>\r\n                                <\/div>\r\n                            <\/div>\r\n                        <\/div>\r\n\r\n                        <div class = \"td-doubleSlider-1 \">\r\n                            <div class = \"td-slider\">\r\n                                \r\n                    <div class = \"td-slide-item td-item1\">\r\n                        <figure class=\"td-slide-galery-figure td-slide-popup-gallery\">\r\n                            <a class=\"slide-gallery-image-link\" href=\"\/wp-content\/uploads\/sites\/5\/2022\/06\/El-IGSS-recomienda-proteger-al-adulto-mayor-en-la-e\u0301poca-de-lluvia-Junio-2022-2.jpg\" title=\"El IGSS recomienda proteger al adulto mayor en la e\u0301poca de lluvia Junio 2022-2\"  data-caption=\"\"  data-description=\"\">\r\n                                <img decoding=\"async\" src=\"\/wp-content\/uploads\/sites\/5\/2022\/06\/El-IGSS-recomienda-proteger-al-adulto-mayor-en-la-e\u0301poca-de-lluvia-Junio-2022-2-630x420.jpg\" srcset=\"\/wp-content\/uploads\/sites\/5\/2022\/06\/El-IGSS-recomienda-proteger-al-adulto-mayor-en-la-e\u0301poca-de-lluvia-Junio-2022-2-630x420.jpg 630w, \/wp-content\/uploads\/sites\/5\/2022\/06\/El-IGSS-recomienda-proteger-al-adulto-mayor-en-la-e\u0301poca-de-lluvia-Junio-2022-2-300x200.jpg 300w, \/wp-content\/uploads\/sites\/5\/2022\/06\/El-IGSS-recomienda-proteger-al-adulto-mayor-en-la-e\u0301poca-de-lluvia-Junio-2022-2-768x512.jpg 768w, \/wp-content\/uploads\/sites\/5\/2022\/06\/El-IGSS-recomienda-proteger-al-adulto-mayor-en-la-e\u0301poca-de-lluvia-Junio-2022-2-1024x682.jpg 1024w, \/wp-content\/uploads\/sites\/5\/2022\/06\/El-IGSS-recomienda-proteger-al-adulto-mayor-en-la-e\u0301poca-de-lluvia-Junio-2022-2-696x464.jpg 696w, \/wp-content\/uploads\/sites\/5\/2022\/06\/El-IGSS-recomienda-proteger-al-adulto-mayor-en-la-e\u0301poca-de-lluvia-Junio-2022-2-1068x712.jpg 1068w, \/wp-content\/uploads\/sites\/5\/2022\/06\/El-IGSS-recomienda-proteger-al-adulto-mayor-en-la-e\u0301poca-de-lluvia-Junio-2022-2-534x356.jpg 534w, \/wp-content\/uploads\/sites\/5\/2022\/06\/El-IGSS-recomienda-proteger-al-adulto-mayor-en-la-e\u0301poca-de-lluvia-Junio-2022-2.jpg 1280w\" sizes=\"(max-width: 630px) 100vw, 630px\" alt=\"\">\r\n                            <\/a>\r\n                            \r\n                        <\/figure>\r\n                    <\/div>\r\n                    <div class = \"td-slide-item td-item2\">\r\n                        <figure class=\"td-slide-galery-figure td-slide-popup-gallery\">\r\n                            <a class=\"slide-gallery-image-link\" href=\"\/wp-content\/uploads\/sites\/5\/2022\/06\/El-IGSS-recomienda-proteger-al-adulto-mayor-en-la-e\u0301poca-de-lluvia-Junio-2022-5.jpg\" title=\"El IGSS recomienda proteger al adulto mayor en la e\u0301poca de lluvia Junio 2022-5\"  data-caption=\"\"  data-description=\"\">\r\n                                <img decoding=\"async\" src=\"\/wp-content\/uploads\/sites\/5\/2022\/06\/El-IGSS-recomienda-proteger-al-adulto-mayor-en-la-e\u0301poca-de-lluvia-Junio-2022-5-630x420.jpg\" srcset=\"\/wp-content\/uploads\/sites\/5\/2022\/06\/El-IGSS-recomienda-proteger-al-adulto-mayor-en-la-e\u0301poca-de-lluvia-Junio-2022-5-630x420.jpg 630w, \/wp-content\/uploads\/sites\/5\/2022\/06\/El-IGSS-recomienda-proteger-al-adulto-mayor-en-la-e\u0301poca-de-lluvia-Junio-2022-5-300x200.jpg 300w, \/wp-content\/uploads\/sites\/5\/2022\/06\/El-IGSS-recomienda-proteger-al-adulto-mayor-en-la-e\u0301poca-de-lluvia-Junio-2022-5-768x512.jpg 768w, \/wp-content\/uploads\/sites\/5\/2022\/06\/El-IGSS-recomienda-proteger-al-adulto-mayor-en-la-e\u0301poca-de-lluvia-Junio-2022-5-1024x682.jpg 1024w, \/wp-content\/uploads\/sites\/5\/2022\/06\/El-IGSS-recomienda-proteger-al-adulto-mayor-en-la-e\u0301poca-de-lluvia-Junio-2022-5-696x464.jpg 696w, \/wp-content\/uploads\/sites\/5\/2022\/06\/El-IGSS-recomienda-proteger-al-adulto-mayor-en-la-e\u0301poca-de-lluvia-Junio-2022-5-1068x712.jpg 1068w, \/wp-content\/uploads\/sites\/5\/2022\/06\/El-IGSS-recomienda-proteger-al-adulto-mayor-en-la-e\u0301poca-de-lluvia-Junio-2022-5-534x356.jpg 534w, \/wp-content\/uploads\/sites\/5\/2022\/06\/El-IGSS-recomienda-proteger-al-adulto-mayor-en-la-e\u0301poca-de-lluvia-Junio-2022-5.jpg 1280w\" sizes=\"(max-width: 630px) 100vw, 630px\" alt=\"\">\r\n                            <\/a>\r\n                            \r\n                        <\/figure>\r\n                    <\/div>\r\n                    <div class = \"td-slide-item td-item3\">\r\n                        <figure class=\"td-slide-galery-figure td-slide-popup-gallery\">\r\n                            <a class=\"slide-gallery-image-link\" href=\"\/wp-content\/uploads\/sites\/5\/2022\/06\/El-IGSS-recomienda-proteger-al-adulto-mayor-en-la-e\u0301poca-de-lluvia-Junio-2022-6.jpg\" title=\"El IGSS recomienda proteger al adulto mayor en la e\u0301poca de lluvia Junio 2022-6\"  data-caption=\"\"  data-description=\"\">\r\n                                <img decoding=\"async\" src=\"\/wp-content\/uploads\/sites\/5\/2022\/06\/El-IGSS-recomienda-proteger-al-adulto-mayor-en-la-e\u0301poca-de-lluvia-Junio-2022-6-280x420.jpg\" srcset=\"\/wp-content\/uploads\/sites\/5\/2022\/06\/El-IGSS-recomienda-proteger-al-adulto-mayor-en-la-e\u0301poca-de-lluvia-Junio-2022-6-280x420.jpg 280w, \/wp-content\/uploads\/sites\/5\/2022\/06\/El-IGSS-recomienda-proteger-al-adulto-mayor-en-la-e\u0301poca-de-lluvia-Junio-2022-6-200x300.jpg 200w, \/wp-content\/uploads\/sites\/5\/2022\/06\/El-IGSS-recomienda-proteger-al-adulto-mayor-en-la-e\u0301poca-de-lluvia-Junio-2022-6-768x1152.jpg 768w, \/wp-content\/uploads\/sites\/5\/2022\/06\/El-IGSS-recomienda-proteger-al-adulto-mayor-en-la-e\u0301poca-de-lluvia-Junio-2022-6-682x1024.jpg 682w, \/wp-content\/uploads\/sites\/5\/2022\/06\/El-IGSS-recomienda-proteger-al-adulto-mayor-en-la-e\u0301poca-de-lluvia-Junio-2022-6-696x1044.jpg 696w, \/wp-content\/uploads\/sites\/5\/2022\/06\/El-IGSS-recomienda-proteger-al-adulto-mayor-en-la-e\u0301poca-de-lluvia-Junio-2022-6-308x462.jpg 308w, \/wp-content\/uploads\/sites\/5\/2022\/06\/El-IGSS-recomienda-proteger-al-adulto-mayor-en-la-e\u0301poca-de-lluvia-Junio-2022-6.jpg 853w\" sizes=\"(max-width: 280px) 100vw, 280px\" alt=\"\">\r\n                            <\/a>\r\n                            \r\n                        <\/figure>\r\n                    <\/div>\r\n                    <div class = \"td-slide-item td-item4\">\r\n                        <figure class=\"td-slide-galery-figure td-slide-popup-gallery\">\r\n                            <a class=\"slide-gallery-image-link\" href=\"\/wp-content\/uploads\/sites\/5\/2022\/06\/El-IGSS-recomienda-proteger-al-adulto-mayor-en-la-e\u0301poca-de-lluvia-Junio-2022-3.jpg\" title=\"El IGSS recomienda proteger al adulto mayor en la e\u0301poca de lluvia Junio 2022-3\"  data-caption=\"\"  data-description=\"\">\r\n                                <img decoding=\"async\" src=\"\/wp-content\/uploads\/sites\/5\/2022\/06\/El-IGSS-recomienda-proteger-al-adulto-mayor-en-la-e\u0301poca-de-lluvia-Junio-2022-3-630x420.jpg\" srcset=\"\/wp-content\/uploads\/sites\/5\/2022\/06\/El-IGSS-recomienda-proteger-al-adulto-mayor-en-la-e\u0301poca-de-lluvia-Junio-2022-3-630x420.jpg 630w, \/wp-content\/uploads\/sites\/5\/2022\/06\/El-IGSS-recomienda-proteger-al-adulto-mayor-en-la-e\u0301poca-de-lluvia-Junio-2022-3-300x200.jpg 300w, \/wp-content\/uploads\/sites\/5\/2022\/06\/El-IGSS-recomienda-proteger-al-adulto-mayor-en-la-e\u0301poca-de-lluvia-Junio-2022-3-768x512.jpg 768w, \/wp-content\/uploads\/sites\/5\/2022\/06\/El-IGSS-recomienda-proteger-al-adulto-mayor-en-la-e\u0301poca-de-lluvia-Junio-2022-3-1024x682.jpg 1024w, \/wp-content\/uploads\/sites\/5\/2022\/06\/El-IGSS-recomienda-proteger-al-adulto-mayor-en-la-e\u0301poca-de-lluvia-Junio-2022-3-696x464.jpg 696w, \/wp-content\/uploads\/sites\/5\/2022\/06\/El-IGSS-recomienda-proteger-al-adulto-mayor-en-la-e\u0301poca-de-lluvia-Junio-2022-3-1068x712.jpg 1068w, \/wp-content\/uploads\/sites\/5\/2022\/06\/El-IGSS-recomienda-proteger-al-adulto-mayor-en-la-e\u0301poca-de-lluvia-Junio-2022-3-534x356.jpg 534w, \/wp-content\/uploads\/sites\/5\/2022\/06\/El-IGSS-recomienda-proteger-al-adulto-mayor-en-la-e\u0301poca-de-lluvia-Junio-2022-3.jpg 1280w\" sizes=\"(max-width: 630px) 100vw, 630px\" alt=\"\">\r\n                            <\/a>\r\n                            \r\n                        <\/figure>\r\n                    <\/div>\r\n                            <\/div>\r\n                        <\/div>\r\n\r\n                        <div class = \"td-doubleSlider-2\">\r\n                            <div class = \"td-slider\">\r\n                                \r\n                    <div class = \"td-button td-item1\">\r\n                        <div class = \"td-border\"><\/div>\r\n                    <\/div>\r\n                    <div class = \"td-button td-item2\">\r\n                        <div class = \"td-border\"><\/div>\r\n                    <\/div>\r\n                    <div class = \"td-button td-item3\">\r\n                        <div class = \"td-border\"><\/div>\r\n                    <\/div>\r\n                    <div class = \"td-button td-item4\">\r\n                        <div class = \"td-border\"><\/div>\r\n                    <\/div>\r\n                            <\/div>\r\n                        <\/div>\r\n\r\n                    <\/div>\r\n\r\n                <\/div>\r\n                \n","protected":false},"excerpt":{"rendered":"<p>El Instituto Guatemalteco de Seguridad Social (IGSS) hace un llamado a la poblaci\u00f3n para que proteja al adulto mayor de los virus, los cuales aumentan con la llegada de las lluvias constantes que pueden traer complicaciones para la salud por la humedad en el ambiente. La m\u00e9dica geriatra Ana del Carmen Marroqu\u00edn, del Centro Integral [&hellip;]<\/p>\n","protected":false},"author":1961,"featured_media":27923,"comment_status":"closed","ping_status":"closed","sticky":false,"template":"","format":"standard","meta":{"footnotes":""},"categories":[3],"tags":[1125,1157,1155,1347,1476,658],"coauthors":[1448],"class_list":{"0":"post-27922","1":"post","2":"type-post","3":"status-publish","4":"format-standard","5":"has-post-thumbnail","7":"category-actualidad","8":"tag-adulto-mayor","9":"tag-camip-2-barranquilla","10":"tag-covid-19","11":"tag-covid-19-prevencion","12":"tag-gripe","13":"tag-neumonia"},"_links":{"self":[{"href":"https:\/\/www.igssgt.org\/noticias\/wp-json\/wp\/v2\/posts\/27922","targetHints":{"allow":["GET"]}}],"collection":[{"href":"https:\/\/www.igssgt.org\/noticias\/wp-json\/wp\/v2\/posts"}],"about":[{"href":"https:\/\/www.igssgt.org\/noticias\/wp-json\/wp\/v2\/types\/post"}],"author":[{"embeddable":true,"href":"https:\/\/www.igssgt.org\/noticias\/wp-json\/wp\/v2\/users\/1961"}],"replies":[{"embeddable":true,"href":"https:\/\/www.igssgt.org\/noticias\/wp-json\/wp\/v2\/comments?post=27922"}],"version-history":[{"count":4,"href":"https:\/\/www.igssgt.org\/noticias\/wp-json\/wp\/v2\/posts\/27922\/revisions"}],"predecessor-version":[{"id":27933,"href":"https:\/\/www.igssgt.org\/noticias\/wp-json\/wp\/v2\/posts\/27922\/revisions\/27933"}],"wp:featuredmedia":[{"embeddable":true,"href":"https:\/\/www.igssgt.org\/noticias\/wp-json\/wp\/v2\/media\/27923"}],"wp:attachment":[{"href":"https:\/\/www.igssgt.org\/noticias\/wp-json\/wp\/v2\/media?parent=27922"}],"wp:term":[{"taxonomy":"category","embeddable":true,"href":"https:\/\/www.igssgt.org\/noticias\/wp-json\/wp\/v2\/categories?post=27922"},{"taxonomy":"post_tag","embeddable":true,"href":"https:\/\/www.igssgt.org\/noticias\/wp-json\/wp\/v2\/tags?post=27922"},{"taxonomy":"author","embeddable":true,"href":"https:\/\/www.igssgt.org\/noticias\/wp-json\/wp\/v2\/coauthors?post=27922"}],"curies":[{"name":"wp","href":"https:\/\/api.w.org\/{rel}","templated":true}]}}