{"id":28033,"date":"2022-05-21T14:00:00","date_gmt":"2022-05-21T20:00:00","guid":{"rendered":"https:\/\/www.igssgt.org\/noticias\/?p=28033"},"modified":"2022-06-07T15:46:55","modified_gmt":"2022-06-07T21:46:55","slug":"el-igss-reinicia-las-jornadas-de-otorrinolaringologia","status":"publish","type":"post","link":"https:\/\/www.igssgt.org\/noticias\/2022\/05\/21\/el-igss-reinicia-las-jornadas-de-otorrinolaringologia\/","title":{"rendered":"El IGSS reinicia las Jornadas de Otorrinolaringolog\u00eda"},"content":{"rendered":"\n<p class=\"has-drop-cap\">El Hospital General de Enfermedades (HGE) , luego de dos a\u00f1os de la pandemia del COVID-19, retom\u00f3 las Jornadas de Otorrinolaringolog\u00eda Pedi\u00e1trica, las que benefician a m\u00e1s de 200 ni\u00f1os que sufren afecciones de o\u00eddos, nariz o laringe.<\/p>\n\n\n\n<p>En estas jornadas, reiniciadas el 21 de mayo, participan m\u00e9dicos, enfermeras, edecanes y &nbsp;personal de seguridad. En el acto celebrado por el reinicio de estas actividades m\u00e9dicas participaron personal del \u00c1rea de Comunicaci\u00f3n Social, del Departamento de Relaciones Publicas, e Imagen del HGE, as\u00ed como el grupo de voluntarios F\u00e1brica de Sonrisas que puso la nota de alegr\u00eda y diversi\u00f3n para los ni\u00f1os que esperaban ser atendidos por los especialistas.<\/p>\n\n\n\n<p><iframe loading=\"lazy\" title=\"Jornada de Otorrinolaringolog\u00eda Pedi\u00e1trica en el Hospital General de Enfermedades\" width=\"696\" height=\"392\" src=\"https:\/\/www.youtube.com\/embed\/UdiNN5HVgAM?feature=oembed\" frameborder=\"0\" allow=\"accelerometer; autoplay; clipboard-write; encrypted-media; gyroscope; picture-in-picture\" allowfullscreen><\/iframe><\/p>\n<p>Aunado a esto, el encargado de pausas activas del Departamento de Comunicaci\u00f3n Social y Relaciones P\u00fablicas del Instituto, Samuel Medrano, dirigi\u00f3 ejercicios de estiramiento y de flexibilidad para que los asistentes se relajaran.<\/p>\n<p>Los ni\u00f1os\u00a0 pasaron una ma\u00f1ana llena alegr\u00eda\u00a0 junto a sus padres. Los peque\u00f1os fueron atendidos por los otorrinolaring\u00f3logos, quienes con optimismo realizan este tipo de jornadas para el bienestar de los hijos de afiliados, pensionados o derechohabientes.<\/p>\n\r\n                <style type=\"text\/css\">\r\n                    \r\n                    #tdi_1  .td-doubleSlider-2 .td-item1 {\r\n                        background: url(\/wp-content\/uploads\/sites\/5\/2022\/06\/Jornada-de-otorrinolaringologia-IGSS-2022-1-80x60.jpg) 0 0 no-repeat;\r\n                    }\r\n                    #tdi_1  .td-doubleSlider-2 .td-item2 {\r\n                        background: url(\/wp-content\/uploads\/sites\/5\/2022\/06\/Jornada-de-otorrinolaringologia-IGSS-2022-2-80x60.jpg) 0 0 no-repeat;\r\n                    }\r\n                    #tdi_1  .td-doubleSlider-2 .td-item3 {\r\n                        background: url(\/wp-content\/uploads\/sites\/5\/2022\/06\/Jornada-de-otorrinolaringologia-IGSS-2022-4-80x60.jpg) 0 0 no-repeat;\r\n                    }\r\n                    #tdi_1  .td-doubleSlider-2 .td-item4 {\r\n                        background: url(\/wp-content\/uploads\/sites\/5\/2022\/06\/Jornada-de-otorrinolaringologia-IGSS-2022-5-80x60.jpg) 0 0 no-repeat;\r\n                    }\r\n                    #tdi_1  .td-doubleSlider-2 .td-item5 {\r\n                        background: url(\/wp-content\/uploads\/sites\/5\/2022\/06\/Jornada-de-otorrinolaringologia-IGSS-2022-6-80x60.jpg) 0 0 no-repeat;\r\n                    }\r\n                    #tdi_1  .td-doubleSlider-2 .td-item6 {\r\n                        background: url(\/wp-content\/uploads\/sites\/5\/2022\/06\/Jornada-de-otorrinolaringologia-IGSS-2022-3-80x60.jpg) 0 0 no-repeat;\r\n                    }\r\n                    #tdi_1  .td-doubleSlider-2 .td-item7 {\r\n                        background: url(\/wp-content\/uploads\/sites\/5\/2022\/06\/Jornada-de-otorrinolaringologia-IGSS-2022-10-80x60.jpg) 0 0 no-repeat;\r\n                    }\r\n                    #tdi_1  .td-doubleSlider-2 .td-item8 {\r\n                        background: url(\/wp-content\/uploads\/sites\/5\/2022\/06\/Jornada-de-otorrinolaringologia-IGSS-2022-9-80x60.jpg) 0 0 no-repeat;\r\n                    }\r\n                    #tdi_1  .td-doubleSlider-2 .td-item9 {\r\n                        background: url(\/wp-content\/uploads\/sites\/5\/2022\/06\/Jornada-de-otorrinolaringologia-IGSS-2022-7-80x60.jpg) 0 0 no-repeat;\r\n                    }\r\n                    #tdi_1  .td-doubleSlider-2 .td-item10 {\r\n                        background: url(\/wp-content\/uploads\/sites\/5\/2022\/06\/Jornada-de-otorrinolaringologia-IGSS-2022-8-80x60.jpg) 0 0 no-repeat;\r\n                    }\r\n                    #tdi_1  .td-doubleSlider-2 .td-item11 {\r\n                        background: url(\/wp-content\/uploads\/sites\/5\/2022\/06\/Jornada-de-otorrinolaringologia-IGSS-2022-11-80x60.jpg) 0 0 no-repeat;\r\n                    }\r\n                    #tdi_1  .td-doubleSlider-2 .td-item12 {\r\n                        background: url(\/wp-content\/uploads\/sites\/5\/2022\/06\/Jornada-de-otorrinolaringologia-IGSS-2022-12-80x60.jpg) 0 0 no-repeat;\r\n                    }\r\n                    #tdi_1  .td-doubleSlider-2 .td-item13 {\r\n                        background: url(\/wp-content\/uploads\/sites\/5\/2022\/06\/Jornada-de-otorrinolaringologia-IGSS-2022-13-80x60.jpg) 0 0 no-repeat;\r\n                    }\r\n                    #tdi_1  .td-doubleSlider-2 .td-item14 {\r\n                        background: url(\/wp-content\/uploads\/sites\/5\/2022\/06\/Jornada-de-otorrinolaringologia-IGSS-2022-14-80x60.jpg) 0 0 no-repeat;\r\n                    }\r\n                    #tdi_1  .td-doubleSlider-2 .td-item15 {\r\n                        background: url(\/wp-content\/uploads\/sites\/5\/2022\/06\/Jornada-de-otorrinolaringologia-IGSS-2022-15-80x60.jpg) 0 0 no-repeat;\r\n                    }\r\n                <\/style>\r\n\r\n                <div id=\"tdi_1\" class=\"td-gallery td-slide-on-2-columns\">\r\n                    <div class=\"post_td_gallery\">\r\n                        <div class=\"td-gallery-slide-top\">\r\n                           <div class=\"td-gallery-title\">Galeria de Im\u00e1genes<\/div>\r\n\r\n                            <div class=\"td-gallery-controls-wrapper\">\r\n                                <div class=\"td-gallery-slide-count\"><span class=\"td-gallery-slide-item-focus\">1<\/span> de 15<\/div>\r\n                                <div class=\"td-gallery-slide-prev-next-but\">\r\n                                    <i class = \"td-icon-left doubleSliderPrevButton\"><\/i>\r\n                                    <i class = \"td-icon-right doubleSliderNextButton\"><\/i>\r\n                                <\/div>\r\n                            <\/div>\r\n                        <\/div>\r\n\r\n                        <div class = \"td-doubleSlider-1 \">\r\n                            <div class = \"td-slider\">\r\n                                \r\n                    <div class = \"td-slide-item td-item1\">\r\n                        <figure class=\"td-slide-galery-figure td-slide-popup-gallery\">\r\n                            <a class=\"slide-gallery-image-link\" href=\"\/wp-content\/uploads\/sites\/5\/2022\/06\/Jornada-de-otorrinolaringologia-IGSS-2022-1.jpg\" title=\"Jornada de otorrinolaringologia IGSS 2022-1\"  data-caption=\"\"  data-description=\"\">\r\n                                <img decoding=\"async\" src=\"\/wp-content\/uploads\/sites\/5\/2022\/06\/Jornada-de-otorrinolaringologia-IGSS-2022-1-747x420.jpg\" srcset=\"\/wp-content\/uploads\/sites\/5\/2022\/06\/Jornada-de-otorrinolaringologia-IGSS-2022-1-747x420.jpg 747w, \/wp-content\/uploads\/sites\/5\/2022\/06\/Jornada-de-otorrinolaringologia-IGSS-2022-1-300x169.jpg 300w, \/wp-content\/uploads\/sites\/5\/2022\/06\/Jornada-de-otorrinolaringologia-IGSS-2022-1-768x432.jpg 768w, \/wp-content\/uploads\/sites\/5\/2022\/06\/Jornada-de-otorrinolaringologia-IGSS-2022-1-1024x576.jpg 1024w, \/wp-content\/uploads\/sites\/5\/2022\/06\/Jornada-de-otorrinolaringologia-IGSS-2022-1-1536x864.jpg 1536w, \/wp-content\/uploads\/sites\/5\/2022\/06\/Jornada-de-otorrinolaringologia-IGSS-2022-1-696x392.jpg 696w, \/wp-content\/uploads\/sites\/5\/2022\/06\/Jornada-de-otorrinolaringologia-IGSS-2022-1-1068x601.jpg 1068w, \/wp-content\/uploads\/sites\/5\/2022\/06\/Jornada-de-otorrinolaringologia-IGSS-2022-1-534x300.jpg 534w, \/wp-content\/uploads\/sites\/5\/2022\/06\/Jornada-de-otorrinolaringologia-IGSS-2022-1.jpg 1600w\" sizes=\"(max-width: 747px) 100vw, 747px\" alt=\"\">\r\n                            <\/a>\r\n                            \r\n                        <\/figure>\r\n                    <\/div>\r\n                    <div class = \"td-slide-item td-item2\">\r\n                        <figure class=\"td-slide-galery-figure td-slide-popup-gallery\">\r\n                            <a class=\"slide-gallery-image-link\" href=\"\/wp-content\/uploads\/sites\/5\/2022\/06\/Jornada-de-otorrinolaringologia-IGSS-2022-2.jpg\" title=\"Jornada de otorrinolaringologia IGSS 2022-2\"  data-caption=\"\"  data-description=\"\">\r\n                                <img decoding=\"async\" src=\"\/wp-content\/uploads\/sites\/5\/2022\/06\/Jornada-de-otorrinolaringologia-IGSS-2022-2-747x420.jpg\" srcset=\"\/wp-content\/uploads\/sites\/5\/2022\/06\/Jornada-de-otorrinolaringologia-IGSS-2022-2-747x420.jpg 747w, \/wp-content\/uploads\/sites\/5\/2022\/06\/Jornada-de-otorrinolaringologia-IGSS-2022-2-300x169.jpg 300w, \/wp-content\/uploads\/sites\/5\/2022\/06\/Jornada-de-otorrinolaringologia-IGSS-2022-2-768x432.jpg 768w, \/wp-content\/uploads\/sites\/5\/2022\/06\/Jornada-de-otorrinolaringologia-IGSS-2022-2-1024x576.jpg 1024w, \/wp-content\/uploads\/sites\/5\/2022\/06\/Jornada-de-otorrinolaringologia-IGSS-2022-2-1536x864.jpg 1536w, \/wp-content\/uploads\/sites\/5\/2022\/06\/Jornada-de-otorrinolaringologia-IGSS-2022-2-696x392.jpg 696w, \/wp-content\/uploads\/sites\/5\/2022\/06\/Jornada-de-otorrinolaringologia-IGSS-2022-2-1068x601.jpg 1068w, \/wp-content\/uploads\/sites\/5\/2022\/06\/Jornada-de-otorrinolaringologia-IGSS-2022-2-534x300.jpg 534w, \/wp-content\/uploads\/sites\/5\/2022\/06\/Jornada-de-otorrinolaringologia-IGSS-2022-2.jpg 1600w\" sizes=\"(max-width: 747px) 100vw, 747px\" alt=\"\">\r\n                            <\/a>\r\n                            \r\n                        <\/figure>\r\n                    <\/div>\r\n                    <div class = \"td-slide-item td-item3\">\r\n                        <figure class=\"td-slide-galery-figure td-slide-popup-gallery\">\r\n                            <a class=\"slide-gallery-image-link\" href=\"\/wp-content\/uploads\/sites\/5\/2022\/06\/Jornada-de-otorrinolaringologia-IGSS-2022-4.jpg\" title=\"Jornada de otorrinolaringologia IGSS 2022-4\"  data-caption=\"\"  data-description=\"\">\r\n                                <img decoding=\"async\" src=\"\/wp-content\/uploads\/sites\/5\/2022\/06\/Jornada-de-otorrinolaringologia-IGSS-2022-4-747x420.jpg\" srcset=\"\/wp-content\/uploads\/sites\/5\/2022\/06\/Jornada-de-otorrinolaringologia-IGSS-2022-4-747x420.jpg 747w, \/wp-content\/uploads\/sites\/5\/2022\/06\/Jornada-de-otorrinolaringologia-IGSS-2022-4-300x169.jpg 300w, \/wp-content\/uploads\/sites\/5\/2022\/06\/Jornada-de-otorrinolaringologia-IGSS-2022-4-768x432.jpg 768w, \/wp-content\/uploads\/sites\/5\/2022\/06\/Jornada-de-otorrinolaringologia-IGSS-2022-4-1024x576.jpg 1024w, \/wp-content\/uploads\/sites\/5\/2022\/06\/Jornada-de-otorrinolaringologia-IGSS-2022-4-1536x864.jpg 1536w, \/wp-content\/uploads\/sites\/5\/2022\/06\/Jornada-de-otorrinolaringologia-IGSS-2022-4-696x392.jpg 696w, \/wp-content\/uploads\/sites\/5\/2022\/06\/Jornada-de-otorrinolaringologia-IGSS-2022-4-1068x601.jpg 1068w, \/wp-content\/uploads\/sites\/5\/2022\/06\/Jornada-de-otorrinolaringologia-IGSS-2022-4-534x300.jpg 534w, \/wp-content\/uploads\/sites\/5\/2022\/06\/Jornada-de-otorrinolaringologia-IGSS-2022-4.jpg 1600w\" sizes=\"(max-width: 747px) 100vw, 747px\" alt=\"\">\r\n                            <\/a>\r\n                            \r\n                        <\/figure>\r\n                    <\/div>\r\n                    <div class = \"td-slide-item td-item4\">\r\n                        <figure class=\"td-slide-galery-figure td-slide-popup-gallery\">\r\n                            <a class=\"slide-gallery-image-link\" href=\"\/wp-content\/uploads\/sites\/5\/2022\/06\/Jornada-de-otorrinolaringologia-IGSS-2022-5.jpg\" title=\"Jornada de otorrinolaringologia IGSS 2022-5\"  data-caption=\"\"  data-description=\"\">\r\n                                <img decoding=\"async\" src=\"\/wp-content\/uploads\/sites\/5\/2022\/06\/Jornada-de-otorrinolaringologia-IGSS-2022-5-747x420.jpg\" srcset=\"\/wp-content\/uploads\/sites\/5\/2022\/06\/Jornada-de-otorrinolaringologia-IGSS-2022-5-747x420.jpg 747w, \/wp-content\/uploads\/sites\/5\/2022\/06\/Jornada-de-otorrinolaringologia-IGSS-2022-5-300x169.jpg 300w, \/wp-content\/uploads\/sites\/5\/2022\/06\/Jornada-de-otorrinolaringologia-IGSS-2022-5-768x432.jpg 768w, \/wp-content\/uploads\/sites\/5\/2022\/06\/Jornada-de-otorrinolaringologia-IGSS-2022-5-1024x576.jpg 1024w, \/wp-content\/uploads\/sites\/5\/2022\/06\/Jornada-de-otorrinolaringologia-IGSS-2022-5-1536x864.jpg 1536w, \/wp-content\/uploads\/sites\/5\/2022\/06\/Jornada-de-otorrinolaringologia-IGSS-2022-5-696x392.jpg 696w, \/wp-content\/uploads\/sites\/5\/2022\/06\/Jornada-de-otorrinolaringologia-IGSS-2022-5-1068x601.jpg 1068w, \/wp-content\/uploads\/sites\/5\/2022\/06\/Jornada-de-otorrinolaringologia-IGSS-2022-5-534x300.jpg 534w, \/wp-content\/uploads\/sites\/5\/2022\/06\/Jornada-de-otorrinolaringologia-IGSS-2022-5.jpg 1600w\" sizes=\"(max-width: 747px) 100vw, 747px\" alt=\"\">\r\n                            <\/a>\r\n                            \r\n                        <\/figure>\r\n                    <\/div>\r\n                    <div class = \"td-slide-item td-item5\">\r\n                        <figure class=\"td-slide-galery-figure td-slide-popup-gallery\">\r\n                            <a class=\"slide-gallery-image-link\" href=\"\/wp-content\/uploads\/sites\/5\/2022\/06\/Jornada-de-otorrinolaringologia-IGSS-2022-6.jpg\" title=\"Jornada de otorrinolaringologia IGSS 2022-6\"  data-caption=\"\"  data-description=\"\">\r\n                                <img decoding=\"async\" src=\"\/wp-content\/uploads\/sites\/5\/2022\/06\/Jornada-de-otorrinolaringologia-IGSS-2022-6-747x420.jpg\" srcset=\"\/wp-content\/uploads\/sites\/5\/2022\/06\/Jornada-de-otorrinolaringologia-IGSS-2022-6-747x420.jpg 747w, \/wp-content\/uploads\/sites\/5\/2022\/06\/Jornada-de-otorrinolaringologia-IGSS-2022-6-300x169.jpg 300w, \/wp-content\/uploads\/sites\/5\/2022\/06\/Jornada-de-otorrinolaringologia-IGSS-2022-6-768x432.jpg 768w, \/wp-content\/uploads\/sites\/5\/2022\/06\/Jornada-de-otorrinolaringologia-IGSS-2022-6-1024x576.jpg 1024w, \/wp-content\/uploads\/sites\/5\/2022\/06\/Jornada-de-otorrinolaringologia-IGSS-2022-6-1536x864.jpg 1536w, \/wp-content\/uploads\/sites\/5\/2022\/06\/Jornada-de-otorrinolaringologia-IGSS-2022-6-696x392.jpg 696w, \/wp-content\/uploads\/sites\/5\/2022\/06\/Jornada-de-otorrinolaringologia-IGSS-2022-6-1068x601.jpg 1068w, \/wp-content\/uploads\/sites\/5\/2022\/06\/Jornada-de-otorrinolaringologia-IGSS-2022-6-534x300.jpg 534w, \/wp-content\/uploads\/sites\/5\/2022\/06\/Jornada-de-otorrinolaringologia-IGSS-2022-6.jpg 1600w\" sizes=\"(max-width: 747px) 100vw, 747px\" alt=\"\">\r\n                            <\/a>\r\n                            \r\n                        <\/figure>\r\n                    <\/div>\r\n                    <div class = \"td-slide-item td-item6\">\r\n                        <figure class=\"td-slide-galery-figure td-slide-popup-gallery\">\r\n                            <a class=\"slide-gallery-image-link\" href=\"\/wp-content\/uploads\/sites\/5\/2022\/06\/Jornada-de-otorrinolaringologia-IGSS-2022-3.jpg\" title=\"Jornada de otorrinolaringologia IGSS 2022-3\"  data-caption=\"\"  data-description=\"\">\r\n                                <img decoding=\"async\" src=\"\/wp-content\/uploads\/sites\/5\/2022\/06\/Jornada-de-otorrinolaringologia-IGSS-2022-3-747x420.jpg\" srcset=\"\/wp-content\/uploads\/sites\/5\/2022\/06\/Jornada-de-otorrinolaringologia-IGSS-2022-3-747x420.jpg 747w, \/wp-content\/uploads\/sites\/5\/2022\/06\/Jornada-de-otorrinolaringologia-IGSS-2022-3-300x169.jpg 300w, \/wp-content\/uploads\/sites\/5\/2022\/06\/Jornada-de-otorrinolaringologia-IGSS-2022-3-768x432.jpg 768w, \/wp-content\/uploads\/sites\/5\/2022\/06\/Jornada-de-otorrinolaringologia-IGSS-2022-3-1024x576.jpg 1024w, \/wp-content\/uploads\/sites\/5\/2022\/06\/Jornada-de-otorrinolaringologia-IGSS-2022-3-1536x864.jpg 1536w, \/wp-content\/uploads\/sites\/5\/2022\/06\/Jornada-de-otorrinolaringologia-IGSS-2022-3-696x392.jpg 696w, \/wp-content\/uploads\/sites\/5\/2022\/06\/Jornada-de-otorrinolaringologia-IGSS-2022-3-1068x601.jpg 1068w, \/wp-content\/uploads\/sites\/5\/2022\/06\/Jornada-de-otorrinolaringologia-IGSS-2022-3-534x300.jpg 534w, \/wp-content\/uploads\/sites\/5\/2022\/06\/Jornada-de-otorrinolaringologia-IGSS-2022-3.jpg 1600w\" sizes=\"(max-width: 747px) 100vw, 747px\" alt=\"\">\r\n                            <\/a>\r\n                            \r\n                        <\/figure>\r\n                    <\/div>\r\n                    <div class = \"td-slide-item td-item7\">\r\n                        <figure class=\"td-slide-galery-figure td-slide-popup-gallery\">\r\n                            <a class=\"slide-gallery-image-link\" href=\"\/wp-content\/uploads\/sites\/5\/2022\/06\/Jornada-de-otorrinolaringologia-IGSS-2022-10.jpg\" title=\"Jornada de otorrinolaringologia IGSS 2022-10\"  data-caption=\"\"  data-description=\"\">\r\n                                <img decoding=\"async\" src=\"\/wp-content\/uploads\/sites\/5\/2022\/06\/Jornada-de-otorrinolaringologia-IGSS-2022-10-747x420.jpg\" srcset=\"\/wp-content\/uploads\/sites\/5\/2022\/06\/Jornada-de-otorrinolaringologia-IGSS-2022-10-747x420.jpg 747w, \/wp-content\/uploads\/sites\/5\/2022\/06\/Jornada-de-otorrinolaringologia-IGSS-2022-10-300x169.jpg 300w, \/wp-content\/uploads\/sites\/5\/2022\/06\/Jornada-de-otorrinolaringologia-IGSS-2022-10-768x432.jpg 768w, \/wp-content\/uploads\/sites\/5\/2022\/06\/Jornada-de-otorrinolaringologia-IGSS-2022-10-1024x576.jpg 1024w, \/wp-content\/uploads\/sites\/5\/2022\/06\/Jornada-de-otorrinolaringologia-IGSS-2022-10-1536x864.jpg 1536w, \/wp-content\/uploads\/sites\/5\/2022\/06\/Jornada-de-otorrinolaringologia-IGSS-2022-10-696x392.jpg 696w, \/wp-content\/uploads\/sites\/5\/2022\/06\/Jornada-de-otorrinolaringologia-IGSS-2022-10-1068x601.jpg 1068w, \/wp-content\/uploads\/sites\/5\/2022\/06\/Jornada-de-otorrinolaringologia-IGSS-2022-10-534x300.jpg 534w, \/wp-content\/uploads\/sites\/5\/2022\/06\/Jornada-de-otorrinolaringologia-IGSS-2022-10.jpg 1600w\" sizes=\"(max-width: 747px) 100vw, 747px\" alt=\"\">\r\n                            <\/a>\r\n                            \r\n                        <\/figure>\r\n                    <\/div>\r\n                    <div class = \"td-slide-item td-item8\">\r\n                        <figure class=\"td-slide-galery-figure td-slide-popup-gallery\">\r\n                            <a class=\"slide-gallery-image-link\" href=\"\/wp-content\/uploads\/sites\/5\/2022\/06\/Jornada-de-otorrinolaringologia-IGSS-2022-9.jpg\" title=\"Jornada de otorrinolaringologia IGSS 2022-9\"  data-caption=\"\"  data-description=\"\">\r\n                                <img decoding=\"async\" src=\"\/wp-content\/uploads\/sites\/5\/2022\/06\/Jornada-de-otorrinolaringologia-IGSS-2022-9-747x420.jpg\" srcset=\"\/wp-content\/uploads\/sites\/5\/2022\/06\/Jornada-de-otorrinolaringologia-IGSS-2022-9-747x420.jpg 747w, \/wp-content\/uploads\/sites\/5\/2022\/06\/Jornada-de-otorrinolaringologia-IGSS-2022-9-300x169.jpg 300w, \/wp-content\/uploads\/sites\/5\/2022\/06\/Jornada-de-otorrinolaringologia-IGSS-2022-9-768x432.jpg 768w, \/wp-content\/uploads\/sites\/5\/2022\/06\/Jornada-de-otorrinolaringologia-IGSS-2022-9-1024x576.jpg 1024w, \/wp-content\/uploads\/sites\/5\/2022\/06\/Jornada-de-otorrinolaringologia-IGSS-2022-9-1536x864.jpg 1536w, \/wp-content\/uploads\/sites\/5\/2022\/06\/Jornada-de-otorrinolaringologia-IGSS-2022-9-696x392.jpg 696w, \/wp-content\/uploads\/sites\/5\/2022\/06\/Jornada-de-otorrinolaringologia-IGSS-2022-9-1068x601.jpg 1068w, \/wp-content\/uploads\/sites\/5\/2022\/06\/Jornada-de-otorrinolaringologia-IGSS-2022-9-534x300.jpg 534w, \/wp-content\/uploads\/sites\/5\/2022\/06\/Jornada-de-otorrinolaringologia-IGSS-2022-9.jpg 1600w\" sizes=\"(max-width: 747px) 100vw, 747px\" alt=\"\">\r\n                            <\/a>\r\n                            \r\n                        <\/figure>\r\n                    <\/div>\r\n                    <div class = \"td-slide-item td-item9\">\r\n                        <figure class=\"td-slide-galery-figure td-slide-popup-gallery\">\r\n                            <a class=\"slide-gallery-image-link\" href=\"\/wp-content\/uploads\/sites\/5\/2022\/06\/Jornada-de-otorrinolaringologia-IGSS-2022-7.jpg\" title=\"Jornada de otorrinolaringologia IGSS 2022-7\"  data-caption=\"\"  data-description=\"\">\r\n                                <img decoding=\"async\" src=\"\/wp-content\/uploads\/sites\/5\/2022\/06\/Jornada-de-otorrinolaringologia-IGSS-2022-7-747x420.jpg\" srcset=\"\/wp-content\/uploads\/sites\/5\/2022\/06\/Jornada-de-otorrinolaringologia-IGSS-2022-7-747x420.jpg 747w, \/wp-content\/uploads\/sites\/5\/2022\/06\/Jornada-de-otorrinolaringologia-IGSS-2022-7-300x169.jpg 300w, \/wp-content\/uploads\/sites\/5\/2022\/06\/Jornada-de-otorrinolaringologia-IGSS-2022-7-768x432.jpg 768w, \/wp-content\/uploads\/sites\/5\/2022\/06\/Jornada-de-otorrinolaringologia-IGSS-2022-7-1024x576.jpg 1024w, \/wp-content\/uploads\/sites\/5\/2022\/06\/Jornada-de-otorrinolaringologia-IGSS-2022-7-1536x864.jpg 1536w, \/wp-content\/uploads\/sites\/5\/2022\/06\/Jornada-de-otorrinolaringologia-IGSS-2022-7-696x392.jpg 696w, \/wp-content\/uploads\/sites\/5\/2022\/06\/Jornada-de-otorrinolaringologia-IGSS-2022-7-1068x601.jpg 1068w, \/wp-content\/uploads\/sites\/5\/2022\/06\/Jornada-de-otorrinolaringologia-IGSS-2022-7-534x300.jpg 534w, \/wp-content\/uploads\/sites\/5\/2022\/06\/Jornada-de-otorrinolaringologia-IGSS-2022-7.jpg 1600w\" sizes=\"(max-width: 747px) 100vw, 747px\" alt=\"\">\r\n                            <\/a>\r\n                            \r\n                        <\/figure>\r\n                    <\/div>\r\n                    <div class = \"td-slide-item td-item10\">\r\n                        <figure class=\"td-slide-galery-figure td-slide-popup-gallery\">\r\n                            <a class=\"slide-gallery-image-link\" href=\"\/wp-content\/uploads\/sites\/5\/2022\/06\/Jornada-de-otorrinolaringologia-IGSS-2022-8.jpg\" title=\"Jornada de otorrinolaringologia IGSS 2022-8\"  data-caption=\"\"  data-description=\"\">\r\n                                <img decoding=\"async\" src=\"\/wp-content\/uploads\/sites\/5\/2022\/06\/Jornada-de-otorrinolaringologia-IGSS-2022-8-747x420.jpg\" srcset=\"\/wp-content\/uploads\/sites\/5\/2022\/06\/Jornada-de-otorrinolaringologia-IGSS-2022-8-747x420.jpg 747w, \/wp-content\/uploads\/sites\/5\/2022\/06\/Jornada-de-otorrinolaringologia-IGSS-2022-8-300x169.jpg 300w, \/wp-content\/uploads\/sites\/5\/2022\/06\/Jornada-de-otorrinolaringologia-IGSS-2022-8-768x432.jpg 768w, \/wp-content\/uploads\/sites\/5\/2022\/06\/Jornada-de-otorrinolaringologia-IGSS-2022-8-1024x576.jpg 1024w, \/wp-content\/uploads\/sites\/5\/2022\/06\/Jornada-de-otorrinolaringologia-IGSS-2022-8-1536x864.jpg 1536w, \/wp-content\/uploads\/sites\/5\/2022\/06\/Jornada-de-otorrinolaringologia-IGSS-2022-8-696x392.jpg 696w, \/wp-content\/uploads\/sites\/5\/2022\/06\/Jornada-de-otorrinolaringologia-IGSS-2022-8-1068x601.jpg 1068w, \/wp-content\/uploads\/sites\/5\/2022\/06\/Jornada-de-otorrinolaringologia-IGSS-2022-8-534x300.jpg 534w, \/wp-content\/uploads\/sites\/5\/2022\/06\/Jornada-de-otorrinolaringologia-IGSS-2022-8.jpg 1600w\" sizes=\"(max-width: 747px) 100vw, 747px\" alt=\"\">\r\n                            <\/a>\r\n                            \r\n                        <\/figure>\r\n                    <\/div>\r\n                    <div class = \"td-slide-item td-item11\">\r\n                        <figure class=\"td-slide-galery-figure td-slide-popup-gallery\">\r\n                            <a class=\"slide-gallery-image-link\" href=\"\/wp-content\/uploads\/sites\/5\/2022\/06\/Jornada-de-otorrinolaringologia-IGSS-2022-11.jpg\" title=\"Jornada de otorrinolaringologia IGSS 2022-11\"  data-caption=\"\"  data-description=\"\">\r\n                                <img decoding=\"async\" src=\"\/wp-content\/uploads\/sites\/5\/2022\/06\/Jornada-de-otorrinolaringologia-IGSS-2022-11-747x420.jpg\" srcset=\"\/wp-content\/uploads\/sites\/5\/2022\/06\/Jornada-de-otorrinolaringologia-IGSS-2022-11-747x420.jpg 747w, \/wp-content\/uploads\/sites\/5\/2022\/06\/Jornada-de-otorrinolaringologia-IGSS-2022-11-300x169.jpg 300w, \/wp-content\/uploads\/sites\/5\/2022\/06\/Jornada-de-otorrinolaringologia-IGSS-2022-11-768x432.jpg 768w, \/wp-content\/uploads\/sites\/5\/2022\/06\/Jornada-de-otorrinolaringologia-IGSS-2022-11-1024x576.jpg 1024w, \/wp-content\/uploads\/sites\/5\/2022\/06\/Jornada-de-otorrinolaringologia-IGSS-2022-11-1536x864.jpg 1536w, \/wp-content\/uploads\/sites\/5\/2022\/06\/Jornada-de-otorrinolaringologia-IGSS-2022-11-696x392.jpg 696w, \/wp-content\/uploads\/sites\/5\/2022\/06\/Jornada-de-otorrinolaringologia-IGSS-2022-11-1068x601.jpg 1068w, \/wp-content\/uploads\/sites\/5\/2022\/06\/Jornada-de-otorrinolaringologia-IGSS-2022-11-534x300.jpg 534w, \/wp-content\/uploads\/sites\/5\/2022\/06\/Jornada-de-otorrinolaringologia-IGSS-2022-11.jpg 1600w\" sizes=\"(max-width: 747px) 100vw, 747px\" alt=\"\">\r\n                            <\/a>\r\n                            \r\n                        <\/figure>\r\n                    <\/div>\r\n                    <div class = \"td-slide-item td-item12\">\r\n                        <figure class=\"td-slide-galery-figure td-slide-popup-gallery\">\r\n                            <a class=\"slide-gallery-image-link\" href=\"\/wp-content\/uploads\/sites\/5\/2022\/06\/Jornada-de-otorrinolaringologia-IGSS-2022-12.jpg\" title=\"Jornada de otorrinolaringologia IGSS 2022-12\"  data-caption=\"\"  data-description=\"\">\r\n                                <img decoding=\"async\" src=\"\/wp-content\/uploads\/sites\/5\/2022\/06\/Jornada-de-otorrinolaringologia-IGSS-2022-12-747x420.jpg\" srcset=\"\/wp-content\/uploads\/sites\/5\/2022\/06\/Jornada-de-otorrinolaringologia-IGSS-2022-12-747x420.jpg 747w, \/wp-content\/uploads\/sites\/5\/2022\/06\/Jornada-de-otorrinolaringologia-IGSS-2022-12-300x169.jpg 300w, \/wp-content\/uploads\/sites\/5\/2022\/06\/Jornada-de-otorrinolaringologia-IGSS-2022-12-768x432.jpg 768w, \/wp-content\/uploads\/sites\/5\/2022\/06\/Jornada-de-otorrinolaringologia-IGSS-2022-12-1024x576.jpg 1024w, \/wp-content\/uploads\/sites\/5\/2022\/06\/Jornada-de-otorrinolaringologia-IGSS-2022-12-1536x864.jpg 1536w, \/wp-content\/uploads\/sites\/5\/2022\/06\/Jornada-de-otorrinolaringologia-IGSS-2022-12-696x392.jpg 696w, \/wp-content\/uploads\/sites\/5\/2022\/06\/Jornada-de-otorrinolaringologia-IGSS-2022-12-1068x601.jpg 1068w, \/wp-content\/uploads\/sites\/5\/2022\/06\/Jornada-de-otorrinolaringologia-IGSS-2022-12-534x300.jpg 534w, \/wp-content\/uploads\/sites\/5\/2022\/06\/Jornada-de-otorrinolaringologia-IGSS-2022-12.jpg 1600w\" sizes=\"(max-width: 747px) 100vw, 747px\" alt=\"\">\r\n                            <\/a>\r\n                            \r\n                        <\/figure>\r\n                    <\/div>\r\n                    <div class = \"td-slide-item td-item13\">\r\n                        <figure class=\"td-slide-galery-figure td-slide-popup-gallery\">\r\n                            <a class=\"slide-gallery-image-link\" href=\"\/wp-content\/uploads\/sites\/5\/2022\/06\/Jornada-de-otorrinolaringologia-IGSS-2022-13.jpg\" title=\"Jornada de otorrinolaringologia IGSS 2022-13\"  data-caption=\"\"  data-description=\"\">\r\n                                <img decoding=\"async\" src=\"\/wp-content\/uploads\/sites\/5\/2022\/06\/Jornada-de-otorrinolaringologia-IGSS-2022-13-747x420.jpg\" srcset=\"\/wp-content\/uploads\/sites\/5\/2022\/06\/Jornada-de-otorrinolaringologia-IGSS-2022-13-747x420.jpg 747w, \/wp-content\/uploads\/sites\/5\/2022\/06\/Jornada-de-otorrinolaringologia-IGSS-2022-13-300x169.jpg 300w, \/wp-content\/uploads\/sites\/5\/2022\/06\/Jornada-de-otorrinolaringologia-IGSS-2022-13-768x432.jpg 768w, \/wp-content\/uploads\/sites\/5\/2022\/06\/Jornada-de-otorrinolaringologia-IGSS-2022-13-1024x576.jpg 1024w, \/wp-content\/uploads\/sites\/5\/2022\/06\/Jornada-de-otorrinolaringologia-IGSS-2022-13-1536x864.jpg 1536w, \/wp-content\/uploads\/sites\/5\/2022\/06\/Jornada-de-otorrinolaringologia-IGSS-2022-13-696x392.jpg 696w, \/wp-content\/uploads\/sites\/5\/2022\/06\/Jornada-de-otorrinolaringologia-IGSS-2022-13-1068x601.jpg 1068w, \/wp-content\/uploads\/sites\/5\/2022\/06\/Jornada-de-otorrinolaringologia-IGSS-2022-13-534x300.jpg 534w, \/wp-content\/uploads\/sites\/5\/2022\/06\/Jornada-de-otorrinolaringologia-IGSS-2022-13.jpg 1600w\" sizes=\"(max-width: 747px) 100vw, 747px\" alt=\"\">\r\n                            <\/a>\r\n                            \r\n                        <\/figure>\r\n                    <\/div>\r\n                    <div class = \"td-slide-item td-item14\">\r\n                        <figure class=\"td-slide-galery-figure td-slide-popup-gallery\">\r\n                            <a class=\"slide-gallery-image-link\" href=\"\/wp-content\/uploads\/sites\/5\/2022\/06\/Jornada-de-otorrinolaringologia-IGSS-2022-14.jpg\" title=\"Jornada de otorrinolaringologia IGSS 2022-14\"  data-caption=\"\"  data-description=\"\">\r\n                                <img decoding=\"async\" src=\"\/wp-content\/uploads\/sites\/5\/2022\/06\/Jornada-de-otorrinolaringologia-IGSS-2022-14-747x420.jpg\" srcset=\"\/wp-content\/uploads\/sites\/5\/2022\/06\/Jornada-de-otorrinolaringologia-IGSS-2022-14-747x420.jpg 747w, \/wp-content\/uploads\/sites\/5\/2022\/06\/Jornada-de-otorrinolaringologia-IGSS-2022-14-300x169.jpg 300w, \/wp-content\/uploads\/sites\/5\/2022\/06\/Jornada-de-otorrinolaringologia-IGSS-2022-14-768x432.jpg 768w, \/wp-content\/uploads\/sites\/5\/2022\/06\/Jornada-de-otorrinolaringologia-IGSS-2022-14-1024x576.jpg 1024w, \/wp-content\/uploads\/sites\/5\/2022\/06\/Jornada-de-otorrinolaringologia-IGSS-2022-14-1536x864.jpg 1536w, \/wp-content\/uploads\/sites\/5\/2022\/06\/Jornada-de-otorrinolaringologia-IGSS-2022-14-696x392.jpg 696w, \/wp-content\/uploads\/sites\/5\/2022\/06\/Jornada-de-otorrinolaringologia-IGSS-2022-14-1068x601.jpg 1068w, \/wp-content\/uploads\/sites\/5\/2022\/06\/Jornada-de-otorrinolaringologia-IGSS-2022-14-534x300.jpg 534w, \/wp-content\/uploads\/sites\/5\/2022\/06\/Jornada-de-otorrinolaringologia-IGSS-2022-14.jpg 1600w\" sizes=\"(max-width: 747px) 100vw, 747px\" alt=\"\">\r\n                            <\/a>\r\n                            \r\n                        <\/figure>\r\n                    <\/div>\r\n                    <div class = \"td-slide-item td-item15\">\r\n                        <figure class=\"td-slide-galery-figure td-slide-popup-gallery\">\r\n                            <a class=\"slide-gallery-image-link\" href=\"\/wp-content\/uploads\/sites\/5\/2022\/06\/Jornada-de-otorrinolaringologia-IGSS-2022-15.jpg\" title=\"Jornada de otorrinolaringologia IGSS 2022-15\"  data-caption=\"\"  data-description=\"\">\r\n                                <img decoding=\"async\" src=\"\/wp-content\/uploads\/sites\/5\/2022\/06\/Jornada-de-otorrinolaringologia-IGSS-2022-15-747x420.jpg\" srcset=\"\/wp-content\/uploads\/sites\/5\/2022\/06\/Jornada-de-otorrinolaringologia-IGSS-2022-15-747x420.jpg 747w, \/wp-content\/uploads\/sites\/5\/2022\/06\/Jornada-de-otorrinolaringologia-IGSS-2022-15-300x169.jpg 300w, \/wp-content\/uploads\/sites\/5\/2022\/06\/Jornada-de-otorrinolaringologia-IGSS-2022-15-768x432.jpg 768w, \/wp-content\/uploads\/sites\/5\/2022\/06\/Jornada-de-otorrinolaringologia-IGSS-2022-15-1024x576.jpg 1024w, \/wp-content\/uploads\/sites\/5\/2022\/06\/Jornada-de-otorrinolaringologia-IGSS-2022-15-1536x864.jpg 1536w, \/wp-content\/uploads\/sites\/5\/2022\/06\/Jornada-de-otorrinolaringologia-IGSS-2022-15-696x392.jpg 696w, \/wp-content\/uploads\/sites\/5\/2022\/06\/Jornada-de-otorrinolaringologia-IGSS-2022-15-1068x601.jpg 1068w, \/wp-content\/uploads\/sites\/5\/2022\/06\/Jornada-de-otorrinolaringologia-IGSS-2022-15-534x300.jpg 534w, \/wp-content\/uploads\/sites\/5\/2022\/06\/Jornada-de-otorrinolaringologia-IGSS-2022-15.jpg 1600w\" sizes=\"(max-width: 747px) 100vw, 747px\" alt=\"\">\r\n                            <\/a>\r\n                            \r\n                        <\/figure>\r\n                    <\/div>\r\n                            <\/div>\r\n                        <\/div>\r\n\r\n                        <div class = \"td-doubleSlider-2\">\r\n                            <div class = \"td-slider\">\r\n                                \r\n                    <div class = \"td-button td-item1\">\r\n                        <div class = \"td-border\"><\/div>\r\n                    <\/div>\r\n                    <div class = \"td-button td-item2\">\r\n                        <div class = \"td-border\"><\/div>\r\n                    <\/div>\r\n                    <div class = \"td-button td-item3\">\r\n                        <div class = \"td-border\"><\/div>\r\n                    <\/div>\r\n                    <div class = \"td-button td-item4\">\r\n                        <div class = \"td-border\"><\/div>\r\n                    <\/div>\r\n                    <div class = \"td-button td-item5\">\r\n                        <div class = \"td-border\"><\/div>\r\n                    <\/div>\r\n                    <div class = \"td-button td-item6\">\r\n                        <div class = \"td-border\"><\/div>\r\n                    <\/div>\r\n                    <div class = \"td-button td-item7\">\r\n                        <div class = \"td-border\"><\/div>\r\n                    <\/div>\r\n                    <div class = \"td-button td-item8\">\r\n                        <div class = \"td-border\"><\/div>\r\n                    <\/div>\r\n                    <div class = \"td-button td-item9\">\r\n                        <div class = \"td-border\"><\/div>\r\n                    <\/div>\r\n                    <div class = \"td-button td-item10\">\r\n                        <div class = \"td-border\"><\/div>\r\n                    <\/div>\r\n                    <div class = \"td-button td-item11\">\r\n                        <div class = \"td-border\"><\/div>\r\n                    <\/div>\r\n                    <div class = \"td-button td-item12\">\r\n                        <div class = \"td-border\"><\/div>\r\n                    <\/div>\r\n                    <div class = \"td-button td-item13\">\r\n                        <div class = \"td-border\"><\/div>\r\n                    <\/div>\r\n                    <div class = \"td-button td-item14\">\r\n                        <div class = \"td-border\"><\/div>\r\n                    <\/div>\r\n                    <div class = \"td-button td-item15\">\r\n                        <div class = \"td-border\"><\/div>\r\n                    <\/div>\r\n                            <\/div>\r\n                        <\/div>\r\n\r\n                    <\/div>\r\n\r\n                <\/div>\r\n                \n","protected":false},"excerpt":{"rendered":"<p>El Hospital General de Enfermedades (HGE) , luego de dos a\u00f1os de la pandemia del COVID-19, retom\u00f3 las Jornadas de Otorrinolaringolog\u00eda Pedi\u00e1trica, las que benefician a m\u00e1s de 200 ni\u00f1os que sufren afecciones de o\u00eddos, nariz o laringe. En estas jornadas, reiniciadas el 21 de mayo, participan m\u00e9dicos, enfermeras, edecanes y &nbsp;personal de seguridad. En [&hellip;]<\/p>\n","protected":false},"author":4,"featured_media":28041,"comment_status":"closed","ping_status":"closed","sticky":false,"template":"","format":"standard","meta":{"footnotes":""},"categories":[3,45],"tags":[481,533,536,790],"coauthors":[],"class_list":{"0":"post-28033","1":"post","2":"type-post","3":"status-publish","4":"format-standard","5":"has-post-thumbnail","7":"category-actualidad","8":"category-jornadas-medicas","9":"tag-hospital-general-de-enfermedades","10":"tag-jornada-de-otorrinolaringologia","11":"tag-jornadas-medicas","12":"tag-servicio-de-pediatria"},"_links":{"self":[{"href":"https:\/\/www.igssgt.org\/noticias\/wp-json\/wp\/v2\/posts\/28033","targetHints":{"allow":["GET"]}}],"collection":[{"href":"https:\/\/www.igssgt.org\/noticias\/wp-json\/wp\/v2\/posts"}],"about":[{"href":"https:\/\/www.igssgt.org\/noticias\/wp-json\/wp\/v2\/types\/post"}],"author":[{"embeddable":true,"href":"https:\/\/www.igssgt.org\/noticias\/wp-json\/wp\/v2\/users\/4"}],"replies":[{"embeddable":true,"href":"https:\/\/www.igssgt.org\/noticias\/wp-json\/wp\/v2\/comments?post=28033"}],"version-history":[{"count":2,"href":"https:\/\/www.igssgt.org\/noticias\/wp-json\/wp\/v2\/posts\/28033\/revisions"}],"predecessor-version":[{"id":28059,"href":"https:\/\/www.igssgt.org\/noticias\/wp-json\/wp\/v2\/posts\/28033\/revisions\/28059"}],"wp:featuredmedia":[{"embeddable":true,"href":"https:\/\/www.igssgt.org\/noticias\/wp-json\/wp\/v2\/media\/28041"}],"wp:attachment":[{"href":"https:\/\/www.igssgt.org\/noticias\/wp-json\/wp\/v2\/media?parent=28033"}],"wp:term":[{"taxonomy":"category","embeddable":true,"href":"https:\/\/www.igssgt.org\/noticias\/wp-json\/wp\/v2\/categories?post=28033"},{"taxonomy":"post_tag","embeddable":true,"href":"https:\/\/www.igssgt.org\/noticias\/wp-json\/wp\/v2\/tags?post=28033"},{"taxonomy":"author","embeddable":true,"href":"https:\/\/www.igssgt.org\/noticias\/wp-json\/wp\/v2\/coauthors?post=28033"}],"curies":[{"name":"wp","href":"https:\/\/api.w.org\/{rel}","templated":true}]}}