{"id":28261,"date":"2022-06-03T10:30:00","date_gmt":"2022-06-03T16:30:00","guid":{"rendered":"https:\/\/www.igssgt.org\/noticias\/?p=28261"},"modified":"2022-07-25T11:55:06","modified_gmt":"2022-07-25T17:55:06","slug":"comunicado-el-igss-acerca-los-servicios-de-salud-y-prevision-al-inaugurar-la-primera-clinica-corporativa-en-el-parque-industrial-michatoya-palin-2","status":"publish","type":"post","link":"https:\/\/www.igssgt.org\/noticias\/2022\/06\/03\/comunicado-el-igss-acerca-los-servicios-de-salud-y-prevision-al-inaugurar-la-primera-clinica-corporativa-en-el-parque-industrial-michatoya-palin-2\/","title":{"rendered":"Comunicado. El IGSS acerca los servicios de salud y previsi\u00f3n al inaugurar la primera cl\u00ednica corporativa en el Parque Industrial Michatoya Pal\u00edn."},"content":{"rendered":"\n<p><a href=\"https:\/\/www.igssgt.org\/noticias\/2022\/06\/03\/comunicado-el-igss-acerca-los-servicios-de-salud-y-prevision-al-inaugurar-la-primera-clinica-corporativa-en-el-parque-industrial-michatoya-palin-2\/el-igss-acerca-los-servicios-de-salud-y-prevision-al-inaugurar-la-primera-clinica-corporativa-en-el-parque-industrial-michatoya-palin-junio-2022\/\" target=\"_blank\" rel=\"attachment noopener wp-att-28262\"><img loading=\"lazy\" decoding=\"async\" class=\"alignnone wp-image-28262 size-full\" src=\"\/wp-content\/uploads\/sites\/5\/2022\/06\/El-IGSS-acerca-los-servicios-de-salud-y-prevision-al-inaugurar-la-primera-clinica-corporativa-en-el-Parque-Industrial-Michatoya-Palin-Junio-2022.jpg\" alt=\"\" width=\"989\" height=\"1280\" srcset=\"\/wp-content\/uploads\/sites\/5\/2022\/06\/El-IGSS-acerca-los-servicios-de-salud-y-prevision-al-inaugurar-la-primera-clinica-corporativa-en-el-Parque-Industrial-Michatoya-Palin-Junio-2022.jpg 989w, \/wp-content\/uploads\/sites\/5\/2022\/06\/El-IGSS-acerca-los-servicios-de-salud-y-prevision-al-inaugurar-la-primera-clinica-corporativa-en-el-Parque-Industrial-Michatoya-Palin-Junio-2022-232x300.jpg 232w, \/wp-content\/uploads\/sites\/5\/2022\/06\/El-IGSS-acerca-los-servicios-de-salud-y-prevision-al-inaugurar-la-primera-clinica-corporativa-en-el-Parque-Industrial-Michatoya-Palin-Junio-2022-768x994.jpg 768w, \/wp-content\/uploads\/sites\/5\/2022\/06\/El-IGSS-acerca-los-servicios-de-salud-y-prevision-al-inaugurar-la-primera-clinica-corporativa-en-el-Parque-Industrial-Michatoya-Palin-Junio-2022-791x1024.jpg 791w, \/wp-content\/uploads\/sites\/5\/2022\/06\/El-IGSS-acerca-los-servicios-de-salud-y-prevision-al-inaugurar-la-primera-clinica-corporativa-en-el-Parque-Industrial-Michatoya-Palin-Junio-2022-325x420.jpg 325w, \/wp-content\/uploads\/sites\/5\/2022\/06\/El-IGSS-acerca-los-servicios-de-salud-y-prevision-al-inaugurar-la-primera-clinica-corporativa-en-el-Parque-Industrial-Michatoya-Palin-Junio-2022-696x901.jpg 696w, \/wp-content\/uploads\/sites\/5\/2022\/06\/El-IGSS-acerca-los-servicios-de-salud-y-prevision-al-inaugurar-la-primera-clinica-corporativa-en-el-Parque-Industrial-Michatoya-Palin-Junio-2022-357x462.jpg 357w\" sizes=\"auto, (max-width: 989px) 100vw, 989px\" \/><\/a><\/p>\n","protected":false},"excerpt":{"rendered":"","protected":false},"author":1961,"featured_media":28262,"comment_status":"closed","ping_status":"closed","sticky":false,"template":"","format":"standard","meta":{"footnotes":""},"categories":[1413,1417,13],"tags":[1307,193],"coauthors":[],"class_list":{"0":"post-28261","1":"post","2":"type-post","3":"status-publish","4":"format-standard","5":"has-post-thumbnail","7":"category-avisos-2022","8":"category-avisos-generales-2022","9":"category-comunicados-de-prensa","10":"tag-avisos","11":"tag-comunicado-de-prensa"},"_links":{"self":[{"href":"https:\/\/www.igssgt.org\/noticias\/wp-json\/wp\/v2\/posts\/28261","targetHints":{"allow":["GET"]}}],"collection":[{"href":"https:\/\/www.igssgt.org\/noticias\/wp-json\/wp\/v2\/posts"}],"about":[{"href":"https:\/\/www.igssgt.org\/noticias\/wp-json\/wp\/v2\/types\/post"}],"author":[{"embeddable":true,"href":"https:\/\/www.igssgt.org\/noticias\/wp-json\/wp\/v2\/users\/1961"}],"replies":[{"embeddable":true,"href":"https:\/\/www.igssgt.org\/noticias\/wp-json\/wp\/v2\/comments?post=28261"}],"version-history":[{"count":3,"href":"https:\/\/www.igssgt.org\/noticias\/wp-json\/wp\/v2\/posts\/28261\/revisions"}],"predecessor-version":[{"id":28967,"href":"https:\/\/www.igssgt.org\/noticias\/wp-json\/wp\/v2\/posts\/28261\/revisions\/28967"}],"wp:featuredmedia":[{"embeddable":true,"href":"https:\/\/www.igssgt.org\/noticias\/wp-json\/wp\/v2\/media\/28262"}],"wp:attachment":[{"href":"https:\/\/www.igssgt.org\/noticias\/wp-json\/wp\/v2\/media?parent=28261"}],"wp:term":[{"taxonomy":"category","embeddable":true,"href":"https:\/\/www.igssgt.org\/noticias\/wp-json\/wp\/v2\/categories?post=28261"},{"taxonomy":"post_tag","embeddable":true,"href":"https:\/\/www.igssgt.org\/noticias\/wp-json\/wp\/v2\/tags?post=28261"},{"taxonomy":"author","embeddable":true,"href":"https:\/\/www.igssgt.org\/noticias\/wp-json\/wp\/v2\/coauthors?post=28261"}],"curies":[{"name":"wp","href":"https:\/\/api.w.org\/{rel}","templated":true}]}}